{"id":443954,"date":"2025-04-08T10:00:54","date_gmt":"2025-04-08T08:00:54","guid":{"rendered":"https:\/\/www.radiopiu.net\/wordpress\/?p=443954"},"modified":"2025-04-08T10:02:18","modified_gmt":"2025-04-08T08:02:18","slug":"rivamonte-ricorda-lex-sindaco-gianni-pezzei-una-mostra-tra-memoria-e-gratitudine","status":"publish","type":"post","link":"https:\/\/www.radiopiu.net\/wordpress\/rivamonte-ricorda-lex-sindaco-gianni-pezzei-una-mostra-tra-memoria-e-gratitudine\/","title":{"rendered":"Rivamonte ricorda l\u2019ex sindaco Gianni Pezzei: una mostra tra memoria e gratitudine"},"content":{"rendered":"<p>&nbsp;<\/p>\n<p>ARCHIVIO GIULIANO LAVEDER<\/p>\n<p class=\"\" data-start=\"88\" data-end=\"468\"><strong data-start=\"88\" data-end=\"103\">RIVAMONTE \u2013<\/strong> Un omaggio sentito, carico di affetto e riconoscenza, quello che la comunit\u00e0 di Rivamonte ha dedicato all\u2019ex sindaco <strong data-start=\"221\" data-end=\"238\">Gianni Pezzei<\/strong>, scomparso prematuramente, attraverso una mostra, anno 2003. A presentare l\u2019iniziativa \u00e8 stato l\u2019assessore provinciale <strong data-start=\"528\" data-end=\"596\">(originario di Sappada, Max Pachner). <\/strong>\u00a0Accanto a lui, <strong data-start=\"764\" data-end=\"794\">il sindaco Natale Da Ronch<\/strong>, in carica nel 2003, anno che segn\u00f2 momenti importanti per la comunit\u00e0 locale e per la stessa attivit\u00e0 amministrativa di Pezzei.<\/p>\n\n\t\t\t<style type='text\/css'>\n\t\t\t\t#gallery-1 {\n\t\t\t\t\tmargin: auto;\n\t\t\t\t}\n\t\t\t\t#gallery-1 .gallery-item {\n\t\t\t\t\tfloat: left;\n\t\t\t\t\tmargin-top: 10px;\n\t\t\t\t\ttext-align: center;\n\t\t\t\t\twidth: 33%;\n\t\t\t\t}\n\t\t\t\t#gallery-1 img {\n\t\t\t\t\tborder: 2px solid #cfcfcf;\n\t\t\t\t}\n\t\t\t\t#gallery-1 .gallery-caption {\n\t\t\t\t\tmargin-left: 0;\n\t\t\t\t}\n\t\t\t\t\/* see gallery_shortcode() in wp-includes\/media.php *\/\n\t\t\t<\/style>\n\t\t<div id='gallery-1' class='dt-gallery-container gallery galleryid-443954 gallery-columns-3 gallery-size-thumbnail'><dl class='gallery-item'>\n\t\t\t\t<dt class='gallery-icon landscape'>\n\t\t\t\t\t<a class=\"rollover rollover-zoom dt-pswp-item\" title=\"46b24fb9-53d7-46d1-aac0-280d5021e2c9\" data-dt-img-description=\"\" data-large_image_width=\"1600\" data-large_image_height=\"1200\"href='https:\/\/www.radiopiu.net\/wordpress\/wp-content\/uploads\/2025\/04\/46b24fb9-53d7-46d1-aac0-280d5021e2c9.jpg'><img loading=\"lazy\" decoding=\"async\" width=\"150\" height=\"150\" src=\"https:\/\/www.radiopiu.net\/wordpress\/wp-content\/uploads\/2025\/04\/46b24fb9-53d7-46d1-aac0-280d5021e2c9-150x150.jpg\" class=\"attachment-thumbnail size-thumbnail\" alt=\"\" \/><\/a>\n\t\t\t\t<\/dt><\/dl><dl class='gallery-item'>\n\t\t\t\t<dt class='gallery-icon landscape'>\n\t\t\t\t\t<a class=\"rollover rollover-zoom dt-pswp-item\" title=\"764961c5-cc7e-499a-9c0f-248846bc8867\" data-dt-img-description=\"\" data-large_image_width=\"1600\" data-large_image_height=\"1200\"href='https:\/\/www.radiopiu.net\/wordpress\/wp-content\/uploads\/2025\/04\/764961c5-cc7e-499a-9c0f-248846bc8867.jpg'><img loading=\"lazy\" decoding=\"async\" width=\"150\" height=\"150\" src=\"https:\/\/www.radiopiu.net\/wordpress\/wp-content\/uploads\/2025\/04\/764961c5-cc7e-499a-9c0f-248846bc8867-150x150.jpg\" class=\"attachment-thumbnail size-thumbnail\" alt=\"\" \/><\/a>\n\t\t\t\t<\/dt><\/dl><dl class='gallery-item'>\n\t\t\t\t<dt class='gallery-icon portrait'>\n\t\t\t\t\t<a class=\"rollover rollover-zoom dt-pswp-item\" title=\"b1a6cba2-5336-4e43-a32d-08be3833edac\" data-dt-img-description=\"\" data-large_image_width=\"1200\" data-large_image_height=\"1600\"href='https:\/\/www.radiopiu.net\/wordpress\/wp-content\/uploads\/2025\/04\/b1a6cba2-5336-4e43-a32d-08be3833edac.jpg'><img loading=\"lazy\" decoding=\"async\" width=\"150\" height=\"150\" src=\"https:\/\/www.radiopiu.net\/wordpress\/wp-content\/uploads\/2025\/04\/b1a6cba2-5336-4e43-a32d-08be3833edac-150x150.jpg\" class=\"attachment-thumbnail size-thumbnail\" alt=\"\" \/><\/a>\n\t\t\t\t<\/dt><\/dl><br style=\"clear: both\" \/><dl class='gallery-item'>\n\t\t\t\t<dt class='gallery-icon landscape'>\n\t\t\t\t\t<a class=\"rollover rollover-zoom dt-pswp-item\" title=\"1887f83e-8d89-4758-9dcc-57b1e11657c3\" data-dt-img-description=\"\" data-large_image_width=\"1600\" data-large_image_height=\"1200\"href='https:\/\/www.radiopiu.net\/wordpress\/wp-content\/uploads\/2025\/04\/1887f83e-8d89-4758-9dcc-57b1e11657c3.jpg'><img loading=\"lazy\" decoding=\"async\" width=\"150\" height=\"150\" src=\"https:\/\/www.radiopiu.net\/wordpress\/wp-content\/uploads\/2025\/04\/1887f83e-8d89-4758-9dcc-57b1e11657c3-150x150.jpg\" class=\"attachment-thumbnail size-thumbnail\" alt=\"\" \/><\/a>\n\t\t\t\t<\/dt><\/dl><dl class='gallery-item'>\n\t\t\t\t<dt class='gallery-icon portrait'>\n\t\t\t\t\t<a class=\"rollover rollover-zoom dt-pswp-item\" title=\"1c00fd9d-1193-4343-bc11-5907dfec75f6\" data-dt-img-description=\"\" data-large_image_width=\"1200\" data-large_image_height=\"1600\"href='https:\/\/www.radiopiu.net\/wordpress\/wp-content\/uploads\/2025\/04\/1c00fd9d-1193-4343-bc11-5907dfec75f6.jpg'><img loading=\"lazy\" decoding=\"async\" width=\"150\" height=\"150\" src=\"https:\/\/www.radiopiu.net\/wordpress\/wp-content\/uploads\/2025\/04\/1c00fd9d-1193-4343-bc11-5907dfec75f6-150x150.jpg\" class=\"attachment-thumbnail size-thumbnail\" alt=\"\" \/><\/a>\n\t\t\t\t<\/dt><\/dl>\n\t\t\t\t<br style='clear: both' \/>\n\t\t\t<\/div>\n\n<blockquote class=\"wp-embedded-content\" data-secret=\"TeQb4aLfwf\"><p><a href=\"https:\/\/www.radiopiu.net\/wordpress\/storie-fotografiche-dal-passato-archivio-giuliano-laveder\/\">LA RACCOLTA COMPLETA. archivio privato giuliano laveder<\/a><\/p><\/blockquote>\n<p><iframe loading=\"lazy\" class=\"wp-embedded-content\" sandbox=\"allow-scripts\" security=\"restricted\" style=\"position: absolute; visibility: hidden;\" title=\"&#8220;LA RACCOLTA COMPLETA. archivio privato giuliano laveder&#8221; &#8212; Radio Pi\u00f9\" src=\"https:\/\/www.radiopiu.net\/wordpress\/storie-fotografiche-dal-passato-archivio-giuliano-laveder\/embed\/#?secret=OB1bdjaXsV#?secret=TeQb4aLfwf\" data-secret=\"TeQb4aLfwf\" width=\"600\" height=\"338\" frameborder=\"0\" marginwidth=\"0\" marginheight=\"0\" scrolling=\"no\"><\/iframe><\/p>\n","protected":false},"excerpt":{"rendered":"<p>&nbsp; ARCHIVIO GIULIANO LAVEDER RIVAMONTE \u2013 Un omaggio sentito, carico di affetto e riconoscenza, quello che la comunit\u00e0 di Rivamonte ha dedicato all\u2019ex sindaco Gianni Pezzei, scomparso prematuramente, attraverso una mostra, anno 2003. A presentare l\u2019iniziativa \u00e8 stato l\u2019assessore provinciale (originario di Sappada, Max Pachner). \u00a0Accanto a lui, il sindaco Natale Da Ronch, in carica&hellip;<\/p>\n","protected":false},"author":4,"featured_media":443956,"comment_status":"closed","ping_status":"closed","sticky":false,"template":"","format":"standard","meta":{"_monsterinsights_skip_tracking":false,"_monsterinsights_sitenote_active":false,"_monsterinsights_sitenote_note":"","_monsterinsights_sitenote_category":0,"footnotes":""},"categories":[49],"tags":[],"class_list":["post-443954","post","type-post","status-publish","format-standard","has-post-thumbnail","hentry","category-news-18","category-49","description-off"],"img_url":"https:\/\/www.radiopiu.net\/wordpress\/wp-content\/uploads\/2025\/04\/1887f83e-8d89-4758-9dcc-57b1e11657c3.jpg","_links":{"self":[{"href":"https:\/\/www.radiopiu.net\/wordpress\/wp-json\/wp\/v2\/posts\/443954","targetHints":{"allow":["GET"]}}],"collection":[{"href":"https:\/\/www.radiopiu.net\/wordpress\/wp-json\/wp\/v2\/posts"}],"about":[{"href":"https:\/\/www.radiopiu.net\/wordpress\/wp-json\/wp\/v2\/types\/post"}],"author":[{"embeddable":true,"href":"https:\/\/www.radiopiu.net\/wordpress\/wp-json\/wp\/v2\/users\/4"}],"replies":[{"embeddable":true,"href":"https:\/\/www.radiopiu.net\/wordpress\/wp-json\/wp\/v2\/comments?post=443954"}],"version-history":[{"count":2,"href":"https:\/\/www.radiopiu.net\/wordpress\/wp-json\/wp\/v2\/posts\/443954\/revisions"}],"predecessor-version":[{"id":443962,"href":"https:\/\/www.radiopiu.net\/wordpress\/wp-json\/wp\/v2\/posts\/443954\/revisions\/443962"}],"wp:featuredmedia":[{"embeddable":true,"href":"https:\/\/www.radiopiu.net\/wordpress\/wp-json\/wp\/v2\/media\/443956"}],"wp:attachment":[{"href":"https:\/\/www.radiopiu.net\/wordpress\/wp-json\/wp\/v2\/media?parent=443954"}],"wp:term":[{"taxonomy":"category","embeddable":true,"href":"https:\/\/www.radiopiu.net\/wordpress\/wp-json\/wp\/v2\/categories?post=443954"},{"taxonomy":"post_tag","embeddable":true,"href":"https:\/\/www.radiopiu.net\/wordpress\/wp-json\/wp\/v2\/tags?post=443954"}],"curies":[{"name":"wp","href":"https:\/\/api.w.org\/{rel}","templated":true}]}}