{"id":443992,"date":"2025-04-08T10:49:34","date_gmt":"2025-04-08T08:49:34","guid":{"rendered":"https:\/\/www.radiopiu.net\/wordpress\/?p=443992"},"modified":"2025-04-08T10:49:34","modified_gmt":"2025-04-08T08:49:34","slug":"in-veneto-la-contrattazione-collettiva-copre-quasi-tutti-i-nuovi-contratti-di-lavoro-solo-il-2-ne-resta-fuori","status":"publish","type":"post","link":"https:\/\/www.radiopiu.net\/wordpress\/in-veneto-la-contrattazione-collettiva-copre-quasi-tutti-i-nuovi-contratti-di-lavoro-solo-il-2-ne-resta-fuori\/","title":{"rendered":"IN VENETO LA CONTRATTAZIONE COLLETTIVA COPRE QUASI TUTTI I NUOVI CONTRATTI DI LAVORO: SOLO IL 2% NE RESTA FUORI"},"content":{"rendered":"<p>**<\/p>\n<article class=\"text-token-text-primary w-full\" dir=\"auto\" data-testid=\"conversation-turn-14\" data-scroll-anchor=\"true\">\n<div class=\"text-base my-auto mx-auto py-5 px-6\">\n<div class=\"mx-auto flex flex-1 text-base gap-4 md:gap-5 lg:gap-6 md:max-w-3xl group\/turn-messages focus-visible:outline-hidden\" tabindex=\"-1\">\n<div class=\"group\/conversation-turn relative flex w-full min-w-0 flex-col agent-turn @xs\/thread:px-0 @sm\/thread:px-1.5 @md\/thread:px-4\">\n<div class=\"relative flex-col gap-1 md:gap-3\">\n<div class=\"flex max-w-full flex-col grow\">\n<div class=\"min-h-8 text-message relative flex w-full flex-col items-end gap-2 text-start break-words whitespace-normal [.text-message+&amp;]:mt-5\" dir=\"auto\" data-message-author-role=\"assistant\" data-message-id=\"7b303e7a-5c5f-4a98-ae63-aab0ec73050d\" data-message-model-slug=\"gpt-4o\">\n<div class=\"flex w-full flex-col gap-1 empty:hidden first:pt-[3px]\">\n<div class=\"markdown prose dark:prose-invert w-full break-words dark\">\n<p class=\"\" data-start=\"117\" data-end=\"489\"><strong><img loading=\"lazy\" decoding=\"async\" class=\"alignleft\" src=\"https:\/\/www.radiopiu.net\/wordpress\/wp-content\/uploads\/2025\/04\/Immagine-2025-04-08-104917.jpg\" width=\"288\" height=\"118\" \/>VENEZIA<\/strong> \u2013 In un contesto in cui il dibattito sul lavoro povero e sulla qualit\u00e0 dell\u2019occupazione \u00e8 sempre pi\u00f9 acceso, l\u2019Osservatorio Mercato del Lavoro di Veneto Lavoro ha avviato un\u2019indagine sulla diffusione e sull\u2019applicazione dei Contratti Collettivi Nazionali di Lavoro (CCNL) nei rapporti di lavoro dipendente privato attivati in regione negli ultimi due anni. I primi risultati mostrano una realt\u00e0 ben strutturata: quasi la totalit\u00e0 dei nuovi contratti attivati nel 2023 \u00e8 collegata a un CCNL preciso. In media, all\u2019interno di ogni comparto economico vengono applicati tre diversi CCNL, ma in alcuni ambiti se ne contano fino a sei o sette. Solo il 2% dei rapporti di lavoro non risulta associato ad alcun contratto collettivo, segnalando comunque un\u2019area da monitorare con attenzione. I tre CCNL pi\u00f9 diffusi coprono oltre un terzo delle nuove assunzioni del 2024, spesso a carattere temporaneo: si tratta dei contratti per il settore Turismo, per il Terziario della Distribuzione e dei Servizi e per gli operai agricoli e florovivaisti. Un dato significativo riguarda la qualit\u00e0 della rappresentanza sindacale: nel 93% dei casi, i contratti collettivi applicati sono firmati da sindacati confederali, confermando la solidit\u00e0 del sistema contrattuale in Veneto. La ricerca evidenzia quindi un mercato del lavoro nel quale la contrattazione collettiva gioca un ruolo centrale, ma che non \u00e8 privo di criticit\u00e0: forme contrattuali deboli o strategie aziendali borderline possono ridurre tutele e diritti, pur operando formalmente all\u2019interno dei CCNL. Le prossime analisi dell\u2019Osservatorio cercheranno di approfondire quanto contino i contenuti del contratto collettivo e quanto invece le prassi aziendali nell\u2019assicurare \u2013 o nel negare \u2013 condizioni di lavoro dignitose. Una sfida cruciale per garantire qualit\u00e0 e giustizia nel lavoro veneto.<\/p>\n<\/div>\n<\/div>\n<\/div>\n<\/div>\n<div class=\"flex justify-start\"><\/div>\n<div class=\"mt-3 w-full empty:hidden\">\n<div class=\"text-center\"><\/div>\n<\/div>\n<\/div>\n<div class=\"absolute\">\n<div class=\"flex items-center justify-center\">\n<hr \/>\n<\/div>\n<\/div>\n<\/div>\n<\/div>\n<\/div>\n<\/article>\n<div class=\"pointer-events-none h-px w-px\" aria-hidden=\"true\" data-edge=\"true\"><\/div>\n","protected":false},"excerpt":{"rendered":"<p>** VENEZIA \u2013 In un contesto in cui il dibattito sul lavoro povero e sulla qualit\u00e0 dell\u2019occupazione \u00e8 sempre pi\u00f9 acceso, l\u2019Osservatorio Mercato del Lavoro di Veneto Lavoro ha avviato un\u2019indagine sulla diffusione e sull\u2019applicazione dei Contratti Collettivi Nazionali di Lavoro (CCNL) nei rapporti di lavoro dipendente privato attivati in regione negli ultimi due anni.&hellip;<\/p>\n","protected":false},"author":4,"featured_media":443993,"comment_status":"closed","ping_status":"closed","sticky":false,"template":"","format":"standard","meta":{"_monsterinsights_skip_tracking":false,"_monsterinsights_sitenote_active":false,"_monsterinsights_sitenote_note":"","_monsterinsights_sitenote_category":0,"footnotes":""},"categories":[49],"tags":[],"class_list":["post-443992","post","type-post","status-publish","format-standard","has-post-thumbnail","hentry","category-news-18","category-49","description-off"],"img_url":"https:\/\/www.radiopiu.net\/wordpress\/wp-content\/uploads\/2025\/04\/Immagine-2025-04-08-104917.jpg","_links":{"self":[{"href":"https:\/\/www.radiopiu.net\/wordpress\/wp-json\/wp\/v2\/posts\/443992","targetHints":{"allow":["GET"]}}],"collection":[{"href":"https:\/\/www.radiopiu.net\/wordpress\/wp-json\/wp\/v2\/posts"}],"about":[{"href":"https:\/\/www.radiopiu.net\/wordpress\/wp-json\/wp\/v2\/types\/post"}],"author":[{"embeddable":true,"href":"https:\/\/www.radiopiu.net\/wordpress\/wp-json\/wp\/v2\/users\/4"}],"replies":[{"embeddable":true,"href":"https:\/\/www.radiopiu.net\/wordpress\/wp-json\/wp\/v2\/comments?post=443992"}],"version-history":[{"count":1,"href":"https:\/\/www.radiopiu.net\/wordpress\/wp-json\/wp\/v2\/posts\/443992\/revisions"}],"predecessor-version":[{"id":443994,"href":"https:\/\/www.radiopiu.net\/wordpress\/wp-json\/wp\/v2\/posts\/443992\/revisions\/443994"}],"wp:featuredmedia":[{"embeddable":true,"href":"https:\/\/www.radiopiu.net\/wordpress\/wp-json\/wp\/v2\/media\/443993"}],"wp:attachment":[{"href":"https:\/\/www.radiopiu.net\/wordpress\/wp-json\/wp\/v2\/media?parent=443992"}],"wp:term":[{"taxonomy":"category","embeddable":true,"href":"https:\/\/www.radiopiu.net\/wordpress\/wp-json\/wp\/v2\/categories?post=443992"},{"taxonomy":"post_tag","embeddable":true,"href":"https:\/\/www.radiopiu.net\/wordpress\/wp-json\/wp\/v2\/tags?post=443992"}],"curies":[{"name":"wp","href":"https:\/\/api.w.org\/{rel}","templated":true}]}}