{"id":444022,"date":"2025-04-08T13:57:31","date_gmt":"2025-04-08T11:57:31","guid":{"rendered":"https:\/\/www.radiopiu.net\/wordpress\/?p=444022"},"modified":"2025-04-08T13:57:31","modified_gmt":"2025-04-08T11:57:31","slug":"partenza-della-staffetta-solidale-run4hope-da-palazzo-rosso-un-gesto-di-solidarieta-e-sport","status":"publish","type":"post","link":"https:\/\/www.radiopiu.net\/wordpress\/partenza-della-staffetta-solidale-run4hope-da-palazzo-rosso-un-gesto-di-solidarieta-e-sport\/","title":{"rendered":"PARTENZA DELLA STAFFETTA SOLIDALE RUN4HOPE DA PALAZZO ROSSO: UN GESTO DI SOLIDARIET\u00c0 E SPORT"},"content":{"rendered":"<p>**<\/p>\n<p><strong>BELLUNO<\/strong><\/p>\n<article class=\"text-token-text-primary w-full\" dir=\"auto\" data-testid=\"conversation-turn-16\" data-scroll-anchor=\"true\">\n<div class=\"text-base my-auto mx-auto py-5 px-6\">\n<div class=\"mx-auto flex flex-1 text-base gap-4 md:gap-5 lg:gap-6 md:max-w-3xl group\/turn-messages focus-visible:outline-hidden\" tabindex=\"-1\">\n<div class=\"group\/conversation-turn relative flex w-full min-w-0 flex-col agent-turn @xs\/thread:px-0 @sm\/thread:px-1.5 @md\/thread:px-4\">\n<div class=\"relative flex-col gap-1 md:gap-3\">\n<div class=\"flex max-w-full flex-col grow\">\n<div class=\"min-h-8 text-message relative flex w-full flex-col items-end gap-2 text-start break-words whitespace-normal [.text-message+&amp;]:mt-5\" dir=\"auto\" data-message-author-role=\"assistant\" data-message-id=\"44e72745-b3a3-4d7d-b2fe-f4df4dcc7f8f\" data-message-model-slug=\"gpt-4o-mini\">\n<div class=\"flex w-full flex-col gap-1 empty:hidden first:pt-[3px]\">\n<div class=\"markdown prose dark:prose-invert w-full break-words dark\">\n<p class=\"\" data-start=\"98\" data-end=\"640\"><img loading=\"lazy\" decoding=\"async\" class=\"alignleft\" src=\"https:\/\/www.radiopiu.net\/wordpress\/wp-content\/uploads\/2025\/04\/image003-scaled.jpg\" width=\"303\" height=\"227\" \/>Questa mattina, davanti a Palazzo Rosso, una delegazione di atleti del Comando Provinciale dei Carabinieri di Belluno e del 7\u00b0 Reggimento Alpini ha dato ufficialmente il via alla tappa bellunese della 5^ edizione della Run4Hope Massigen, il Giro d\u2019Italia podistico solidale non competitivo che si snoda attraverso tutta Italia. L\u2019obiettivo di questa iniziativa \u00e8 raccogliere fondi per la ricerca e la cura delle malattie ematologiche, con l&#8217;Associazione Italiana contro le leucemie, i linfomi e il mieloma (AIRC) come beneficiaria principale. La staffetta, che coinvolge podisti singoli e gruppi, si articola in venti tratte regionali, che si svolgono simultaneamente in tutte le regioni italiane. Ogni anno, nel mese di aprile\/maggio, l\u2019evento coinvolge numerosi partecipanti che, correndo o camminando, contribuiscono a raccogliere fondi per cause benefiche. Quest\u2019anno, la tappa bellunese, che ha visto la partenza dal Comune di Belluno, ha preso il via con il testimone consegnato dal Colonnello Andrea Schifeo, Comandante del 7\u00b0 Reggimento Alpini, e dal Colonnello Enrico Pigozzo, Comandante Provinciale dell\u2019Arma dei Carabinieri di Belluno, all\u2019Appuntato Marco Busiello, primo tedoforo del percorso. La staffetta ha visto poi il passaggio del testimone tra i vari corridori, tra cui i Carabinieri Primavera Alessio, Bello Claudia, Dragone Pia e Arena Francesco, che hanno percorso la tratta Belluno-Vittorio Veneto. Arrivati a Vittorio Veneto, il testimone \u00e8 stato consegnato al Tenente Colonnello Giancarlo Carraro, che ha poi passato il testimone ai Carabinieri di Vittorio Veneto per proseguire la corsa. Il Colonnello Pigozzo ha espresso grande soddisfazione per la partecipazione all\u2019iniziativa, commentando:<em> \u201cAbbiamo accolto con entusiasmo l\u2019invito di Run4Hope. Correremo insieme agli Alpini nel nome della solidariet\u00e0, sostenendo con lo sport un\u2019iniziativa benefica che cresce ogni anno, con l\u2019obiettivo di fare la differenza nella lotta contro le malattie ematologiche.\u201d <\/em>L\u2019evento ha coinvolto anche la comunit\u00e0 locale, che ha seguito con passione il passaggio del testimone, contribuendo con donazioni e supporto alla causa. Run4Hope continua a rappresentare un\u2019importante occasione di unione tra sport, solidariet\u00e0 e beneficenza, con la speranza di raccogliere sempre pi\u00f9 fondi per la ricerca in campo medico. La staffetta si concluder\u00e0 il 13 aprile 2025, dopo aver attraversato tutti i luoghi pi\u00f9 belli d\u2019Italia, portando con s\u00e9 un messaggio di speranza e impegno sociale.<\/p>\n<\/div>\n<\/div>\n<\/div>\n<\/div>\n<\/div>\n<\/div>\n<\/div>\n<\/div>\n<\/article>\n<p data-start=\"98\" data-end=\"640\">\n<p data-start=\"98\" data-end=\"640\">\n<p data-start=\"98\" data-end=\"640\">__<\/p>\n<article class=\"text-token-text-primary w-full\" dir=\"auto\" data-testid=\"conversation-turn-16\" data-scroll-anchor=\"true\">\n<div class=\"text-base my-auto mx-auto py-5 px-6\">\n<div class=\"mx-auto flex flex-1 text-base gap-4 md:gap-5 lg:gap-6 md:max-w-3xl group\/turn-messages focus-visible:outline-hidden\" tabindex=\"-1\">\n<div class=\"group\/conversation-turn relative flex w-full min-w-0 flex-col agent-turn @xs\/thread:px-0 @sm\/thread:px-1.5 @md\/thread:px-4\">\n<div class=\"relative flex-col gap-1 md:gap-3\">\n<div class=\"mt-3 w-full empty:hidden\">\n<div class=\"text-center\"><\/div>\n<\/div>\n<\/div>\n<div class=\"absolute\">\n<div class=\"flex items-center justify-center\"><\/div>\n<\/div>\n<\/div>\n<\/div>\n<\/div>\n<\/article>\n<div class=\"pointer-events-none h-px w-px\" aria-hidden=\"true\" data-edge=\"true\"><\/div>\n","protected":false},"excerpt":{"rendered":"<p>** BELLUNO Questa mattina, davanti a Palazzo Rosso, una delegazione di atleti del Comando Provinciale dei Carabinieri di Belluno e del 7\u00b0 Reggimento Alpini ha dato ufficialmente il via alla tappa bellunese della 5^ edizione della Run4Hope Massigen, il Giro d\u2019Italia podistico solidale non competitivo che si snoda attraverso tutta Italia. L\u2019obiettivo di questa iniziativa&hellip;<\/p>\n","protected":false},"author":4,"featured_media":444023,"comment_status":"closed","ping_status":"closed","sticky":false,"template":"","format":"standard","meta":{"_monsterinsights_skip_tracking":false,"_monsterinsights_sitenote_active":false,"_monsterinsights_sitenote_note":"","_monsterinsights_sitenote_category":0,"footnotes":""},"categories":[49],"tags":[],"class_list":["post-444022","post","type-post","status-publish","format-standard","has-post-thumbnail","hentry","category-news-18","category-49","description-off"],"img_url":"https:\/\/www.radiopiu.net\/wordpress\/wp-content\/uploads\/2025\/04\/image003-scaled.jpg","_links":{"self":[{"href":"https:\/\/www.radiopiu.net\/wordpress\/wp-json\/wp\/v2\/posts\/444022","targetHints":{"allow":["GET"]}}],"collection":[{"href":"https:\/\/www.radiopiu.net\/wordpress\/wp-json\/wp\/v2\/posts"}],"about":[{"href":"https:\/\/www.radiopiu.net\/wordpress\/wp-json\/wp\/v2\/types\/post"}],"author":[{"embeddable":true,"href":"https:\/\/www.radiopiu.net\/wordpress\/wp-json\/wp\/v2\/users\/4"}],"replies":[{"embeddable":true,"href":"https:\/\/www.radiopiu.net\/wordpress\/wp-json\/wp\/v2\/comments?post=444022"}],"version-history":[{"count":1,"href":"https:\/\/www.radiopiu.net\/wordpress\/wp-json\/wp\/v2\/posts\/444022\/revisions"}],"predecessor-version":[{"id":444024,"href":"https:\/\/www.radiopiu.net\/wordpress\/wp-json\/wp\/v2\/posts\/444022\/revisions\/444024"}],"wp:featuredmedia":[{"embeddable":true,"href":"https:\/\/www.radiopiu.net\/wordpress\/wp-json\/wp\/v2\/media\/444023"}],"wp:attachment":[{"href":"https:\/\/www.radiopiu.net\/wordpress\/wp-json\/wp\/v2\/media?parent=444022"}],"wp:term":[{"taxonomy":"category","embeddable":true,"href":"https:\/\/www.radiopiu.net\/wordpress\/wp-json\/wp\/v2\/categories?post=444022"},{"taxonomy":"post_tag","embeddable":true,"href":"https:\/\/www.radiopiu.net\/wordpress\/wp-json\/wp\/v2\/tags?post=444022"}],"curies":[{"name":"wp","href":"https:\/\/api.w.org\/{rel}","templated":true}]}}