{"id":444058,"date":"2025-04-08T16:27:22","date_gmt":"2025-04-08T14:27:22","guid":{"rendered":"https:\/\/www.radiopiu.net\/wordpress\/?p=444058"},"modified":"2025-04-08T16:36:27","modified_gmt":"2025-04-08T14:36:27","slug":"pedavena-in-lutto-per-la-morte-di-roberto-zuglian-ok","status":"publish","type":"post","link":"https:\/\/www.radiopiu.net\/wordpress\/pedavena-in-lutto-per-la-morte-di-roberto-zuglian-ok\/","title":{"rendered":"PEDAVENA IN LUTTO PER LA MORTE DI ROBERTO ZUGLIAN"},"content":{"rendered":"<p>********<\/p>\n<p>&nbsp;<\/p>\n<p><strong><a class=\"dt-pswp-item\" href=\"https:\/\/www.radiopiu.net\/wordpress\/wp-content\/uploads\/2025\/04\/LKJHASULGHAU.jpg\" data-dt-img-description=\"\" data-large_image_width=\"192\" data-large_image_height=\"226\"><img loading=\"lazy\" decoding=\"async\" class=\" wp-image-444062 alignleft\" src=\"https:\/\/www.radiopiu.net\/wordpress\/wp-content\/uploads\/2025\/04\/LKJHASULGHAU.jpg\" alt=\"\" width=\"122\" height=\"144\" \/><\/a>PEDAVENA <\/strong>Pedavena piange la scomparsa di Roberto Zuglian, figura storica del volontariato locale, venuto a mancare improvvisamente all\u2019et\u00e0 di 81 anni. La sua morte arriva a poche settimane da quella del figlio Donato, spentosi il 10 marzo scorso a soli 50 anni, un dolore che aveva profondamente segnato Roberto. Alpino e tra i primi volontari della Protezione Civile Ana di Pedavena, era un punto di riferimento per la comunit\u00e0: sempre presente nelle iniziative della Pro Loco, impegnato nelle castagnate benefiche e in numerose attivit\u00e0 solidali. Il suo impegno e la sua generosit\u00e0 lasciano un segno profondo in tutta la comunit\u00e0, ora unita nel dolore per la doppia perdita. I funerali avranno luogo gioved\u00ec alle 15 nella chiesa di Pedavena.<\/p>\n<p>&nbsp;<\/p>\n<p>&nbsp;<\/p>\n<p>&nbsp;<\/p>\n<p>**********<\/p>\n","protected":false},"excerpt":{"rendered":"<p>******** &nbsp; PEDAVENA Pedavena piange la scomparsa di Roberto Zuglian, figura storica del volontariato locale, venuto a mancare improvvisamente all\u2019et\u00e0 di 81 anni. La sua morte arriva a poche settimane da quella del figlio Donato, spentosi il 10 marzo scorso a soli 50 anni, un dolore che aveva profondamente segnato Roberto. Alpino e tra i&hellip;<\/p>\n","protected":false},"author":4,"featured_media":444062,"comment_status":"closed","ping_status":"closed","sticky":false,"template":"","format":"standard","meta":{"_monsterinsights_skip_tracking":false,"_monsterinsights_sitenote_active":false,"_monsterinsights_sitenote_note":"","_monsterinsights_sitenote_category":0,"footnotes":""},"categories":[51,49],"tags":[],"class_list":["post-444058","post","type-post","status-publish","format-standard","has-post-thumbnail","hentry","category-evidenza-top","category-news-18","category-51","category-49","description-off"],"img_url":"https:\/\/www.radiopiu.net\/wordpress\/wp-content\/uploads\/2025\/04\/LKJHASULGHAU.jpg","_links":{"self":[{"href":"https:\/\/www.radiopiu.net\/wordpress\/wp-json\/wp\/v2\/posts\/444058","targetHints":{"allow":["GET"]}}],"collection":[{"href":"https:\/\/www.radiopiu.net\/wordpress\/wp-json\/wp\/v2\/posts"}],"about":[{"href":"https:\/\/www.radiopiu.net\/wordpress\/wp-json\/wp\/v2\/types\/post"}],"author":[{"embeddable":true,"href":"https:\/\/www.radiopiu.net\/wordpress\/wp-json\/wp\/v2\/users\/4"}],"replies":[{"embeddable":true,"href":"https:\/\/www.radiopiu.net\/wordpress\/wp-json\/wp\/v2\/comments?post=444058"}],"version-history":[{"count":5,"href":"https:\/\/www.radiopiu.net\/wordpress\/wp-json\/wp\/v2\/posts\/444058\/revisions"}],"predecessor-version":[{"id":444066,"href":"https:\/\/www.radiopiu.net\/wordpress\/wp-json\/wp\/v2\/posts\/444058\/revisions\/444066"}],"wp:featuredmedia":[{"embeddable":true,"href":"https:\/\/www.radiopiu.net\/wordpress\/wp-json\/wp\/v2\/media\/444062"}],"wp:attachment":[{"href":"https:\/\/www.radiopiu.net\/wordpress\/wp-json\/wp\/v2\/media?parent=444058"}],"wp:term":[{"taxonomy":"category","embeddable":true,"href":"https:\/\/www.radiopiu.net\/wordpress\/wp-json\/wp\/v2\/categories?post=444058"},{"taxonomy":"post_tag","embeddable":true,"href":"https:\/\/www.radiopiu.net\/wordpress\/wp-json\/wp\/v2\/tags?post=444058"}],"curies":[{"name":"wp","href":"https:\/\/api.w.org\/{rel}","templated":true}]}}