{"id":444077,"date":"2025-04-08T20:52:31","date_gmt":"2025-04-08T18:52:31","guid":{"rendered":"https:\/\/www.radiopiu.net\/wordpress\/?p=444077"},"modified":"2025-04-08T20:52:31","modified_gmt":"2025-04-08T18:52:31","slug":"bloccati-su-salti-di-roccia-in-valle-imperina-recuperati-dal-soccorso-alpino","status":"publish","type":"post","link":"https:\/\/www.radiopiu.net\/wordpress\/bloccati-su-salti-di-roccia-in-valle-imperina-recuperati-dal-soccorso-alpino\/","title":{"rendered":"BLOCCATI SU SALTI DI ROCCIA IN VALLE IMPERINA. RECUPERATI DAL SOCCORSO ALPINO"},"content":{"rendered":"<p>*******<\/p>\n<p>&nbsp;<\/p>\n<p><strong><a class=\"dt-pswp-item\" href=\"https:\/\/www.radiopiu.net\/wordpress\/wp-content\/uploads\/2024\/12\/DSC00443-Modifica-1-scaled.jpg\" data-dt-img-description=\"\" data-large_image_width=\"2560\" data-large_image_height=\"1707\"><img loading=\"lazy\" decoding=\"async\" class=\" wp-image-424548 alignleft\" src=\"https:\/\/www.radiopiu.net\/wordpress\/wp-content\/uploads\/2024\/12\/DSC00443-Modifica-1-300x200.jpg\" alt=\"\" width=\"207\" height=\"138\" srcset=\"https:\/\/www.radiopiu.net\/wordpress\/wp-content\/uploads\/2024\/12\/DSC00443-Modifica-1-300x200.jpg 300w, https:\/\/www.radiopiu.net\/wordpress\/wp-content\/uploads\/2024\/12\/DSC00443-Modifica-1-1024x683.jpg 1024w, https:\/\/www.radiopiu.net\/wordpress\/wp-content\/uploads\/2024\/12\/DSC00443-Modifica-1-768x512.jpg 768w, https:\/\/www.radiopiu.net\/wordpress\/wp-content\/uploads\/2024\/12\/DSC00443-Modifica-1-1536x1024.jpg 1536w, https:\/\/www.radiopiu.net\/wordpress\/wp-content\/uploads\/2024\/12\/DSC00443-Modifica-1-2048x1365.jpg 2048w\" sizes=\"auto, (max-width: 207px) 100vw, 207px\" \/><\/a>RIVAMONTE<\/strong> Sono stati recuperati dall&#8217;elicottero a scadenza effemeridi due escursionisti stranieri, rimasti bloccati sopra salti di roccia in fondo alla Valle Imperina. I due, una coppia belga, lui 29 anni, lei 27, avevano chiesto aiuto verso le 18.30, dicendo che, diretti in localit\u00e0 Le Mandre, avevano perso il sentiero e non erano pi\u00f9 in grado di proseguire. Risaliti alla loro posizione tramite whatsapp, una squadra del Soccorso alpino di Agordo \u00e8 uscita per cercare di rintracciarli. I soccorritori li hanno quindi individuati, in un tratto ripido e scosceso. I due sono stati imbarcati dal tecnico di elisoccorso dell&#8217;elicottero del Suem di Pieve di Cadore e trasportati in piazzola ad Agordo.<\/p>\n<p>&nbsp;<\/p>\n<p>&nbsp;<\/p>\n<p>&nbsp;<\/p>\n<p>***********<\/p>\n","protected":false},"excerpt":{"rendered":"<p>******* &nbsp; RIVAMONTE Sono stati recuperati dall&#8217;elicottero a scadenza effemeridi due escursionisti stranieri, rimasti bloccati sopra salti di roccia in fondo alla Valle Imperina. I due, una coppia belga, lui 29 anni, lei 27, avevano chiesto aiuto verso le 18.30, dicendo che, diretti in localit\u00e0 Le Mandre, avevano perso il sentiero e non erano pi\u00f9&hellip;<\/p>\n","protected":false},"author":4,"featured_media":424548,"comment_status":"closed","ping_status":"closed","sticky":false,"template":"","format":"standard","meta":{"_monsterinsights_skip_tracking":false,"_monsterinsights_sitenote_active":false,"_monsterinsights_sitenote_note":"","_monsterinsights_sitenote_category":0,"footnotes":""},"categories":[51,49],"tags":[],"class_list":["post-444077","post","type-post","status-publish","format-standard","has-post-thumbnail","hentry","category-evidenza-top","category-news-18","category-51","category-49","description-off"],"img_url":"https:\/\/www.radiopiu.net\/wordpress\/wp-content\/uploads\/2024\/12\/DSC00443-Modifica-1-scaled.jpg","_links":{"self":[{"href":"https:\/\/www.radiopiu.net\/wordpress\/wp-json\/wp\/v2\/posts\/444077","targetHints":{"allow":["GET"]}}],"collection":[{"href":"https:\/\/www.radiopiu.net\/wordpress\/wp-json\/wp\/v2\/posts"}],"about":[{"href":"https:\/\/www.radiopiu.net\/wordpress\/wp-json\/wp\/v2\/types\/post"}],"author":[{"embeddable":true,"href":"https:\/\/www.radiopiu.net\/wordpress\/wp-json\/wp\/v2\/users\/4"}],"replies":[{"embeddable":true,"href":"https:\/\/www.radiopiu.net\/wordpress\/wp-json\/wp\/v2\/comments?post=444077"}],"version-history":[{"count":1,"href":"https:\/\/www.radiopiu.net\/wordpress\/wp-json\/wp\/v2\/posts\/444077\/revisions"}],"predecessor-version":[{"id":444078,"href":"https:\/\/www.radiopiu.net\/wordpress\/wp-json\/wp\/v2\/posts\/444077\/revisions\/444078"}],"wp:featuredmedia":[{"embeddable":true,"href":"https:\/\/www.radiopiu.net\/wordpress\/wp-json\/wp\/v2\/media\/424548"}],"wp:attachment":[{"href":"https:\/\/www.radiopiu.net\/wordpress\/wp-json\/wp\/v2\/media?parent=444077"}],"wp:term":[{"taxonomy":"category","embeddable":true,"href":"https:\/\/www.radiopiu.net\/wordpress\/wp-json\/wp\/v2\/categories?post=444077"},{"taxonomy":"post_tag","embeddable":true,"href":"https:\/\/www.radiopiu.net\/wordpress\/wp-json\/wp\/v2\/tags?post=444077"}],"curies":[{"name":"wp","href":"https:\/\/api.w.org\/{rel}","templated":true}]}}