{"id":444147,"date":"2025-04-09T11:31:19","date_gmt":"2025-04-09T09:31:19","guid":{"rendered":"https:\/\/www.radiopiu.net\/wordpress\/?p=444147"},"modified":"2025-04-10T05:49:54","modified_gmt":"2025-04-10T03:49:54","slug":"tavola-rotonda-sulle-energie-rinnovabili-a-sedico","status":"publish","type":"post","link":"https:\/\/www.radiopiu.net\/wordpress\/tavola-rotonda-sulle-energie-rinnovabili-a-sedico\/","title":{"rendered":"TAVOLA ROTONDA SULLE ENERGIE RINNOVABILI A SEDICO"},"content":{"rendered":"<p>**<\/p>\n<blockquote>\n<h2 data-start=\"0\" data-end=\"53\"><\/h2>\n<\/blockquote>\n<p><strong><a class=\"dt-pswp-item\" href=\"https:\/\/www.radiopiu.net\/wordpress\/wp-content\/uploads\/2025\/02\/CER-DOLOMITI.jpg\" data-dt-img-description=\"\" data-large_image_width=\"686\" data-large_image_height=\"386\"><img loading=\"lazy\" decoding=\"async\" class=\"size-medium wp-image-435176 alignleft\" src=\"https:\/\/www.radiopiu.net\/wordpress\/wp-content\/uploads\/2025\/02\/CER-DOLOMITI-300x169.jpg\" alt=\"\" width=\"300\" height=\"169\" srcset=\"https:\/\/www.radiopiu.net\/wordpress\/wp-content\/uploads\/2025\/02\/CER-DOLOMITI-300x169.jpg 300w, https:\/\/www.radiopiu.net\/wordpress\/wp-content\/uploads\/2025\/02\/CER-DOLOMITI.jpg 686w\" sizes=\"auto, (max-width: 300px) 100vw, 300px\" \/><\/a>SEDICO<\/strong> Venerd\u00ec a Sedico, si terr\u00e0 un incontro informativo sulle Comunit\u00e0 Energetiche Rinnovabili (CER) e sul nuovo portale regionale <strong data-start=\"192\" data-end=\"217\">WE-VenetoVerdeEnergia<\/strong>. L&#8217;evento, organizzato dalla Regione del Veneto e dalla Provincia di Belluno, avr\u00e0 luogo dalle 10.00 alle 13.00 presso il Polo Culturale di Sedico. Antonio Barattin, presidente della CER Dolomiti, e Giovanni Piccoli, presidente del Centro Studi Bellunese, prenderanno parte a una tavola rotonda per condividere le esperienze della CER Dolomiti, che copre tutta la provincia di Belluno. Il programma include anche interventi degli esperti regionali sul portale e i risultati dello studio preliminare per la provincia. L&#8217;incontro, rivolto a Sindaci, professionisti e gestori di edilizia pubblica, sar\u00e0 un\u2019opportunit\u00e0 per approfondire le potenzialit\u00e0 delle CER e il loro ruolo nella transizione energetica sostenibile. L&#8217;evento si concluder\u00e0 con un buffet conviviale.<\/p>\n","protected":false},"excerpt":{"rendered":"<p>** SEDICO Venerd\u00ec a Sedico, si terr\u00e0 un incontro informativo sulle Comunit\u00e0 Energetiche Rinnovabili (CER) e sul nuovo portale regionale WE-VenetoVerdeEnergia. L&#8217;evento, organizzato dalla Regione del Veneto e dalla Provincia di Belluno, avr\u00e0 luogo dalle 10.00 alle 13.00 presso il Polo Culturale di Sedico. Antonio Barattin, presidente della CER Dolomiti, e Giovanni Piccoli, presidente del&hellip;<\/p>\n","protected":false},"author":4,"featured_media":435176,"comment_status":"closed","ping_status":"closed","sticky":false,"template":"","format":"standard","meta":{"_monsterinsights_skip_tracking":false,"_monsterinsights_sitenote_active":false,"_monsterinsights_sitenote_note":"","_monsterinsights_sitenote_category":0,"footnotes":""},"categories":[104,49],"tags":[],"class_list":["post-444147","post","type-post","status-publish","format-standard","has-post-thumbnail","hentry","category-evidenza_3","category-news-18","category-104","category-49","description-off"],"img_url":"https:\/\/www.radiopiu.net\/wordpress\/wp-content\/uploads\/2025\/02\/CER-DOLOMITI.jpg","_links":{"self":[{"href":"https:\/\/www.radiopiu.net\/wordpress\/wp-json\/wp\/v2\/posts\/444147","targetHints":{"allow":["GET"]}}],"collection":[{"href":"https:\/\/www.radiopiu.net\/wordpress\/wp-json\/wp\/v2\/posts"}],"about":[{"href":"https:\/\/www.radiopiu.net\/wordpress\/wp-json\/wp\/v2\/types\/post"}],"author":[{"embeddable":true,"href":"https:\/\/www.radiopiu.net\/wordpress\/wp-json\/wp\/v2\/users\/4"}],"replies":[{"embeddable":true,"href":"https:\/\/www.radiopiu.net\/wordpress\/wp-json\/wp\/v2\/comments?post=444147"}],"version-history":[{"count":1,"href":"https:\/\/www.radiopiu.net\/wordpress\/wp-json\/wp\/v2\/posts\/444147\/revisions"}],"predecessor-version":[{"id":444148,"href":"https:\/\/www.radiopiu.net\/wordpress\/wp-json\/wp\/v2\/posts\/444147\/revisions\/444148"}],"wp:featuredmedia":[{"embeddable":true,"href":"https:\/\/www.radiopiu.net\/wordpress\/wp-json\/wp\/v2\/media\/435176"}],"wp:attachment":[{"href":"https:\/\/www.radiopiu.net\/wordpress\/wp-json\/wp\/v2\/media?parent=444147"}],"wp:term":[{"taxonomy":"category","embeddable":true,"href":"https:\/\/www.radiopiu.net\/wordpress\/wp-json\/wp\/v2\/categories?post=444147"},{"taxonomy":"post_tag","embeddable":true,"href":"https:\/\/www.radiopiu.net\/wordpress\/wp-json\/wp\/v2\/tags?post=444147"}],"curies":[{"name":"wp","href":"https:\/\/api.w.org\/{rel}","templated":true}]}}