{"id":444303,"date":"2025-04-11T05:35:11","date_gmt":"2025-04-11T03:35:11","guid":{"rendered":"https:\/\/www.radiopiu.net\/wordpress\/?p=444303"},"modified":"2025-04-11T08:45:16","modified_gmt":"2025-04-11T06:45:16","slug":"giornale-radiopiu-11-aprile-2025-direttore-mirko-mezzacasa","status":"publish","type":"post","link":"https:\/\/www.radiopiu.net\/wordpress\/giornale-radiopiu-11-aprile-2025-direttore-mirko-mezzacasa\/","title":{"rendered":"GIORNALE RADIOPIU 11 APRILE 2025 DIRETTORE MIRKO MEZZACASA"},"content":{"rendered":"<p>******<\/p>\n<p>&nbsp;<\/p>\n<p>&nbsp;<\/p>\n<p><em><span style=\"color: #ff0000;\"><a class=\"dt-pswp-item\" href=\"https:\/\/www.radiopiu.net\/wordpress\/wp-content\/uploads\/2024\/10\/Senza-nome-8.png\" data-dt-img-description=\"\" data-large_image_width=\"343\" data-large_image_height=\"303\"><img loading=\"lazy\" decoding=\"async\" class=\"wp-image-412130 alignleft\" src=\"https:\/\/www.radiopiu.net\/wordpress\/wp-content\/uploads\/2024\/10\/Senza-nome-8-300x265.png\" alt=\"\" width=\"105\" height=\"93\" srcset=\"https:\/\/www.radiopiu.net\/wordpress\/wp-content\/uploads\/2024\/10\/Senza-nome-8-300x265.png 300w, https:\/\/www.radiopiu.net\/wordpress\/wp-content\/uploads\/2024\/10\/Senza-nome-8.png 343w\" sizes=\"auto, (max-width: 105px) 100vw, 105px\" \/><\/a><\/span><\/em><strong><em><span style=\"color: #ff0000;\"> LA\u00a0 APP PER IOS-IPHONE di Nicola Vettorello<\/span><\/em><\/strong><\/p>\n<p><strong><span style=\"color: #0000ff;\"><a style=\"color: #0000ff;\" href=\"https:\/\/apps.apple.com\/it\/app\/radio-pi%C3%B9-emittente-agordina\/id1515939845\">https:\/\/apps.apple.com\/it\/app\/radio-pi%C3%B9-emittente-agordina\/id1515939845<\/a><\/span><\/strong><\/p>\n<p><strong><em style=\"color: #ff0000;\">LA\u00a0 APP RADIO\u00a0 PER ANDROID di Nicola Vettorello<\/em><\/strong><\/p>\n<p><strong><span style=\"color: #0000ff;\"><a style=\"color: #0000ff;\" href=\"https:\/\/play.google.com\/store\/apps\/details?id=net.radiopiu.iniko\" target=\"_blank\" rel=\"noopener noreferrer\">https:\/\/<\/a><a style=\"color: #0000ff;\" href=\"https:\/\/play.google.com\/store\/apps\/details?id=net.radiopiu.iniko\" target=\"_blank\" rel=\"noopener noreferrer\">play.google.com\/store\/apps\/details?id=net.radiopiu.iniko\u00a0\u00a0\u00a0\u00a0<\/a><\/span><\/strong><\/p>\n<p>&nbsp;<\/p>\n<p>&nbsp;<\/p>\n<hr \/>\n<p><span style=\"color: #0000ff;\">\u00a0<\/span><\/p>\n<p>&nbsp;<\/p>\n<p><span style=\"color: #0000ff;\"><strong><a class=\"dt-pswp-item\" href=\"https:\/\/www.radiopiu.net\/wordpress\/wp-content\/uploads\/2024\/12\/GIUSEPPE-DAL-BEN.jpeg\" data-dt-img-description=\"\" data-large_image_width=\"1198\" data-large_image_height=\"788\"><img loading=\"lazy\" decoding=\"async\" class=\" wp-image-424023 alignleft\" src=\"https:\/\/www.radiopiu.net\/wordpress\/wp-content\/uploads\/2024\/12\/GIUSEPPE-DAL-BEN-300x197.jpeg\" alt=\"\" width=\"239\" height=\"157\" srcset=\"https:\/\/www.radiopiu.net\/wordpress\/wp-content\/uploads\/2024\/12\/GIUSEPPE-DAL-BEN-300x197.jpeg 300w, https:\/\/www.radiopiu.net\/wordpress\/wp-content\/uploads\/2024\/12\/GIUSEPPE-DAL-BEN-1024x674.jpeg 1024w, https:\/\/www.radiopiu.net\/wordpress\/wp-content\/uploads\/2024\/12\/GIUSEPPE-DAL-BEN-768x505.jpeg 768w, https:\/\/www.radiopiu.net\/wordpress\/wp-content\/uploads\/2024\/12\/GIUSEPPE-DAL-BEN.jpeg 1198w\" sizes=\"auto, (max-width: 239px) 100vw, 239px\" \/><\/a>OGGI <\/strong>\u00a0<\/span>\u00a0 <strong>\u00a009.00\u00a0 <\/strong>premier le novit\u00e0 musicali di Marco Gaz <strong>9 40<\/strong> Ottanta la musica scelta da Monica Fontanive\u00a0 \u00a0<strong>10.10\u00a0<\/strong> musla le nove in ladin, con Michela Dell&#8217;Osbel<strong>\u00a010.30<\/strong>\u00a0 in studio con Giuseppe Dal Ben, direttore generale Ulss1 Belluno (foto)\u00a0<strong> 11.00 <\/strong><span class=\"transfer_display_name\">Calendar Amazing, con Miky e Marina dalla Nevegal Tour<\/span>\u00a0<span class=\"transfer_display_name\"><strong> 13.10<\/strong> il punto in comune con marina don\u00e0 <strong>13.20<\/strong>\u00a0 COLLAGE, CON LORIS SCUSSEL DAL MARTEDI ALLA DOMENICA ALLE <strong>14.10<\/strong> musica abc con David Ben e Marina Don\u00e0\u00a0 \u00a0<strong>15.10<\/strong> week end marina c&#8217;e&#8217; <\/span><strong>16<\/strong><b>.45\u00a0<\/b> LE CLASSIFICHE, LA STORIA DELLA MUSICA, DI MIRCO BENCIVENNI <strong>19.00<\/strong> le anticipazioni del TG di Antenna 3 (Canale 10 digitale terrestre) di Tiziana Bolognani<\/p>\n<p>&nbsp;<\/p>\n<p>&nbsp;<\/p>\n<hr \/>\n<p>&nbsp;<\/p>\n<p>&nbsp;<\/p>\n<div class=\"x11i5rnm xat24cr x1mh8g0r x1vvkbs xtlvy1s x126k92a\">\n<div dir=\"auto\">\n<div dir=\"auto\">\n<p><strong><a class=\"dt-pswp-item\" href=\"https:\/\/www.radiopiu.net\/wordpress\/wp-content\/uploads\/2024\/02\/2d44e751-d8a8-461b-8e22-d8e4e853b032.jpg\" data-dt-img-description=\"\" data-large_image_width=\"1600\" data-large_image_height=\"1200\"><img loading=\"lazy\" decoding=\"async\" class=\"wp-image-373307 alignleft\" src=\"https:\/\/www.radiopiu.net\/wordpress\/wp-content\/uploads\/2024\/02\/2d44e751-d8a8-461b-8e22-d8e4e853b032-300x225.jpg\" alt=\"\" width=\"105\" height=\"79\" srcset=\"https:\/\/www.radiopiu.net\/wordpress\/wp-content\/uploads\/2024\/02\/2d44e751-d8a8-461b-8e22-d8e4e853b032-300x225.jpg 300w, https:\/\/www.radiopiu.net\/wordpress\/wp-content\/uploads\/2024\/02\/2d44e751-d8a8-461b-8e22-d8e4e853b032-1024x768.jpg 1024w, https:\/\/www.radiopiu.net\/wordpress\/wp-content\/uploads\/2024\/02\/2d44e751-d8a8-461b-8e22-d8e4e853b032-768x576.jpg 768w, https:\/\/www.radiopiu.net\/wordpress\/wp-content\/uploads\/2024\/02\/2d44e751-d8a8-461b-8e22-d8e4e853b032-1536x1152.jpg 1536w, https:\/\/www.radiopiu.net\/wordpress\/wp-content\/uploads\/2024\/02\/2d44e751-d8a8-461b-8e22-d8e4e853b032.jpg 1600w\" sizes=\"auto, (max-width: 105px) 100vw, 105px\" \/><\/a>EL BAL DEL FIOR, DI GIULIANA DA RONCH, 11 APRILE<\/strong><strong> 2025<\/strong><\/p>\n<\/div>\n<p>&nbsp;<\/p>\n<audio class=\"wp-audio-shortcode\" id=\"audio-444303-1\" preload=\"none\" style=\"width: 100%;\" controls=\"controls\"><source type=\"audio\/mpeg\" src=\"https:\/\/www.radiopiu.net\/wordpress\/wp-content\/uploads\/2025\/04\/GVE.mp3?_=1\" \/><a href=\"https:\/\/www.radiopiu.net\/wordpress\/wp-content\/uploads\/2025\/04\/GVE.mp3\">https:\/\/www.radiopiu.net\/wordpress\/wp-content\/uploads\/2025\/04\/GVE.mp3<\/a><\/audio>\n<div dir=\"auto\">\n<p>&nbsp;<\/p>\n<hr \/>\n<p>&nbsp;<\/p>\n<p>&nbsp;<\/p>\n<\/div>\n<\/div>\n<\/div>\n<div class=\"x11i5rnm xat24cr x1mh8g0r x1vvkbs xtlvy1s x126k92a\">\n<blockquote>\n<h1><strong><a class=\"dt-pswp-item\" href=\"https:\/\/www.radiopiu.net\/wordpress\/wp-content\/uploads\/2024\/10\/629301fd-708d-4f53-95c2-d28cbefd500f.jpg\" data-dt-img-description=\"\" data-large_image_width=\"1600\" data-large_image_height=\"1322\"><img loading=\"lazy\" decoding=\"async\" class=\"wp-image-413782 alignright\" src=\"https:\/\/www.radiopiu.net\/wordpress\/wp-content\/uploads\/2024\/10\/629301fd-708d-4f53-95c2-d28cbefd500f-300x248.jpg\" alt=\"\" width=\"106\" height=\"88\" srcset=\"https:\/\/www.radiopiu.net\/wordpress\/wp-content\/uploads\/2024\/10\/629301fd-708d-4f53-95c2-d28cbefd500f-300x248.jpg 300w, https:\/\/www.radiopiu.net\/wordpress\/wp-content\/uploads\/2024\/10\/629301fd-708d-4f53-95c2-d28cbefd500f-1024x846.jpg 1024w, https:\/\/www.radiopiu.net\/wordpress\/wp-content\/uploads\/2024\/10\/629301fd-708d-4f53-95c2-d28cbefd500f-768x635.jpg 768w, https:\/\/www.radiopiu.net\/wordpress\/wp-content\/uploads\/2024\/10\/629301fd-708d-4f53-95c2-d28cbefd500f-1536x1269.jpg 1536w, https:\/\/www.radiopiu.net\/wordpress\/wp-content\/uploads\/2024\/10\/629301fd-708d-4f53-95c2-d28cbefd500f.jpg 1600w\" sizes=\"auto, (max-width: 106px) 100vw, 106px\" \/><\/a><\/strong><\/h1>\n<h1><strong><a class=\"dt-pswp-item\" href=\"https:\/\/www.radiopiu.net\/wordpress\/wp-content\/uploads\/2024\/11\/th-18.jpg\" data-dt-img-description=\"\" data-large_image_width=\"156\" data-large_image_height=\"180\"><img loading=\"lazy\" decoding=\"async\" class=\"size-full wp-image-421611 alignleft\" src=\"https:\/\/www.radiopiu.net\/wordpress\/wp-content\/uploads\/2024\/11\/th-18.jpg\" alt=\"\" width=\"156\" height=\"180\" \/><\/a><\/strong><\/h1>\n<h1><strong>N di parom &#8211; L Almanach de la nosta jent<\/strong><\/h1>\n<\/blockquote>\n<p>&nbsp;<\/p>\n<p>Le voci: Davide Conedera, Agordo, Michela Dell&#8217;Osbel, La Valle Agordina Simone Ganz, Falcade Veronica Lezuo, Colle Santa Lucia. La voce nella sigla \u00e8 di Giorgia Taio<\/p>\n<p><strong>LA PUNTATA DI OGGI, 11 APRILE 2025<\/strong><\/p>\n<audio class=\"wp-audio-shortcode\" id=\"audio-444303-2\" preload=\"none\" style=\"width: 100%;\" controls=\"controls\"><source type=\"audio\/mpeg\" src=\"https:\/\/www.radiopiu.net\/wordpress\/wp-content\/uploads\/2025\/04\/AL5.mp3?_=2\" \/><a href=\"https:\/\/www.radiopiu.net\/wordpress\/wp-content\/uploads\/2025\/04\/AL5.mp3\">https:\/\/www.radiopiu.net\/wordpress\/wp-content\/uploads\/2025\/04\/AL5.mp3<\/a><\/audio>\n<p>&nbsp;<\/p>\n<p>&nbsp;<\/p>\n<\/div>\n<div class=\"x11i5rnm xat24cr x1mh8g0r x1vvkbs xtlvy1s x126k92a\">\n<div dir=\"auto\">\n<hr \/>\n<\/div>\n<\/div>\n<blockquote>\n<blockquote>\n<h1><span style=\"color: #ff0000;\">\u00a0<\/span><\/h1>\n<h1><span style=\"color: #ff0000;\">I podcast informativi del mattino &#8211; audio &#8211;\u00a0\u00a0<\/span><\/h1>\n<\/blockquote>\n<p><strong><a class=\"dt-pswp-item\" href=\"https:\/\/www.radiopiu.net\/wordpress\/wp-content\/uploads\/2024\/11\/6.jpg\" data-dt-img-description=\"\" data-large_image_width=\"177\" data-large_image_height=\"180\"><img loading=\"lazy\" decoding=\"async\" class=\"size-full wp-image-417911 alignleft\" src=\"https:\/\/www.radiopiu.net\/wordpress\/wp-content\/uploads\/2024\/11\/6.jpg\" alt=\"\" width=\"177\" height=\"180\" \/><\/a>LA RASSEGNA STAMPA NAZIONALE ALLA RADIO, OGNI GIORNO ALLE 5 E ALLE 6 DEL MATTINO <span style=\"color: #0000ff;\">viene pubblicata alle 6.00 <span style=\"color: #ff0000;\">DIRETTA RADIO\u00a0 \u00a0\u00a0<\/span><\/span><\/strong><\/p><\/blockquote>\n<p>&nbsp;<\/p>\n<p><strong>NOTIZIE DELLA NOTTE<\/strong><\/p>\n<p><strong>Brasilia,<\/strong> gas lacrimogeni contro gli indigeni <strong>Borsa: Shanghai<\/strong> apre a -0,13%, Shenzhen a -0,76% <strong>Ucraina<\/strong>, il Regno Unito valuta invio truppe per 5 anni <strong>Sprofonda la Borsa di Tokyo,<\/strong> il Nikkei perde il 5% &#8216;<strong>Accordo con Panama<\/strong>, gli Usa possono schierare le truppe&#8217; <strong>Borsa: Tokyo,<\/strong> apertura in calo (-1,90%) <strong>Trump,<\/strong> terribile l&#8217;incidente in elicottero sull&#8217;Hudson<\/p>\n<h1>AUDIO dalle 6 del mattino<\/h1>\n<audio class=\"wp-audio-shortcode\" id=\"audio-444303-3\" preload=\"none\" style=\"width: 100%;\" controls=\"controls\"><source type=\"audio\/mpeg\" src=\"https:\/\/www.radiopiu.net\/wordpress\/wp-content\/uploads\/2025\/04\/GIORNALEDELLESEI-7.mp3?_=3\" \/><a href=\"https:\/\/www.radiopiu.net\/wordpress\/wp-content\/uploads\/2025\/04\/GIORNALEDELLESEI-7.mp3\">https:\/\/www.radiopiu.net\/wordpress\/wp-content\/uploads\/2025\/04\/GIORNALEDELLESEI-7.mp3<\/a><\/audio>\n<p>&nbsp;<\/p>\n<p>&nbsp;<\/p>\n<hr \/>\n<p>&nbsp;<\/p>\n<h1 style=\"text-align: center;\"><span style=\"color: #ff0000;\"><a class=\"dt-pswp-item\" href=\"https:\/\/www.radiopiu.net\/wordpress\/wp-content\/uploads\/2024\/11\/7.jpg\" data-dt-img-description=\"\" data-large_image_width=\"180\" data-large_image_height=\"180\"><img loading=\"lazy\" decoding=\"async\" class=\"size-full wp-image-417912 alignleft\" src=\"https:\/\/www.radiopiu.net\/wordpress\/wp-content\/uploads\/2024\/11\/7.jpg\" alt=\"\" width=\"180\" height=\"180\" srcset=\"https:\/\/www.radiopiu.net\/wordpress\/wp-content\/uploads\/2024\/11\/7.jpg 180w, https:\/\/www.radiopiu.net\/wordpress\/wp-content\/uploads\/2024\/11\/7-150x150.jpg 150w\" sizes=\"auto, (max-width: 180px) 100vw, 180px\" \/><\/a>I podcast informativi del mattino &#8211; audio &#8211;\u00a0<\/span><\/h1>\n<p><strong>OGNI GIORNO ALLE SETTE DEL MATTINO, LA RASSEGNA STAMPA LOCALE FLASH&#8230; PER CHI VA IN FRETTA. I TITOLI DAI GIORNALI E DAL SITO WWW.RADIOPIU.NET <span style=\"color: #0000ff;\">viene pubblicato alle 7.00<\/span> <span style=\"color: #ff0000;\">DIRETTA RADIO\u00a0<\/span><\/strong><\/p>\n<p><em><span style=\"color: #ff0000;\">per chi va in fretta&#8230; tante notizie in pochi minuti. L&#8217;informazione locale alla radio, ogni ora dalle 7 del mattino alle 19 della sera.\u00a0\u00a0<\/span><\/em><\/p>\n<p>&nbsp;<\/p>\n<p>&nbsp;<\/p>\n<p><strong>VENEZIA<\/strong>\u00a0Zaia, \u2018la sentenza sul terzo mandato \u00e8 tecnica\u2019 \u2018Paese che in alcune norme vive ipocrisia. Riguarda la Campania\u2019<br \/>\n<strong>STOP TERZO MANDATO<\/strong> A ZAIA, LA LEGA INSORGE, MA GIA\u2019 GUARDA AL VOTO<strong><br \/>\nCHIUSURA REGIONALE 203 AGORDINA,<\/strong> BIVIO ROVEI E DELLA SP 347 DEL PASSO CEREDA E DURAN. STRADA CHIUSA DALLE 8 ALLE 17<strong><br \/>\n\u00c8 SCOMPARSO LUCA<\/strong>, AIUTATECI A TROVARLO<\/p>\n<p><strong>LA 173ESIMA FESTA DELLA POLIZIA A BELLUNO:<\/strong> ONORIFICENZE, MEMORIA E IMPEGNO QUOTIDIANO<br \/>\n<strong>GLAUCO GRANATELLI,<\/strong> ANIMA DEL CAI E DELLA CULTURA DI MONTAGNA<strong><br \/>\nPREMIO DI RISULTATO 2024<\/strong>: ESSILORLUXOTTICA E SINDACATI CONDIVIDONO UNA CRESCITA RECORD NEL SEGNO DELL\u2019INCLUSIVIT\u00c0 E DELLA SOSTENIBILIT\u00c0<strong><br \/>\n<\/strong><strong data-start=\"0\" data-end=\"62\">Notizie locali dal Bellunese: tra cronaca, eventi e novit\u00e0 <\/strong>Radio Pi\u00f9 offre una panoramica sui principali eventi e notizie in provincia di Belluno, accompagnata dalla programmazione radiofonica. Tra le principali notizie<\/p>\n<h1>AUDIO dalle 7 del mattino<\/h1>\n<audio class=\"wp-audio-shortcode\" id=\"audio-444303-4\" preload=\"none\" style=\"width: 100%;\" controls=\"controls\"><source type=\"audio\/mpeg\" src=\"https:\/\/www.radiopiu.net\/wordpress\/wp-content\/uploads\/2025\/04\/GF07-9.mp3?_=4\" \/><a href=\"https:\/\/www.radiopiu.net\/wordpress\/wp-content\/uploads\/2025\/04\/GF07-9.mp3\">https:\/\/www.radiopiu.net\/wordpress\/wp-content\/uploads\/2025\/04\/GF07-9.mp3<\/a><\/audio>\n<p>&nbsp;<\/p>\n<p>&nbsp;<\/p>\n<hr \/>\n<p>&nbsp;<\/p>\n<h1><\/h1>\n<h1 style=\"text-align: center;\"><span style=\"color: #ff0000;\"><a class=\"dt-pswp-item\" href=\"https:\/\/www.radiopiu.net\/wordpress\/wp-content\/uploads\/2024\/11\/th.jpg\" data-dt-img-description=\"\" data-large_image_width=\"148\" data-large_image_height=\"179\"><img loading=\"lazy\" decoding=\"async\" class=\"size-full wp-image-417913 alignleft\" src=\"https:\/\/www.radiopiu.net\/wordpress\/wp-content\/uploads\/2024\/11\/th.jpg\" alt=\"\" width=\"148\" height=\"179\" \/><\/a>I podcast informativi del mattino &#8211; audio &#8211;\u00a0<\/span><\/h1>\n<blockquote><p><strong>GIORNALE RADIO NAZIONALE, EDIZIONE DELLE SETTE <span style=\"color: #0000ff;\">viene pubblicato alle 7.05 <span style=\"color: #ff0000;\">DIRETTA RADIO\u00a0<\/span><\/span><\/strong><\/p><\/blockquote>\n<p><strong>il giornale radionazionale e&#8217; in onda ogni ora, dalle sette del mattino alle venti della sera\u00a0 \u00a0\u00a0<\/strong><\/p>\n<p>&nbsp;<\/p>\n<p>&nbsp;<\/p>\n<p><strong><a class=\"dt-pswp-item\" href=\"https:\/\/www.radiopiu.net\/wordpress\/wp-content\/uploads\/2025\/02\/download-7.jpg\" data-dt-img-description=\"\" data-large_image_width=\"211\" data-large_image_height=\"239\"><img loading=\"lazy\" decoding=\"async\" class=\"size-full wp-image-435553 alignleft\" src=\"https:\/\/www.radiopiu.net\/wordpress\/wp-content\/uploads\/2025\/02\/download-7.jpg\" alt=\"\" width=\"211\" height=\"239\" \/><\/a>POZZUOLI<\/strong> Il video del rapimento del quindicenne, uno vede e se ne va <strong>BERGAMO<\/strong> Il delitto a ottobre nel Bergamasco Uccise Sara Centelleghe con 67 coltellate: &#8216;Ero fatto di eroina e cocaina&#8217; <strong>MILANO<\/strong> L&#8217;ex re dei paparazzi Corona assolto dall&#8217;accusa di tentata estorsione<br \/>\n<strong>TORINO<\/strong> Accusato di abusi su una minore, l&#8217;informativa della polizia: &#8216;Lei aveva uno stile di vita dissoluto&#8217; &#8216;La ragazzina e le amiche ignare delle conseguenze delle loro azioni scellerate&#8217;<br \/>\n<strong>ROMA<\/strong> Caso Orlandi, la testimonianza di Calitti: &#8216;Ricordo Emanuela ferma su Corso Rinascimento&#8217; <strong>USTICA<\/strong> Nuova ipotesi sulla strage di Ustica: &#8216;Aereo centrato da caccia Usa&#8217; Inchiesta dell&#8217;Espresso. Le vittime: &#8216;Fu un episodio di guerra&#8217; <strong>ROMA<\/strong> Asportato un tumore a bimba di 5 mesi con una tecnica su misura Al S.Camillo di Roma, recupero immediato senza la terapia intensiva <strong>ROMA<\/strong> Un bambino su tre usa lo smartphone tutti i giorni Save the Children lancia la campagna sull&#8217;educazione digitale <strong>RAVENNA<\/strong> Carlo III e Camilla a Ravenna con Mattarella per l&#8217;80esimo anniversario della Liberazione <strong>ROMA<\/strong> Papa Francesco a sorpresa nella basilica di San Pietro, si prepara alla Pasqua<\/p>\n<p><strong><a class=\"dt-pswp-item\" href=\"https:\/\/www.radiopiu.net\/wordpress\/wp-content\/uploads\/2025\/02\/download-3.jpg\" data-dt-img-description=\"\" data-large_image_width=\"223\" data-large_image_height=\"226\"><img loading=\"lazy\" decoding=\"async\" class=\"size-full wp-image-434732 alignleft\" src=\"https:\/\/www.radiopiu.net\/wordpress\/wp-content\/uploads\/2025\/02\/download-3.jpg\" alt=\"\" width=\"223\" height=\"226\" \/><\/a>VERONA<\/strong> Spray al peperoncino in istituto nel veronese, 10 in ospedale L&#8217;episodio\u00a0 ieri mattina studenti trasferiti in &#8216;codice verde&#8217;<br \/>\n<strong>TREVISO<\/strong> Tante spese e pochi fedeli, chiesa in vendita vicino a Treviso Non \u00e8 un edificio storico, ma serviva per i fedeli lontani<br \/>\n<strong>PADOVA<\/strong> Due arresti per accoltellamento avventori discoteca a Padova Rintracciati dalla polizia nel trevigiano<br \/>\n<strong>PADOVA<\/strong> Insufficienza renale da cirrosi, analizzati 38mila casi in 27 Paesi Il pi\u00f9 ampio studio mai realizzato guidato dall&#8217;Universit\u00e0 di Padova<br \/>\n<strong>TREVISO<\/strong> Restituita alla chiesa di Saonara la foto di Giulia Cecchettin Era stata rubata da un uomo ed \u00e8 stata trovata a Verbania<\/p>\n<p><strong>VENEZIA<\/strong> Zaia, &#8216;la sentenza sul terzo mandato \u00e8 tecnica&#8217; &#8216;Paese che in alcune norme vive ipocrisia. Riguarda la Campania&#8217;<br \/>\n<strong>VERONA<\/strong> Progetto Invimit sgr e Comune Verona per recupero di Villa Pull\u00e8 Prevista anche apertura del parco alla cittadinanza<br \/>\nVENEZIA Campiello Junior, vincono Ilaria Mattioni e Chiara Carminati Premio letterario per categorie 7-10 anni e 11-14<br \/>\n<strong>VENEZIA<\/strong> Veneto, educazione finanziaria supera (di poco) media nazionale A Venezia il &#8220;Tour sull&#8217;Educazione Finanziaria&#8221; di Alleanza<\/p>\n<h1><span style=\"color: #ff0000;\"><span style=\"color: #0000ff;\">ULTIM&#8217;ORA<\/span> <span style=\"color: #000000;\">AUDIO dalle sette del mattino, ogni ora alla radio EDIZIONE DELLE SETTE<\/span><\/span><\/h1>\n<audio class=\"wp-audio-shortcode\" id=\"audio-444303-5\" preload=\"none\" style=\"width: 100%;\" controls=\"controls\"><source type=\"audio\/mpeg\" src=\"https:\/\/www.radiopiu.net\/wordpress\/wp-content\/uploads\/2025\/04\/giornale07-10.mp3?_=5\" \/><a href=\"https:\/\/www.radiopiu.net\/wordpress\/wp-content\/uploads\/2025\/04\/giornale07-10.mp3\">https:\/\/www.radiopiu.net\/wordpress\/wp-content\/uploads\/2025\/04\/giornale07-10.mp3<\/a><\/audio>\n<p>&nbsp;<\/p>\n<hr \/>\n<p>&nbsp;<\/p>\n<p>&nbsp;<\/p>\n<h1><span style=\"color: #ff0000;\"><a class=\"dt-pswp-item\" href=\"https:\/\/www.radiopiu.net\/wordpress\/wp-content\/uploads\/2024\/11\/8.jpg\" data-dt-img-description=\"\" data-large_image_width=\"180\" data-large_image_height=\"180\"><img loading=\"lazy\" decoding=\"async\" class=\"size-full wp-image-417910 alignleft\" src=\"https:\/\/www.radiopiu.net\/wordpress\/wp-content\/uploads\/2024\/11\/8.jpg\" alt=\"\" width=\"180\" height=\"180\" srcset=\"https:\/\/www.radiopiu.net\/wordpress\/wp-content\/uploads\/2024\/11\/8.jpg 180w, https:\/\/www.radiopiu.net\/wordpress\/wp-content\/uploads\/2024\/11\/8-150x150.jpg 150w\" sizes=\"auto, (max-width: 180px) 100vw, 180px\" \/><\/a>I podcast informativi del mattino &#8211; video &#8211;\u00a0<\/span><\/h1>\n<h2 style=\"text-align: left;\"><strong>RASSEGNA STAMPA LOCALE, ORE OTTO<\/strong><\/h2>\n<h2><strong> <span style=\"color: #0000ff;\">viene\u00a0 <\/span><\/strong><strong><span style=\"color: #0000ff;\">pubblicata alle 8.05 <span style=\"color: #ff0000;\">DIRETTA RADIO\u00a0 \u00a0<\/span><\/span><\/strong><strong>DI MIRKO MEZZACASA<\/strong><\/h2>\n<h2><span style=\"color: #ff0000;\"><strong>\u00a0 \u00a0<\/strong><\/span><\/h2>\n<p><strong>SETTIMANE CORTE<\/strong>: ESSILORLUXOTTICA RIVOLUZIONA IL MONDO DEL LAVORO CON UN NUOVO MODELLO ORARIO E UN\u2019ADESIONE IN CRESCITA DEL 150%<br \/>\n<strong>LA TAPPA<\/strong> BELLUNESE DI \u201cABILI AL LAVORO\u201d<br \/>\n<strong>IMPUGNATA<\/strong> LA LEGGE REGIONALE SULLE CENTRALINE<br \/>\n<strong>LA PROVINCIA<\/strong> DI BELLUNO RICHIEDE OLTRE 12 MILIONI DI EURO AI CONCESSIONARI IDROELETTRICI PER IL 2023<br \/>\n<strong>FURTO DI GIOIELLI IN CASA<\/strong>, COLF AGORDINA A PROCESSO<br \/>\n<strong>CARABINIERE IMPUTATO<\/strong> DI STALKING OFFRE 10MILA EURO PER EVITARE IL PROCESSO<br \/>\n<strong>LUCE E GAS<\/strong>: SPESA STABILE PER L\u2019ENERGIA ELETTRICA, AUMENTA IL GAS<br \/>\n<strong>VISITE TECNICHE NEL MONDO DEGLI IMPIANTI:<\/strong> GLI STUDENTI DEL FOLLADOR-DE ROSSI TRA TECNOLOGIA E TERRITORIO<br \/>\n<strong>CACCIA PESCA E NATURA<\/strong> A LONGARONE FIERE, IL CONTO ALLA ROVESCIA<\/p>\n<h1><span style=\"color: #ff0000;\"><strong>VIDEO\u00a0 \u00a0in diretta AGGIORNAMENTO\u00a0 dalle 8 del mattino\u00a0\u00a0<\/strong><\/span><\/h1>\n<p><a class=\"dt-pswp-item\" href=\"https:\/\/www.radiopiu.net\/wordpress\/wp-content\/uploads\/2025\/04\/COPERTINA-DUEE.jpg\" data-dt-img-description=\"\" data-large_image_width=\"998\" data-large_image_height=\"379\">\u00a0<\/a><\/p>\n<p><iframe loading=\"lazy\" title=\"DAL 1983 LA RASSEGNA STAMPA LOCALE di mirko mezzacasa. L&#039;ORIGINALE\" width=\"1200\" height=\"675\" src=\"https:\/\/www.youtube.com\/embed\/OkY501dNiQg?feature=oembed\" frameborder=\"0\" allow=\"accelerometer; autoplay; clipboard-write; encrypted-media; gyroscope; picture-in-picture; web-share\" referrerpolicy=\"strict-origin-when-cross-origin\" allowfullscreen><\/iframe><\/p>\n<p>&nbsp;<\/p>\n<hr \/>\n<p>&nbsp;<\/p>\n<p>&nbsp;<\/p>\n<p>&nbsp;<\/p>\n<p><strong><a class=\"dt-pswp-item\" href=\"https:\/\/www.radiopiu.net\/wordpress\/wp-content\/uploads\/2023\/12\/ANTENNA.png\" data-dt-img-description=\"\" data-large_image_width=\"300\" data-large_image_height=\"166\"><img loading=\"lazy\" decoding=\"async\" class=\"wp-image-366306 alignright\" src=\"https:\/\/www.radiopiu.net\/wordpress\/wp-content\/uploads\/2023\/12\/ANTENNA.png\" alt=\"\" width=\"101\" height=\"56\" \/><\/a><a class=\"dt-pswp-item\" href=\"https:\/\/www.radiopiu.net\/wordpress\/wp-content\/uploads\/2024\/11\/th-17.jpg\" data-dt-img-description=\"\" data-large_image_width=\"224\" data-large_image_height=\"180\"><img loading=\"lazy\" decoding=\"async\" class=\" wp-image-421610 alignleft\" src=\"https:\/\/www.radiopiu.net\/wordpress\/wp-content\/uploads\/2024\/11\/th-17.jpg\" alt=\"\" width=\"167\" height=\"134\" \/><\/a>ogni sera alle 19 le anticipazioni alla radio, quello che poi seguirete nel TELEGIORNALE BELLUNESE\u00a0 in onda alle 19.30 sul CANALE 10 del digitale terrestre.\u00a0\u00a0<\/strong><\/p>\n<p><b>\u00a0\u00a0<\/b><\/p>\n<h1><span style=\"color: #ff0000;\"><strong>LE ANTICIPAZIONI DI\u00a0 FABIO FIORAVANZI<\/strong><\/span><\/h1>\n<audio class=\"wp-audio-shortcode\" id=\"audio-444303-6\" preload=\"none\" style=\"width: 100%;\" controls=\"controls\"><source type=\"audio\/mpeg\" src=\"https:\/\/www.radiopiu.net\/wordpress\/wp-content\/uploads\/2025\/04\/ANTENNA3-7.mp3?_=6\" \/><a href=\"https:\/\/www.radiopiu.net\/wordpress\/wp-content\/uploads\/2025\/04\/ANTENNA3-7.mp3\">https:\/\/www.radiopiu.net\/wordpress\/wp-content\/uploads\/2025\/04\/ANTENNA3-7.mp3<\/a><\/audio>\n<p>&nbsp;<\/p>\n<h1 class=\"_title post-title entry-title\">STOP TERZO MANDATO A ZAIA, LA LEGA INSORGE, MA GIA\u2019 GUARDA AL VOTO<\/h1>\n<p>Intervistati MARIO CONTE (Sindaco di Treviso), RICCARDO BARBISAN (Vicesegretario regionale Lega), LUCA DE CARLO (Coordinatore regionale Fratelli d\u2019Italia), FLAVIO TOSI (Coordinatore regionale Forza Italia), MASSIMILIANO FEDRIGA (Presidente Regione Friuli Venezia Giulia), ANDREA MARTELLA (Segretario regionale Partito Democratico), VANESSA CAMANI (Capogruppo regionale Partito Democratico) (Servizio di\u00a0<a href=\"https:\/\/antennatre.medianordest.it\/redazione\/Lina-Paronetto\/\">Lina Paronetto<\/a>)<\/p>\n<p><iframe loading=\"lazy\" title=\"STOP TERZO MANDATO A ZAIA, LA LEGA INSORGE, MA GIA&#039; GUARDA AL VOTO | 10\/04\/2025\" width=\"1200\" height=\"675\" src=\"https:\/\/www.youtube.com\/embed\/MBbZxN1Nm9g?feature=oembed\" frameborder=\"0\" allow=\"accelerometer; autoplay; clipboard-write; encrypted-media; gyroscope; picture-in-picture; web-share\" referrerpolicy=\"strict-origin-when-cross-origin\" allowfullscreen><\/iframe><\/p>\n<hr \/>\n<p>&nbsp;<\/p>\n<blockquote>\n<h3 class=\"entry-title\">CHIUSURA REGIONALE 203 AGORDINA, BIVIO ROVEI E DELLA SP 347 DEL PASSO CEREDA E DURAN. STRADA CHIUSA DALLE 8 ALLE 17<\/h3>\n<\/blockquote>\n<p><strong>COLLE SANTA LUCIA <\/strong>Fino al 30 aprile dalle 8 alle 17.30 escluso sabato domenica e festivi, chiusura della regionale 203 agordina nel tratto bivio Rovei, bivio Rucav\u00e0. Interdizione totale per lavori di mitigazione del rischio caduta massi.<\/p>\n<p><strong>SEDICO<\/strong> Veneto Strade comunica che dal 14 aprile al 16 maggio, dalle 8 alle 17, sabati domeniche e festivi esclusi, la SP 347 del Passo Cereda e Duran sar\u00e0 interdetta al traffico in localit\u00e0 Fornesighe in comune di Val di Zoldo. Il traffico leggero con larghezza inferiore al 1,80 metri sar\u00e0 deviato in loco. La chiusura si rende necessaria per lavori di manutenzione ad acquedotto e fognatura.<\/p>\n<p>&nbsp;<\/p>\n<p>&nbsp;<\/p>\n<hr \/>\n<p>&nbsp;<\/p>\n<blockquote>\n<h3 class=\"photoswipe-wrapper\"><a class=\"dt-pswp-item pspw-wrap-ready\" href=\"https:\/\/www.radiopiu.net\/wordpress\/wp-content\/uploads\/2024\/12\/Logo_SibPAYOFF.jpg\" data-dt-img-description=\"\" data-large_image_width=\"1536\" data-large_image_height=\"391\"><img loading=\"lazy\" decoding=\"async\" class=\"wp-image-426474 alignleft\" src=\"https:\/\/www.radiopiu.net\/wordpress\/wp-content\/uploads\/2024\/12\/Logo_SibPAYOFF-300x76.jpg\" sizes=\"auto, (max-width: 162px) 100vw, 162px\" srcset=\"https:\/\/www.radiopiu.net\/wordpress\/wp-content\/uploads\/2024\/12\/Logo_SibPAYOFF-300x76.jpg 300w, https:\/\/www.radiopiu.net\/wordpress\/wp-content\/uploads\/2024\/12\/Logo_SibPAYOFF-1024x261.jpg 1024w, https:\/\/www.radiopiu.net\/wordpress\/wp-content\/uploads\/2024\/12\/Logo_SibPAYOFF-768x196.jpg 768w, https:\/\/www.radiopiu.net\/wordpress\/wp-content\/uploads\/2024\/12\/Logo_SibPAYOFF.jpg 1536w\" alt=\"\" width=\"162\" height=\"41\" \/><\/a>ACQUA NON POTABILE A ROCCA PIETORE<\/h3>\n<\/blockquote>\n<p>A Rocca Pietore in localit\u00e0 Digonera l&#8217;acqua erogata dall&#8217;acquedotto non \u00e8 potabile e e non pu\u00f2 essere usata per scopi alimentari. Verr\u00e0 effettuato servizio sostitutivo con autobotte presso\u00a0 l&#8217;Albergo Digonera in localit\u00e0 Digonera.<\/p>\n<p>&nbsp;<\/p>\n<hr \/>\n<p>&nbsp;<\/p>\n<blockquote>\n<h3>MALORE A ROCCA PIETORE<\/h3>\n<\/blockquote>\n<p><strong>ROCCA PIETORE<\/strong> Ieri alle 9:40 la centrale operativa del Suem 118 \u00e8 stata allertata per un uomo di 87 anni che aveva accusato un malore e Rocca Pietore. Sul posto l&#8217;ambulanza e l&#8217;elicottero Falco che ha elitrasportato l&#8217;anziano all&#8217;ospedale San Martino di Belluno in condizioni critiche.<\/p>\n<p>&nbsp;<\/p>\n<p>&nbsp;<\/p>\n<hr \/>\n<p>&nbsp;<\/p>\n<blockquote>\n<h3>\u00a0\u00c8 scomparso Luca, aiutateci a trovarlo<\/h3>\n<\/blockquote>\n<p><img loading=\"lazy\" decoding=\"async\" class=\"alignleft\" src=\"https:\/\/www.radiopiu.net\/wordpress\/wp-content\/uploads\/2025\/04\/doretta.png\" width=\"144\" height=\"139\" \/><strong>BELLUNO<\/strong> Sulla pagina facebook di <span class=\"xt0psk2\"><span class=\"xjp7ctv\"><a class=\"x1i10hfl xjbqb8w x1ejq31n xd10rxx x1sy0etr x17r0tee x972fbf xcfux6l x1qhh985 xm0m39n x9f619 x1ypdohk xt0psk2 xe8uvvx xdj266r x11i5rnm xat24cr x1mh8g0r xexx8yu x4uap5 x18d9i69 xkhd6sd x16tdsg8 x1hl2dhg xggy1nq x1a2a7pz xkrqix3 x1sur9pj xzsf02u x1s688f\" tabindex=\"0\" role=\"link\" href=\"https:\/\/www.facebook.com\/dori52?__cft__[0]=AZVqoL06EopYZYgrI6hDPa8rxSu2LKjadVHPlmC9mlrnOrdY6Qn5aWgzuZprb26q-MvN8PmWLqCZNLCh4i22gzLrTvUgBGWpeWSZGuCR7dOaz79ZD-Ysh9qNsorElgR6RCDa0YGk0mjiZmsy6Yj-egrHVVA1e_GtDkAVzAlyZC5Nkw&amp;__tn__=-UC%2CP-R\"><strong class=\"html-strong xdj266r x11i5rnm xat24cr x1mh8g0r xexx8yu x4uap5 x18d9i69 xkhd6sd x1hl2dhg x16tdsg8 x1vvkbs x1s688f\"><span class=\"html-span xdj266r x11i5rnm xat24cr x1mh8g0r xexx8yu x4uap5 x18d9i69 xkhd6sd x1hl2dhg x16tdsg8 x1vvkbs\">Doretta Andriolo<\/span><\/strong><\/a> (600 condivisioni in sei ore) \u00e8 comparso un post:<\/span><\/span> &#8220;Si cerca con urgenza Luca, un uomo residente al Nevegal. A lanciare l\u2019allarme \u00e8 la sorella Doretta, che non ha pi\u00f9 sue notizie da diversi giorni. Luca vive da solo, non ha problemi di salute noti, ma il suo cellulare risulta irraggiungibile. Potrebbe essere uscito con la sua auto, una Lancia Ypsilon bianca. &#8220;Si \u00e8 perso mio fratello \u2013 scrive Doretta \u2013 Se qualcuno lo vede o ha notizie, vi prego di contattarmi subito al numero 340.0805186. Aiutatemi a trovarlo. Grazie di cuore.&#8221; Chiunque abbia visto Luca o abbia informazioni utili \u00e8 pregato di contattare immediatamente le forze dell\u2019ordine o il numero indicato. Ogni segnalazione pu\u00f2 essere preziosa.<\/p>\n<p>&nbsp;<\/p>\n<p><span style=\"color: #ff0000;\"><strong><img loading=\"lazy\" decoding=\"async\" class=\"alignleft\" src=\"https:\/\/www.radiopiu.net\/wordpress\/wp-content\/uploads\/2025\/04\/d6ca1532-0722-428c-94ff-6843bd223ac2.jpg\" width=\"311\" height=\"204\" \/>AGGIORNAMENTO<\/strong><\/span><\/p>\n<p class=\"\" data-start=\"88\" data-end=\"335\"><strong>SOSPIROLO<\/strong>\u00a0 Svolta nelle ricerche dell\u2019uomo scomparso dal piazzale del Nevegal: nella serata di gioved\u00ec la sua auto, una Ypsilon bianca, \u00e8 stata ritrovata a Sospirolo, rilanciando l\u2019allarme e cambiando completamente la prospettiva investigativa. La vicenda era iniziata mercoled\u00ec sera, quando carabinieri e vigili del fuoco si erano recati presso l\u2019abitazione dell\u2019uomo, al Nevegal, per un presunto intervento di soccorso. Tuttavia, la casa era vuota e anche la vettura era sparita, lasciando ipotizzare un allontanamento volontario, magari per una vacanza, come sembrava emergere da alcuni elementi raccolti.<\/p>\n<p class=\"\" data-start=\"88\" data-end=\"335\">La scoperta dell\u2019auto a Sospirolo ha per\u00f2 riacceso le preoccupazioni e ha spinto le autorit\u00e0 a riattivare le ricerche, che ora si concentrano nella zona dove \u00e8 stato rinvenuto il veicolo. Sul posto sono presenti forze dell\u2019ordine e squadre specializzate, impegnate in perlustrazioni a terra e nei dintorni. Al momento non ci sono ulteriori sviluppi, ma l\u2019attenzione resta alta.<\/p>\n<blockquote>\n<p data-start=\"88\" data-end=\"335\">\n<\/blockquote>\n<hr \/>\n<blockquote>\n<p class=\"\" data-start=\"0\" data-end=\"64\"><strong data-start=\"0\" data-end=\"64\">GLAUCO GRANATELLI, ANIMA DEL CAI E DELLA CULTURA DI MONTAGNA<\/strong><\/p>\n<\/blockquote>\n<p class=\"\" data-start=\"66\" data-end=\"670\"><strong><a class=\"dt-pswp-item\" href=\"https:\/\/www.radiopiu.net\/wordpress\/wp-content\/uploads\/2025\/04\/Immagine-2025-04-11-050941.jpg\" data-dt-img-description=\"\" data-large_image_width=\"234\" data-large_image_height=\"165\"><img loading=\"lazy\" decoding=\"async\" class=\" wp-image-444415 alignleft\" src=\"https:\/\/www.radiopiu.net\/wordpress\/wp-content\/uploads\/2025\/04\/Immagine-2025-04-11-050941.jpg\" alt=\"\" width=\"190\" height=\"134\" \/><\/a>AURONZO<\/strong> Il mondo della montagna e il Cai di Auronzo piangono Glauco Granatelli, nato il 9 gennaio 1935. Siciliano d\u2019origine ma residente nel Veneziano, era profondamente legato ad Auronzo, dove era stato attivo e promotore della rivista Qvota 864 \u2013 Quaderni di vita di montagna, di cui \u00e8 stato direttore responsabile.<\/p>\n<p data-start=\"66\" data-end=\"670\">\n<p class=\"\" data-start=\"66\" data-end=\"670\">Granatelli \u00e8 stato l&#8217;ideatore del Gruppo filatelici di montagna, fondato nel 2001, che ha unito passione filatelica, cultura alpina e iniziative umanitarie. I funerali si sono celebrati a Marghera, lasciando il ricordo indelebile nella comunit\u00e0, insieme a moglie Pina e figli Francesca e Paolo.<\/p>\n<p>&nbsp;<\/p>\n<hr \/>\n<p>&nbsp;<\/p>\n<blockquote>\n<h3>LA 173ESIMA FESTA DELLA POLIZIA A BELLUNO: ONORIFICENZE, MEMORIA E IMPEGNO QUOTIDIANO<\/h3>\n<\/blockquote>\n<p><strong><a class=\"dt-pswp-item\" href=\"https:\/\/www.radiopiu.net\/wordpress\/wp-content\/uploads\/2025\/02\/Foto-servizio-controllo-del-territorio.jpg\" data-dt-img-description=\"\" data-large_image_width=\"1440\" data-large_image_height=\"1080\"><img loading=\"lazy\" decoding=\"async\" class=\" wp-image-434073 alignleft\" src=\"https:\/\/www.radiopiu.net\/wordpress\/wp-content\/uploads\/2025\/02\/Foto-servizio-controllo-del-territorio-300x225.jpg\" alt=\"\" width=\"199\" height=\"149\" srcset=\"https:\/\/www.radiopiu.net\/wordpress\/wp-content\/uploads\/2025\/02\/Foto-servizio-controllo-del-territorio-300x225.jpg 300w, https:\/\/www.radiopiu.net\/wordpress\/wp-content\/uploads\/2025\/02\/Foto-servizio-controllo-del-territorio-1024x768.jpg 1024w, https:\/\/www.radiopiu.net\/wordpress\/wp-content\/uploads\/2025\/02\/Foto-servizio-controllo-del-territorio-768x576.jpg 768w, https:\/\/www.radiopiu.net\/wordpress\/wp-content\/uploads\/2025\/02\/Foto-servizio-controllo-del-territorio.jpg 1440w\" sizes=\"auto, (max-width: 199px) 100vw, 199px\" \/><\/a>BELLUNO<\/strong> Ieri si \u00e8 celebrato il 173\u00b0 anniversario della Polizia di Stato con una cerimonia solenne presso la caserma Raniero di Belluno. La giornata, aperta dalla deposizione di una corona in memoria dei caduti, ha avuto come tema \u201cEsserci Sempre\u201d, riflettendo l\u2019impegno costante delle forze dell\u2019ordine. Durante l\u2019evento, sono stati premiati agenti distintisi per coraggio e professionalit\u00e0: operazioni antidroga, salvataggi in extremis, interventi contro rapine e atti persecutori. Tra gli encomiati spiccano anche azioni fuori servizio e operazioni di ordine pubblico durante eventi complessi. Nel bilancio annuale, emergono oltre 13.000 chiamate d\u2019emergenza, pi\u00f9 di 20.000 identificazioni, 1.989 interventi di soccorso in montagna e una forte presenza educativa nelle scuole. Le pattuglie sciatori hanno operato in condizioni estreme, mentre la Polizia Postale ha affrontato crimini digitali come pedopornografia e truffe. La diminuzione dei reati del 10% testimonia l\u2019efficacia dell\u2019azione sul territorio. La cerimonia ha cos\u00ec evidenziato non solo risultati operativi, ma anche il valore umano e sociale del lavoro della Polizia di Stato.<\/p>\n<h1><\/h1>\n<h1 class=\"_title post-title entry-title\">I NUMERI DELLA POLIZIA IN OCCASIONE DELLA SUA FESTA<\/h1>\n<p>Intervistati ROBERTO DELLA ROCCA (QUESTORE BELLUNO) (Servizio di <a href=\"https:\/\/antennatre.medianordest.it\/redazione\/Fabio-Fioravanzi\/\">Fabio Fioravanzi<\/a>)<\/p>\n<p><iframe loading=\"lazy\" title=\"I NUMERI DELLA POLIZIA IN OCCASIONE DELLA SUA FESTA | 10\/04\/2025\" width=\"1200\" height=\"675\" src=\"https:\/\/www.youtube.com\/embed\/BNg9p4JrjpM?feature=oembed\" frameborder=\"0\" allow=\"accelerometer; autoplay; clipboard-write; encrypted-media; gyroscope; picture-in-picture; web-share\" referrerpolicy=\"strict-origin-when-cross-origin\" allowfullscreen><\/iframe><\/p>\n<hr \/>\n<p>&nbsp;<\/p>\n<blockquote>\n<h3>PREMIO DI RISULTATO 2024: ESSILORLUXOTTICA E SINDACATI CONDIVIDONO UNA CRESCITA RECORD NEL SEGNO DELL\u2019INCLUSIVIT\u00c0 E DELLA SOSTENIBILIT\u00c0<\/h3>\n<\/blockquote>\n<p><strong><a class=\"dt-pswp-item\" href=\"https:\/\/www.radiopiu.net\/wordpress\/wp-content\/uploads\/2025\/03\/luxottica-1.jpg\" data-dt-img-description=\"\" data-large_image_width=\"1600\" data-large_image_height=\"1200\"><img loading=\"lazy\" decoding=\"async\" class=\" wp-image-440127 alignleft\" src=\"https:\/\/www.radiopiu.net\/wordpress\/wp-content\/uploads\/2025\/03\/luxottica-1-300x225.jpg\" alt=\"\" width=\"183\" height=\"137\" srcset=\"https:\/\/www.radiopiu.net\/wordpress\/wp-content\/uploads\/2025\/03\/luxottica-1-300x225.jpg 300w, https:\/\/www.radiopiu.net\/wordpress\/wp-content\/uploads\/2025\/03\/luxottica-1-1024x768.jpg 1024w, https:\/\/www.radiopiu.net\/wordpress\/wp-content\/uploads\/2025\/03\/luxottica-1-768x576.jpg 768w, https:\/\/www.radiopiu.net\/wordpress\/wp-content\/uploads\/2025\/03\/luxottica-1-1536x1152.jpg 1536w, https:\/\/www.radiopiu.net\/wordpress\/wp-content\/uploads\/2025\/03\/luxottica-1.jpg 1600w\" sizes=\"auto, (max-width: 183px) 100vw, 183px\" \/><\/a>AGORDO <\/strong>Si \u00e8 svolto ieri il coordinamento nazionale del Gruppo EssilorLuxottica, che ha visto il confronto tra l\u2019azienda e le rappresentanze sindacali nazionali e territoriali di Filctem Cgil, Femca Cisl e Uiltec Uil, insieme alle RSU. Al centro dell\u2019incontro, la condivisione dei risultati del Premio di Risultato 2024, che ha raggiunto un valore lordo complessivo di 40 milioni di euro, con un incremento di oltre il 10% rispetto al 2023. Il sistema di calcolo \u00e8 diventato pi\u00f9 inclusivo, coinvolgendo circa 13.000 dipendenti, il 10% in pi\u00f9 dell\u2019anno scorso. Il premio individuale base \u00e8 di 3.181 euro lordi, con la possibilit\u00e0 di arrivare a circa 4.100 euro grazie alle componenti individuali, o fino a 4.400 euro se convertito in welfare. Piergiorgio Angeli, Chief People Officer di EssilorLuxottica, ha sottolineato il valore strategico e umano di questo risultato. Soddisfazione \u00e8 stata espressa anche dai Segretari Nazionali delle sigle sindacali, che hanno evidenziato come relazioni partecipative tra azienda e sindacato promuovano sostenibilit\u00e0, occupazione e competitivit\u00e0 nel contesto attuale.<\/p>\n<p><strong>LUIGI DELL&#8217;ATTI, FILCTEM CGIL LUXOTTICA AGORDO<\/strong><\/p>\n<audio class=\"wp-audio-shortcode\" id=\"audio-444303-7\" preload=\"none\" style=\"width: 100%;\" controls=\"controls\"><source type=\"audio\/mpeg\" src=\"https:\/\/www.radiopiu.net\/wordpress\/wp-content\/uploads\/2025\/04\/LUIGI-PREMIO.mp3?_=7\" \/><a href=\"https:\/\/www.radiopiu.net\/wordpress\/wp-content\/uploads\/2025\/04\/LUIGI-PREMIO.mp3\">https:\/\/www.radiopiu.net\/wordpress\/wp-content\/uploads\/2025\/04\/LUIGI-PREMIO.mp3<\/a><\/audio>\n<p>&nbsp;<\/p>\n<hr \/>\n<p>&nbsp;<\/p>\n<blockquote>\n<h3>SETTIMANE CORTE: ESSILORLUXOTTICA RIVOLUZIONA IL MONDO DEL LAVORO CON UN NUOVO MODELLO ORARIO E UN&#8217;ADESIONE IN CRESCITA DEL 150%<\/h3>\n<\/blockquote>\n<p><strong><a class=\"dt-pswp-item\" href=\"https:\/\/www.radiopiu.net\/wordpress\/wp-content\/uploads\/2024\/11\/luxottica.jpeg\" data-dt-img-description=\"\" data-large_image_width=\"2048\" data-large_image_height=\"1536\"><img loading=\"lazy\" decoding=\"async\" class=\" wp-image-418269 alignleft\" src=\"https:\/\/www.radiopiu.net\/wordpress\/wp-content\/uploads\/2024\/11\/luxottica-300x225.jpeg\" alt=\"\" width=\"184\" height=\"138\" srcset=\"https:\/\/www.radiopiu.net\/wordpress\/wp-content\/uploads\/2024\/11\/luxottica-300x225.jpeg 300w, https:\/\/www.radiopiu.net\/wordpress\/wp-content\/uploads\/2024\/11\/luxottica-1024x768.jpeg 1024w, https:\/\/www.radiopiu.net\/wordpress\/wp-content\/uploads\/2024\/11\/luxottica-768x576.jpeg 768w, https:\/\/www.radiopiu.net\/wordpress\/wp-content\/uploads\/2024\/11\/luxottica-1536x1152.jpeg 1536w, https:\/\/www.radiopiu.net\/wordpress\/wp-content\/uploads\/2024\/11\/luxottica.jpeg 2048w\" sizes=\"auto, (max-width: 184px) 100vw, 184px\" \/><\/a>AGORDO<\/strong> EssilorLuxottica ha introdotto un nuovo modello orario nelle sue fabbriche italiane, che prevede 20 giorni di riposo aggiuntivi all\u2019anno a parit\u00e0 di stipendio. A un anno dal lancio, oltre 1.500 addetti hanno aderito volontariamente, con un incremento del 150% delle adesioni nel 2025 rispetto all\u2019anno precedente. Il sistema delle &#8220;settimane corte&#8221;, siglato con le Organizzazioni Sindacali, ha avuto grande successo, con il 50% dei lavoratori (oltre 3.500, tra cui molti millennial e membri della generazione Z) che beneficia di orari conciliativi. Il modello &#8220;Time4You&#8221; ha migliorato l\u2019efficienza produttiva, ottimizzando i tempi di lavoro e riducendo le assenze non programmate. Questo approccio si inserisce nella strategia di EssilorLuxottica di valorizzare la qualit\u00e0 e l&#8217;artigianalit\u00e0 del Made in Italy, in particolare nella manifattura del lusso. I risultati sono positivi anche a livello economico e operativo, con un miglioramento del turnover, della qualit\u00e0 e una riduzione degli infortuni. Nel nuovo anno, \u00e8 iniziata una sperimentazione per ridurre i costi fissi e l\u2019impatto ambientale.<\/p>\n<p>&nbsp;<\/p>\n<p>&nbsp;<\/p>\n<hr \/>\n<p>&nbsp;<\/p>\n<blockquote>\n<h3>LA TAPPA BELLUNESE DI &#8220;ABILI AL LAVORO&#8221;<\/h3>\n<\/blockquote>\n<p><strong>BELLUNO<\/strong> Tappa bellunese per \u201cAbili al lavoro\u201d, l&#8217;iniziativa di Veneto Lavoro che promuove tra realt\u00e0 economiche e imprese del territorio informazioni e agevolazioni per il lavoro di persone disabili.<\/p>\n<p><strong>DI DANIELE DALVIT<\/strong><\/p>\n<audio class=\"wp-audio-shortcode\" id=\"audio-444303-8\" preload=\"none\" style=\"width: 100%;\" controls=\"controls\"><source type=\"audio\/mpeg\" src=\"https:\/\/www.radiopiu.net\/wordpress\/wp-content\/uploads\/2025\/04\/Servizio-Veneto-lavoro-disabili.mp3?_=8\" \/><a href=\"https:\/\/www.radiopiu.net\/wordpress\/wp-content\/uploads\/2025\/04\/Servizio-Veneto-lavoro-disabili.mp3\">https:\/\/www.radiopiu.net\/wordpress\/wp-content\/uploads\/2025\/04\/Servizio-Veneto-lavoro-disabili.mp3<\/a><\/audio>\n<p>&nbsp;<\/p>\n\n\t\t\t<style type='text\/css'>\n\t\t\t\t#gallery-1 {\n\t\t\t\t\tmargin: auto;\n\t\t\t\t}\n\t\t\t\t#gallery-1 .gallery-item {\n\t\t\t\t\tfloat: left;\n\t\t\t\t\tmargin-top: 10px;\n\t\t\t\t\ttext-align: center;\n\t\t\t\t\twidth: 25%;\n\t\t\t\t}\n\t\t\t\t#gallery-1 img {\n\t\t\t\t\tborder: 2px solid #cfcfcf;\n\t\t\t\t}\n\t\t\t\t#gallery-1 .gallery-caption {\n\t\t\t\t\tmargin-left: 0;\n\t\t\t\t}\n\t\t\t\t\/* see gallery_shortcode() in wp-includes\/media.php *\/\n\t\t\t<\/style>\n\t\t<div id='gallery-1' class='dt-gallery-container gallery galleryid-444303 gallery-columns-4 gallery-size-thumbnail'><dl class='gallery-item'>\n\t\t\t\t<dt class='gallery-icon landscape'>\n\t\t\t\t\t<a class=\"rollover rollover-zoom dt-pswp-item\" title=\"Abili al Lavoro Belluno 10_04_2025 (1)\" data-dt-img-description=\"\" data-large_image_width=\"2560\" data-large_image_height=\"1920\"href='https:\/\/www.radiopiu.net\/wordpress\/wp-content\/uploads\/2025\/04\/Abili-al-Lavoro-Belluno-10_04_2025-1-scaled.jpg'><img loading=\"lazy\" decoding=\"async\" width=\"150\" height=\"150\" src=\"https:\/\/www.radiopiu.net\/wordpress\/wp-content\/uploads\/2025\/04\/Abili-al-Lavoro-Belluno-10_04_2025-1-150x150.jpg\" class=\"attachment-thumbnail size-thumbnail\" alt=\"\" \/><\/a>\n\t\t\t\t<\/dt><\/dl><dl class='gallery-item'>\n\t\t\t\t<dt class='gallery-icon landscape'>\n\t\t\t\t\t<a class=\"rollover rollover-zoom dt-pswp-item\" title=\"Unknown\" data-dt-img-description=\"\" data-large_image_width=\"2560\" data-large_image_height=\"1920\"href='https:\/\/www.radiopiu.net\/wordpress\/wp-content\/uploads\/2025\/04\/Unknown-2-scaled.jpeg'><img loading=\"lazy\" decoding=\"async\" width=\"150\" height=\"150\" src=\"https:\/\/www.radiopiu.net\/wordpress\/wp-content\/uploads\/2025\/04\/Unknown-2-150x150.jpeg\" class=\"attachment-thumbnail size-thumbnail\" alt=\"\" \/><\/a>\n\t\t\t\t<\/dt><\/dl><dl class='gallery-item'>\n\t\t\t\t<dt class='gallery-icon landscape'>\n\t\t\t\t\t<a class=\"rollover rollover-zoom dt-pswp-item\" title=\"Abili al Lavoro Belluno 10_04_2025 (2)\" data-dt-img-description=\"\" data-large_image_width=\"2560\" data-large_image_height=\"1920\"href='https:\/\/www.radiopiu.net\/wordpress\/wp-content\/uploads\/2025\/04\/Abili-al-Lavoro-Belluno-10_04_2025-2-scaled.jpg'><img loading=\"lazy\" decoding=\"async\" width=\"150\" height=\"150\" src=\"https:\/\/www.radiopiu.net\/wordpress\/wp-content\/uploads\/2025\/04\/Abili-al-Lavoro-Belluno-10_04_2025-2-150x150.jpg\" class=\"attachment-thumbnail size-thumbnail\" alt=\"\" \/><\/a>\n\t\t\t\t<\/dt><\/dl><dl class='gallery-item'>\n\t\t\t\t<dt class='gallery-icon landscape'>\n\t\t\t\t\t<a class=\"rollover rollover-zoom dt-pswp-item\" title=\"Abili al Lavoro Belluno 10_04_2025 (3)\" data-dt-img-description=\"\" data-large_image_width=\"2560\" data-large_image_height=\"1920\"href='https:\/\/www.radiopiu.net\/wordpress\/wp-content\/uploads\/2025\/04\/Abili-al-Lavoro-Belluno-10_04_2025-3-scaled.jpg'><img loading=\"lazy\" decoding=\"async\" width=\"150\" height=\"150\" src=\"https:\/\/www.radiopiu.net\/wordpress\/wp-content\/uploads\/2025\/04\/Abili-al-Lavoro-Belluno-10_04_2025-3-150x150.jpg\" class=\"attachment-thumbnail size-thumbnail\" alt=\"\" \/><\/a>\n\t\t\t\t<\/dt><\/dl><br style=\"clear: both\" \/>\n\t\t\t<\/div>\n\n<p>&nbsp;<\/p>\n<hr \/>\n<p>&nbsp;<\/p>\n<blockquote>\n<h3>IMPUGNATA LA LEGGE REGIONALE SULLE CENTRALINE<\/h3>\n<\/blockquote>\n<p><strong>VENEZIA <\/strong>\u201cUn fulmine a ciel sereno\u201d. Cos\u00ec l\u2019Assessore all\u2019Ambiente della Regione Veneto, Gianpaolo Bottacin commenta la decisione del Governo di impugnare la legge regionale veneta sulle concessioni idroelettriche, approvata dal Consiglio regionale nel febbraio scorso.<\/p>\n<p><strong>L&#8217;ASSESSORE REGIONALE GIANPAOLO BOTTACIN<\/strong><\/p>\n<p><iframe loading=\"lazy\" title=\"BOTTACIN CENTRALINE\" width=\"1200\" height=\"675\" src=\"https:\/\/www.youtube.com\/embed\/1YL55eEWtI8?feature=oembed\" frameborder=\"0\" allow=\"accelerometer; autoplay; clipboard-write; encrypted-media; gyroscope; picture-in-picture; web-share\" referrerpolicy=\"strict-origin-when-cross-origin\" allowfullscreen><\/iframe><\/p>\n<p>&nbsp;<\/p>\n<hr \/>\n<p>&nbsp;<\/p>\n<blockquote>\n<h3>LA PROVINCIA DI BELLUNO RICHIEDE OLTRE 12 MILIONI DI EURO AI CONCESSIONARI IDROELETTRICI PER IL 2023<\/h3>\n<\/blockquote>\n<p><strong><a class=\"dt-pswp-item\" href=\"https:\/\/www.radiopiu.net\/wordpress\/wp-content\/uploads\/2020\/06\/palazzo_piloni_belluno.jpg\" data-dt-img-description=\"\" data-large_image_width=\"1000\" data-large_image_height=\"667\"><img loading=\"lazy\" decoding=\"async\" class=\" wp-image-144771 alignleft\" src=\"https:\/\/www.radiopiu.net\/wordpress\/wp-content\/uploads\/2020\/06\/palazzo_piloni_belluno-300x200.jpg\" alt=\"\" width=\"242\" height=\"161\" srcset=\"https:\/\/www.radiopiu.net\/wordpress\/wp-content\/uploads\/2020\/06\/palazzo_piloni_belluno-300x200.jpg 300w, https:\/\/www.radiopiu.net\/wordpress\/wp-content\/uploads\/2020\/06\/palazzo_piloni_belluno-768x512.jpg 768w, https:\/\/www.radiopiu.net\/wordpress\/wp-content\/uploads\/2020\/06\/palazzo_piloni_belluno.jpg 1000w\" sizes=\"auto, (max-width: 242px) 100vw, 242px\" \/><\/a>BELLUNO <\/strong>La Provincia di Belluno ha richiesto ai principali concessionari di energia idroelettrica il pagamento della parte variabile dei canoni idrici per il 2023, come previsto dalla Legge Regionale 24\/2022. L\u2019importo si calcola sul 5% del fatturato derivante dalla produzione energetica, escludendo la quota da versare alla Regione Veneto. La richiesta ammonta a 11,1 milioni di euro per Enel Produzione e 1,1 milioni per Enel Green Power, sulla base dei dati forniti da Terna e dalla Regione. Secondo il consigliere provinciale Massimo Bortoluzzi, queste risorse sono fondamentali per la gestione del bilancio provinciale, in particolare per affrontare sfide ambientali, infrastrutturali e sociali. L\u2019obiettivo \u00e8 destinare i fondi ad investimenti strategici per la comunit\u00e0, auspicando che la richiesta non venga impugnata, come accaduto in passato per la parte fissa. La Provincia intende anche rafforzare il sostegno alle Unioni Montane, gi\u00e0 finanziate con 2 milioni di euro, destinando ulteriori risorse per progetti di sviluppo locale e miglioramento dei servizi nelle aree montane pi\u00f9 fragili.<\/p>\n<p>&nbsp;<\/p>\n<hr \/>\n<p>&nbsp;<\/p>\n<blockquote>\n<h3>FURTO DI GIOIELLI IN CASA, COLF AGORDINA A PROCESSO<\/h3>\n<\/blockquote>\n<p><strong>LA GIUDIZIARIA OGGI<\/strong><br \/>\n<strong>SINTESI DAL CORRIERE DELLE ALPI<\/strong><\/p>\n<p><strong>GIGI SOSSO\u00a0<\/strong><\/p>\n<p>&nbsp;<\/p>\n<p><strong>VOLTAGO<\/strong> Chiuse le indagini sulla collaboratrice domestica agordina accusata di aver rubato preziosi \u2013 tra cui l\u2019anello di fidanzamento \u2013 dalla casa dove lavorava. I fatti risalgono a marzo dello scorso anno. La Procura contesta il furto aggravato con abuso di relazione d&#8217;opera. La datrice di lavoro, assistita dall\u2019avvocato Davide Fent, ha ricevuto una proposta di risarcimento che potrebbe evitare la costituzione di parte civile. Difesa d\u2019ufficio per l\u2019indagata, l\u2019avvocata Valentina Mazzucco. Ancora da fissare la data dell\u2019udienza.<\/p>\n<p>&nbsp;<\/p>\n<blockquote>\n<h3 data-start=\"0\" data-end=\"80\"><strong data-start=\"0\" data-end=\"78\">CARABINIERE IMPUTATO DI STALKING OFFRE 10MILA EURO PER EVITARE IL PROCESSO<\/strong><\/h3>\n<\/blockquote>\n<p class=\"\" data-start=\"82\" data-end=\"622\"><strong>AGORDO<\/strong> D.S., carabiniere rinviato a giudizio per stalking nei confronti dell\u2019ex compagna, ha offerto un risarcimento di 10mila euro per cercare di far ritirare la querela e conservare il posto di lavoro. La donna, costituitasi parte civile con gli avvocati Alain Dotta e Nicolo&#8217; Tamponi Furlanetto, non ha ancora accettato l\u2019offerta. Secondo la Procura, tra ottobre e dicembre 2024 l\u2019uomo avrebbe perseguitato l\u2019ex con pedinamenti, appostamenti e messaggi indesiderati. Il processo \u00e8 stato aperto dal giudice Paolo Velo.<\/p>\n<p data-start=\"82\" data-end=\"622\">\n<article class=\"text-token-text-primary w-full\" dir=\"auto\" data-testid=\"conversation-turn-6\" data-scroll-anchor=\"false\">\n<div class=\"text-base my-auto mx-auto py-5 [--thread-content-margin:--spacing(4)] @[37rem]:[--thread-content-margin:--spacing(6)] @[70rem]:[--thread-content-margin:--spacing(12)] px-(--thread-content-margin)\">\n<div class=\"[--thread-content-max-width:32rem] @[34rem]:[--thread-content-max-width:40rem] @[64rem]:[--thread-content-max-width:48rem] mx-auto flex max-w-(--thread-content-max-width) flex-1 text-base gap-4 md:gap-5 lg:gap-6 group\/turn-messages focus-visible:outline-hidden\" tabindex=\"-1\">\n<div class=\"group\/conversation-turn relative flex w-full min-w-0 flex-col agent-turn\">\n<div class=\"relative flex-col gap-1 md:gap-3\">\n<div class=\"flex max-w-full flex-col grow\">\n<div class=\"min-h-8 text-message relative flex w-full flex-col items-end gap-2 text-start break-words whitespace-normal [.text-message+&amp;]:mt-5\" dir=\"auto\" data-message-author-role=\"assistant\" data-message-id=\"decc09b4-5ad0-49f3-96b3-e2737f04cb4d\" data-message-model-slug=\"gpt-4o\">\n<div class=\"flex w-full flex-col gap-1 empty:hidden first:pt-[3px]\">\n<div class=\"markdown prose dark:prose-invert w-full break-words dark\">\n<blockquote>\n<h3 data-start=\"0\" data-end=\"62\"><strong data-start=\"0\" data-end=\"62\" data-is-last-node=\"\" data-is-only-node=\"\">RUBA LA BICI A UN 13ENNE:\u00a0 A PROCESSO<br \/>\n<\/strong><\/h3>\n<\/blockquote>\n<p><strong>FELTRE<\/strong> \u00a0accusato di aver rubato una mountain bike a un ragazzino di 13 anni, tre anni fa, fuori da un supermercato in zona Boscariz. Il valore della bici \u00e8 di circa 500 euro. L\u2019uomo dovr\u00e0 affrontare un processo per furto aggravato, con le aggravanti dell\u2019esposizione alla pubblica fede e della recidiva reiterata. I difensori <img loading=\"lazy\" decoding=\"async\" class=\"alignleft\" src=\"https:\/\/www.radiopiu.net\/wordpress\/wp-content\/uploads\/2025\/04\/138e8eff-6248-4142-86f3-ad312cc1ec85.png\" width=\"318\" height=\"212\" \/>avevano chiesto l\u2019archiviazione, ma il giudice ha accolto la richiesta dell&#8217;accusa di andare a dibattimento. Le indagini dei carabinieri sarebbero partite dalla denuncia della madre del ragazzo e da immagini di videosorveglianza.<\/p>\n<p>&nbsp;<\/p>\n<blockquote>\n<h3 data-start=\"0\" data-end=\"72\"><strong data-start=\"0\" data-end=\"72\">ROCCA PIETORE, STALKING IN CONDOMINIO: CHIESTO UN ANNO DI RECLUSIONE<\/strong><\/h3>\n<\/blockquote>\n<p><strong>ROCCA PIETORE<\/strong> accusato di aver perseguitato una famiglia con due figli piccoli nel condominio dove vivevano. Secondo la Procura, tra l\u2019estate 2019 e marzo 2020 avrebbe minacciato la coppia con frasi violente e comportamenti aggressivi per i rumori causati dai bambini. L&#8217;avvocata Valentina Bolzon ha richiesto anche il risarcimento danni. Il difensore\u00a0 ha chiesto l&#8217;assoluzione piena o, in subordine, la pena minima. Il caso pi\u00f9 grave risale al 1\u00b0 maggio 2020, compleanno della figlia della coppia, quando l\u2019uomo avrebbe bussato con forza alla porta accompagnando il gesto con nuove minacce di morte.<\/p>\n<\/div>\n<\/div>\n<\/div>\n<\/div>\n<div class=\"flex absolute start-0 end-0 flex justify-start\">\n<div class=\"touch:-me-2 touch:-ms-3.5 -ms-2.5 -me-1 flex items-center p-1 select-none -mt-1 focus-within:transition-none hover:transition-none duration-500 group-hover\/turn-messages:delay-300 pointer-events-none [mask-image:linear-gradient(to_right,black_33%,transparent_66%)] [mask-position:100%_0%] [mask-size:300%_100%] motion-safe:transition-[mask-position] group-hover\/turn-messages:pointer-events-auto group-hover\/turn-messages:[mask-position:0_0] group-focus-within\/turn-messages:pointer-events-auto group-focus-within\/turn-messages:[mask-position:0_0] has-data-[state=open]:pointer-events-auto has-data-[state=open]:[mask-position:0_0]\"><\/div>\n<\/div>\n<\/div>\n<\/div>\n<\/div>\n<\/div>\n<\/article>\n<article class=\"text-token-text-primary w-full\" dir=\"auto\" data-testid=\"conversation-turn-7\" data-scroll-anchor=\"false\">\n<blockquote>\n<p class=\"\" data-start=\"0\" data-end=\"71\"><strong data-start=\"0\" data-end=\"71\">PENSIONATO DENUNCIA ASSICURAZIONE FANTASMA: PM CHIEDE ARCHIVIAZIONE<\/strong><\/p>\n<\/blockquote>\n<p class=\"\" data-start=\"73\" data-end=\"577\"><strong>DOMEGGE<\/strong> Un pensionato cadorino, che percepisce 480 euro mensili e spende 400 euro per una polizza assicurativa ritenuta fasulla, ha denunciato l\u2019assicurazione fantasma. Secondo la Procura, il reato di truffa non sussiste, e per questo \u00e8 stata chiesta l\u2019archiviazione dell\u2019indagato napoletano Il pensionato aveva cercato online una buona offerta per una Opel Astra, trovandone una a Milano ad un prezzo pari quasi a una mensilit\u00e0, convinto cos\u00ec di essere coperto fino all\u2019anno successivo. Tuttavia, durante un controllo della Polizia locale, verificato il mancato possesso di una copertura assicurativa, \u00e8 stata avviata la denuncia che ha portato alle indagini in corso.<\/p>\n<\/article>\n<p>&nbsp;<\/p>\n<hr \/>\n<p>&nbsp;<\/p>\n<blockquote>\n<h3>LUCE E GAS: SPESA STABILE PER L&#8217;ENERGIA ELETTRICA, AUMENTA IL GAS<\/h3>\n<\/blockquote>\n<p><strong><a class=\"dt-pswp-item\" href=\"https:\/\/www.radiopiu.net\/wordpress\/wp-content\/uploads\/2023\/10\/ENERGIA-ELETTRICA.jpg\" data-dt-img-description=\"\" data-large_image_width=\"1280\" data-large_image_height=\"844\"><img loading=\"lazy\" decoding=\"async\" class=\" wp-image-355501 alignleft\" src=\"https:\/\/www.radiopiu.net\/wordpress\/wp-content\/uploads\/2023\/10\/ENERGIA-ELETTRICA-300x198.jpg\" alt=\"\" width=\"197\" height=\"130\" srcset=\"https:\/\/www.radiopiu.net\/wordpress\/wp-content\/uploads\/2023\/10\/ENERGIA-ELETTRICA-300x198.jpg 300w, https:\/\/www.radiopiu.net\/wordpress\/wp-content\/uploads\/2023\/10\/ENERGIA-ELETTRICA-1024x675.jpg 1024w, https:\/\/www.radiopiu.net\/wordpress\/wp-content\/uploads\/2023\/10\/ENERGIA-ELETTRICA-768x506.jpg 768w, https:\/\/www.radiopiu.net\/wordpress\/wp-content\/uploads\/2023\/10\/ENERGIA-ELETTRICA.jpg 1280w\" sizes=\"auto, (max-width: 197px) 100vw, 197px\" \/><\/a>MILANO <\/strong>Dal 30 giugno 2024 \u00e8 terminato il regime di Maggior Tutela per l\u2019energia elettrica. I clienti non passati al Mercato Libero sono stati automaticamente trasferiti al Servizio a Tutele Graduali, mentre i clienti vulnerabili sono ora serviti tramite la Tutela della vulnerabilit\u00e0, che mantiene le condizioni aggiornate da ARERA. Attualmente, 3,4 milioni di utenti vulnerabili sono ancora in Tutela e 3,7 milioni di non vulnerabili nel Servizio a Tutele Graduali. Oltre 23 milioni di utenti hanno scelto il Mercato Libero. Secondo l\u2019Osservatorio Segugio.it, nel primo trimestre 2025 si registra un calo del 5% nei consumi elettrici rispetto allo stesso periodo del 2024, ma con una spesa annua stabile. Rispetto al quarto trimestre 2024, per\u00f2, la spesa aumenta dell\u20198%. A livello regionale, si rilevano cali di spesa in Abruzzo, Lombardia e Valle d\u2019Aosta (-4%) e aumenti in Trentino (+4%) e Lazio (+8%). Il consumo cala maggiormente a Belluno (-7%). Per il gas naturale, nel primo trimestre 2025 si registra un aumento del consumo annuo del 3% e della spesa del 14%, con incrementi superiori alla media in Abruzzo, Puglia, Sicilia e Lombardia.<\/p>\n<p>&nbsp;<\/p>\n<p>&nbsp;<\/p>\n<hr \/>\n<p>&nbsp;<\/p>\n<blockquote>\n<h3>UN SUCCESSO PER IL CANALE WHATSAPP DEL COMUNE DI BELLUNO<\/h3>\n<\/blockquote>\n<p><strong><a class=\"dt-pswp-item\" href=\"https:\/\/www.radiopiu.net\/wordpress\/wp-content\/uploads\/2024\/02\/telefono.png\" data-dt-img-description=\"\" data-large_image_width=\"289\" data-large_image_height=\"251\"><img loading=\"lazy\" decoding=\"async\" class=\" wp-image-374427 alignleft\" src=\"https:\/\/www.radiopiu.net\/wordpress\/wp-content\/uploads\/2024\/02\/telefono.png\" alt=\"\" width=\"123\" height=\"107\" \/><\/a>BELLUNO<\/strong> Il Canale WhatsApp del Comune di Belluno ha superato 1.000 utenti attivi in poco pi\u00f9 di un mese dal lancio, avvenuto il 24 febbraio 2025 su iniziativa del Gruppo consiliare Belluno al Centro. Lo strumento, gratuito e rispettoso della privacy, permette di ricevere in tempo reale informazioni utili su eventi, emergenze e comunicazioni ufficiali. Il servizio, gestito con il supporto tecnico dello staff del SIRP, \u00e8 pensato per migliorare la trasparenza e la vicinanza tra amministrazione e cittadini. Il successo conferma la validit\u00e0 del progetto e rientra nell\u2019impegno dell\u2019amministrazione De Pellegrin per una comunicazione efficace. Sono previste nuove iniziative per rafforzare ulteriormente la rete informativa locale.<\/p>\n<p>&nbsp;<\/p>\n<p>&nbsp;<\/p>\n<hr \/>\n<p>&nbsp;<\/p>\n<blockquote>\n<h3>CONTRIBUTI ALLE ASSOCIAZIONI DI SANTA GIUSTINA<\/h3>\n<\/blockquote>\n<p><strong><a class=\"dt-pswp-item\" href=\"https:\/\/www.radiopiu.net\/wordpress\/wp-content\/uploads\/2018\/03\/220px-Municipio_Santa_Giustina.jpg\" data-dt-img-description=\"\" data-large_image_width=\"220\" data-large_image_height=\"165\"><img loading=\"lazy\" decoding=\"async\" class=\" wp-image-44829 alignleft\" src=\"https:\/\/www.radiopiu.net\/wordpress\/wp-content\/uploads\/2018\/03\/220px-Municipio_Santa_Giustina.jpg\" alt=\"\" width=\"163\" height=\"122\" \/><\/a>SANTA GIUSTINA<\/strong> Il Comune di Santa Giustina ha pubblicato un bando per il sostegno economico ad associazioni e realt\u00e0 no profit locali, il primo secondo il nuovo regolamento approvato a dicembre. Possono partecipare enti, associazioni e fondazioni con sede nel comune che propongano eventi d\u2019interesse pubblico nel 2025. Il budget disponibile \u00e8 di 5.000 euro e le domande vanno presentate entro il 18 aprile alle ore 12. Le richieste saranno valutate fino a un massimo di 100 punti, considerando coerenza con le finalit\u00e0 comunali, impatto sulla comunit\u00e0, sostenibilit\u00e0 economica e originalit\u00e0. Il sindaco Minella sottolinea il nuovo approccio: i contributi verranno assegnati in anticipo, per supportare meglio il volontariato locale e promuovere iniziative di crescita e socialit\u00e0.<\/p>\n<p>&nbsp;<\/p>\n<p>&nbsp;<\/p>\n<hr \/>\n<p>&nbsp;<\/p>\n<blockquote>\n<h3>VISITE TECNICHE NEL MONDO DEGLI IMPIANTI: GLI STUDENTI DEL FOLLADOR-DE ROSSI TRA TECNOLOGIA E TERRITORIO<\/h3>\n<\/blockquote>\n<p><strong>AGORDO <\/strong>Le classi 4^ e 5^ dell\u2019indirizzo Manutenzione e Assistenza Tecnica dell\u2019Istituto Follador-De Rossi di Agordo hanno visitato la sede e gli impianti di produzione della Doppelmayr a Lana (BZ), azienda leader nel settore degli impianti di risalita. Gli studenti hanno potuto osservare da vicino le linee di produzione, una sala macchine e le procedure legate al funzionamento e ai sistemi di sicurezza di un impianto in funzione. \u00c8 stata un\u2019importante occasione per approfondire un settore industriale strettamente collegato alle competenze che stanno sviluppando nel loro percorso scolastico. La Ski Area San Pellegrino \u00e8 diventata, per un giorno, aula di formazione per gli studenti della classe 1^ dello stesso indirizzo. Hanno potuto conoscere la complessit\u00e0 organizzativa e gestionale degli impianti, osservare il sistema di innevamento artificiale e scoprire le caratteristiche e il funzionamento dei gatti delle nevi. Un\u2019esperienza immersiva in un ambito lavorativo legato al territorio e coerente con l\u2019indirizzo tecnico della scuola. Durante la visita, la classe ha anche avuto la fortuna di incontrare alcune atlete della squadra nazionale di sci alpino, tra cui Sofia Goggia.<\/p>\n\n\t\t\t<style type='text\/css'>\n\t\t\t\t#gallery-2 {\n\t\t\t\t\tmargin: auto;\n\t\t\t\t}\n\t\t\t\t#gallery-2 .gallery-item {\n\t\t\t\t\tfloat: left;\n\t\t\t\t\tmargin-top: 10px;\n\t\t\t\t\ttext-align: center;\n\t\t\t\t\twidth: 50%;\n\t\t\t\t}\n\t\t\t\t#gallery-2 img {\n\t\t\t\t\tborder: 2px solid #cfcfcf;\n\t\t\t\t}\n\t\t\t\t#gallery-2 .gallery-caption {\n\t\t\t\t\tmargin-left: 0;\n\t\t\t\t}\n\t\t\t\t\/* see gallery_shortcode() in wp-includes\/media.php *\/\n\t\t\t<\/style>\n\t\t<div id='gallery-2' class='dt-gallery-container gallery galleryid-444303 gallery-columns-2 gallery-size-medium'><dl class='gallery-item'>\n\t\t\t\t<dt class='gallery-icon landscape'>\n\t\t\t\t\t<a class=\"rollover rollover-zoom dt-pswp-item\" title=\"Doppelmayr\" data-dt-img-description=\"\" data-large_image_width=\"1794\" data-large_image_height=\"1084\"href='https:\/\/www.radiopiu.net\/wordpress\/wp-content\/uploads\/2025\/04\/Doppelmayr.jpeg'><img loading=\"lazy\" decoding=\"async\" width=\"300\" height=\"181\" src=\"https:\/\/www.radiopiu.net\/wordpress\/wp-content\/uploads\/2025\/04\/Doppelmayr-300x181.jpeg\" class=\"attachment-medium size-medium\" alt=\"\" srcset=\"https:\/\/www.radiopiu.net\/wordpress\/wp-content\/uploads\/2025\/04\/Doppelmayr-300x181.jpeg 300w, https:\/\/www.radiopiu.net\/wordpress\/wp-content\/uploads\/2025\/04\/Doppelmayr-1024x619.jpeg 1024w, https:\/\/www.radiopiu.net\/wordpress\/wp-content\/uploads\/2025\/04\/Doppelmayr-768x464.jpeg 768w, https:\/\/www.radiopiu.net\/wordpress\/wp-content\/uploads\/2025\/04\/Doppelmayr-1536x928.jpeg 1536w, https:\/\/www.radiopiu.net\/wordpress\/wp-content\/uploads\/2025\/04\/Doppelmayr.jpeg 1794w\" sizes=\"auto, (max-width: 300px) 100vw, 300px\" \/><\/a>\n\t\t\t\t<\/dt><\/dl><dl class='gallery-item'>\n\t\t\t\t<dt class='gallery-icon landscape'>\n\t\t\t\t\t<a class=\"rollover rollover-zoom dt-pswp-item\" title=\"Gruppo con Goggia\" data-dt-img-description=\"\" data-large_image_width=\"2048\" data-large_image_height=\"1536\"href='https:\/\/www.radiopiu.net\/wordpress\/wp-content\/uploads\/2025\/04\/Gruppo-con-Goggia.jpeg'><img loading=\"lazy\" decoding=\"async\" width=\"300\" height=\"225\" src=\"https:\/\/www.radiopiu.net\/wordpress\/wp-content\/uploads\/2025\/04\/Gruppo-con-Goggia-300x225.jpeg\" class=\"attachment-medium size-medium\" alt=\"\" srcset=\"https:\/\/www.radiopiu.net\/wordpress\/wp-content\/uploads\/2025\/04\/Gruppo-con-Goggia-300x225.jpeg 300w, https:\/\/www.radiopiu.net\/wordpress\/wp-content\/uploads\/2025\/04\/Gruppo-con-Goggia-1024x768.jpeg 1024w, https:\/\/www.radiopiu.net\/wordpress\/wp-content\/uploads\/2025\/04\/Gruppo-con-Goggia-768x576.jpeg 768w, https:\/\/www.radiopiu.net\/wordpress\/wp-content\/uploads\/2025\/04\/Gruppo-con-Goggia-1536x1152.jpeg 1536w, https:\/\/www.radiopiu.net\/wordpress\/wp-content\/uploads\/2025\/04\/Gruppo-con-Goggia.jpeg 2048w\" sizes=\"auto, (max-width: 300px) 100vw, 300px\" \/><\/a>\n\t\t\t\t<\/dt><\/dl><br style=\"clear: both\" \/>\n\t\t\t<\/div>\n\n<p>&nbsp;<\/p>\n<hr \/>\n<p>&nbsp;<\/p>\n<blockquote>\n<h3>CACCIA PESCA E NATURA A LONGARONE FIERE, IL CONTO ALLA ROVESCIA<\/h3>\n<\/blockquote>\n<p><strong><a class=\"dt-pswp-item\" href=\"https:\/\/www.radiopiu.net\/wordpress\/wp-content\/uploads\/2023\/06\/CACCIATORE-150x150-1.jpg\" data-dt-img-description=\"\" data-large_image_width=\"150\" data-large_image_height=\"150\"><img loading=\"lazy\" decoding=\"async\" class=\" wp-image-340474 alignleft\" src=\"https:\/\/www.radiopiu.net\/wordpress\/wp-content\/uploads\/2023\/06\/CACCIATORE-150x150-1.jpg\" alt=\"\" width=\"104\" height=\"104\" \/><\/a>LONGARONE<\/strong> La 28\u00aa \u201cFesta del Cacciatore\u201d sar\u00e0 il momento clou della fiera \u201cCaccia, pesca e natura\u201d, in programma dall\u201911 al 13 aprile a Longarone Fiere Dolomiti. L\u2019evento celebra l\u2019attivit\u00e0 venatoria, alieutica e outdoor con esposizioni, stand gastronomici e focus sulla selvaggina, promuovendo una filiera controllata e sostenibile. In calendario anche convegni, come quello inaugurale sulla carne di selvaggina, e incontri dedicati alla biodiversit\u00e0 e ai progetti faunistici locali. Domenica sar\u00e0 presentato il report venatorio 2024-2025. Previsti anche test di tiro a Caralte e, per i pi\u00f9 piccoli, il concorso di disegno \u201cAdotta un corso d\u2019acqua\u201d, con 223 partecipanti e premiazioni domenica 13.<\/p>\n<p>&nbsp;<\/p>\n<p>&nbsp;<\/p>\n<hr \/>\n<p>&nbsp;<\/p>\n<blockquote>\n<h3>SECONDA EDIZIONE DEL GREEN ENERGY DAY<\/h3>\n<\/blockquote>\n<p><strong><a class=\"dt-pswp-item\" href=\"https:\/\/www.radiopiu.net\/wordpress\/wp-content\/uploads\/2025\/04\/save-the-date.jpg\" data-dt-img-description=\"\" data-large_image_width=\"2500\" data-large_image_height=\"2500\"><img loading=\"lazy\" decoding=\"async\" class=\" wp-image-444355 alignleft\" src=\"https:\/\/www.radiopiu.net\/wordpress\/wp-content\/uploads\/2025\/04\/save-the-date-300x300.jpg\" alt=\"\" width=\"159\" height=\"159\" srcset=\"https:\/\/www.radiopiu.net\/wordpress\/wp-content\/uploads\/2025\/04\/save-the-date-300x300.jpg 300w, https:\/\/www.radiopiu.net\/wordpress\/wp-content\/uploads\/2025\/04\/save-the-date-1024x1024.jpg 1024w, https:\/\/www.radiopiu.net\/wordpress\/wp-content\/uploads\/2025\/04\/save-the-date-150x150.jpg 150w, https:\/\/www.radiopiu.net\/wordpress\/wp-content\/uploads\/2025\/04\/save-the-date-768x768.jpg 768w, https:\/\/www.radiopiu.net\/wordpress\/wp-content\/uploads\/2025\/04\/save-the-date-1536x1536.jpg 1536w, https:\/\/www.radiopiu.net\/wordpress\/wp-content\/uploads\/2025\/04\/save-the-date-2048x2048.jpg 2048w\" sizes=\"auto, (max-width: 159px) 100vw, 159px\" \/><\/a>ROMA<\/strong> Sabato 12 aprile torna in Italia il Green Energy Day, la giornata nazionale dedicata alla transizione energetica, organizzata dal Coordinamento FREE in collaborazione con Legambiente e altre associazioni del settore. Giunta alla seconda edizione, l&#8217;iniziativa mira a sensibilizzare cittadini, imprese e istituzioni sull&#8217;importanza delle energie rinnovabili e dell&#8217;efficienza energetica. L&#8217;evento prevede visite guidate in impianti e strutture che utilizzano tecnologie sostenibili, distribuite lungo tutta la Penisola, dal Nord al Sud. Inoltre, \u00e8 disponibile una mappa interattiva (<a class=\"\" href=\"https:\/\/www.greenenergyday.it\/\" target=\"_new\" rel=\"noopener\" data-start=\"582\" data-end=\"612\">https:\/\/www.greenenergyday.it\/<\/a>) che segnala tutti gli eventi, in continuo aggiornamento. A Seren del Grappa in materia di teleriscaldamento si avr\u00e0 la possibilit\u00e0 di vedere nel pomeriggio dalle ore 17.00 alle ore 18.00 la caldaia a cippato.<\/p>\n<p>&nbsp;<\/p>\n<p>&nbsp;<\/p>\n<hr \/>\n<p>&nbsp;<\/p>\n<h2><span style=\"color: #ff0000;\">CONSIGLI COMUNALI IN AGORDINO<\/span><\/h2>\n<p><strong>COLLE SANTA LUCIA<\/strong> Consiglio comunale oggi alle 18. Tra gli 8 punti all&#8217;ordine del giorno, si parler\u00e0 della gestione associata di servizi con l\u2019Unione Montana Agordina. Tra queste, vi sono la centrale unica di committenza, le strutture sportive, la gestione dei beni silvo-pastorali e la pianificazione di protezione civile. Inoltre anche la convenzione tra i comuni di Livinallongo e Cortina e i rispettivi gruppi ladini.<\/p>\n<p><strong>SELVA DI CADORE<\/strong> Marted\u00ec alle 18:30, nella sala consiliare di Selva di Cadore, si terr\u00e0 un consiglio comunale con sei punti all\u2019ordine del giorno. Al centro, l\u2019approvazione di convenzioni per rafforzare la collaborazione con l\u2019Unione Montana Agordina, tra cui: gestione associata della Segreteria comunale, strutture sportive, beni silvo-pastorali, protezione civile e Centrale Unica di Committenza.<\/p>\n<p>&nbsp;<\/p>\n<p>&nbsp;<\/p>\n<hr \/>\n<p>&nbsp;<\/p>\n<blockquote>\n<p class=\"\" data-start=\"0\" data-end=\"86\"><strong data-start=\"0\" data-end=\"86\"><a class=\"dt-pswp-item\" href=\"https:\/\/www.radiopiu.net\/wordpress\/wp-content\/uploads\/2025\/04\/11apr25-VolantinoDanilo-700.jpg\" data-dt-img-description=\"\" data-large_image_width=\"1200\" data-large_image_height=\"1817\"><img loading=\"lazy\" decoding=\"async\" class=\" wp-image-444008 alignleft\" src=\"https:\/\/www.radiopiu.net\/wordpress\/wp-content\/uploads\/2025\/04\/11apr25-VolantinoDanilo-700-198x300.jpg\" alt=\"\" width=\"137\" height=\"208\" srcset=\"https:\/\/www.radiopiu.net\/wordpress\/wp-content\/uploads\/2025\/04\/11apr25-VolantinoDanilo-700-198x300.jpg 198w, https:\/\/www.radiopiu.net\/wordpress\/wp-content\/uploads\/2025\/04\/11apr25-VolantinoDanilo-700-676x1024.jpg 676w, https:\/\/www.radiopiu.net\/wordpress\/wp-content\/uploads\/2025\/04\/11apr25-VolantinoDanilo-700-768x1163.jpg 768w, https:\/\/www.radiopiu.net\/wordpress\/wp-content\/uploads\/2025\/04\/11apr25-VolantinoDanilo-700-1014x1536.jpg 1014w, https:\/\/www.radiopiu.net\/wordpress\/wp-content\/uploads\/2025\/04\/11apr25-VolantinoDanilo-700.jpg 1200w\" sizes=\"auto, (max-width: 137px) 100vw, 137px\" \/><\/a>PRESENTAZIONE LIBRO DI DANILO GIORDANO: &#8220;TESORI GELOGICI DELLE DOLOMITI BELLUNESI&#8221;<\/strong><\/p>\n<\/blockquote>\n<p class=\"\" data-start=\"88\" data-end=\"683\"><strong>SOSPIROLO<\/strong> Oggi alle 20.30, al Centro civico di Sospirolo, il geologo Danilo Giordano presenter\u00e0 il suo nuovo libro &#8220;Tesori pi\u00f9 o meno nascosti delle Dolomiti Bellunesi e dei dintorni&#8221;, esplorando le particolarit\u00e0 geologiche e paleontologiche che rendono le Dolomiti uniche. L&#8217;evento includer\u00e0 una citazione al mondo dei fossili, con il rinvenimento del coccodrillo rigurgitato, e un focus su aree come i Monti del Sole, Pizzocco-Piani Eterni e il Canale del Cordevole. Saranno proiettate immagini spettacolari e ci sar\u00e0 l&#8217;opportunit\u00e0 di dialogare con un esperto della storia geologica locale.<\/p>\n<blockquote><p>&nbsp;<\/p>\n<p>&nbsp;<\/p><\/blockquote>\n<p>&nbsp;<\/p>\n<p>&nbsp;<\/p>\n<hr \/>\n<blockquote>\n<article class=\"text-token-text-primary w-full\" dir=\"auto\" data-testid=\"conversation-turn-8\" data-scroll-anchor=\"true\">\n<div class=\"text-base my-auto mx-auto py-5 px-6\">\n<div class=\"mx-auto flex flex-1 text-base gap-4 md:gap-5 lg:gap-6 md:max-w-3xl group\/turn-messages focus-visible:outline-hidden\" tabindex=\"-1\">\n<div class=\"group\/conversation-turn relative flex w-full min-w-0 flex-col agent-turn @xs\/thread:px-0 @sm\/thread:px-1.5 @md\/thread:px-4\">\n<div class=\"relative flex-col gap-1 md:gap-3\">\n<div class=\"flex max-w-full flex-col grow\">\n<div class=\"min-h-8 text-message relative flex w-full flex-col items-end gap-2 text-start break-words whitespace-normal [.text-message+&amp;]:mt-5\" dir=\"auto\" data-message-author-role=\"assistant\" data-message-id=\"8126ae2b-0e1c-439b-8e7a-a9f337eb8ecf\" data-message-model-slug=\"gpt-4o\">\n<div class=\"flex w-full flex-col gap-1 empty:hidden first:pt-[3px]\">\n<div class=\"markdown prose dark:prose-invert w-full break-words dark\"><\/div>\n<\/div>\n<\/div>\n<\/div>\n<\/div>\n<\/div>\n<\/div>\n<\/div>\n<\/article>\n<\/blockquote>\n<p>&nbsp;<\/p>\n<blockquote>\n<h2>VAJONT, RICUCIRE CON L\u2019ACQUA: DUE ARTISTI A CONFRONTO PER NON DIMENTICARE<\/h2>\n<\/blockquote>\n<article class=\"text-token-text-primary w-full\" dir=\"auto\" data-testid=\"conversation-turn-52\" data-scroll-anchor=\"false\">\n<div class=\"text-base my-auto mx-auto py-5 [--thread-content-margin:--spacing(4)] @[37rem]:[--thread-content-margin:--spacing(6)] @[70rem]:[--thread-content-margin:--spacing(12)] px-(--thread-content-margin)\">\n<div class=\"[--thread-content-max-width:32rem] @[34rem]:[--thread-content-max-width:40rem] @[64rem]:[--thread-content-max-width:48rem] mx-auto flex max-w-(--thread-content-max-width) flex-1 text-base gap-4 md:gap-5 lg:gap-6 group\/turn-messages focus-visible:outline-hidden\" tabindex=\"-1\">\n<div class=\"group\/conversation-turn relative flex w-full min-w-0 flex-col agent-turn\">\n<div class=\"relative flex-col gap-1 md:gap-3\">\n<div class=\"flex max-w-full flex-col grow\">\n<div class=\"min-h-8 text-message relative flex w-full flex-col items-end gap-2 text-start break-words whitespace-normal [.text-message+&amp;]:mt-5\" dir=\"auto\" data-message-author-role=\"assistant\" data-message-id=\"3dfcb74f-aa9b-43ac-b98c-1697bc73d177\" data-message-model-slug=\"gpt-4o\">\n<div class=\"flex w-full flex-col gap-1 empty:hidden first:pt-[3px]\">\n<div class=\"markdown prose dark:prose-invert w-full break-words dark\">\n<p class=\"\" data-start=\"13\" data-end=\"551\"><strong><a class=\"dt-pswp-item\" href=\"https:\/\/www.radiopiu.net\/wordpress\/wp-content\/uploads\/2025\/04\/47238856-5ddf-488a-a46e-1212bd90d135.jpg\" data-dt-img-description=\"\" data-large_image_width=\"1080\" data-large_image_height=\"1533\"><img loading=\"lazy\" decoding=\"async\" class=\" wp-image-444276 alignleft\" src=\"https:\/\/www.radiopiu.net\/wordpress\/wp-content\/uploads\/2025\/04\/47238856-5ddf-488a-a46e-1212bd90d135-211x300.jpg\" alt=\"\" width=\"161\" height=\"229\" srcset=\"https:\/\/www.radiopiu.net\/wordpress\/wp-content\/uploads\/2025\/04\/47238856-5ddf-488a-a46e-1212bd90d135-211x300.jpg 211w, https:\/\/www.radiopiu.net\/wordpress\/wp-content\/uploads\/2025\/04\/47238856-5ddf-488a-a46e-1212bd90d135-721x1024.jpg 721w, https:\/\/www.radiopiu.net\/wordpress\/wp-content\/uploads\/2025\/04\/47238856-5ddf-488a-a46e-1212bd90d135-768x1090.jpg 768w, https:\/\/www.radiopiu.net\/wordpress\/wp-content\/uploads\/2025\/04\/47238856-5ddf-488a-a46e-1212bd90d135.jpg 1080w\" sizes=\"auto, (max-width: 161px) 100vw, 161px\" \/><\/a>LONGARONE<\/strong> Apre domenica 13 aprile al Centro Culturale di Longarone la mostra <em data-start=\"80\" data-end=\"144\">&#8220;Vajont \u2013 Ricucire con l&#8217;acqua. Visioni ed epoche a confronto&#8221;<\/em>, primo evento del 2025 per ricordare il 62\u00b0 anniversario della tragedia del Vajont. L\u2019esposizione mette a confronto le opere di Gino Fossali, autore di un ciclo di dipinti del 1965 dedicati alla catastrofe, e Sara Casal, artista zoldana che indaga il rapporto tra arte e memoria attraverso l\u2019acqua. La mostra \u00e8 promossa dall\u2019associazione &#8220;Vajont, il futuro della memoria&#8221; e rimarr\u00e0 aperta fino al 4 maggio.<\/p>\n<\/div>\n<\/div>\n<\/div>\n<\/div>\n<\/div>\n<\/div>\n<\/div>\n<\/div>\n<\/article>\n<p data-start=\"13\" data-end=\"551\"><strong>Sara Casal<\/strong> cresce tra Val di Zoldo e Germania. Frequenta l&#8217;Accademia di Belle Arti di Varsavia, poi torna a vivere in Italia, si dedica alla scultura ed espone sia in Italia che all&#8217;estero. Anche la poesia fa parte del suo linguaggio artistico, come pure l&#8217;incisione, la pittura e la scultura. Ha collaborato con Vico Calabr\u00f2 nell&#8217;arte dell&#8217;affresco. Ora \u00e8 scritta all&#8217;Accademia di Belle Arti di Venezia, indirizzo scultura.<\/p>\n<div class=\"articlePlainText\"><strong>Gino Fossali<\/strong> nasce a Pieve di Cadore nel 1940 e nel 1960 si trasferisce a Milano. La tragedia del Vajont lo sconvolge e lo porta a dipingere per due anni per arrivare alla esposizione di Venezia. Al centro della sua opera anche successiva c&#8217;\u00e8 sempre l&#8217;uomo, con le sue contraddizioni e le sue angosce.<\/div>\n<p>&nbsp;<\/p>\n<hr \/>\n<p>&nbsp;<\/p>\n<blockquote>\n<p class=\"\" data-start=\"0\" data-end=\"62\"><strong data-start=\"0\" data-end=\"62\"><a class=\"dt-pswp-item\" href=\"https:\/\/www.radiopiu.net\/wordpress\/wp-content\/uploads\/2025\/04\/14-Osteria-Shakespeare-4-scaled.jpg\" data-dt-img-description=\"\" data-large_image_width=\"2560\" data-large_image_height=\"1707\"><img loading=\"lazy\" decoding=\"async\" class=\"wp-image-443790 alignleft\" src=\"https:\/\/www.radiopiu.net\/wordpress\/wp-content\/uploads\/2025\/04\/14-Osteria-Shakespeare-4-300x200.jpg\" alt=\"\" width=\"159\" height=\"106\" srcset=\"https:\/\/www.radiopiu.net\/wordpress\/wp-content\/uploads\/2025\/04\/14-Osteria-Shakespeare-4-300x200.jpg 300w, https:\/\/www.radiopiu.net\/wordpress\/wp-content\/uploads\/2025\/04\/14-Osteria-Shakespeare-4-1024x683.jpg 1024w, https:\/\/www.radiopiu.net\/wordpress\/wp-content\/uploads\/2025\/04\/14-Osteria-Shakespeare-4-768x512.jpg 768w, https:\/\/www.radiopiu.net\/wordpress\/wp-content\/uploads\/2025\/04\/14-Osteria-Shakespeare-4-1536x1024.jpg 1536w, https:\/\/www.radiopiu.net\/wordpress\/wp-content\/uploads\/2025\/04\/14-Osteria-Shakespeare-4-2048x1365.jpg 2048w\" sizes=\"auto, (max-width: 159px) 100vw, 159px\" \/><\/a>LA 1A STAGIONE DI ALPAGO SI CHIUDE CON OSTERIA SHAKESPEARE<\/strong><\/p>\n<\/blockquote>\n<p class=\"\" data-start=\"64\" data-end=\"799\"><strong>ALPAGO<\/strong> Domenica alle 16.30, alla Casa della Giovent\u00f9 di Puos, si concluder\u00e0 la prima rassegna teatrale promossa dal Circolo in Comune di Alpago. Il Centro Teatrale Da Ponte di Vittorio Veneto presenter\u00e0 \u201cOsteria Shakespeare\u201d, uno spettacolo diretto da Edoardo Fainello che sfida il tempo rappresentando 7 opere di Shakespeare in meno di 70 minuti, con il coinvolgimento del pubblico.\u00a0 Il biglietto costa 18 euro e la prenotazione \u00e8 disponibile online.<\/p>\n<p>&nbsp;<\/p>\n<hr \/>\n<p>&nbsp;<\/p>\n<blockquote>\n<h3 data-start=\"0\" data-end=\"48\"><strong data-start=\"0\" data-end=\"48\"><a class=\"dt-pswp-item\" href=\"https:\/\/www.radiopiu.net\/wordpress\/wp-content\/uploads\/2025\/04\/Immagine-2025-04-07-103532.jpg\" data-dt-img-description=\"\" data-large_image_width=\"516\" data-large_image_height=\"231\"><img loading=\"lazy\" decoding=\"async\" class=\" wp-image-443755 alignleft\" src=\"https:\/\/www.radiopiu.net\/wordpress\/wp-content\/uploads\/2025\/04\/Immagine-2025-04-07-103532-300x134.jpg\" alt=\"\" width=\"249\" height=\"111\" srcset=\"https:\/\/www.radiopiu.net\/wordpress\/wp-content\/uploads\/2025\/04\/Immagine-2025-04-07-103532-300x134.jpg 300w, https:\/\/www.radiopiu.net\/wordpress\/wp-content\/uploads\/2025\/04\/Immagine-2025-04-07-103532.jpg 516w\" sizes=\"auto, (max-width: 249px) 100vw, 249px\" \/><\/a>LE PR\u00c9NOM CHIUDE LA 48A STAGIONE DEL CIRCOLO<\/strong><\/h3>\n<\/blockquote>\n<p class=\"\" data-start=\"50\" data-end=\"478\"><strong>BELLUNO<\/strong> Domani alle 20:45, il Teatro Dino Buzzati di Belluno ospiter\u00e0 l\u2019ultima rappresentazione della brillante commedia francese <em data-start=\"207\" data-end=\"218\">Le Pr\u00e9nom<\/em>, che saluta la 48a stagione di Prosa del Circolo Cultura e Stampa Bellunese. La versione italiana, adattata da Fausto Paravidino, vede sul palco Lisa Galantini, Alberto Giusta, Davide Lorino, Elisabetta Mazzullo e Aldo Ottobrino, diretti da Antonio Zavatteri.<\/p>\n<p>&nbsp;<\/p>\n<p>&nbsp;<\/p>\n<hr \/>\n<p>&nbsp;<\/p>\n<blockquote>\n<h3 class=\"\" data-start=\"0\" data-end=\"70\"><strong data-start=\"4\" data-end=\"68\">ASSEMBLEA ORDINARIA DELL\u2019UNIONE ITALIANA CIECHI E IPOVEDENTI<\/strong><\/h3>\n<\/blockquote>\n<p class=\"\" data-start=\"72\" data-end=\"368\"><strong>BELLUNO<\/strong> Domenica 13 aprile 2025, alle\u00a0 9 nella Sala Muccin del Centro Congressi Giovanni XXIII di Belluno, si terr\u00e0 l\u2019Assemblea ordinaria dell\u2019Unione Italiana dei Ciechi e degli Ipovedenti. Durante l\u2019incontro si eleggeranno il nuovo Consiglio Direttivo e i rappresentanti regionali e nazionali.<\/p>\n<p>&nbsp;<\/p>\n<hr \/>\n<p>&nbsp;<\/p>\n<blockquote>\n<article class=\"w-full text-token-text-primary\" dir=\"auto\" data-testid=\"conversation-turn-4\" data-scroll-anchor=\"true\">\n<div class=\"text-base my-auto mx-auto py-5 px-6\">\n<div class=\"mx-auto flex flex-1 text-base gap-4 md:gap-5 lg:gap-6 md:max-w-3xl group\/turn-messages focus-visible:outline-none\" tabindex=\"-1\">\n<div class=\"group\/conversation-turn relative flex w-full min-w-0 flex-col agent-turn @xs\/thread:px-0 @sm\/thread:px-1.5 @md\/thread:px-4\">\n<div class=\"relative flex-col gap-1 md:gap-3\">\n<div class=\"flex max-w-full flex-col flex-grow\">\n<div class=\"min-h-8 text-message relative flex w-full flex-col items-end gap-2 whitespace-normal break-words text-start [.text-message+&amp;]:mt-5\" dir=\"auto\" data-message-author-role=\"assistant\" data-message-id=\"c95c95c6-a1ac-4866-a6e0-43ed1c022444\" data-message-model-slug=\"gpt-4o\">\n<div class=\"flex w-full flex-col gap-1 empty:hidden first:pt-[3px]\">\n<div class=\"markdown prose w-full break-words dark:prose-invert dark\">\n<p data-pm-slice=\"1 1 []\"><strong>Dal disegno al colore: a Canale d\u2019Agordo la personale di Lucio Groja<\/strong><\/p>\n<\/div>\n<\/div>\n<\/div>\n<\/div>\n<\/div>\n<\/div>\n<\/div>\n<\/div>\n<\/article>\n<\/blockquote>\n<article class=\"w-full text-token-text-primary\" dir=\"auto\" data-testid=\"conversation-turn-4\" data-scroll-anchor=\"true\">\n<div class=\"text-base my-auto mx-auto py-5 px-6\">\n<div class=\"mx-auto flex flex-1 text-base gap-4 md:gap-5 lg:gap-6 md:max-w-3xl group\/turn-messages focus-visible:outline-none\" tabindex=\"-1\">\n<div class=\"group\/conversation-turn relative flex w-full min-w-0 flex-col agent-turn @xs\/thread:px-0 @sm\/thread:px-1.5 @md\/thread:px-4\">\n<div class=\"absolute\">\n<p class=\"flex items-center justify-center\"><strong>CANALE D&#8217;AGORDO<\/strong> Dal 12 al 27 aprile 2025, la Sala consiliare del municipio di Canale d&#8217;Agordo ospiter\u00e0 la mostra &#8220;Dal disegno al colore&#8221;, personale di pittura dell&#8217;artista Lucio Groja.\u00a0 L\u2019inaugurazione \u00e8 prevista per sabato 12 aprile alle 17.30.\u00a0 L\u2019evento si inserisce nel panorama culturale locale come occasione di incontro con l\u2019arte contemporanea.<\/p>\n<p>&nbsp;<\/p>\n<p>&nbsp;<\/p>\n<hr \/>\n<p>&nbsp;<\/p>\n<blockquote>\n<h3>IL GIOCO DELLE COSTELLAZIONI SABATO A FELTRE<\/h3>\n<\/blockquote>\n<p><strong>FELTRE<\/strong> Domani alle 21, Gabriele Vanin guider\u00e0 \u201cIl gioco delle costellazioni\u201d, una serata interattiva per bambini con modelli viventi per spiegare Sole, Luna, Terra, pianeti e stelle. Se il cielo sar\u00e0 sereno, si osserver\u00e0 la Luna piena e altre meraviglie celesti, tra cui stelle colorate, sistemi stellari multipli e la Stazione Spaziale Cinese Tiangong. Ingresso 5 euro, gratuito per soci e bambini sotto gli 11 anni. Una sorpresa speciale \u00e8 riservata ai partecipanti.<\/p>\n<p>&nbsp;<\/p>\n<p>&nbsp;<\/p>\n<hr \/>\n<p>&nbsp;<\/p>\n<blockquote>\n<h3>TORNA LA FESTA DE L&#8217;OM SALVARECH A LA VALLE<\/h3>\n<\/blockquote>\n<p><strong>LA VALLE AGORDINA<\/strong> La Festa de l\u2019Om Salv\u00e0rech 2025 si terr\u00e0 il 25 e 26 aprile a La Valle Agordina. Venerd\u00ec 25 si apre con il mercatino artigianale e la corsa non competitiva &#8220;Su e do per i coi&#8221;. Segue l\u2019apertura dello stand gastronomico e la preparazione del pupazzo dell\u2019Om Salv\u00e0rech. Nel pomeriggio: mostra dei bambini, balli popolari, sfilata, aperitivo e cena tipica. La serata continua con la lettura del testamento, il fal\u00f2 e musica dal vivo. Sabato 26: aperitivo musicale alle 17:00, cena con piatti tradizionali dalle 19:00, serata danzante con la Spritz Band e chiusura a mezzanotte con Disco-Tek. Due giorni di folklore, tradizione e divertimento per tutte le et\u00e0.<\/p>\n\n\t\t\t<style type='text\/css'>\n\t\t\t\t#gallery-3 {\n\t\t\t\t\tmargin: auto;\n\t\t\t\t}\n\t\t\t\t#gallery-3 .gallery-item {\n\t\t\t\t\tfloat: left;\n\t\t\t\t\tmargin-top: 10px;\n\t\t\t\t\ttext-align: center;\n\t\t\t\t\twidth: 33%;\n\t\t\t\t}\n\t\t\t\t#gallery-3 img {\n\t\t\t\t\tborder: 2px solid #cfcfcf;\n\t\t\t\t}\n\t\t\t\t#gallery-3 .gallery-caption {\n\t\t\t\t\tmargin-left: 0;\n\t\t\t\t}\n\t\t\t\t\/* see gallery_shortcode() in wp-includes\/media.php *\/\n\t\t\t<\/style>\n\t\t<div id='gallery-3' class='dt-gallery-container gallery galleryid-444303 gallery-columns-3 gallery-size-medium'><dl class='gallery-item'>\n\t\t\t\t<dt class='gallery-icon portrait'>\n\t\t\t\t\t<a class=\"rollover rollover-zoom dt-pswp-item\" title=\"f3e65057-0581-465d-ba75-4eef70aca537\" data-dt-img-description=\"\" data-large_image_width=\"480\" data-large_image_height=\"600\"href='https:\/\/www.radiopiu.net\/wordpress\/wp-content\/uploads\/2025\/04\/f3e65057-0581-465d-ba75-4eef70aca537.jpg'><img loading=\"lazy\" decoding=\"async\" width=\"240\" height=\"300\" src=\"https:\/\/www.radiopiu.net\/wordpress\/wp-content\/uploads\/2025\/04\/f3e65057-0581-465d-ba75-4eef70aca537-240x300.jpg\" class=\"attachment-medium size-medium\" alt=\"\" srcset=\"https:\/\/www.radiopiu.net\/wordpress\/wp-content\/uploads\/2025\/04\/f3e65057-0581-465d-ba75-4eef70aca537-240x300.jpg 240w, https:\/\/www.radiopiu.net\/wordpress\/wp-content\/uploads\/2025\/04\/f3e65057-0581-465d-ba75-4eef70aca537.jpg 480w\" sizes=\"auto, (max-width: 240px) 100vw, 240px\" \/><\/a>\n\t\t\t\t<\/dt><\/dl><dl class='gallery-item'>\n\t\t\t\t<dt class='gallery-icon portrait'>\n\t\t\t\t\t<a class=\"rollover rollover-zoom dt-pswp-item\" title=\"14979f5d-ac72-4e65-9053-60a5906e7025\" data-dt-img-description=\"\" data-large_image_width=\"480\" data-large_image_height=\"600\"href='https:\/\/www.radiopiu.net\/wordpress\/wp-content\/uploads\/2025\/04\/14979f5d-ac72-4e65-9053-60a5906e7025.jpg'><img loading=\"lazy\" decoding=\"async\" width=\"240\" height=\"300\" src=\"https:\/\/www.radiopiu.net\/wordpress\/wp-content\/uploads\/2025\/04\/14979f5d-ac72-4e65-9053-60a5906e7025-240x300.jpg\" class=\"attachment-medium size-medium\" alt=\"\" srcset=\"https:\/\/www.radiopiu.net\/wordpress\/wp-content\/uploads\/2025\/04\/14979f5d-ac72-4e65-9053-60a5906e7025-240x300.jpg 240w, https:\/\/www.radiopiu.net\/wordpress\/wp-content\/uploads\/2025\/04\/14979f5d-ac72-4e65-9053-60a5906e7025.jpg 480w\" sizes=\"auto, (max-width: 240px) 100vw, 240px\" \/><\/a>\n\t\t\t\t<\/dt><\/dl><dl class='gallery-item'>\n\t\t\t\t<dt class='gallery-icon portrait'>\n\t\t\t\t\t<a class=\"rollover rollover-zoom dt-pswp-item\" title=\"e96a9d1e-5eb1-4bcd-bfdc-de52bcf09b95\" data-dt-img-description=\"\" data-large_image_width=\"480\" data-large_image_height=\"600\"href='https:\/\/www.radiopiu.net\/wordpress\/wp-content\/uploads\/2025\/04\/e96a9d1e-5eb1-4bcd-bfdc-de52bcf09b95.jpg'><img loading=\"lazy\" decoding=\"async\" width=\"240\" height=\"300\" src=\"https:\/\/www.radiopiu.net\/wordpress\/wp-content\/uploads\/2025\/04\/e96a9d1e-5eb1-4bcd-bfdc-de52bcf09b95-240x300.jpg\" class=\"attachment-medium size-medium\" alt=\"\" srcset=\"https:\/\/www.radiopiu.net\/wordpress\/wp-content\/uploads\/2025\/04\/e96a9d1e-5eb1-4bcd-bfdc-de52bcf09b95-240x300.jpg 240w, https:\/\/www.radiopiu.net\/wordpress\/wp-content\/uploads\/2025\/04\/e96a9d1e-5eb1-4bcd-bfdc-de52bcf09b95.jpg 480w\" sizes=\"auto, (max-width: 240px) 100vw, 240px\" \/><\/a>\n\t\t\t\t<\/dt><\/dl><br style=\"clear: both\" \/>\n\t\t\t<\/div>\n\n<p>&nbsp;<\/p>\n<hr \/>\n<p>&nbsp;<\/p>\n<\/div>\n<\/div>\n<\/div>\n<\/div>\n<\/article>\n<h1><span style=\"color: #ff6600;\">IERI ALLA RADIO<\/span><\/h1>\n<h2><span style=\"color: #ff00ff;\">SEI IN RADIO&#8230; SE di MARINA DONA&#8217;<\/span><\/h2>\n<p><strong>PUNTATA 03\u00a0 \u00a0 \u00a0 \u00a0 \u00a0 \u00a0 \u00a0 \u00a0 \u00a0AUDIO<\/strong><\/p>\n<p><span style=\"color: #ff0000;\"><strong>\u00a0 \u00a0 \u00a0 \u00a0 \u00a0 \u00a0 \u00a0 \u00a0 \u00a0 \u00a0 \u00a0 \u00a0 \u00a0 \u00a0 \u00a0 \u00a0 \u00a0 \u00a0DA&#8230;\u00a0 \u00a0 \u00a0 \u00a0 \u00a0 \u00a0 \u00a0ALBERGO RONDINELLA<\/strong><\/span><\/p>\n<audio class=\"wp-audio-shortcode\" id=\"audio-444303-9\" preload=\"none\" style=\"width: 100%;\" controls=\"controls\"><source type=\"audio\/mpeg\" src=\"https:\/\/www.radiopiu.net\/wordpress\/wp-content\/uploads\/2025\/03\/SEI-IN-RADIO-SEE-3.mp3?_=9\" \/><a href=\"https:\/\/www.radiopiu.net\/wordpress\/wp-content\/uploads\/2025\/03\/SEI-IN-RADIO-SEE-3.mp3\">https:\/\/www.radiopiu.net\/wordpress\/wp-content\/uploads\/2025\/03\/SEI-IN-RADIO-SEE-3.mp3<\/a><\/audio>\n<p>&nbsp;<\/p>\n\n\t\t\t<style type='text\/css'>\n\t\t\t\t#gallery-4 {\n\t\t\t\t\tmargin: auto;\n\t\t\t\t}\n\t\t\t\t#gallery-4 .gallery-item {\n\t\t\t\t\tfloat: left;\n\t\t\t\t\tmargin-top: 10px;\n\t\t\t\t\ttext-align: center;\n\t\t\t\t\twidth: 50%;\n\t\t\t\t}\n\t\t\t\t#gallery-4 img {\n\t\t\t\t\tborder: 2px solid #cfcfcf;\n\t\t\t\t}\n\t\t\t\t#gallery-4 .gallery-caption {\n\t\t\t\t\tmargin-left: 0;\n\t\t\t\t}\n\t\t\t\t\/* see gallery_shortcode() in wp-includes\/media.php *\/\n\t\t\t<\/style>\n\t\t<div id='gallery-4' class='dt-gallery-container gallery galleryid-444303 gallery-columns-2 gallery-size-thumbnail'><dl class='gallery-item'>\n\t\t\t\t<dt class='gallery-icon landscape'>\n\t\t\t\t\t<a class=\"rollover\" href='https:\/\/www.radiopiu.net\/wordpress\/sei-in-radio-se-23-apri\/a-35\/'><img loading=\"lazy\" decoding=\"async\" width=\"150\" height=\"150\" src=\"https:\/\/www.radiopiu.net\/wordpress\/wp-content\/uploads\/2025\/03\/A-150x150.jpg\" class=\"attachment-thumbnail size-thumbnail\" alt=\"\" \/><\/a>\n\t\t\t\t<\/dt><\/dl><dl class='gallery-item'>\n\t\t\t\t<dt class='gallery-icon landscape'>\n\t\t\t\t\t<a class=\"rollover\" href='https:\/\/www.radiopiu.net\/wordpress\/sei-in-radio-se-23-apri\/immagine-2025-04-10-101854\/'><img loading=\"lazy\" decoding=\"async\" width=\"150\" height=\"150\" src=\"https:\/\/www.radiopiu.net\/wordpress\/wp-content\/uploads\/2025\/03\/Immagine-2025-04-10-101854-150x150.jpg\" class=\"attachment-thumbnail size-thumbnail\" alt=\"\" \/><\/a>\n\t\t\t\t<\/dt><\/dl><br style=\"clear: both\" \/>\n\t\t\t<\/div>\n\n<p>&nbsp;<\/p>\n<p><strong>LA RACCOLTA COMPLETA <a href=\"https:\/\/www.radiopiu.net\/wordpress\/sei-in-radio-se-a\/\"><span style=\"color: #3366ff;\">CLICCA QUI<\/span><\/a><\/strong><\/p>\n<p>&nbsp;<\/p>\n<hr \/>\n<p>&nbsp;<\/p>\n<h2><span style=\"color: #ff0000;\">SPECIALE SPI CGIL<\/span><\/h2>\n<p><strong><a class=\"dt-pswp-item\" href=\"https:\/\/www.radiopiu.net\/wordpress\/wp-content\/uploads\/2019\/02\/Logo_Spi-CGIL-800x445.jpg\" data-dt-img-description=\"\" data-large_image_width=\"800\" data-large_image_height=\"445\"><img loading=\"lazy\" decoding=\"async\" class=\" wp-image-75538 alignleft\" src=\"https:\/\/www.radiopiu.net\/wordpress\/wp-content\/uploads\/2019\/02\/Logo_Spi-CGIL-800x445-300x167.jpg\" alt=\"\" width=\"207\" height=\"115\" srcset=\"https:\/\/www.radiopiu.net\/wordpress\/wp-content\/uploads\/2019\/02\/Logo_Spi-CGIL-800x445-300x167.jpg 300w, https:\/\/www.radiopiu.net\/wordpress\/wp-content\/uploads\/2019\/02\/Logo_Spi-CGIL-800x445-768x427.jpg 768w, https:\/\/www.radiopiu.net\/wordpress\/wp-content\/uploads\/2019\/02\/Logo_Spi-CGIL-800x445.jpg 800w\" sizes=\"auto, (max-width: 207px) 100vw, 207px\" \/><\/a>DI MIRKO MEZZACASA<\/strong><\/p>\n<p>OSPITE: Maria Rita Gentilin, Spi CGIL<\/p>\n<audio class=\"wp-audio-shortcode\" id=\"audio-444303-10\" preload=\"none\" style=\"width: 100%;\" controls=\"controls\"><source type=\"audio\/mpeg\" src=\"https:\/\/www.radiopiu.net\/wordpress\/wp-content\/uploads\/2025\/04\/maria-rita-gentilin-aprile-2025.mp3?_=10\" \/><a href=\"https:\/\/www.radiopiu.net\/wordpress\/wp-content\/uploads\/2025\/04\/maria-rita-gentilin-aprile-2025.mp3\">https:\/\/www.radiopiu.net\/wordpress\/wp-content\/uploads\/2025\/04\/maria-rita-gentilin-aprile-2025.mp3<\/a><\/audio>\n<p>&nbsp;<\/p>\n<hr \/>\n<p>&nbsp;<\/p>\n<h2><span style=\"color: #ffcc00;\">ARCADE SHOW..ELIA ALLA RADIO<\/span><\/h2>\n<p align=\"JUSTIFY\"><a class=\"dt-pswp-item\" href=\"https:\/\/www.radiopiu.net\/wordpress\/wp-content\/uploads\/2025\/02\/LOGO-ELIA.png\" data-dt-img-description=\"\" data-large_image_width=\"851\" data-large_image_height=\"774\"><img loading=\"lazy\" decoding=\"async\" class=\"size-medium wp-image-436960 aligncenter\" src=\"https:\/\/www.radiopiu.net\/wordpress\/wp-content\/uploads\/2025\/02\/LOGO-ELIA-300x273.png\" alt=\"\" width=\"300\" height=\"273\" srcset=\"https:\/\/www.radiopiu.net\/wordpress\/wp-content\/uploads\/2025\/02\/LOGO-ELIA-300x273.png 300w, https:\/\/www.radiopiu.net\/wordpress\/wp-content\/uploads\/2025\/02\/LOGO-ELIA-768x699.png 768w, https:\/\/www.radiopiu.net\/wordpress\/wp-content\/uploads\/2025\/02\/LOGO-ELIA.png 851w\" sizes=\"auto, (max-width: 300px) 100vw, 300px\" \/><\/a><\/p>\n<p align=\"JUSTIFY\">Arcade show, Entra nella sala giochi ufficiale di RadioPi\u00f9! Inserisci la moneta e gioca insieme a noi! Attualit\u00e0, cinema, sport, social, spensieratezza e soprattutto musica! Il primo show like a game radiofonico in italia, condotto da Elia.<\/p>\n<p align=\"JUSTIFY\"><strong>PUNTATA 06\/1<\/strong><\/p>\n<audio class=\"wp-audio-shortcode\" id=\"audio-444303-11\" preload=\"none\" style=\"width: 100%;\" controls=\"controls\"><source type=\"audio\/mpeg\" src=\"https:\/\/www.radiopiu.net\/wordpress\/wp-content\/uploads\/2025\/04\/ELIA1.mp3?_=11\" \/><a href=\"https:\/\/www.radiopiu.net\/wordpress\/wp-content\/uploads\/2025\/04\/ELIA1.mp3\">https:\/\/www.radiopiu.net\/wordpress\/wp-content\/uploads\/2025\/04\/ELIA1.mp3<\/a><\/audio>\n<p>&nbsp;<\/p>\n<p align=\"JUSTIFY\"><strong>PUNTATA 06\/2<\/strong><\/p>\n<audio class=\"wp-audio-shortcode\" id=\"audio-444303-12\" preload=\"none\" style=\"width: 100%;\" controls=\"controls\"><source type=\"audio\/mpeg\" src=\"https:\/\/www.radiopiu.net\/wordpress\/wp-content\/uploads\/2025\/04\/ELIA2.mp3?_=12\" \/><a href=\"https:\/\/www.radiopiu.net\/wordpress\/wp-content\/uploads\/2025\/04\/ELIA2.mp3\">https:\/\/www.radiopiu.net\/wordpress\/wp-content\/uploads\/2025\/04\/ELIA2.mp3<\/a><\/audio>\n<p>&nbsp;<\/p>\n<p align=\"JUSTIFY\"><strong>PUNTATA 06\/3<\/strong><\/p>\n<audio class=\"wp-audio-shortcode\" id=\"audio-444303-13\" preload=\"none\" style=\"width: 100%;\" controls=\"controls\"><source type=\"audio\/mpeg\" src=\"https:\/\/www.radiopiu.net\/wordpress\/wp-content\/uploads\/2025\/04\/ELIA3.mp3?_=13\" \/><a href=\"https:\/\/www.radiopiu.net\/wordpress\/wp-content\/uploads\/2025\/04\/ELIA3.mp3\">https:\/\/www.radiopiu.net\/wordpress\/wp-content\/uploads\/2025\/04\/ELIA3.mp3<\/a><\/audio>\n<p>&nbsp;<\/p>\n<p><strong>LA RACCOLTA COMPLETA <a href=\"https:\/\/www.radiopiu.net\/wordpress\/arcade-show-elia-alla-radio\/\"><span style=\"color: #3366ff;\">CLICCA QUI<\/span><\/a><\/strong><\/p>\n<p>&nbsp;<\/p>\n<hr \/>\n<p>&nbsp;<\/p>\n<h2><span style=\"color: #00ccff;\">TIME FOR ME&#8230;CON GIANNIANTONIO CASSISI &#8211; SECONDA PARTE<\/span><\/h2>\n<p><strong><a class=\"dt-pswp-item\" href=\"https:\/\/www.radiopiu.net\/wordpress\/wp-content\/uploads\/2025\/04\/gianniantonio-cassisi.jpg\" data-dt-img-description=\"\" data-large_image_width=\"2280\" data-large_image_height=\"1626\"><img loading=\"lazy\" decoding=\"async\" class=\" wp-image-444051 alignleft\" src=\"https:\/\/www.radiopiu.net\/wordpress\/wp-content\/uploads\/2025\/04\/gianniantonio-cassisi-300x214.jpg\" alt=\"\" width=\"200\" height=\"143\" srcset=\"https:\/\/www.radiopiu.net\/wordpress\/wp-content\/uploads\/2025\/04\/gianniantonio-cassisi-300x214.jpg 300w, https:\/\/www.radiopiu.net\/wordpress\/wp-content\/uploads\/2025\/04\/gianniantonio-cassisi-1024x730.jpg 1024w, https:\/\/www.radiopiu.net\/wordpress\/wp-content\/uploads\/2025\/04\/gianniantonio-cassisi-768x548.jpg 768w, https:\/\/www.radiopiu.net\/wordpress\/wp-content\/uploads\/2025\/04\/gianniantonio-cassisi-1536x1095.jpg 1536w, https:\/\/www.radiopiu.net\/wordpress\/wp-content\/uploads\/2025\/04\/gianniantonio-cassisi-2048x1461.jpg 2048w\" sizes=\"auto, (max-width: 200px) 100vw, 200px\" \/><\/a>DI MARINA DONA&#8217;<\/strong><\/p>\n<p>CON GIANNIANTONIO CASSISI<\/p>\n<p><span style=\"color: #0000ff;\"><strong>PRIMA PARTE<\/strong><\/span><\/p>\n<audio class=\"wp-audio-shortcode\" id=\"audio-444303-14\" preload=\"none\" style=\"width: 100%;\" controls=\"controls\"><source type=\"audio\/mpeg\" src=\"https:\/\/www.radiopiu.net\/wordpress\/wp-content\/uploads\/2025\/04\/TIME1-1.mp3?_=14\" \/><a href=\"https:\/\/www.radiopiu.net\/wordpress\/wp-content\/uploads\/2025\/04\/TIME1-1.mp3\">https:\/\/www.radiopiu.net\/wordpress\/wp-content\/uploads\/2025\/04\/TIME1-1.mp3<\/a><\/audio>\n<p><span style=\"color: #0000ff;\"><strong>\u00a0<\/strong><\/span><\/p>\n<p><span style=\"color: #0000ff;\"><strong>SECONDA PARTE<\/strong><\/span><\/p>\n<audio class=\"wp-audio-shortcode\" id=\"audio-444303-15\" preload=\"none\" style=\"width: 100%;\" controls=\"controls\"><source type=\"audio\/mpeg\" src=\"https:\/\/www.radiopiu.net\/wordpress\/wp-content\/uploads\/2025\/04\/TIME2-1.mp3?_=15\" \/><a href=\"https:\/\/www.radiopiu.net\/wordpress\/wp-content\/uploads\/2025\/04\/TIME2-1.mp3\">https:\/\/www.radiopiu.net\/wordpress\/wp-content\/uploads\/2025\/04\/TIME2-1.mp3<\/a><\/audio>\n<p><span style=\"color: #0000ff;\"><strong>\u00a0<\/strong><\/span><\/p>\n<p><span style=\"color: #0000ff;\"><strong>TERZA PARTE<\/strong><\/span><\/p>\n<audio class=\"wp-audio-shortcode\" id=\"audio-444303-16\" preload=\"none\" style=\"width: 100%;\" controls=\"controls\"><source type=\"audio\/mpeg\" src=\"https:\/\/www.radiopiu.net\/wordpress\/wp-content\/uploads\/2025\/04\/TIME3-1.mp3?_=16\" \/><a href=\"https:\/\/www.radiopiu.net\/wordpress\/wp-content\/uploads\/2025\/04\/TIME3-1.mp3\">https:\/\/www.radiopiu.net\/wordpress\/wp-content\/uploads\/2025\/04\/TIME3-1.mp3<\/a><\/audio>\n<p><span style=\"color: #0000ff;\"><strong>\u00a0<\/strong><\/span><\/p>\n<p><strong>PER ASCOLTARE LA PRIMA PARTE <a href=\"https:\/\/www.radiopiu.net\/wordpress\/time-for-me-con-gianniantonio-cassisi\/\"><span style=\"color: #0000ff;\">CLICCA QUI<\/span><\/a><\/strong><\/p>\n<p>&nbsp;<\/p>\n<hr \/>\n<p>&nbsp;<\/p>\n<h2><span style=\"color: #ff0000;\"><a class=\"dt-pswp-item\" href=\"https:\/\/www.radiopiu.net\/wordpress\/wp-content\/uploads\/2018\/09\/appuntamenti.jpeg\" data-dt-img-description=\"\" data-large_image_width=\"800\" data-large_image_height=\"100\"><img loading=\"lazy\" decoding=\"async\" class=\"wp-image-61958 size-full aligncenter\" src=\"https:\/\/www.radiopiu.net\/wordpress\/wp-content\/uploads\/2018\/09\/appuntamenti.jpeg\" alt=\"\" width=\"800\" height=\"100\" srcset=\"https:\/\/www.radiopiu.net\/wordpress\/wp-content\/uploads\/2018\/09\/appuntamenti.jpeg 800w, https:\/\/www.radiopiu.net\/wordpress\/wp-content\/uploads\/2018\/09\/appuntamenti-300x38.jpeg 300w, https:\/\/www.radiopiu.net\/wordpress\/wp-content\/uploads\/2018\/09\/appuntamenti-768x96.jpeg 768w\" sizes=\"auto, (max-width: 800px) 100vw, 800px\" \/><\/a><\/span><\/h2>\n<p>&nbsp;<\/p>\n<div>\n<div class=\"\" dir=\"auto\">\n<div id=\":r9h:\" class=\"x1iorvi4 x1pi30zi x1l90r2v x1swvt13\" data-ad-comet-preview=\"message\" data-ad-preview=\"message\">\n<div class=\"\" dir=\"auto\">\n<div id=\":r9h:\" class=\"x1iorvi4 x1pi30zi x1l90r2v x1swvt13\" data-ad-comet-preview=\"message\" data-ad-preview=\"message\">\n<div class=\"\" dir=\"auto\">\n<div id=\":r9h:\" class=\"x1iorvi4 x1pi30zi x1l90r2v x1swvt13\" data-ad-comet-preview=\"message\" data-ad-preview=\"message\">\n<div class=\"\" dir=\"auto\">\n<div id=\":r9h:\" class=\"x1iorvi4 x1pi30zi x1l90r2v x1swvt13\" data-ad-comet-preview=\"message\" data-ad-preview=\"message\">\n<div>\n<div class=\"\" dir=\"auto\">\n<div id=\":r9h:\" class=\"x1iorvi4 x1pi30zi x1l90r2v x1swvt13\" data-ad-comet-preview=\"message\" data-ad-preview=\"message\">\n<div>\n<div class=\"\" dir=\"auto\">\n<div id=\":r9h:\" class=\"x1iorvi4 x1pi30zi x1l90r2v x1swvt13\" data-ad-comet-preview=\"message\" data-ad-preview=\"message\">\n<div class=\"xdj266r x11i5rnm xat24cr x1mh8g0r x1vvkbs x126k92a\">\n<div dir=\"auto\"><\/div>\n<\/div>\n<div>\n<div class=\"\" dir=\"auto\">\n<div id=\":r9h:\" class=\"x1iorvi4 x1pi30zi x1l90r2v x1swvt13\" data-ad-comet-preview=\"message\" data-ad-preview=\"message\">\n<div>\n<div class=\"\" dir=\"auto\">\n<div id=\":r9h:\" class=\"x1iorvi4 x1pi30zi x1l90r2v x1swvt13\" data-ad-comet-preview=\"message\" data-ad-preview=\"message\">\n\n\t\t\t<style type='text\/css'>\n\t\t\t\t#gallery-5 {\n\t\t\t\t\tmargin: auto;\n\t\t\t\t}\n\t\t\t\t#gallery-5 .gallery-item {\n\t\t\t\t\tfloat: left;\n\t\t\t\t\tmargin-top: 10px;\n\t\t\t\t\ttext-align: center;\n\t\t\t\t\twidth: 25%;\n\t\t\t\t}\n\t\t\t\t#gallery-5 img {\n\t\t\t\t\tborder: 2px solid #cfcfcf;\n\t\t\t\t}\n\t\t\t\t#gallery-5 .gallery-caption {\n\t\t\t\t\tmargin-left: 0;\n\t\t\t\t}\n\t\t\t\t\/* see gallery_shortcode() in wp-includes\/media.php *\/\n\t\t\t<\/style>\n\t\t<div id='gallery-5' class='dt-gallery-container gallery galleryid-444303 gallery-columns-4 gallery-size-thumbnail'><dl class='gallery-item'>\n\t\t\t\t<dt class='gallery-icon portrait'>\n\t\t\t\t\t<a class=\"rollover rollover-zoom dt-pswp-item\" title=\"Senza nome\" data-dt-img-description=\"\" data-large_image_width=\"569\" data-large_image_height=\"801\"href='https:\/\/www.radiopiu.net\/wordpress\/wp-content\/uploads\/2025\/02\/Senza-nome-23.png'><img loading=\"lazy\" decoding=\"async\" width=\"150\" height=\"150\" src=\"https:\/\/www.radiopiu.net\/wordpress\/wp-content\/uploads\/2025\/02\/Senza-nome-23-150x150.png\" class=\"attachment-thumbnail size-thumbnail\" alt=\"\" \/><\/a>\n\t\t\t\t<\/dt><\/dl><dl class='gallery-item'>\n\t\t\t\t<dt class='gallery-icon portrait'>\n\t\t\t\t\t<a class=\"rollover rollover-zoom dt-pswp-item\" title=\"Aprile\" data-dt-img-description=\"\" data-large_image_width=\"841\" data-large_image_height=\"1190\"href='https:\/\/www.radiopiu.net\/wordpress\/wp-content\/uploads\/2025\/03\/Aprile.jpg'><img loading=\"lazy\" decoding=\"async\" width=\"150\" height=\"150\" src=\"https:\/\/www.radiopiu.net\/wordpress\/wp-content\/uploads\/2025\/03\/Aprile-150x150.jpg\" class=\"attachment-thumbnail size-thumbnail\" alt=\"\" \/><\/a>\n\t\t\t\t<\/dt><\/dl><dl class='gallery-item'>\n\t\t\t\t<dt class='gallery-icon portrait'>\n\t\t\t\t\t<a class=\"rollover rollover-zoom dt-pswp-item\" title=\"Locandina posturale primavera 2025\" data-dt-img-description=\"\" data-large_image_width=\"1132\" data-large_image_height=\"1600\"href='https:\/\/www.radiopiu.net\/wordpress\/wp-content\/uploads\/2025\/03\/Locandina-posturale-primavera-2025.jpeg'><img loading=\"lazy\" decoding=\"async\" width=\"150\" height=\"150\" src=\"https:\/\/www.radiopiu.net\/wordpress\/wp-content\/uploads\/2025\/03\/Locandina-posturale-primavera-2025-150x150.jpeg\" class=\"attachment-thumbnail size-thumbnail\" alt=\"\" \/><\/a>\n\t\t\t\t<\/dt><\/dl><dl class='gallery-item'>\n\t\t\t\t<dt class='gallery-icon portrait'>\n\t\t\t\t\t<a class=\"rollover rollover-zoom dt-pswp-item\" title=\"Locandina Gardaland 19.05.2025\" data-dt-img-description=\"\" data-large_image_width=\"1131\" data-large_image_height=\"1600\"href='https:\/\/www.radiopiu.net\/wordpress\/wp-content\/uploads\/2025\/03\/Locandina-Gardaland-19.05.2025.jpeg'><img loading=\"lazy\" decoding=\"async\" width=\"150\" height=\"150\" src=\"https:\/\/www.radiopiu.net\/wordpress\/wp-content\/uploads\/2025\/03\/Locandina-Gardaland-19.05.2025-150x150.jpeg\" class=\"attachment-thumbnail size-thumbnail\" alt=\"\" \/><\/a>\n\t\t\t\t<\/dt><\/dl><br style=\"clear: both\" \/><dl class='gallery-item'>\n\t\t\t\t<dt class='gallery-icon landscape'>\n\t\t\t\t\t<a class=\"rollover rollover-zoom dt-pswp-item\" title=\"Senza nome\" data-dt-img-description=\"\" data-large_image_width=\"753\" data-large_image_height=\"334\"href='https:\/\/www.radiopiu.net\/wordpress\/wp-content\/uploads\/2025\/04\/Senza-nome-2.png'><img loading=\"lazy\" decoding=\"async\" width=\"150\" height=\"150\" src=\"https:\/\/www.radiopiu.net\/wordpress\/wp-content\/uploads\/2025\/04\/Senza-nome-2-150x150.png\" class=\"attachment-thumbnail size-thumbnail\" alt=\"\" \/><\/a>\n\t\t\t\t<\/dt><\/dl><dl class='gallery-item'>\n\t\t\t\t<dt class='gallery-icon portrait'>\n\t\t\t\t\t<a class=\"rollover rollover-zoom dt-pswp-item\" title=\"ASSEMBLEA_2025\" data-dt-img-description=\"\" data-large_image_width=\"1131\" data-large_image_height=\"1600\"href='https:\/\/www.radiopiu.net\/wordpress\/wp-content\/uploads\/2025\/04\/ASSEMBLEA_2025.jpeg'><img loading=\"lazy\" decoding=\"async\" width=\"150\" height=\"150\" src=\"https:\/\/www.radiopiu.net\/wordpress\/wp-content\/uploads\/2025\/04\/ASSEMBLEA_2025-150x150.jpeg\" class=\"attachment-thumbnail size-thumbnail\" alt=\"\" \/><\/a>\n\t\t\t\t<\/dt><\/dl><dl class='gallery-item'>\n\t\t\t\t<dt class='gallery-icon portrait'>\n\t\t\t\t\t<a class=\"rollover rollover-zoom dt-pswp-item\" title=\"1744137879137\" data-dt-img-description=\"\" data-large_image_width=\"1414\" data-large_image_height=\"2000\"href='https:\/\/www.radiopiu.net\/wordpress\/wp-content\/uploads\/2025\/04\/1744137879137.png'><img loading=\"lazy\" decoding=\"async\" width=\"150\" height=\"150\" src=\"https:\/\/www.radiopiu.net\/wordpress\/wp-content\/uploads\/2025\/04\/1744137879137-150x150.png\" class=\"attachment-thumbnail size-thumbnail\" alt=\"\" \/><\/a>\n\t\t\t\t<\/dt><\/dl><dl class='gallery-item'>\n\t\t\t\t<dt class='gallery-icon portrait'>\n\t\t\t\t\t<a class=\"rollover rollover-zoom dt-pswp-item\" title=\"Locandina Operazione Piave Serena Antonio\" data-dt-img-description=\"\" data-large_image_width=\"1447\" data-large_image_height=\"2048\"href='https:\/\/www.radiopiu.net\/wordpress\/wp-content\/uploads\/2025\/04\/Locandina-Operazione-Piave-Serena-Antonio.jpg'><img loading=\"lazy\" decoding=\"async\" width=\"150\" height=\"150\" src=\"https:\/\/www.radiopiu.net\/wordpress\/wp-content\/uploads\/2025\/04\/Locandina-Operazione-Piave-Serena-Antonio-150x150.jpg\" class=\"attachment-thumbnail size-thumbnail\" alt=\"\" \/><\/a>\n\t\t\t\t<\/dt><\/dl><br style=\"clear: both\" \/><dl class='gallery-item'>\n\t\t\t\t<dt class='gallery-icon portrait'>\n\t\t\t\t\t<a class=\"rollover rollover-zoom dt-pswp-item\" title=\"488508424_18408367480096744_440585597055027067_n\" data-dt-img-description=\"\" data-large_image_width=\"1440\" data-large_image_height=\"1799\"href='https:\/\/www.radiopiu.net\/wordpress\/wp-content\/uploads\/2025\/04\/488508424_18408367480096744_440585597055027067_n.jpg'><img loading=\"lazy\" decoding=\"async\" width=\"150\" height=\"150\" src=\"https:\/\/www.radiopiu.net\/wordpress\/wp-content\/uploads\/2025\/04\/488508424_18408367480096744_440585597055027067_n-150x150.jpg\" class=\"attachment-thumbnail size-thumbnail\" alt=\"\" \/><\/a>\n\t\t\t\t<\/dt><\/dl><dl class='gallery-item'>\n\t\t\t\t<dt class='gallery-icon portrait'>\n\t\t\t\t\t<a class=\"rollover rollover-zoom dt-pswp-item\" title=\"11apr25-VolantinoDanilo-700\" data-dt-img-description=\"\" data-large_image_width=\"1200\" data-large_image_height=\"1817\"href='https:\/\/www.radiopiu.net\/wordpress\/wp-content\/uploads\/2025\/04\/11apr25-VolantinoDanilo-700.jpg'><img loading=\"lazy\" decoding=\"async\" width=\"150\" height=\"150\" src=\"https:\/\/www.radiopiu.net\/wordpress\/wp-content\/uploads\/2025\/04\/11apr25-VolantinoDanilo-700-150x150.jpg\" class=\"attachment-thumbnail size-thumbnail\" alt=\"\" \/><\/a>\n\t\t\t\t<\/dt><\/dl><dl class='gallery-item'>\n\t\t\t\t<dt class='gallery-icon portrait'>\n\t\t\t\t\t<a class=\"rollover rollover-zoom dt-pswp-item\" title=\"17edc79b-2729-450a-991a-37c9461b86b0\" data-dt-img-description=\"\" data-large_image_width=\"1536\" data-large_image_height=\"2048\"href='https:\/\/www.radiopiu.net\/wordpress\/wp-content\/uploads\/2025\/04\/17edc79b-2729-450a-991a-37c9461b86b0.jpg'><img loading=\"lazy\" decoding=\"async\" width=\"150\" height=\"150\" src=\"https:\/\/www.radiopiu.net\/wordpress\/wp-content\/uploads\/2025\/04\/17edc79b-2729-450a-991a-37c9461b86b0-150x150.jpg\" class=\"attachment-thumbnail size-thumbnail\" alt=\"\" \/><\/a>\n\t\t\t\t<\/dt><\/dl>\n\t\t\t\t<br style='clear: both' \/>\n\t\t\t<\/div>\n\n<p>&nbsp;<\/p>\n<\/div>\n<\/div>\n<\/div>\n<\/div>\n<\/div>\n<\/div>\n<\/div>\n<\/div>\n<\/div>\n<\/div>\n<\/div>\n<\/div>\n<\/div>\n<\/div>\n<\/div>\n<\/div>\n<\/div>\n<\/div>\n<\/div>\n<\/div>\n<\/div>\n<div>\n<div class=\"\" dir=\"auto\">\n<div id=\":r9h:\" class=\"x1iorvi4 x1pi30zi x1l90r2v x1swvt13\" data-ad-comet-preview=\"message\" data-ad-preview=\"message\">\n<div class=\"\" dir=\"auto\">\n<div id=\":r9h:\" class=\"x1iorvi4 x1pi30zi x1l90r2v x1swvt13\" data-ad-comet-preview=\"message\" data-ad-preview=\"message\">\n<div class=\"\" dir=\"auto\">\n<div id=\":r9h:\" class=\"x1iorvi4 x1pi30zi x1l90r2v x1swvt13\" data-ad-comet-preview=\"message\" data-ad-preview=\"message\">\n<div class=\"\" dir=\"auto\">\n<div id=\":r9h:\" class=\"x1iorvi4 x1pi30zi x1l90r2v x1swvt13\" data-ad-comet-preview=\"message\" data-ad-preview=\"message\">\n<div>\n<div class=\"\" dir=\"auto\">\n<div id=\":r9h:\" class=\"x1iorvi4 x1pi30zi x1l90r2v x1swvt13\" data-ad-comet-preview=\"message\" data-ad-preview=\"message\">\n<div>\n<div class=\"\" dir=\"auto\">\n<div id=\":r9h:\" class=\"x1iorvi4 x1pi30zi x1l90r2v x1swvt13\" data-ad-comet-preview=\"message\" data-ad-preview=\"message\">\n<div class=\"xdj266r x11i5rnm xat24cr x1mh8g0r x1vvkbs x126k92a\">\n<div dir=\"auto\"><\/div>\n<\/div>\n<div>\n<div class=\"\" dir=\"auto\">\n<div id=\":r9h:\" class=\"x1iorvi4 x1pi30zi x1l90r2v x1swvt13\" data-ad-comet-preview=\"message\" data-ad-preview=\"message\">\n<div>\n<div class=\"\" dir=\"auto\">\n<div id=\":r9h:\" class=\"x1iorvi4 x1pi30zi x1l90r2v x1swvt13\" data-ad-comet-preview=\"message\" data-ad-preview=\"message\">\n<p>&nbsp;<\/p>\n<hr \/>\n<p>&nbsp;<\/p>\n<p>&nbsp;<\/p>\n<\/div>\n<\/div>\n<\/div>\n<\/div>\n<\/div>\n<\/div>\n<\/div>\n<\/div>\n<\/div>\n<\/div>\n<\/div>\n<\/div>\n<\/div>\n<\/div>\n<\/div>\n<\/div>\n<\/div>\n<\/div>\n<\/div>\n<\/div>\n<\/div>\n<p class=\"mceTemp\"><a class=\"dt-pswp-item\" href=\"https:\/\/www.radiopiu.net\/wordpress\/wp-content\/uploads\/2018\/09\/WhatsApp-Image-2018-09-20-at-16.04.06.jpeg\" data-dt-img-description=\"\" data-large_image_width=\"800\" data-large_image_height=\"100\"><img loading=\"lazy\" decoding=\"async\" class=\"wp-image-61378 size-full aligncenter\" src=\"https:\/\/www.radiopiu.net\/wordpress\/wp-content\/uploads\/2018\/09\/WhatsApp-Image-2018-09-20-at-16.04.06.jpeg\" alt=\"\" width=\"800\" height=\"100\" srcset=\"https:\/\/www.radiopiu.net\/wordpress\/wp-content\/uploads\/2018\/09\/WhatsApp-Image-2018-09-20-at-16.04.06.jpeg 800w, https:\/\/www.radiopiu.net\/wordpress\/wp-content\/uploads\/2018\/09\/WhatsApp-Image-2018-09-20-at-16.04.06-300x38.jpeg 300w, https:\/\/www.radiopiu.net\/wordpress\/wp-content\/uploads\/2018\/09\/WhatsApp-Image-2018-09-20-at-16.04.06-768x96.jpeg 768w\" sizes=\"auto, (max-width: 800px) 100vw, 800px\" \/><\/a><\/p>\n<p><center><\/center><center><\/center>&nbsp;<\/p>\n<p><center><b>OGGI<\/b><\/center>Tempo stabile e cielo in prevalenza sereno; solo a tratti leggermente nuvoloso per qualche innocuo addensamento diurno specie nelle ore calde a ridosso delle cime e per qualche sporadica nube bassa nelle valli nelle ore fredde ma con molte meno nubi rispetto a gioved\u00ec.<br \/>\n<b>Precipitazioni: <\/b>Assenti<br \/>\n<b>Temperature: <\/b>In ulteriore aumento specie le massime e in alta montagna, su valori prossimi o di poco sopra la norma con una moderata inversione termica nella notte ed una elevata escursione termica giornaliera nelle valli e altipiani.<\/p>\n<hr \/>\n<p><center><b>DOMANI<\/b><\/center>Giornata pi\u00f9 nuvolosa rispetto alle precedenti caratterizzata da variabilit\u00e0 con alternanza di schiarite e annuvolamenti pi\u00f9 consistenti nella seconda parte della giornata; fenomeni scarsi o del tutto assenti.<br \/>\n<b>Precipitazioni: <\/b>Generalmente assenti, anche se non sar\u00e0 del tutto esclusa qualche sporadica pioviggine specie nella seconda parte della giornata.<br \/>\n<b>Temperature: <\/b>Minime in contenuto aumento, massime senza variazioni di rilievo o in lieve calo specie nelle valli, su valori leggermente superiori alle medie stagionali con inversione termica nelle valli durante le ore notturne.<\/p>\n<hr \/>\n<p><center><b>DOMENICA<\/b><\/center>Cielo irregolarmente nuvoloso con qualche schiarita specie al mattino e sulle Dolomiti con qualche eventuale breve e debole pioggia; pi\u00f9 coperto dalle ore centrali quando ci sar\u00e0 un graduale aumento della probabilit\u00e0 di precipitazioni da sparse a diffuse di debole a tratti di moderata intensit\u00e0. Temperature minime in contenuto aumento, massime in calo.<\/p>\n<hr \/>\n<p><center><b>LUNEDI<\/b><\/center>Cielo molto nuvoloso o coperto con tempo variabile a tratti perturbato e precipitazioni da sparse a diffuse, intermittenti, di lieve e di moderata intensit\u00e0. Temperature minime in contenuto aumento, massime in calo.<\/p>\n<p>&nbsp;<\/p>\n<p>&nbsp;<\/p>\n<hr \/>\n<p>&nbsp;<\/p>\n<p class=\"mceTemp\"><a class=\"dt-pswp-item\" href=\"https:\/\/www.radiopiu.net\/wordpress\/wp-content\/uploads\/2018\/09\/sport.jpg\" data-dt-img-description=\"\" data-large_image_width=\"800\" data-large_image_height=\"100\"><img loading=\"lazy\" decoding=\"async\" class=\"aligncenter wp-image-60761 size-full\" src=\"https:\/\/www.radiopiu.net\/wordpress\/wp-content\/uploads\/2018\/09\/sport.jpg\" alt=\"\" width=\"800\" height=\"100\" srcset=\"https:\/\/www.radiopiu.net\/wordpress\/wp-content\/uploads\/2018\/09\/sport.jpg 800w, https:\/\/www.radiopiu.net\/wordpress\/wp-content\/uploads\/2018\/09\/sport-300x38.jpg 300w, https:\/\/www.radiopiu.net\/wordpress\/wp-content\/uploads\/2018\/09\/sport-768x96.jpg 768w\" sizes=\"auto, (max-width: 800px) 100vw, 800px\" \/> <\/a><\/p>\n<p class=\"mceTemp\"><span style=\"color: #0000ff;\"><strong>\u00a0 \u00a0 \u00a0 \u00a0 \u00a0\u00a0<\/strong><\/span><\/p>\n<p><span style=\"color: #0000ff;\"><strong>CURLING<\/strong><\/span><\/p>\n<blockquote>\n<h3>TUTTO PRONTO A CORTINA PER IL CAMPIONATO MONDIALE JUNIOR DI CURLING<\/h3>\n<\/blockquote>\n<p><a class=\"dt-pswp-item\" href=\"https:\/\/www.radiopiu.net\/wordpress\/wp-content\/uploads\/2023\/11\/CURLING.jpg\" data-dt-img-description=\"\" data-large_image_width=\"1280\" data-large_image_height=\"853\"><img loading=\"lazy\" decoding=\"async\" class=\" wp-image-359434 alignleft\" src=\"https:\/\/www.radiopiu.net\/wordpress\/wp-content\/uploads\/2023\/11\/CURLING-300x200.jpg\" alt=\"\" width=\"203\" height=\"135\" srcset=\"https:\/\/www.radiopiu.net\/wordpress\/wp-content\/uploads\/2023\/11\/CURLING-300x200.jpg 300w, https:\/\/www.radiopiu.net\/wordpress\/wp-content\/uploads\/2023\/11\/CURLING-1024x682.jpg 1024w, https:\/\/www.radiopiu.net\/wordpress\/wp-content\/uploads\/2023\/11\/CURLING-768x512.jpg 768w, https:\/\/www.radiopiu.net\/wordpress\/wp-content\/uploads\/2023\/11\/CURLING.jpg 1280w\" sizes=\"auto, (max-width: 203px) 100vw, 203px\" \/><\/a>Dal 12 al 21 aprile, il rinnovato Stadio Olimpico del Ghiaccio di Cortina d\u2019Ampezzo ospiter\u00e0 i Campionati Mondiali Junior di curling, con le migliori squadre maschili e femminili del ranking internazionale. La competizione inizier\u00e0 il 12 aprile con una cerimonia di apertura alle 18, durante la quale il violinista Pierpaolo Foti eseguir\u00e0 una versione rivisitata di &#8220;Scotland the Brave&#8221;. Questo evento segna anche un test per le future Olimpiadi di Milano Cortina 2026, poich\u00e9 il palazzetto \u00e8 stato ammodernato per ospitare le competizioni olimpiche e paralimpiche. I Mondiali Juniores rappresentano una vetrina per giovani talenti, con il Canada, la Scozia, il Giappone e la Svizzera come principali protagonisti. L\u2019Italia sar\u00e0 rappresentata dalla squadra maschile e femminile, con atleti provenienti principalmente dalla MJ Academy e da altre realt\u00e0 locali. L\u2019evento \u00e8 anche un\u2019importante occasione per promuovere il curling, una disciplina che a Cortina \u00e8 praticata da oltre ottant&#8217;anni e che ha visto l\u2019Italia trionfare con Stefania Constantini a Pechino 2022.<\/p>\n<p>&nbsp;<\/p>\n<p>&nbsp;<\/p>\n<p>&nbsp;<\/p>\n<p>&nbsp;<\/p>\n<p>&nbsp;<\/p>\n","protected":false},"excerpt":{"rendered":"<p>****** &nbsp; &nbsp; LA\u00a0 APP PER IOS-IPHONE di Nicola Vettorello https:\/\/apps.apple.com\/it\/app\/radio-pi%C3%B9-emittente-agordina\/id1515939845 LA\u00a0 APP RADIO\u00a0 PER ANDROID di Nicola Vettorello https:\/\/play.google.com\/store\/apps\/details?id=net.radiopiu.iniko\u00a0\u00a0\u00a0\u00a0 &nbsp; &nbsp; \u00a0 &nbsp; OGGI \u00a0\u00a0 \u00a009.00\u00a0 premier le novit\u00e0 musicali di Marco Gaz 9 40 Ottanta la musica scelta da Monica Fontanive\u00a0 \u00a010.10\u00a0 musla le nove in ladin, con Michela Dell&#8217;Osbel\u00a010.30\u00a0 in studio con&hellip;<\/p>\n","protected":false},"author":4,"featured_media":444439,"comment_status":"closed","ping_status":"closed","sticky":false,"template":"","format":"standard","meta":{"_monsterinsights_skip_tracking":false,"_monsterinsights_sitenote_active":false,"_monsterinsights_sitenote_note":"","_monsterinsights_sitenote_category":0,"footnotes":""},"categories":[51,86,49],"tags":[],"class_list":["post-444303","post","type-post","status-publish","format-standard","has-post-thumbnail","hentry","category-evidenza-top","category-gr","category-news-18","category-51","category-86","category-49","description-off"],"img_url":"https:\/\/www.radiopiu.net\/wordpress\/wp-content\/uploads\/2025\/04\/d6ca1532-0722-428c-94ff-6843bd223ac2.jpg","_links":{"self":[{"href":"https:\/\/www.radiopiu.net\/wordpress\/wp-json\/wp\/v2\/posts\/444303","targetHints":{"allow":["GET"]}}],"collection":[{"href":"https:\/\/www.radiopiu.net\/wordpress\/wp-json\/wp\/v2\/posts"}],"about":[{"href":"https:\/\/www.radiopiu.net\/wordpress\/wp-json\/wp\/v2\/types\/post"}],"author":[{"embeddable":true,"href":"https:\/\/www.radiopiu.net\/wordpress\/wp-json\/wp\/v2\/users\/4"}],"replies":[{"embeddable":true,"href":"https:\/\/www.radiopiu.net\/wordpress\/wp-json\/wp\/v2\/comments?post=444303"}],"version-history":[{"count":35,"href":"https:\/\/www.radiopiu.net\/wordpress\/wp-json\/wp\/v2\/posts\/444303\/revisions"}],"predecessor-version":[{"id":444446,"href":"https:\/\/www.radiopiu.net\/wordpress\/wp-json\/wp\/v2\/posts\/444303\/revisions\/444446"}],"wp:featuredmedia":[{"embeddable":true,"href":"https:\/\/www.radiopiu.net\/wordpress\/wp-json\/wp\/v2\/media\/444439"}],"wp:attachment":[{"href":"https:\/\/www.radiopiu.net\/wordpress\/wp-json\/wp\/v2\/media?parent=444303"}],"wp:term":[{"taxonomy":"category","embeddable":true,"href":"https:\/\/www.radiopiu.net\/wordpress\/wp-json\/wp\/v2\/categories?post=444303"},{"taxonomy":"post_tag","embeddable":true,"href":"https:\/\/www.radiopiu.net\/wordpress\/wp-json\/wp\/v2\/tags?post=444303"}],"curies":[{"name":"wp","href":"https:\/\/api.w.org\/{rel}","templated":true}]}}