{"id":444305,"date":"2025-04-10T11:03:19","date_gmt":"2025-04-10T09:03:19","guid":{"rendered":"https:\/\/www.radiopiu.net\/wordpress\/?p=444305"},"modified":"2025-04-10T11:03:19","modified_gmt":"2025-04-10T09:03:19","slug":"torna-la-festa-de-lom-salvarech-a-la-valle","status":"publish","type":"post","link":"https:\/\/www.radiopiu.net\/wordpress\/torna-la-festa-de-lom-salvarech-a-la-valle\/","title":{"rendered":"TORNA LA FESTA DE L&#8217;OM SALVARECH A LA VALLE"},"content":{"rendered":"<p>********<\/p>\n<p>&nbsp;<\/p>\n<p><strong>LA VALLE AGORDINA<\/strong> La Festa de l\u2019Om Salv\u00e0rech 2025 si terr\u00e0 il 25 e 26 aprile a La Valle Agordina. Venerd\u00ec 25 si apre con il mercatino artigianale e la corsa non competitiva &#8220;Su e do per i coi&#8221;. Segue l\u2019apertura dello stand gastronomico e la preparazione del pupazzo dell\u2019Om Salv\u00e0rech. Nel pomeriggio: mostra dei bambini, balli popolari, sfilata, aperitivo e cena tipica. La serata continua con la lettura del testamento, il fal\u00f2 e musica dal vivo. Sabato 26: aperitivo musicale alle 17:00, cena con piatti tradizionali dalle 19:00, serata danzante con la Spritz Band e chiusura a mezzanotte con Disco-Tek. Due giorni di folklore, tradizione e divertimento per tutte le et\u00e0.<\/p>\n\n\t\t\t<style type='text\/css'>\n\t\t\t\t#gallery-1 {\n\t\t\t\t\tmargin: auto;\n\t\t\t\t}\n\t\t\t\t#gallery-1 .gallery-item {\n\t\t\t\t\tfloat: left;\n\t\t\t\t\tmargin-top: 10px;\n\t\t\t\t\ttext-align: center;\n\t\t\t\t\twidth: 33%;\n\t\t\t\t}\n\t\t\t\t#gallery-1 img {\n\t\t\t\t\tborder: 2px solid #cfcfcf;\n\t\t\t\t}\n\t\t\t\t#gallery-1 .gallery-caption {\n\t\t\t\t\tmargin-left: 0;\n\t\t\t\t}\n\t\t\t\t\/* see gallery_shortcode() in wp-includes\/media.php *\/\n\t\t\t<\/style>\n\t\t<div id='gallery-1' class='dt-gallery-container gallery galleryid-444305 gallery-columns-3 gallery-size-medium'><dl class='gallery-item'>\n\t\t\t\t<dt class='gallery-icon portrait'>\n\t\t\t\t\t<a class=\"rollover rollover-zoom dt-pswp-item\" title=\"f3e65057-0581-465d-ba75-4eef70aca537\" data-dt-img-description=\"\" data-large_image_width=\"480\" data-large_image_height=\"600\"href='https:\/\/www.radiopiu.net\/wordpress\/wp-content\/uploads\/2025\/04\/f3e65057-0581-465d-ba75-4eef70aca537.jpg'><img loading=\"lazy\" decoding=\"async\" width=\"240\" height=\"300\" src=\"https:\/\/www.radiopiu.net\/wordpress\/wp-content\/uploads\/2025\/04\/f3e65057-0581-465d-ba75-4eef70aca537-240x300.jpg\" class=\"attachment-medium size-medium\" alt=\"\" srcset=\"https:\/\/www.radiopiu.net\/wordpress\/wp-content\/uploads\/2025\/04\/f3e65057-0581-465d-ba75-4eef70aca537-240x300.jpg 240w, https:\/\/www.radiopiu.net\/wordpress\/wp-content\/uploads\/2025\/04\/f3e65057-0581-465d-ba75-4eef70aca537.jpg 480w\" sizes=\"auto, (max-width: 240px) 100vw, 240px\" \/><\/a>\n\t\t\t\t<\/dt><\/dl><dl class='gallery-item'>\n\t\t\t\t<dt class='gallery-icon portrait'>\n\t\t\t\t\t<a class=\"rollover rollover-zoom dt-pswp-item\" title=\"14979f5d-ac72-4e65-9053-60a5906e7025\" data-dt-img-description=\"\" data-large_image_width=\"480\" data-large_image_height=\"600\"href='https:\/\/www.radiopiu.net\/wordpress\/wp-content\/uploads\/2025\/04\/14979f5d-ac72-4e65-9053-60a5906e7025.jpg'><img loading=\"lazy\" decoding=\"async\" width=\"240\" height=\"300\" src=\"https:\/\/www.radiopiu.net\/wordpress\/wp-content\/uploads\/2025\/04\/14979f5d-ac72-4e65-9053-60a5906e7025-240x300.jpg\" class=\"attachment-medium size-medium\" alt=\"\" srcset=\"https:\/\/www.radiopiu.net\/wordpress\/wp-content\/uploads\/2025\/04\/14979f5d-ac72-4e65-9053-60a5906e7025-240x300.jpg 240w, https:\/\/www.radiopiu.net\/wordpress\/wp-content\/uploads\/2025\/04\/14979f5d-ac72-4e65-9053-60a5906e7025.jpg 480w\" sizes=\"auto, (max-width: 240px) 100vw, 240px\" \/><\/a>\n\t\t\t\t<\/dt><\/dl><dl class='gallery-item'>\n\t\t\t\t<dt class='gallery-icon portrait'>\n\t\t\t\t\t<a class=\"rollover rollover-zoom dt-pswp-item\" title=\"e96a9d1e-5eb1-4bcd-bfdc-de52bcf09b95\" data-dt-img-description=\"\" data-large_image_width=\"480\" data-large_image_height=\"600\"href='https:\/\/www.radiopiu.net\/wordpress\/wp-content\/uploads\/2025\/04\/e96a9d1e-5eb1-4bcd-bfdc-de52bcf09b95.jpg'><img loading=\"lazy\" decoding=\"async\" width=\"240\" height=\"300\" src=\"https:\/\/www.radiopiu.net\/wordpress\/wp-content\/uploads\/2025\/04\/e96a9d1e-5eb1-4bcd-bfdc-de52bcf09b95-240x300.jpg\" class=\"attachment-medium size-medium\" alt=\"\" srcset=\"https:\/\/www.radiopiu.net\/wordpress\/wp-content\/uploads\/2025\/04\/e96a9d1e-5eb1-4bcd-bfdc-de52bcf09b95-240x300.jpg 240w, https:\/\/www.radiopiu.net\/wordpress\/wp-content\/uploads\/2025\/04\/e96a9d1e-5eb1-4bcd-bfdc-de52bcf09b95.jpg 480w\" sizes=\"auto, (max-width: 240px) 100vw, 240px\" \/><\/a>\n\t\t\t\t<\/dt><\/dl><br style=\"clear: both\" \/>\n\t\t\t<\/div>\n\n<p>&nbsp;<\/p>\n<p>&nbsp;<\/p>\n<p>&nbsp;<\/p>\n<p>************<\/p>\n","protected":false},"excerpt":{"rendered":"<p>******** &nbsp; LA VALLE AGORDINA La Festa de l\u2019Om Salv\u00e0rech 2025 si terr\u00e0 il 25 e 26 aprile a La Valle Agordina. Venerd\u00ec 25 si apre con il mercatino artigianale e la corsa non competitiva &#8220;Su e do per i coi&#8221;. Segue l\u2019apertura dello stand gastronomico e la preparazione del pupazzo dell\u2019Om Salv\u00e0rech. Nel pomeriggio:&hellip;<\/p>\n","protected":false},"author":4,"featured_media":444313,"comment_status":"closed","ping_status":"closed","sticky":false,"template":"","format":"standard","meta":{"_monsterinsights_skip_tracking":false,"_monsterinsights_sitenote_active":false,"_monsterinsights_sitenote_note":"","_monsterinsights_sitenote_category":0,"footnotes":""},"categories":[49],"tags":[],"class_list":["post-444305","post","type-post","status-publish","format-standard","has-post-thumbnail","hentry","category-news-18","category-49","description-off"],"img_url":"https:\/\/www.radiopiu.net\/wordpress\/wp-content\/uploads\/2025\/04\/SCR-20250410-kbfj.jpeg","_links":{"self":[{"href":"https:\/\/www.radiopiu.net\/wordpress\/wp-json\/wp\/v2\/posts\/444305","targetHints":{"allow":["GET"]}}],"collection":[{"href":"https:\/\/www.radiopiu.net\/wordpress\/wp-json\/wp\/v2\/posts"}],"about":[{"href":"https:\/\/www.radiopiu.net\/wordpress\/wp-json\/wp\/v2\/types\/post"}],"author":[{"embeddable":true,"href":"https:\/\/www.radiopiu.net\/wordpress\/wp-json\/wp\/v2\/users\/4"}],"replies":[{"embeddable":true,"href":"https:\/\/www.radiopiu.net\/wordpress\/wp-json\/wp\/v2\/comments?post=444305"}],"version-history":[{"count":1,"href":"https:\/\/www.radiopiu.net\/wordpress\/wp-json\/wp\/v2\/posts\/444305\/revisions"}],"predecessor-version":[{"id":444314,"href":"https:\/\/www.radiopiu.net\/wordpress\/wp-json\/wp\/v2\/posts\/444305\/revisions\/444314"}],"wp:featuredmedia":[{"embeddable":true,"href":"https:\/\/www.radiopiu.net\/wordpress\/wp-json\/wp\/v2\/media\/444313"}],"wp:attachment":[{"href":"https:\/\/www.radiopiu.net\/wordpress\/wp-json\/wp\/v2\/media?parent=444305"}],"wp:term":[{"taxonomy":"category","embeddable":true,"href":"https:\/\/www.radiopiu.net\/wordpress\/wp-json\/wp\/v2\/categories?post=444305"},{"taxonomy":"post_tag","embeddable":true,"href":"https:\/\/www.radiopiu.net\/wordpress\/wp-json\/wp\/v2\/tags?post=444305"}],"curies":[{"name":"wp","href":"https:\/\/api.w.org\/{rel}","templated":true}]}}