{"id":444341,"date":"2025-04-11T05:19:34","date_gmt":"2025-04-11T03:19:34","guid":{"rendered":"https:\/\/www.radiopiu.net\/wordpress\/?p=444341"},"modified":"2025-04-11T05:42:03","modified_gmt":"2025-04-11T03:42:03","slug":"la-173esima-festa-della-polizia-a-belluno-onorificenze-memoria-e-impegno-quotidiano","status":"publish","type":"post","link":"https:\/\/www.radiopiu.net\/wordpress\/la-173esima-festa-della-polizia-a-belluno-onorificenze-memoria-e-impegno-quotidiano\/","title":{"rendered":"LA 173ESIMA FESTA DELLA POLIZIA A BELLUNO: ONORIFICENZE, MEMORIA E IMPEGNO QUOTIDIANO"},"content":{"rendered":"<p>*******<\/p>\n<p>&nbsp;<\/p>\n<p><strong><a class=\"dt-pswp-item\" href=\"https:\/\/www.radiopiu.net\/wordpress\/wp-content\/uploads\/2025\/02\/Foto-servizio-controllo-del-territorio.jpg\" data-dt-img-description=\"\" data-large_image_width=\"1440\" data-large_image_height=\"1080\"><img loading=\"lazy\" decoding=\"async\" class=\" wp-image-434073 alignleft\" src=\"https:\/\/www.radiopiu.net\/wordpress\/wp-content\/uploads\/2025\/02\/Foto-servizio-controllo-del-territorio-300x225.jpg\" alt=\"\" width=\"199\" height=\"149\" srcset=\"https:\/\/www.radiopiu.net\/wordpress\/wp-content\/uploads\/2025\/02\/Foto-servizio-controllo-del-territorio-300x225.jpg 300w, https:\/\/www.radiopiu.net\/wordpress\/wp-content\/uploads\/2025\/02\/Foto-servizio-controllo-del-territorio-1024x768.jpg 1024w, https:\/\/www.radiopiu.net\/wordpress\/wp-content\/uploads\/2025\/02\/Foto-servizio-controllo-del-territorio-768x576.jpg 768w, https:\/\/www.radiopiu.net\/wordpress\/wp-content\/uploads\/2025\/02\/Foto-servizio-controllo-del-territorio.jpg 1440w\" sizes=\"auto, (max-width: 199px) 100vw, 199px\" \/><\/a>BELLUNO<\/strong> Si \u00e8 tenuta, in un clima di solenne partecipazione, la cerimonia per il 173\u00b0 anniversario della fondazione della Polizia di Stato. Come da tradizione, la giornata \u00e8 stata aperta dalla deposizione di una corona d\u2019alloro presso la lapide dedicata ai caduti, situata nella caserma Raniero, alla presenza del Questore di Belluno e del Prefetto. Il motto della giornata, \u201cEsserci Sempre\u201d, ha trovato concreta espressione nel racconto delle attivit\u00e0 svolte nel corso dell\u2019ultimo anno e nei riconoscimenti assegnati agli agenti distintisi in operazioni di polizia giudiziaria, ordine pubblico e soccorso.<\/p>\n<p><strong>Premi al coraggio e alla professionalit\u00e0<\/strong><\/p>\n<p><strong data-start=\"92\" data-end=\"102\">ENCOMI<\/strong><\/p>\n<p class=\"\" data-start=\"107\" data-end=\"184\"><strong data-start=\"107\" data-end=\"182\">Dott. Luigi Petrillo (Primo Dirigente) e Luca Fodarella (Vice Questore) <\/strong>Gestione sicurezza durante evento sportivo internazionale a Cortina d\u2019Ampezzo (21\/02\/2021), anche in contesto emergenza COVID.<\/p>\n<p class=\"\" data-start=\"321\" data-end=\"396\"><strong data-start=\"321\" data-end=\"394\">Mirto Casagrande, Andrea Doriano De Col, Stiw Marcon, Ivan Maffettone <\/strong>Per meriti non specificati (probabile continuit\u00e0 con la motivazione sopra, ma non indicata).<\/p>\n<p class=\"\" data-start=\"499\" data-end=\"528\"><strong data-start=\"499\" data-end=\"526\">Elvis Secco (Ispettore) <\/strong>Operazione antidroga in una scuola: 5 arresti e 7 deferimenti. Belluno (18\/02\/2022).<\/p>\n<p class=\"\" data-start=\"623\" data-end=\"660\"><strong data-start=\"623\" data-end=\"658\">Giorgio Lazzari (Agente Scelto) <\/strong>Salvataggio di una donna dal suicidio. Belluno (15\/06\/2022).<\/p>\n<p class=\"\" data-start=\"623\" data-end=\"660\"><strong data-start=\"731\" data-end=\"782\">Elio De Mas (Ispettore Superiore in quiescenza) <\/strong>Arresto di un soggetto armato responsabile di resistenza a pubblico ufficiale. Valle di Cadore (27\/07\/2023).<\/p>\n<p class=\"\" data-start=\"623\" data-end=\"660\"><strong data-start=\"909\" data-end=\"917\">LODI<\/strong><\/p>\n<p class=\"\" data-start=\"922\" data-end=\"990\"><strong data-start=\"922\" data-end=\"988\">Guglielmo Cassol, Pierluigi Bof, Sandro D\u2019Inc\u00e0, Stefano Celato <\/strong>Arresto di due minorenni per rapina con accoltellamento. Belluno (01\/12\/2022).<\/p>\n<p class=\"\" data-start=\"1079\" data-end=\"1127\"><strong data-start=\"1079\" data-end=\"1125\">Massimo Caravetta (Assistente Capo Coord.) <\/strong>Intervento salvavita per malore cardiaco in montagna. Cortina d\u2019Ampezzo (09\/12\/2021).<\/p>\n<p class=\"\" data-start=\"1223\" data-end=\"1284\"><strong data-start=\"1223\" data-end=\"1282\">Laura Suelotto, Marco Ceolin, Dario Sitta, Bruna Stolfo <\/strong>Arresto in flagranza per atti persecutori. Belluno (16\/02\/2023).<\/p>\n<p class=\"\" data-start=\"1359\" data-end=\"1391\"><strong data-start=\"1359\" data-end=\"1389\">Roberto Sartor (Ispettore) <\/strong>Intervento fuori servizio: fermato soggetto fuggito dopo incidente stradale. Belluno (04\/10\/2023).<\/p>\n<p class=\"\" data-start=\"1500\" data-end=\"1546\"><strong data-start=\"1500\" data-end=\"1544\">Andrea Zampieri (Assistente Capo Coord.) <\/strong>Rianimazione con defibrillatore di sciatore in arresto cardiaco. Arabba (09\/03\/2023).<\/p>\n<p class=\"\" data-start=\"1642\" data-end=\"1679\"><strong data-start=\"1642\" data-end=\"1677\">Matteo Dal Pan (Vice Ispettore) <\/strong>Salvataggio di donna suicida su viadotto. Ponte Cadore (16\/04\/2023).<\/p>\n<p class=\"\" data-start=\"1758\" data-end=\"1803\"><strong data-start=\"1758\" data-end=\"1801\">Roberto Sbetta (Assistente Capo Coord.) <\/strong>Salvataggio ciclista colpito da arresto cardiaco. Cortina d\u2019Ampezzo (02\/07\/2023).<\/p>\n<p class=\"\" data-start=\"1895\" data-end=\"1942\"><strong data-start=\"1895\" data-end=\"1940\">Fabrizio Tosi Bosco (Vice Sovrintendente) <\/strong>Salvataggio di giovane donna in stato di crisi. Valle di Cadore (24\/07\/2023).<\/p>\n<p><strong><a class=\"dt-pswp-item\" href=\"https:\/\/www.radiopiu.net\/wordpress\/wp-content\/uploads\/2022\/08\/295832323_428597342649333_2091359398335650946_n.jpg\" data-dt-img-description=\"\" data-large_image_width=\"512\" data-large_image_height=\"640\"><img loading=\"lazy\" decoding=\"async\" class=\" wp-image-293577 alignright\" src=\"https:\/\/www.radiopiu.net\/wordpress\/wp-content\/uploads\/2022\/08\/295832323_428597342649333_2091359398335650946_n-240x300.jpg\" alt=\"\" width=\"139\" height=\"174\" srcset=\"https:\/\/www.radiopiu.net\/wordpress\/wp-content\/uploads\/2022\/08\/295832323_428597342649333_2091359398335650946_n-240x300.jpg 240w, https:\/\/www.radiopiu.net\/wordpress\/wp-content\/uploads\/2022\/08\/295832323_428597342649333_2091359398335650946_n.jpg 512w\" sizes=\"auto, (max-width: 139px) 100vw, 139px\" \/><\/a>Polizia di Stato: numeri e impegno nel territorio <\/strong><\/p>\n<p>Il bilancio dell\u2019attivit\u00e0 della Questura di Belluno tra aprile 2024 e marzo 2025 parla chiaro: oltre 13.000 chiamate di emergenza al 113, 20643 persone identificate, 1989 interventi di soccorso in montagna, e una presenza costante anche online, grazie alla pagina Facebook della Questura, divenuta punto di riferimento informativo per i cittadini. La polizia ha inoltre partecipato a numerosi incontri nelle scuole per sensibilizzare i giovani su bullismo, uso di droghe e sicurezza digitale. Grande rilievo \u00e8 stato dato anche al contrasto alla criminalit\u00e0, con 21 arresti e 392 denunce per vari reati, e una diminuzione complessiva dei crimini del 10% rispetto all\u2019anno precedente.<\/p>\n<p><strong><a class=\"dt-pswp-item\" href=\"https:\/\/www.radiopiu.net\/wordpress\/wp-content\/uploads\/2024\/01\/b566b6f9-2f7e-4d83-8d63-3873a74e9fa0.jpg\" data-dt-img-description=\"\" data-large_image_width=\"908\" data-large_image_height=\"590\"><img loading=\"lazy\" decoding=\"async\" class=\" wp-image-369278 alignleft\" src=\"https:\/\/www.radiopiu.net\/wordpress\/wp-content\/uploads\/2024\/01\/b566b6f9-2f7e-4d83-8d63-3873a74e9fa0-300x195.jpg\" alt=\"\" width=\"200\" height=\"130\" srcset=\"https:\/\/www.radiopiu.net\/wordpress\/wp-content\/uploads\/2024\/01\/b566b6f9-2f7e-4d83-8d63-3873a74e9fa0-300x195.jpg 300w, https:\/\/www.radiopiu.net\/wordpress\/wp-content\/uploads\/2024\/01\/b566b6f9-2f7e-4d83-8d63-3873a74e9fa0-768x499.jpg 768w, https:\/\/www.radiopiu.net\/wordpress\/wp-content\/uploads\/2024\/01\/b566b6f9-2f7e-4d83-8d63-3873a74e9fa0.jpg 908w\" sizes=\"auto, (max-width: 200px) 100vw, 200px\" \/><\/a>Sicurezza in montagna e ordine pubblico <\/strong><\/p>\n<p>Le pattuglie sciatori sono state protagoniste in oltre un migliaio di interventi, anche in condizioni estreme, come nel caso delle slavine sulle piste di Cortina e Arabba. L\u2019ordine pubblico \u00e8 stato garantito in 241 eventi, di cui 128 sportivi, grazie a un coordinamento attento e alla collaborazione con le altre forze dell\u2019ordine.<\/p>\n<p><strong>Contrasto alle nuove forme di criminalit\u00e0<\/strong><\/p>\n<p>Importanti risultati sono arrivati anche dalla Polizia Postale, con arresti per pedopornografia e circonvenzione di incapace, oltre a numerose indagini su truffe online. La Polizia Amministrativa e l\u2019Ufficio Immigrazione hanno svolto un\u2019intensa attivit\u00e0 di rilascio documenti, controlli ed espulsioni.<\/p>\n<p><strong><a class=\"dt-pswp-item\" href=\"https:\/\/www.radiopiu.net\/wordpress\/wp-content\/uploads\/2022\/06\/polizia-Belluno_edited.jpg\" data-dt-img-description=\"\" data-large_image_width=\"1000\" data-large_image_height=\"667\"><img loading=\"lazy\" decoding=\"async\" class=\" wp-image-279211 alignright\" src=\"https:\/\/www.radiopiu.net\/wordpress\/wp-content\/uploads\/2022\/06\/polizia-Belluno_edited-300x200.jpg\" alt=\"\" width=\"171\" height=\"114\" srcset=\"https:\/\/www.radiopiu.net\/wordpress\/wp-content\/uploads\/2022\/06\/polizia-Belluno_edited-300x200.jpg 300w, https:\/\/www.radiopiu.net\/wordpress\/wp-content\/uploads\/2022\/06\/polizia-Belluno_edited-768x512.jpg 768w, https:\/\/www.radiopiu.net\/wordpress\/wp-content\/uploads\/2022\/06\/polizia-Belluno_edited.jpg 1000w\" sizes=\"auto, (max-width: 171px) 100vw, 171px\" \/><\/a>Un presidio di legalit\u00e0 e umanit\u00e0<\/strong><\/p>\n<p>La cerimonia del 10 aprile \u00e8 stata pi\u00f9 di un momento celebrativo: \u00e8 stata la testimonianza viva dell\u2019impegno quotidiano della Polizia di Stato nel servire e proteggere i cittadini. \u201cEsserci Sempre\u201d non \u00e8 solo uno slogan, ma l\u2019essenza stessa di un lavoro svolto con passione, professionalit\u00e0 e spirito di servizio.<\/p>\n<p>&nbsp;<\/p>\n<p>&nbsp;<\/p>\n<p>&nbsp;<\/p>\n<p>************<\/p>\n","protected":false},"excerpt":{"rendered":"<p>******* &nbsp; BELLUNO Si \u00e8 tenuta, in un clima di solenne partecipazione, la cerimonia per il 173\u00b0 anniversario della fondazione della Polizia di Stato. Come da tradizione, la giornata \u00e8 stata aperta dalla deposizione di una corona d\u2019alloro presso la lapide dedicata ai caduti, situata nella caserma Raniero, alla presenza del Questore di Belluno e&hellip;<\/p>\n","protected":false},"author":4,"featured_media":434073,"comment_status":"closed","ping_status":"closed","sticky":false,"template":"","format":"standard","meta":{"_monsterinsights_skip_tracking":false,"_monsterinsights_sitenote_active":false,"_monsterinsights_sitenote_note":"","_monsterinsights_sitenote_category":0,"footnotes":""},"categories":[51,49],"tags":[],"class_list":["post-444341","post","type-post","status-publish","format-standard","has-post-thumbnail","hentry","category-evidenza-top","category-news-18","category-51","category-49","description-off"],"img_url":"https:\/\/www.radiopiu.net\/wordpress\/wp-content\/uploads\/2025\/02\/Foto-servizio-controllo-del-territorio.jpg","_links":{"self":[{"href":"https:\/\/www.radiopiu.net\/wordpress\/wp-json\/wp\/v2\/posts\/444341","targetHints":{"allow":["GET"]}}],"collection":[{"href":"https:\/\/www.radiopiu.net\/wordpress\/wp-json\/wp\/v2\/posts"}],"about":[{"href":"https:\/\/www.radiopiu.net\/wordpress\/wp-json\/wp\/v2\/types\/post"}],"author":[{"embeddable":true,"href":"https:\/\/www.radiopiu.net\/wordpress\/wp-json\/wp\/v2\/users\/4"}],"replies":[{"embeddable":true,"href":"https:\/\/www.radiopiu.net\/wordpress\/wp-json\/wp\/v2\/comments?post=444341"}],"version-history":[{"count":1,"href":"https:\/\/www.radiopiu.net\/wordpress\/wp-json\/wp\/v2\/posts\/444341\/revisions"}],"predecessor-version":[{"id":444342,"href":"https:\/\/www.radiopiu.net\/wordpress\/wp-json\/wp\/v2\/posts\/444341\/revisions\/444342"}],"wp:featuredmedia":[{"embeddable":true,"href":"https:\/\/www.radiopiu.net\/wordpress\/wp-json\/wp\/v2\/media\/434073"}],"wp:attachment":[{"href":"https:\/\/www.radiopiu.net\/wordpress\/wp-json\/wp\/v2\/media?parent=444341"}],"wp:term":[{"taxonomy":"category","embeddable":true,"href":"https:\/\/www.radiopiu.net\/wordpress\/wp-json\/wp\/v2\/categories?post=444341"},{"taxonomy":"post_tag","embeddable":true,"href":"https:\/\/www.radiopiu.net\/wordpress\/wp-json\/wp\/v2\/tags?post=444341"}],"curies":[{"name":"wp","href":"https:\/\/api.w.org\/{rel}","templated":true}]}}