{"id":444382,"date":"2025-04-11T05:32:08","date_gmt":"2025-04-11T03:32:08","guid":{"rendered":"https:\/\/www.radiopiu.net\/wordpress\/?p=444382"},"modified":"2025-04-11T05:40:42","modified_gmt":"2025-04-11T03:40:42","slug":"lavori-sulla-sp-347-del-passo-cereda-e-duran-strada-chiusa-dalle-8-alle-17","status":"publish","type":"post","link":"https:\/\/www.radiopiu.net\/wordpress\/lavori-sulla-sp-347-del-passo-cereda-e-duran-strada-chiusa-dalle-8-alle-17\/","title":{"rendered":"LAVORI SULLA SP 347 DEL PASSO CEREDA E DURAN. STRADA CHIUSA DALLE 8 ALLE 17"},"content":{"rendered":"<p>******<\/p>\n<p>&nbsp;<\/p>\n<p><strong>SEDICO<\/strong> Veneto Strade comunica che dal 14 aprile al 16 maggio, dalle 8 alle 17, sabati domeniche e festivi esclusi, la SP 347 del Passo Cereda e Duran sar\u00e0 interdetta al traffico in localit\u00e0 Fornesighe in comune di Val di Zoldo. Il traffico leggero con larghezza inferiore al 1,80 metri sar\u00e0 deviato in loco. La chiusura si rende necessaria per lavori di manutenzione ad acquedotto e fognatura.<\/p>\n<p>&nbsp;<\/p>\n<p>&nbsp;<\/p>\n<p>&nbsp;<\/p>\n<p>********<\/p>\n","protected":false},"excerpt":{"rendered":"<p>****** &nbsp; SEDICO Veneto Strade comunica che dal 14 aprile al 16 maggio, dalle 8 alle 17, sabati domeniche e festivi esclusi, la SP 347 del Passo Cereda e Duran sar\u00e0 interdetta al traffico in localit\u00e0 Fornesighe in comune di Val di Zoldo. Il traffico leggero con larghezza inferiore al 1,80 metri sar\u00e0 deviato in&hellip;<\/p>\n","protected":false},"author":4,"featured_media":135574,"comment_status":"closed","ping_status":"closed","sticky":false,"template":"","format":"standard","meta":{"_monsterinsights_skip_tracking":false,"_monsterinsights_sitenote_active":false,"_monsterinsights_sitenote_note":"","_monsterinsights_sitenote_category":0,"footnotes":""},"categories":[51,49],"tags":[],"class_list":["post-444382","post","type-post","status-publish","format-standard","has-post-thumbnail","hentry","category-evidenza-top","category-news-18","category-51","category-49","description-off"],"img_url":"https:\/\/www.radiopiu.net\/wordpress\/wp-content\/uploads\/2020\/05\/VENETO-STRADE.png","_links":{"self":[{"href":"https:\/\/www.radiopiu.net\/wordpress\/wp-json\/wp\/v2\/posts\/444382","targetHints":{"allow":["GET"]}}],"collection":[{"href":"https:\/\/www.radiopiu.net\/wordpress\/wp-json\/wp\/v2\/posts"}],"about":[{"href":"https:\/\/www.radiopiu.net\/wordpress\/wp-json\/wp\/v2\/types\/post"}],"author":[{"embeddable":true,"href":"https:\/\/www.radiopiu.net\/wordpress\/wp-json\/wp\/v2\/users\/4"}],"replies":[{"embeddable":true,"href":"https:\/\/www.radiopiu.net\/wordpress\/wp-json\/wp\/v2\/comments?post=444382"}],"version-history":[{"count":1,"href":"https:\/\/www.radiopiu.net\/wordpress\/wp-json\/wp\/v2\/posts\/444382\/revisions"}],"predecessor-version":[{"id":444385,"href":"https:\/\/www.radiopiu.net\/wordpress\/wp-json\/wp\/v2\/posts\/444382\/revisions\/444385"}],"wp:featuredmedia":[{"embeddable":true,"href":"https:\/\/www.radiopiu.net\/wordpress\/wp-json\/wp\/v2\/media\/135574"}],"wp:attachment":[{"href":"https:\/\/www.radiopiu.net\/wordpress\/wp-json\/wp\/v2\/media?parent=444382"}],"wp:term":[{"taxonomy":"category","embeddable":true,"href":"https:\/\/www.radiopiu.net\/wordpress\/wp-json\/wp\/v2\/categories?post=444382"},{"taxonomy":"post_tag","embeddable":true,"href":"https:\/\/www.radiopiu.net\/wordpress\/wp-json\/wp\/v2\/tags?post=444382"}],"curies":[{"name":"wp","href":"https:\/\/api.w.org\/{rel}","templated":true}]}}