{"id":444396,"date":"2025-04-10T05:33:10","date_gmt":"2025-04-10T03:33:10","guid":{"rendered":"https:\/\/www.radiopiu.net\/wordpress\/?p=444396"},"modified":"2025-04-11T11:43:33","modified_gmt":"2025-04-11T09:43:33","slug":"trovato-senza-vita-il-corpo-di-luca-andriolo-2","status":"publish","type":"post","link":"https:\/\/www.radiopiu.net\/wordpress\/trovato-senza-vita-il-corpo-di-luca-andriolo-2\/","title":{"rendered":"trovato senza vita il corpo di Luca Andriolo"},"content":{"rendered":"<p class=\"\" data-start=\"153\" data-end=\"213\">**<\/p>\n<p data-start=\"153\" data-end=\"213\">aggiornamento<\/p>\n<p data-start=\"153\" data-end=\"213\">\n<p data-start=\"153\" data-end=\"213\"><a class=\"dt-pswp-item pspw-wrap-ready\" href=\"https:\/\/www.radiopiu.net\/wordpress\/wp-content\/uploads\/2025\/04\/doretta.png\" data-dt-img-description=\"\" data-large_image_width=\"280\" data-large_image_height=\"271\"><img loading=\"lazy\" decoding=\"async\" class=\"size-full wp-image-444397 alignleft\" src=\"https:\/\/www.radiopiu.net\/wordpress\/wp-content\/uploads\/2025\/04\/doretta.png\" alt=\"\" width=\"280\" height=\"271\" \/><\/a><strong>SOSPIROLO<\/strong>\u00a0\u00c8 stato ritrovato senza vita in un canale il corpo senza vita di Luca Andriolo, il 59enne di Belluno, la cui scomparsa era stata segnalata ieri dai familiari. Questa mattina l\u2019elicottero dell\u2019Air service center aveva portato i soccorritori sulla cima delle diverse vette che l\u2019uomo avrebbe potuto raggiungere da dove aveva lasciato la macchina, Sperone, Croce di Susin, Croce Visentini, Croce de Fornel, e sul libro di vetta della Croce di Susin era stata trovata la sua firma con la data del primo aprile. Le squadre sono poi state lasciate in quota per percorrere la sentieristica e durante un sorvolo dell\u2019elicottero dei Vigili del fuoco, con a bordo personale del Soccorso alpino, \u00e8 stato individuato il corpo. L\u2019escursionista deve essere scivolato, scendendo dal versante ovest, ed \u00e8 ruzzolato all\u2019interno di un canale. Sul posto \u00e8 scesa una squadra per supportare l\u2019elicottero nel recupero della salma<\/p>\n<p data-start=\"153\" data-end=\"213\">\n<p data-start=\"153\" data-end=\"213\">\n<hr \/>\n<p data-start=\"153\" data-end=\"213\">\n<p data-start=\"153\" data-end=\"213\"><strong>BELLUNO<\/strong> Sulla pagina facebook di <span class=\"xt0psk2\"><span class=\"xjp7ctv\"><a class=\"x1i10hfl xjbqb8w x1ejq31n xd10rxx x1sy0etr x17r0tee x972fbf xcfux6l x1qhh985 xm0m39n x9f619 x1ypdohk xt0psk2 xe8uvvx xdj266r x11i5rnm xat24cr x1mh8g0r xexx8yu x4uap5 x18d9i69 xkhd6sd x16tdsg8 x1hl2dhg xggy1nq x1a2a7pz xkrqix3 x1sur9pj xzsf02u x1s688f\" tabindex=\"0\" role=\"link\" href=\"https:\/\/www.facebook.com\/dori52?__cft__[0]=AZVqoL06EopYZYgrI6hDPa8rxSu2LKjadVHPlmC9mlrnOrdY6Qn5aWgzuZprb26q-MvN8PmWLqCZNLCh4i22gzLrTvUgBGWpeWSZGuCR7dOaz79ZD-Ysh9qNsorElgR6RCDa0YGk0mjiZmsy6Yj-egrHVVA1e_GtDkAVzAlyZC5Nkw&amp;__tn__=-UC%2CP-R\"><strong class=\"html-strong xdj266r x11i5rnm xat24cr x1mh8g0r xexx8yu x4uap5 x18d9i69 xkhd6sd x1hl2dhg x16tdsg8 x1vvkbs x1s688f\"><span class=\"html-span xdj266r x11i5rnm xat24cr x1mh8g0r xexx8yu x4uap5 x18d9i69 xkhd6sd x1hl2dhg x16tdsg8 x1vvkbs\">Doretta Andriolo<\/span><\/strong><\/a> (600 condivisioni in sei ore) \u00e8 comparso un post:<\/span><\/span> &#8220;Si cerca con urgenza Luca, un uomo residente al Nevegal. A lanciare l\u2019allarme \u00e8 la sorella Doretta, che non ha pi\u00f9 sue notizie da diversi giorni. Luca vive da solo, non ha problemi di salute noti, ma il suo cellulare risulta irraggiungibile. Potrebbe essere uscito con la sua auto, una Lancia Ypsilon bianca Targa\u00a0 EH154SX .<br \/>\n&#8220;Si \u00e8 perso mio fratello \u2013 scrive Doretta \u2013 Se qualcuno lo vede o ha notizie, vi prego di contattarmi subito al numero 340.0805186. Aiutatemi a trovarlo. Grazie di cuore.&#8221; Chiunque abbia visto Luca o abbia informazioni utili \u00e8 pregato di contattare immediatamente le forze dell\u2019ordine o il numero indicato. Ogni segnalazione pu\u00f2 essere preziosa.<\/p>\n<p>__<\/p>\n<p><span style=\"color: #ff0000;\"><strong>AGGIORNAMENTO<\/strong><\/span><\/p>\n<p class=\"\" data-start=\"88\" data-end=\"335\"><strong>SOSPIROLO<\/strong>\u00a0 Svolta nelle ricerche dell\u2019uomo scomparso dal piazzale del Nevegal: nella serata di gioved\u00ec la sua auto, una Ypsilon bianca, \u00e8 stata ritrovata a Sospirolo, rilanciando l\u2019allarme e cambiando completamente la prospettiva investigativa. La vicenda era iniziata mercoled\u00ec sera, quando carabinieri e vigili del fuoco si erano recati presso l\u2019abitazione dell\u2019uomo, al Nevegal, per un presunto intervento di soccorso. Tuttavia, la casa era vuota e anche la vettura era sparita, lasciando ipotizzare un allontanamento volontario, magari per una vacanza, come sembrava emergere da alcuni elementi raccolti. La scoperta dell\u2019auto a Sospirolo ha per\u00f2 riacceso le preoccupazioni e ha spinto le autorit\u00e0 a riattivare le ricerche, che ora si concentrano nella zona dove \u00e8 stato rinvenuto il veicolo. Sul posto sono presenti forze dell\u2019ordine e squadre specializzate, impegnate in perlustrazioni a terra e nei dintorni. Al momento non ci sono ulteriori sviluppi, ma l\u2019attenzione resta alta.<\/p>\n","protected":false},"excerpt":{"rendered":"<p>** aggiornamento SOSPIROLO\u00a0\u00c8 stato ritrovato senza vita in un canale il corpo senza vita di Luca Andriolo, il 59enne di Belluno, la cui scomparsa era stata segnalata ieri dai familiari. Questa mattina l\u2019elicottero dell\u2019Air service center aveva portato i soccorritori sulla cima delle diverse vette che l\u2019uomo avrebbe potuto raggiungere da dove aveva lasciato la&hellip;<\/p>\n","protected":false},"author":4,"featured_media":444397,"comment_status":"closed","ping_status":"closed","sticky":false,"template":"","format":"standard","meta":{"_monsterinsights_skip_tracking":false,"_monsterinsights_sitenote_active":false,"_monsterinsights_sitenote_note":"","_monsterinsights_sitenote_category":0,"footnotes":""},"categories":[104,49],"tags":[],"class_list":["post-444396","post","type-post","status-publish","format-standard","has-post-thumbnail","hentry","category-evidenza_3","category-news-18","category-104","category-49","description-off"],"img_url":"https:\/\/www.radiopiu.net\/wordpress\/wp-content\/uploads\/2025\/04\/doretta.png","_links":{"self":[{"href":"https:\/\/www.radiopiu.net\/wordpress\/wp-json\/wp\/v2\/posts\/444396","targetHints":{"allow":["GET"]}}],"collection":[{"href":"https:\/\/www.radiopiu.net\/wordpress\/wp-json\/wp\/v2\/posts"}],"about":[{"href":"https:\/\/www.radiopiu.net\/wordpress\/wp-json\/wp\/v2\/types\/post"}],"author":[{"embeddable":true,"href":"https:\/\/www.radiopiu.net\/wordpress\/wp-json\/wp\/v2\/users\/4"}],"replies":[{"embeddable":true,"href":"https:\/\/www.radiopiu.net\/wordpress\/wp-json\/wp\/v2\/comments?post=444396"}],"version-history":[{"count":8,"href":"https:\/\/www.radiopiu.net\/wordpress\/wp-json\/wp\/v2\/posts\/444396\/revisions"}],"predecessor-version":[{"id":444459,"href":"https:\/\/www.radiopiu.net\/wordpress\/wp-json\/wp\/v2\/posts\/444396\/revisions\/444459"}],"wp:featuredmedia":[{"embeddable":true,"href":"https:\/\/www.radiopiu.net\/wordpress\/wp-json\/wp\/v2\/media\/444397"}],"wp:attachment":[{"href":"https:\/\/www.radiopiu.net\/wordpress\/wp-json\/wp\/v2\/media?parent=444396"}],"wp:term":[{"taxonomy":"category","embeddable":true,"href":"https:\/\/www.radiopiu.net\/wordpress\/wp-json\/wp\/v2\/categories?post=444396"},{"taxonomy":"post_tag","embeddable":true,"href":"https:\/\/www.radiopiu.net\/wordpress\/wp-json\/wp\/v2\/tags?post=444396"}],"curies":[{"name":"wp","href":"https:\/\/api.w.org\/{rel}","templated":true}]}}