{"id":444494,"date":"2025-04-12T05:19:07","date_gmt":"2025-04-12T03:19:07","guid":{"rendered":"https:\/\/www.radiopiu.net\/wordpress\/?p=444494"},"modified":"2025-04-12T05:32:13","modified_gmt":"2025-04-12T03:32:13","slug":"cortinabanca-ottiene-la-certificazione-per-la-parita-di-genere","status":"publish","type":"post","link":"https:\/\/www.radiopiu.net\/wordpress\/cortinabanca-ottiene-la-certificazione-per-la-parita-di-genere\/","title":{"rendered":"CORTINABANCA OTTIENE LA CERTIFICAZIONE PER LA PARITA&#8217; DI GENERE"},"content":{"rendered":"<p>********<\/p>\n<p>&nbsp;<\/p>\n<p><strong><a class=\"dt-pswp-item\" href=\"https:\/\/www.radiopiu.net\/wordpress\/wp-content\/uploads\/2025\/04\/IMG_1015-scaled.jpeg\" data-dt-img-description=\"\" data-large_image_width=\"1920\" data-large_image_height=\"2560\"><img loading=\"lazy\" decoding=\"async\" class=\" wp-image-444497 alignleft\" src=\"https:\/\/www.radiopiu.net\/wordpress\/wp-content\/uploads\/2025\/04\/IMG_1015-225x300.jpeg\" alt=\"\" width=\"139\" height=\"185\" srcset=\"https:\/\/www.radiopiu.net\/wordpress\/wp-content\/uploads\/2025\/04\/IMG_1015-225x300.jpeg 225w, https:\/\/www.radiopiu.net\/wordpress\/wp-content\/uploads\/2025\/04\/IMG_1015-768x1024.jpeg 768w, https:\/\/www.radiopiu.net\/wordpress\/wp-content\/uploads\/2025\/04\/IMG_1015-1152x1536.jpeg 1152w, https:\/\/www.radiopiu.net\/wordpress\/wp-content\/uploads\/2025\/04\/IMG_1015-1536x2048.jpeg 1536w, https:\/\/www.radiopiu.net\/wordpress\/wp-content\/uploads\/2025\/04\/IMG_1015-scaled.jpeg 1920w\" sizes=\"auto, (max-width: 139px) 100vw, 139px\" \/><\/a>CORTINA <\/strong>Nei giorni scorsi CORTINABANCA ha ottenuto la certificazione UNI\/PdR 125:2022 per la parit\u00e0 di genere nel contesto lavorativo, rilasciata da CSQA certificazioni, a seguito di un percorso di analisi e revisione delle politiche e dei processi interni, svolto in collaborazione con la Federazione del Nord Est e IRECOOP. Si tratta di un riconoscimento che sottolinea l\u2019impegno costante dell\u2019Istituto di credito verso l&#8217;equit\u00e0 e l&#8217;inclusivit\u00e0 sul luogo di lavoro, derivante da un processo di valutazione di indicatori qualitativi e quantitativi e di interviste ai dipendenti su sei ambiti chiave: cultura e strategia, governance, processi HR (risorse umane), opportunit\u00e0 di crescita e inclusione delle donne in azienda, equit\u00e0 remunerativa per genere, tutela della genitorialit\u00e0 e conciliazione vita-lavoro. \u201c<em>La nostra politica sulla parit\u00e0 di genere approvata dal Consiglio di Amministrazione<\/em> \u2013 riferisce il Presidente della Banca Massimo Antonelli \u2013 <em>si allinea ai principi costituzionali di uguaglianza e alla Strategia Nazionale sulla Parit\u00e0 di Genere 2021-2026, in linea con quanto previsto da uno dei 17 Obiettivi dell&#8217;Agenda 2030 dell\u2019ONU per lo Sviluppo Sostenibile. <\/em><em>E\u2019 un approccio che implica diverse iniziative volte a promuovere un ambiente di lavoro rispettoso della diversit\u00e0, che valorizzi l\u2019equit\u00e0 e l&#8217;inclusione, adottando<\/em> <em>processi coerenti nella gestione delle risorse umane, dalla selezione alla valutazione delle prestazioni. Prevede, inoltre, modalit\u00e0 di lavoro che favoriscono la conciliazione tra vita personale e lavorativa e che prevengono ogni forma di molestia sui luoghi di lavoro.<\/em>\u201d <a class=\"dt-pswp-item\" href=\"https:\/\/www.radiopiu.net\/wordpress\/wp-content\/uploads\/2025\/04\/JDFHKDK-scaled.jpeg\" data-dt-img-description=\"\" data-large_image_width=\"2560\" data-large_image_height=\"1811\"><img loading=\"lazy\" decoding=\"async\" class=\"size-medium wp-image-444498 alignright\" src=\"https:\/\/www.radiopiu.net\/wordpress\/wp-content\/uploads\/2025\/04\/JDFHKDK-300x212.jpeg\" alt=\"\" width=\"300\" height=\"212\" srcset=\"https:\/\/www.radiopiu.net\/wordpress\/wp-content\/uploads\/2025\/04\/JDFHKDK-300x212.jpeg 300w, https:\/\/www.radiopiu.net\/wordpress\/wp-content\/uploads\/2025\/04\/JDFHKDK-1024x724.jpeg 1024w, https:\/\/www.radiopiu.net\/wordpress\/wp-content\/uploads\/2025\/04\/JDFHKDK-768x543.jpeg 768w, https:\/\/www.radiopiu.net\/wordpress\/wp-content\/uploads\/2025\/04\/JDFHKDK-1536x1087.jpeg 1536w, https:\/\/www.radiopiu.net\/wordpress\/wp-content\/uploads\/2025\/04\/JDFHKDK-2048x1449.jpeg 2048w\" sizes=\"auto, (max-width: 300px) 100vw, 300px\" \/><\/a>La Certificazione per la parit\u00e0 di genere \u00e8 stato un percorso fortemente voluto e promosso dalla Federazione del Nordest per le sue associate e il Presidente della Federazione, Lorenzo Liviero, partecipando alla consegna del certificato per la parit\u00e0 di genere a CORTINABANCA si \u00e8 congratulato per il risultato raggiunto e ha sottolineato l\u2019attenzione costante del Credito Cooperativo per la centralit\u00e0 delle persone sul luogo del lavoro e in ogni contesto sociale. Per garantire l&#8217;efficacia di queste iniziative, la comunicazione e il coinvolgimento degli stakeholder sui temi dell&#8217;inclusione e della parit\u00e0 di genere sono fondamentali. Per questo motivo, CORTINABANCA ha istituito un Comitato Guida per la Parit\u00e0 di Genere e ha adottato un sistema di gestione conforme alle linee guida UNI\/PdR 125:2022. \u201c<em>In linea con i valori del Credito Cooperativo<\/em> &#8211; continua il Presidente Antonelli &#8211; <em>CORTINABANCA \u00e8 una banca di persone, che lavora per le persone e investe sul capitale umano per valorizzarlo stabilmente. Con questa certificazione abbiamo, quindi, ribadito la nostra volont\u00e0 di mettere al centro gli individui, riconoscendo tale concetto come fondamentale per il successo a lungo termine dell&#8217;organizzazione e per il benessere dei nostri dipendenti.<\/em>\u201d<\/p>\n<p>&nbsp;<\/p>\n<p>&nbsp;<\/p>\n<p>&nbsp;<\/p>\n<p>**********<\/p>\n","protected":false},"excerpt":{"rendered":"<p>******** &nbsp; CORTINA Nei giorni scorsi CORTINABANCA ha ottenuto la certificazione UNI\/PdR 125:2022 per la parit\u00e0 di genere nel contesto lavorativo, rilasciata da CSQA certificazioni, a seguito di un percorso di analisi e revisione delle politiche e dei processi interni, svolto in collaborazione con la Federazione del Nord Est e IRECOOP. Si tratta di un&hellip;<\/p>\n","protected":false},"author":4,"featured_media":444498,"comment_status":"closed","ping_status":"closed","sticky":false,"template":"","format":"standard","meta":{"_monsterinsights_skip_tracking":false,"_monsterinsights_sitenote_active":false,"_monsterinsights_sitenote_note":"","_monsterinsights_sitenote_category":0,"footnotes":""},"categories":[51,49],"tags":[],"class_list":["post-444494","post","type-post","status-publish","format-standard","has-post-thumbnail","hentry","category-evidenza-top","category-news-18","category-51","category-49","description-off"],"img_url":"https:\/\/www.radiopiu.net\/wordpress\/wp-content\/uploads\/2025\/04\/JDFHKDK-scaled.jpeg","_links":{"self":[{"href":"https:\/\/www.radiopiu.net\/wordpress\/wp-json\/wp\/v2\/posts\/444494","targetHints":{"allow":["GET"]}}],"collection":[{"href":"https:\/\/www.radiopiu.net\/wordpress\/wp-json\/wp\/v2\/posts"}],"about":[{"href":"https:\/\/www.radiopiu.net\/wordpress\/wp-json\/wp\/v2\/types\/post"}],"author":[{"embeddable":true,"href":"https:\/\/www.radiopiu.net\/wordpress\/wp-json\/wp\/v2\/users\/4"}],"replies":[{"embeddable":true,"href":"https:\/\/www.radiopiu.net\/wordpress\/wp-json\/wp\/v2\/comments?post=444494"}],"version-history":[{"count":1,"href":"https:\/\/www.radiopiu.net\/wordpress\/wp-json\/wp\/v2\/posts\/444494\/revisions"}],"predecessor-version":[{"id":444499,"href":"https:\/\/www.radiopiu.net\/wordpress\/wp-json\/wp\/v2\/posts\/444494\/revisions\/444499"}],"wp:featuredmedia":[{"embeddable":true,"href":"https:\/\/www.radiopiu.net\/wordpress\/wp-json\/wp\/v2\/media\/444498"}],"wp:attachment":[{"href":"https:\/\/www.radiopiu.net\/wordpress\/wp-json\/wp\/v2\/media?parent=444494"}],"wp:term":[{"taxonomy":"category","embeddable":true,"href":"https:\/\/www.radiopiu.net\/wordpress\/wp-json\/wp\/v2\/categories?post=444494"},{"taxonomy":"post_tag","embeddable":true,"href":"https:\/\/www.radiopiu.net\/wordpress\/wp-json\/wp\/v2\/tags?post=444494"}],"curies":[{"name":"wp","href":"https:\/\/api.w.org\/{rel}","templated":true}]}}