{"id":444566,"date":"2025-04-14T05:40:58","date_gmt":"2025-04-14T03:40:58","guid":{"rendered":"https:\/\/www.radiopiu.net\/wordpress\/?p=444566"},"modified":"2025-04-14T08:18:31","modified_gmt":"2025-04-14T06:18:31","slug":"giornale-radiopiu-14-aprile-2025-direttore-mirko-mezzacasa","status":"publish","type":"post","link":"https:\/\/www.radiopiu.net\/wordpress\/giornale-radiopiu-14-aprile-2025-direttore-mirko-mezzacasa\/","title":{"rendered":"GIORNALE RADIOPIU 14 APRILE 2025 DIRETTORE MIRKO MEZZACASA"},"content":{"rendered":"<p>******<\/p>\n<p>&nbsp;<\/p>\n<p>&nbsp;<\/p>\n<p><em><span style=\"color: #ff0000;\"><a class=\"dt-pswp-item\" href=\"https:\/\/www.radiopiu.net\/wordpress\/wp-content\/uploads\/2024\/10\/Senza-nome-8.png\" data-dt-img-description=\"\" data-large_image_width=\"343\" data-large_image_height=\"303\"><img loading=\"lazy\" decoding=\"async\" class=\"wp-image-412130 alignleft\" src=\"https:\/\/www.radiopiu.net\/wordpress\/wp-content\/uploads\/2024\/10\/Senza-nome-8-300x265.png\" alt=\"\" width=\"105\" height=\"93\" srcset=\"https:\/\/www.radiopiu.net\/wordpress\/wp-content\/uploads\/2024\/10\/Senza-nome-8-300x265.png 300w, https:\/\/www.radiopiu.net\/wordpress\/wp-content\/uploads\/2024\/10\/Senza-nome-8.png 343w\" sizes=\"auto, (max-width: 105px) 100vw, 105px\" \/><\/a><\/span><\/em><strong><em><span style=\"color: #ff0000;\"> LA\u00a0 APP PER IOS-IPHONE di Nicola Vettorello<\/span><\/em><\/strong><\/p>\n<p><strong><span style=\"color: #0000ff;\"><a style=\"color: #0000ff;\" href=\"https:\/\/apps.apple.com\/it\/app\/radio-pi%C3%B9-emittente-agordina\/id1515939845\">https:\/\/apps.apple.com\/it\/app\/radio-pi%C3%B9-emittente-agordina\/id1515939845<\/a><\/span><\/strong><\/p>\n<p><strong><em style=\"color: #ff0000;\">LA\u00a0 APP RADIO\u00a0 PER ANDROID di Nicola Vettorello<\/em><\/strong><\/p>\n<p><strong><span style=\"color: #0000ff;\"><a style=\"color: #0000ff;\" href=\"https:\/\/play.google.com\/store\/apps\/details?id=net.radiopiu.iniko\" target=\"_blank\" rel=\"noopener noreferrer\">https:\/\/<\/a><a style=\"color: #0000ff;\" href=\"https:\/\/play.google.com\/store\/apps\/details?id=net.radiopiu.iniko\" target=\"_blank\" rel=\"noopener noreferrer\">play.google.com\/store\/apps\/details?id=net.radiopiu.iniko\u00a0\u00a0\u00a0\u00a0<\/a><\/span><\/strong><\/p>\n<p>&nbsp;<\/p>\n<p><strong>IERI A FELTRE&#8230; CORSA d&#8217; altri TEMPI edizione 2025 foto SONIA COMIOTTO ART.21<\/strong><br \/>\n<a class=\"dt-pswp-item\" href=\"https:\/\/www.radiopiu.net\/wordpress\/wp-content\/uploads\/2025\/04\/491204457_10229243008161552_7958753957867229688_n.jpg\" data-dt-img-description=\"\" data-large_image_width=\"2048\" data-large_image_height=\"1542\"><img loading=\"lazy\" decoding=\"async\" class=\"alignnone size-medium wp-image-444818\" src=\"https:\/\/www.radiopiu.net\/wordpress\/wp-content\/uploads\/2025\/04\/491204457_10229243008161552_7958753957867229688_n-300x226.jpg\" alt=\"\" width=\"300\" height=\"226\" srcset=\"https:\/\/www.radiopiu.net\/wordpress\/wp-content\/uploads\/2025\/04\/491204457_10229243008161552_7958753957867229688_n-300x226.jpg 300w, https:\/\/www.radiopiu.net\/wordpress\/wp-content\/uploads\/2025\/04\/491204457_10229243008161552_7958753957867229688_n-1024x771.jpg 1024w, https:\/\/www.radiopiu.net\/wordpress\/wp-content\/uploads\/2025\/04\/491204457_10229243008161552_7958753957867229688_n-768x578.jpg 768w, https:\/\/www.radiopiu.net\/wordpress\/wp-content\/uploads\/2025\/04\/491204457_10229243008161552_7958753957867229688_n-1536x1157.jpg 1536w, https:\/\/www.radiopiu.net\/wordpress\/wp-content\/uploads\/2025\/04\/491204457_10229243008161552_7958753957867229688_n.jpg 2048w\" sizes=\"auto, (max-width: 300px) 100vw, 300px\" \/><\/a><a class=\"dt-pswp-item\" href=\"https:\/\/www.radiopiu.net\/wordpress\/wp-content\/uploads\/2025\/04\/491686475_10229242957320281_6962176268034684972_n.jpg\" data-dt-img-description=\"\" data-large_image_width=\"600\" data-large_image_height=\"452\"><img loading=\"lazy\" decoding=\"async\" class=\"alignnone size-medium wp-image-444819\" src=\"https:\/\/www.radiopiu.net\/wordpress\/wp-content\/uploads\/2025\/04\/491686475_10229242957320281_6962176268034684972_n-300x226.jpg\" alt=\"\" width=\"300\" height=\"226\" srcset=\"https:\/\/www.radiopiu.net\/wordpress\/wp-content\/uploads\/2025\/04\/491686475_10229242957320281_6962176268034684972_n-300x226.jpg 300w, https:\/\/www.radiopiu.net\/wordpress\/wp-content\/uploads\/2025\/04\/491686475_10229242957320281_6962176268034684972_n.jpg 600w\" sizes=\"auto, (max-width: 300px) 100vw, 300px\" \/><\/a><a class=\"dt-pswp-item\" href=\"https:\/\/www.radiopiu.net\/wordpress\/wp-content\/uploads\/2025\/04\/490916089_10229242951160127_8750876184248941034_n.jpg\" data-dt-img-description=\"\" data-large_image_width=\"452\" data-large_image_height=\"600\"><img loading=\"lazy\" decoding=\"async\" class=\"alignnone wp-image-444820\" src=\"https:\/\/www.radiopiu.net\/wordpress\/wp-content\/uploads\/2025\/04\/490916089_10229242951160127_8750876184248941034_n-226x300.jpg\" alt=\"\" width=\"169\" height=\"224\" srcset=\"https:\/\/www.radiopiu.net\/wordpress\/wp-content\/uploads\/2025\/04\/490916089_10229242951160127_8750876184248941034_n-226x300.jpg 226w, https:\/\/www.radiopiu.net\/wordpress\/wp-content\/uploads\/2025\/04\/490916089_10229242951160127_8750876184248941034_n.jpg 452w\" sizes=\"auto, (max-width: 169px) 100vw, 169px\" \/><\/a><\/p>\n<p>&nbsp;<\/p>\n<hr \/>\n<p><span style=\"color: #0000ff;\">\u00a0<\/span><\/p>\n<p>&nbsp;<\/p>\n<p><span style=\"color: #0000ff;\"><strong>OGGI <\/strong>\u00a0<\/span>\u00a0<strong> 825<\/strong> PIU&#8217; MUSICA, IL PROGRAMMA DI MARINA DONA&#8217;<strong>\u00a009.00 <\/strong>OGGI COME IERI, DI SILVIA BALDO\u00a0 \u00a0\u00a0<strong> 11.00\u00a0 PIU MUSICA, LE SELZIONI DI MORENO E DAVID BEN<\/strong>\u00a0<span class=\"transfer_display_name\">\u00a0<strong>13.00<\/strong>\u00a0 SALUTE E SOCIETA&#8217; CON IL DOTTOR MARCO CARACCIOLO\u00a0 \u00a0<strong>15.10<\/strong>\u00a0 RITRATTI SONORI DI ALESSIA DALL&#8217;O, OSPITE IN STUDIO GIUSEPPE FORTUNATO <\/span><strong>16<\/strong><b>.45\u00a0<\/b> LE CLASSIFICHE, LA STORIA DELLA MUSICA, DI MIRCO BENCIVENNI <strong>19.00<\/strong> le anticipazioni del TG di Antenna 3 (Canale 10 digitale terrestre) di Tiziana Bolognani<\/p>\n<p>&nbsp;<\/p>\n<p>&nbsp;<\/p>\n<hr \/>\n<p>&nbsp;<\/p>\n<p>&nbsp;<\/p>\n<div class=\"x11i5rnm xat24cr x1mh8g0r x1vvkbs xtlvy1s x126k92a\">\n<div dir=\"auto\">\n<div dir=\"auto\">\n<p><strong><a class=\"dt-pswp-item\" href=\"https:\/\/www.radiopiu.net\/wordpress\/wp-content\/uploads\/2024\/02\/2d44e751-d8a8-461b-8e22-d8e4e853b032.jpg\" data-dt-img-description=\"\" data-large_image_width=\"1600\" data-large_image_height=\"1200\"><img loading=\"lazy\" decoding=\"async\" class=\"wp-image-373307 alignleft\" src=\"https:\/\/www.radiopiu.net\/wordpress\/wp-content\/uploads\/2024\/02\/2d44e751-d8a8-461b-8e22-d8e4e853b032-300x225.jpg\" alt=\"\" width=\"105\" height=\"79\" srcset=\"https:\/\/www.radiopiu.net\/wordpress\/wp-content\/uploads\/2024\/02\/2d44e751-d8a8-461b-8e22-d8e4e853b032-300x225.jpg 300w, https:\/\/www.radiopiu.net\/wordpress\/wp-content\/uploads\/2024\/02\/2d44e751-d8a8-461b-8e22-d8e4e853b032-1024x768.jpg 1024w, https:\/\/www.radiopiu.net\/wordpress\/wp-content\/uploads\/2024\/02\/2d44e751-d8a8-461b-8e22-d8e4e853b032-768x576.jpg 768w, https:\/\/www.radiopiu.net\/wordpress\/wp-content\/uploads\/2024\/02\/2d44e751-d8a8-461b-8e22-d8e4e853b032-1536x1152.jpg 1536w, https:\/\/www.radiopiu.net\/wordpress\/wp-content\/uploads\/2024\/02\/2d44e751-d8a8-461b-8e22-d8e4e853b032.jpg 1600w\" sizes=\"auto, (max-width: 105px) 100vw, 105px\" \/><\/a>EL BAL DEL FIOR, DI GIULIANA DA RONCH, 14 APRILE<\/strong><strong> 2025<\/strong><\/p>\n<\/div>\n<p>&nbsp;<\/p>\n<div dir=\"auto\">\n<audio class=\"wp-audio-shortcode\" id=\"audio-444566-1\" preload=\"none\" style=\"width: 100%;\" controls=\"controls\"><source type=\"audio\/mpeg\" src=\"https:\/\/www.radiopiu.net\/wordpress\/wp-content\/uploads\/2025\/04\/GLU-1.mp3?_=1\" \/><a href=\"https:\/\/www.radiopiu.net\/wordpress\/wp-content\/uploads\/2025\/04\/GLU-1.mp3\">https:\/\/www.radiopiu.net\/wordpress\/wp-content\/uploads\/2025\/04\/GLU-1.mp3<\/a><\/audio>\n<p>&nbsp;<\/p>\n<p>&nbsp;<\/p>\n<hr \/>\n<p>&nbsp;<\/p>\n<p>&nbsp;<\/p>\n<\/div>\n<\/div>\n<\/div>\n<div class=\"x11i5rnm xat24cr x1mh8g0r x1vvkbs xtlvy1s x126k92a\">\n<blockquote>\n<h1><strong><a class=\"dt-pswp-item\" href=\"https:\/\/www.radiopiu.net\/wordpress\/wp-content\/uploads\/2024\/10\/629301fd-708d-4f53-95c2-d28cbefd500f.jpg\" data-dt-img-description=\"\" data-large_image_width=\"1600\" data-large_image_height=\"1322\"><img loading=\"lazy\" decoding=\"async\" class=\"wp-image-413782 alignright\" src=\"https:\/\/www.radiopiu.net\/wordpress\/wp-content\/uploads\/2024\/10\/629301fd-708d-4f53-95c2-d28cbefd500f-300x248.jpg\" alt=\"\" width=\"106\" height=\"88\" srcset=\"https:\/\/www.radiopiu.net\/wordpress\/wp-content\/uploads\/2024\/10\/629301fd-708d-4f53-95c2-d28cbefd500f-300x248.jpg 300w, https:\/\/www.radiopiu.net\/wordpress\/wp-content\/uploads\/2024\/10\/629301fd-708d-4f53-95c2-d28cbefd500f-1024x846.jpg 1024w, https:\/\/www.radiopiu.net\/wordpress\/wp-content\/uploads\/2024\/10\/629301fd-708d-4f53-95c2-d28cbefd500f-768x635.jpg 768w, https:\/\/www.radiopiu.net\/wordpress\/wp-content\/uploads\/2024\/10\/629301fd-708d-4f53-95c2-d28cbefd500f-1536x1269.jpg 1536w, https:\/\/www.radiopiu.net\/wordpress\/wp-content\/uploads\/2024\/10\/629301fd-708d-4f53-95c2-d28cbefd500f.jpg 1600w\" sizes=\"auto, (max-width: 106px) 100vw, 106px\" \/><\/a><\/strong><\/h1>\n<h1><strong><a class=\"dt-pswp-item\" href=\"https:\/\/www.radiopiu.net\/wordpress\/wp-content\/uploads\/2024\/11\/th-18.jpg\" data-dt-img-description=\"\" data-large_image_width=\"156\" data-large_image_height=\"180\"><img loading=\"lazy\" decoding=\"async\" class=\"size-full wp-image-421611 alignleft\" src=\"https:\/\/www.radiopiu.net\/wordpress\/wp-content\/uploads\/2024\/11\/th-18.jpg\" alt=\"\" width=\"156\" height=\"180\" \/><\/a><\/strong><\/h1>\n<h1><strong>N di parom &#8211; L Almanach de la nosta jent<\/strong><\/h1>\n<\/blockquote>\n<p>&nbsp;<\/p>\n<p>Le voci: Davide Conedera, Agordo, Michela Dell&#8217;Osbel, La Valle Agordina Simone Ganz, Falcade Veronica Lezuo, Colle Santa Lucia. La voce nella sigla \u00e8 di Giorgia Taio<\/p>\n<p><strong>LA PUNTATA DI OGGI, 14 APRILE 2025<\/strong><\/p>\n<audio class=\"wp-audio-shortcode\" id=\"audio-444566-2\" preload=\"none\" style=\"width: 100%;\" controls=\"controls\"><source type=\"audio\/mpeg\" src=\"https:\/\/www.radiopiu.net\/wordpress\/wp-content\/uploads\/2025\/04\/AL1-1.mp3?_=2\" \/><a href=\"https:\/\/www.radiopiu.net\/wordpress\/wp-content\/uploads\/2025\/04\/AL1-1.mp3\">https:\/\/www.radiopiu.net\/wordpress\/wp-content\/uploads\/2025\/04\/AL1-1.mp3<\/a><\/audio>\n<p>&nbsp;<\/p>\n<\/div>\n<div class=\"x11i5rnm xat24cr x1mh8g0r x1vvkbs xtlvy1s x126k92a\">\n<div dir=\"auto\">\n<hr \/>\n<\/div>\n<\/div>\n<blockquote>\n<blockquote>\n<h1><span style=\"color: #ff0000;\">\u00a0<\/span><\/h1>\n<h1><span style=\"color: #ff0000;\">I podcast informativi del mattino &#8211; audio &#8211;\u00a0\u00a0<\/span><\/h1>\n<\/blockquote>\n<p><strong><a class=\"dt-pswp-item\" href=\"https:\/\/www.radiopiu.net\/wordpress\/wp-content\/uploads\/2024\/11\/6.jpg\" data-dt-img-description=\"\" data-large_image_width=\"177\" data-large_image_height=\"180\"><img loading=\"lazy\" decoding=\"async\" class=\"size-full wp-image-417911 alignleft\" src=\"https:\/\/www.radiopiu.net\/wordpress\/wp-content\/uploads\/2024\/11\/6.jpg\" alt=\"\" width=\"177\" height=\"180\" \/><\/a>LA RASSEGNA STAMPA NAZIONALE ALLA RADIO, OGNI GIORNO ALLE 5 E ALLE 6 DEL MATTINO <span style=\"color: #0000ff;\">viene pubblicata alle 6.00 <span style=\"color: #ff0000;\">DIRETTA RADIO\u00a0 \u00a0\u00a0<\/span><\/span><\/strong><\/p><\/blockquote>\n<p>&nbsp;<\/p>\n<p><strong>NOTIZIE DELLA NOTTE<\/strong><\/p>\n<p><strong>Trump<\/strong>, annuncio dazi su semiconduttori in settimana <strong>Trump<\/strong> definisce l&#8217;attacco russo a Sumy &#8216;una cosa orribile&#8217; <strong>Ecuador<\/strong>, ha vinto Noboa ma Gonzalez non riconosce la sconfitta Xi, &#8216;il protezionismo non porta da nessuna parte&#8217; <strong>Usa,attacco Sumy<\/strong> \u00e8 promemoria della necessit\u00e0 di negoziare <strong>Axios,<\/strong> il prossimo round delle trattative Usa-Iran a Roma <strong>E&#8217; morto il Nobe<\/strong>l per la Letteratura Mario Vargas Llosa<\/p>\n<h1>AUDIO dalle 6 del mattino<\/h1>\n<audio class=\"wp-audio-shortcode\" id=\"audio-444566-3\" preload=\"none\" style=\"width: 100%;\" controls=\"controls\"><source type=\"audio\/mpeg\" src=\"https:\/\/www.radiopiu.net\/wordpress\/wp-content\/uploads\/2025\/04\/GIORNALEDELLESEI-9.mp3?_=3\" \/><a href=\"https:\/\/www.radiopiu.net\/wordpress\/wp-content\/uploads\/2025\/04\/GIORNALEDELLESEI-9.mp3\">https:\/\/www.radiopiu.net\/wordpress\/wp-content\/uploads\/2025\/04\/GIORNALEDELLESEI-9.mp3<\/a><\/audio>\n<p>&nbsp;<\/p>\n<p>&nbsp;<\/p>\n<hr \/>\n<p>&nbsp;<\/p>\n<h1 style=\"text-align: center;\"><span style=\"color: #ff0000;\"><a class=\"dt-pswp-item\" href=\"https:\/\/www.radiopiu.net\/wordpress\/wp-content\/uploads\/2024\/11\/7.jpg\" data-dt-img-description=\"\" data-large_image_width=\"180\" data-large_image_height=\"180\"><img loading=\"lazy\" decoding=\"async\" class=\"size-full wp-image-417912 alignleft\" src=\"https:\/\/www.radiopiu.net\/wordpress\/wp-content\/uploads\/2024\/11\/7.jpg\" alt=\"\" width=\"180\" height=\"180\" srcset=\"https:\/\/www.radiopiu.net\/wordpress\/wp-content\/uploads\/2024\/11\/7.jpg 180w, https:\/\/www.radiopiu.net\/wordpress\/wp-content\/uploads\/2024\/11\/7-150x150.jpg 150w\" sizes=\"auto, (max-width: 180px) 100vw, 180px\" \/><\/a>I podcast informativi del mattino &#8211; audio &#8211;\u00a0<\/span><\/h1>\n<p><strong>OGNI GIORNO ALLE SETTE DEL MATTINO, LA RASSEGNA STAMPA LOCALE FLASH&#8230; PER CHI VA IN FRETTA. I TITOLI DAI GIORNALI E DAL SITO WWW.RADIOPIU.NET <span style=\"color: #0000ff;\">viene pubblicato alle 7.00<\/span> <span style=\"color: #ff0000;\">DIRETTA RADIO\u00a0<\/span><\/strong><\/p>\n<p><em><span style=\"color: #ff0000;\">per chi va in fretta&#8230; tante notizie in pochi minuti. L&#8217;informazione locale alla radio, ogni ora dalle 7 del mattino alle 19 della sera.\u00a0\u00a0<\/span><\/em><\/p>\n<p>&nbsp;<\/p>\n<p><strong data-start=\"0\" data-end=\"62\">Notizie locali dal Bellunese: tra cronaca, eventi e novit\u00e0<\/strong><\/p>\n<div class=\"flex flex-1 grow basis-auto flex-col overflow-hidden\">\n<div class=\"relative h-full\">\n<div class=\"flex h-full flex-col overflow-y-auto [scrollbar-gutter:stable]\">\n<div class=\"mt-1.5 flex flex-col text-sm @thread-xl\/thread:pt-header-height md:pb-9\">\n<article class=\"group\/turn w-full text-token-text-primary focus-visible:outline-none\" dir=\"auto\" tabindex=\"-1\" data-testid=\"conversation-turn-2\" data-scroll-anchor=\"true\">\n<div class=\"text-base my-auto mx-auto py-5 px-6\">\n<div class=\"mx-auto flex flex-1 text-base gap-4 md:gap-5 lg:gap-6 md:max-w-3xl\">\n<div class=\"group\/conversation-turn relative flex w-full min-w-0 flex-col agent-turn @xs\/thread:px-0 @sm\/thread:px-1.5 @md\/thread:px-4\">\n<div class=\"relative flex-col gap-1 md:gap-3\">\n<div class=\"flex max-w-full flex-col flex-grow\">\n<div class=\"min-h-8 text-message relative flex w-full flex-col items-end gap-2 whitespace-normal break-words text-start [.text-message+&amp;]:mt-5\" dir=\"auto\" data-message-author-role=\"assistant\" data-message-id=\"bff05fc0-dc7c-4ab7-9b20-d3eec753127b\" data-message-model-slug=\"gpt-4o-mini\">\n<div class=\"flex w-full flex-col gap-1 empty:hidden first:pt-[3px]\">\n<div class=\"markdown prose w-full break-words dark:prose-invert dark\">\n<p class=\"\" data-start=\"64\" data-end=\"329\">Radio Pi\u00f9 offre una panoramica sui principali eventi e notizie in provincia di Belluno, accompagnata dalla programmazione radiofonica. Tra le principali notizie<\/p>\n<\/div>\n<\/div>\n<\/div>\n<\/div>\n<\/div>\n<\/div>\n<\/div>\n<\/div>\n<\/article>\n<\/div>\n<\/div>\n<\/div>\n<\/div>\n<h1>AUDIO dalle 7 del mattino<\/h1>\n<audio class=\"wp-audio-shortcode\" id=\"audio-444566-4\" preload=\"none\" style=\"width: 100%;\" controls=\"controls\"><source type=\"audio\/mpeg\" src=\"https:\/\/www.radiopiu.net\/wordpress\/wp-content\/uploads\/2025\/04\/GF07-11.mp3?_=4\" \/><a href=\"https:\/\/www.radiopiu.net\/wordpress\/wp-content\/uploads\/2025\/04\/GF07-11.mp3\">https:\/\/www.radiopiu.net\/wordpress\/wp-content\/uploads\/2025\/04\/GF07-11.mp3<\/a><\/audio>\n<p>&nbsp;<\/p>\n<p>&nbsp;<\/p>\n<hr \/>\n<p>&nbsp;<\/p>\n<h1><\/h1>\n<h1 style=\"text-align: center;\"><span style=\"color: #ff0000;\"><a class=\"dt-pswp-item\" href=\"https:\/\/www.radiopiu.net\/wordpress\/wp-content\/uploads\/2024\/11\/th.jpg\" data-dt-img-description=\"\" data-large_image_width=\"148\" data-large_image_height=\"179\"><img loading=\"lazy\" decoding=\"async\" class=\"size-full wp-image-417913 alignleft\" src=\"https:\/\/www.radiopiu.net\/wordpress\/wp-content\/uploads\/2024\/11\/th.jpg\" alt=\"\" width=\"148\" height=\"179\" \/><\/a>I podcast informativi del mattino &#8211; audio &#8211;\u00a0<\/span><\/h1>\n<blockquote><p><strong>GIORNALE RADIO NAZIONALE, EDIZIONE DELLE SETTE <span style=\"color: #0000ff;\">viene pubblicato alle 7.05 <span style=\"color: #ff0000;\">DIRETTA RADIO\u00a0<\/span><\/span><\/strong><\/p><\/blockquote>\n<p><strong>il giornale radionazionale e&#8217; in onda ogni ora, dalle sette del mattino alle venti della sera\u00a0 \u00a0<\/strong><\/p>\n<p>&nbsp;<\/p>\n<p>&nbsp;<\/p>\n<p>&nbsp;<\/p>\n<p>&nbsp;<\/p>\n<p><strong><a class=\"dt-pswp-item\" href=\"https:\/\/www.radiopiu.net\/wordpress\/wp-content\/uploads\/2025\/02\/download-7.jpg\" data-dt-img-description=\"\" data-large_image_width=\"211\" data-large_image_height=\"239\"><img loading=\"lazy\" decoding=\"async\" class=\"wp-image-435553 alignleft\" src=\"https:\/\/www.radiopiu.net\/wordpress\/wp-content\/uploads\/2025\/02\/download-7.jpg\" alt=\"\" width=\"154\" height=\"174\" \/><\/a>MASSA CARRARA\u00a0<\/strong> Tenta il suicidio a scuola, salvata da una compagna e da un professore <strong>ROMA<\/strong> \u00c8 morta la professoressa Maria Fedele, moglie di Pietro Grasso <strong>MILANO<\/strong> Sei denunciati al corteo pro Palestina, ora faro sul 25 aprile <strong>TORINO<\/strong> In centinaia ad un rave party, scontri e feriti <strong>ROMA<\/strong> Troppi abusi nelle offerte per le messe, il Papa frena. Decreto del Dicastero del clero, gratuito per chi non ha soldi <strong>PALERMO<\/strong> Fuga da film dal carcere minorile, si calano con le lenzuola Due ritrovati, si cerca un terzo evaso <strong>ROMA<\/strong> Schianto in auto contro un albero, muore 26enne\u00a0 <strong>CASERTA<\/strong> Diciannovenne ucciso\u00a0 \u00e8 caccia al killer <strong>GENOVA<\/strong> Anpi: &#8216;Una tomba di un partigiano \u00e8 stata rimossa con una ruspa <strong>MILANO<\/strong> \u00c8 morto Graziano Mesina, i legali: &#8216;Un accanimento su di lui&#8217;<\/p>\n<p>&nbsp;<\/p>\n<p><strong><a class=\"dt-pswp-item\" href=\"https:\/\/www.radiopiu.net\/wordpress\/wp-content\/uploads\/2025\/02\/download-3.jpg\" data-dt-img-description=\"\" data-large_image_width=\"223\" data-large_image_height=\"226\"><img loading=\"lazy\" decoding=\"async\" class=\"size-full wp-image-434732 alignleft\" src=\"https:\/\/www.radiopiu.net\/wordpress\/wp-content\/uploads\/2025\/02\/download-3.jpg\" alt=\"\" width=\"223\" height=\"226\" \/><\/a>VENEZIA<\/strong> Accusato di violenza su bimba di 11 anni, arrestato A Mestre,ragazzina sarebbe stata aggredita all&#8217;uscita da scuola<br \/>\n<strong>ROVIGO<\/strong> Girava in moto con 10 kg hashish droga nello zaino, arrestato Fermato dalla polizia<br \/>\n<strong>VENEZIA<\/strong> Acquisto fittizio per evitare accertamenti, sequestrato immobile Nel giardino la polizia trova un sacchetto con monili oro rubati<br \/>\n<strong>VENEZIA<\/strong> Veneto: Lega, &#8216;il dopo Zaia spetta a noi&#8217;. Fdi frena Stefani,giusto nostro candidato.De Carlo, no a rendite posizione<\/p>\n<div dir=\"auto\">\n<div class=\"mt-3 w-full empty:hidden\">\n<div class=\"text-center\">\n<div class=\"mx-auto\">\n<div>\n<div class=\"inline-flex rounded-xl border border-gray-100 dark:border-gray-700\">\n<div><strong>VENEZIA<\/strong> De Carlo (Fdi), cedere Veneto per Lombardia? Contano i voti Priorit\u00e0 sono programma e coalizione unita, non terzo mandato<\/div>\n<div><strong>VERONA<\/strong> Trapiantato primo cuore artificiale in ospedale pubblico Veneto Zaia, &#8216;immagine di una sanit\u00e0 pubblica che innova e salva vite&#8217;<br \/>\n<strong>VENEZIA<\/strong> Gondolieri sub recuperano 8 quintali di rifiuti a Venezia E&#8217; la quinta immersione della stagione<br \/>\n<strong>VENEZIA<\/strong> Expo, Venezia protagonista ad Osaka, tra eccellenze e green In mostra anche il meglio dei comuni dell&#8217;area metropolitana<br \/>\n<strong>VENEZIA<\/strong> Brugnaro a Expo 2025 Osaka, &#8216;le pmi ci uniscono al Giappone&#8217; Il sindaco di Venezia all&#8217;inaugurazione del Padiglione Italia<\/div>\n<div><strong>SPORT<\/strong> Rugby: Rovigo vince la Coppa Italia contro le Fiamme Oro Match terminato 28-24 per i veneti<\/div>\n<div><strong>VENEZIA<\/strong> Migliaia di persone a Chioggia per funerali super-tifoso &#8216;Elso&#8217; Era un simbolo citt\u00e0, nonostante fragilit\u00e0 sempre allo stadio<\/div>\n<\/div>\n<\/div>\n<\/div>\n<\/div>\n<\/div>\n<\/div>\n<h1><span style=\"color: #ff0000;\"><span style=\"color: #0000ff;\">ULTIM&#8217;ORA<\/span> <span style=\"color: #000000;\">AUDIO dalle sette del mattino, ogni ora alla radio EDIZIONE DELLE SETTE<\/span><\/span><\/h1>\n<audio class=\"wp-audio-shortcode\" id=\"audio-444566-5\" preload=\"none\" style=\"width: 100%;\" controls=\"controls\"><source type=\"audio\/mpeg\" src=\"https:\/\/www.radiopiu.net\/wordpress\/wp-content\/uploads\/2025\/04\/giornale07-12.mp3?_=5\" \/><a href=\"https:\/\/www.radiopiu.net\/wordpress\/wp-content\/uploads\/2025\/04\/giornale07-12.mp3\">https:\/\/www.radiopiu.net\/wordpress\/wp-content\/uploads\/2025\/04\/giornale07-12.mp3<\/a><\/audio>\n<p>&nbsp;<\/p>\n<p>&nbsp;<\/p>\n<hr \/>\n<p>&nbsp;<\/p>\n<p>&nbsp;<\/p>\n<h1><span style=\"color: #ff0000;\"><a class=\"dt-pswp-item\" href=\"https:\/\/www.radiopiu.net\/wordpress\/wp-content\/uploads\/2024\/11\/8.jpg\" data-dt-img-description=\"\" data-large_image_width=\"180\" data-large_image_height=\"180\"><img loading=\"lazy\" decoding=\"async\" class=\"size-full wp-image-417910 alignleft\" src=\"https:\/\/www.radiopiu.net\/wordpress\/wp-content\/uploads\/2024\/11\/8.jpg\" alt=\"\" width=\"180\" height=\"180\" srcset=\"https:\/\/www.radiopiu.net\/wordpress\/wp-content\/uploads\/2024\/11\/8.jpg 180w, https:\/\/www.radiopiu.net\/wordpress\/wp-content\/uploads\/2024\/11\/8-150x150.jpg 150w\" sizes=\"auto, (max-width: 180px) 100vw, 180px\" \/><\/a>I podcast informativi del mattino &#8211; video &#8211;\u00a0<\/span><\/h1>\n<h2 style=\"text-align: left;\"><strong>RASSEGNA STAMPA LOCALE, ORE OTTO<\/strong><\/h2>\n<h2><strong> <span style=\"color: #0000ff;\">viene\u00a0 <\/span><\/strong><strong><span style=\"color: #0000ff;\">pubblicata alle 8.05 <span style=\"color: #ff0000;\">DIRETTA RADIO\u00a0 \u00a0<\/span><\/span><\/strong><strong>DI MIRKO MEZZACASA<\/strong><\/h2>\n<h2><span style=\"color: #ff0000;\"><strong>\u00a0\u00a0<\/strong><\/span><\/h2>\n<blockquote>\n<h3 data-start=\"0\" data-end=\"64\"><\/h3>\n<p data-start=\"0\" data-end=\"64\">\n<\/blockquote>\n<h1><span style=\"color: #ff0000;\"><strong>VIDEO\u00a0 \u00a0in diretta AGGIORNAMENTO\u00a0 dalle 8 del mattino\u00a0 \u00a0<\/strong><\/span><\/h1>\n<p><iframe loading=\"lazy\" title=\"DAL 1983 LA RASSEGNA STAMPA LOCALE di mirko mezzacasa. L&#039;ORIGINALE\" width=\"1200\" height=\"675\" src=\"https:\/\/www.youtube.com\/embed\/MQrLn7NzbfI?feature=oembed\" frameborder=\"0\" allow=\"accelerometer; autoplay; clipboard-write; encrypted-media; gyroscope; picture-in-picture; web-share\" referrerpolicy=\"strict-origin-when-cross-origin\" allowfullscreen><\/iframe><\/p>\n<p>&nbsp;<\/p>\n<hr \/>\n<p>&nbsp;<\/p>\n<p>&nbsp;<\/p>\n<p>&nbsp;<\/p>\n<p><strong><a class=\"dt-pswp-item\" href=\"https:\/\/www.radiopiu.net\/wordpress\/wp-content\/uploads\/2023\/12\/ANTENNA.png\" data-dt-img-description=\"\" data-large_image_width=\"300\" data-large_image_height=\"166\"><img loading=\"lazy\" decoding=\"async\" class=\"wp-image-366306 alignright\" src=\"https:\/\/www.radiopiu.net\/wordpress\/wp-content\/uploads\/2023\/12\/ANTENNA.png\" alt=\"\" width=\"101\" height=\"56\" \/><\/a><a class=\"dt-pswp-item\" href=\"https:\/\/www.radiopiu.net\/wordpress\/wp-content\/uploads\/2024\/11\/th-17.jpg\" data-dt-img-description=\"\" data-large_image_width=\"224\" data-large_image_height=\"180\"><img loading=\"lazy\" decoding=\"async\" class=\" wp-image-421610 alignleft\" src=\"https:\/\/www.radiopiu.net\/wordpress\/wp-content\/uploads\/2024\/11\/th-17.jpg\" alt=\"\" width=\"167\" height=\"134\" \/><\/a>ogni sera alle 19 le anticipazioni alla radio, quello che poi seguirete nel TELEGIORNALE BELLUNESE\u00a0 in onda alle 19.30 sul CANALE 10 del digitale terrestre.\u00a0\u00a0<\/strong><\/p>\n<p><b>\u00a0\u00a0<\/b><\/p>\n<h1><\/h1>\n<p>&nbsp;<\/p>\n<p>&nbsp;<\/p>\n<p>&nbsp;<\/p>\n<hr \/>\n<p>&nbsp;<\/p>\n<blockquote>\n<h3 class=\"entry-title\">CHIUSURA REGIONALE 203 AGORDINA, BIVIO ROVEI E DELLA SP 347 DEL PASSO CEREDA E DURAN. STRADA CHIUSA DALLE 8 ALLE 17<\/h3>\n<\/blockquote>\n<p><strong>COLLE SANTA LUCIA <\/strong>Fino al 30 aprile dalle 8 alle 17.30 escluso sabato domenica e festivi, chiusura della regionale 203 agordina nel tratto bivio Rovei, bivio Rucav\u00e0. Interdizione totale per lavori di mitigazione del rischio caduta massi.<\/p>\n<p><strong>SEDICO<\/strong> Veneto Strade comunica che dal 14 aprile al 16 maggio, dalle 8 alle 17, sabati domeniche e festivi esclusi, la SP 347 del Passo Cereda e Duran sar\u00e0 interdetta al traffico in localit\u00e0 Fornesighe in comune di Val di Zoldo. Il traffico leggero con larghezza inferiore al 1,80 metri sar\u00e0 deviato in loco. La chiusura si rende necessaria per lavori di manutenzione ad acquedotto e fognatura.<\/p>\n<p>&nbsp;<\/p>\n<p>&nbsp;<\/p>\n<hr \/>\n<p>&nbsp;<\/p>\n<blockquote>\n<h3 class=\"photoswipe-wrapper\"><a class=\"dt-pswp-item pspw-wrap-ready\" href=\"https:\/\/www.radiopiu.net\/wordpress\/wp-content\/uploads\/2024\/12\/Logo_SibPAYOFF.jpg\" data-dt-img-description=\"\" data-large_image_width=\"1536\" data-large_image_height=\"391\"><img loading=\"lazy\" decoding=\"async\" class=\"wp-image-426474 alignleft\" src=\"https:\/\/www.radiopiu.net\/wordpress\/wp-content\/uploads\/2024\/12\/Logo_SibPAYOFF-300x76.jpg\" sizes=\"auto, (max-width: 162px) 100vw, 162px\" srcset=\"https:\/\/www.radiopiu.net\/wordpress\/wp-content\/uploads\/2024\/12\/Logo_SibPAYOFF-300x76.jpg 300w, https:\/\/www.radiopiu.net\/wordpress\/wp-content\/uploads\/2024\/12\/Logo_SibPAYOFF-1024x261.jpg 1024w, https:\/\/www.radiopiu.net\/wordpress\/wp-content\/uploads\/2024\/12\/Logo_SibPAYOFF-768x196.jpg 768w, https:\/\/www.radiopiu.net\/wordpress\/wp-content\/uploads\/2024\/12\/Logo_SibPAYOFF.jpg 1536w\" alt=\"\" width=\"162\" height=\"41\" \/><\/a>ACQUA NON POTABILE A ROCCA PIETORE<\/h3>\n<\/blockquote>\n<p>A Rocca Pietore in localit\u00e0 Digonera l&#8217;acqua erogata dall&#8217;acquedotto non \u00e8 potabile e e non pu\u00f2 essere usata per scopi alimentari. Verr\u00e0 effettuato servizio sostitutivo con autobotte presso\u00a0 l&#8217;Albergo Digonera in localit\u00e0 Digonera.<\/p>\n<p>&nbsp;<\/p>\n<p>&nbsp;<\/p>\n<hr \/>\n<p>&nbsp;<\/p>\n<article class=\"text-token-text-primary w-full\" dir=\"auto\" data-testid=\"conversation-turn-22\" data-scroll-anchor=\"false\">\n<div class=\"text-base my-auto mx-auto py-5 [--thread-content-margin:--spacing(4)] @[37rem]:[--thread-content-margin:--spacing(6)] @[70rem]:[--thread-content-margin:--spacing(12)] px-(--thread-content-margin)\">\n<div class=\"[--thread-content-max-width:32rem] @[34rem]:[--thread-content-max-width:40rem] @[64rem]:[--thread-content-max-width:48rem] mx-auto flex max-w-(--thread-content-max-width) flex-1 text-base gap-4 md:gap-5 lg:gap-6 group\/turn-messages focus-visible:outline-hidden\" tabindex=\"-1\">\n<div class=\"group\/conversation-turn relative flex w-full min-w-0 flex-col agent-turn\">\n<div class=\"relative flex-col gap-1 md:gap-3\">\n<div class=\"flex max-w-full flex-col grow\">\n<div class=\"min-h-8 text-message relative flex w-full flex-col items-end gap-2 text-start break-words whitespace-normal [.text-message+&amp;]:mt-5\" dir=\"auto\" data-message-author-role=\"assistant\" data-message-id=\"5cdf4055-4a4b-4ccc-90bd-722c143954f7\" data-message-model-slug=\"o3-mini\">\n<div class=\"flex w-full flex-col gap-1 empty:hidden first:pt-[3px]\">\n<div class=\"markdown prose dark:prose-invert w-full break-words dark\">\n<blockquote>\n<h2 data-start=\"0\" data-end=\"76\"><strong data-start=\"0\" data-end=\"76\" data-is-last-node=\"\" data-is-only-node=\"\"><a class=\"dt-pswp-item\" href=\"https:\/\/www.radiopiu.net\/wordpress\/wp-content\/uploads\/2025\/04\/Immagine-2025-04-14-050316.jpg\" data-dt-img-description=\"\" data-large_image_width=\"504\" data-large_image_height=\"281\"><img loading=\"lazy\" decoding=\"async\" class=\"size-medium wp-image-444811 alignleft\" src=\"https:\/\/www.radiopiu.net\/wordpress\/wp-content\/uploads\/2025\/04\/Immagine-2025-04-14-050316-300x167.jpg\" alt=\"\" width=\"300\" height=\"167\" srcset=\"https:\/\/www.radiopiu.net\/wordpress\/wp-content\/uploads\/2025\/04\/Immagine-2025-04-14-050316-300x167.jpg 300w, https:\/\/www.radiopiu.net\/wordpress\/wp-content\/uploads\/2025\/04\/Immagine-2025-04-14-050316.jpg 504w\" sizes=\"auto, (max-width: 300px) 100vw, 300px\" \/><\/a>PEDAVENA: INCIDENTE VIOLENTO TRA TRATTORE E YARI, STRADA CHIUSA PER ORE<\/strong><\/h2>\n<\/blockquote>\n<\/div>\n<\/div>\n<\/div>\n<\/div>\n<div class=\"flex absolute start-0 end-0 flex justify-start\">\n<div><\/div>\n<div class=\"touch:-me-2 touch:-ms-3.5 -ms-2.5 -me-1 flex items-center p-1 select-none -mt-1 focus-within:transition-none hover:transition-none duration-500 group-hover\/turn-messages:delay-300 pointer-events-none [mask-image:linear-gradient(to_right,black_33%,transparent_66%)] [mask-position:100%_0%] [mask-size:300%_100%] motion-safe:transition-[mask-position] group-hover\/turn-messages:pointer-events-auto group-hover\/turn-messages:[mask-position:0_0] group-focus-within\/turn-messages:pointer-events-auto group-focus-within\/turn-messages:[mask-position:0_0] has-data-[state=open]:pointer-events-auto has-data-[state=open]:[mask-position:0_0]\"><strong>PEDAVENA<\/strong> incidente\u00a0 ieri pomeriggio a Pedavena lungo la strada che conduce verso la frazione feltrina di Lamen. Poco dopo le 16, un trattore con spargi letame, guidato da un giovane pedavenese, e una Toyota Yari, alla guida di una ragazza, sono stati coinvolti in un forte impatto. Dalle prime ricostruzioni, sembra che l&#8217;utilitaria abbia perso il controllo, finendo sotto lo pneumatico anteriore del trattore, che scendeva verso Pedavena. L&#8217;urto ha provocato danni ingenti a entrambi i veicoli, bloccandone il funzionamento e costringendo alla chiusura della strada per oltre un&#8217;ora. Fortunatamente, nessuno si \u00e8 fatto male, sebbene la ragazza sia apparsa provata. I carabinieri, coadiuvati dal Radiomobile, stanno indagando sulla dinamica, mentre i vigili del fuoco e mezzi agricoli hanno rimosso i veicoli e pulito l&#8217;asfalto dai liquidi fuoriusciti.<\/div>\n<\/div>\n<\/div>\n<\/div>\n<\/div>\n<\/div>\n<\/article>\n<article class=\"text-token-text-primary w-full\" dir=\"auto\" data-testid=\"conversation-turn-24\" data-scroll-anchor=\"true\">\n<div class=\"text-base my-auto mx-auto py-5 [--thread-content-margin:--spacing(4)] @[37rem]:[--thread-content-margin:--spacing(6)] @[70rem]:[--thread-content-margin:--spacing(12)] px-(--thread-content-margin)\">\n<div class=\"[--thread-content-max-width:32rem] @[34rem]:[--thread-content-max-width:40rem] @[64rem]:[--thread-content-max-width:48rem] mx-auto flex max-w-(--thread-content-max-width) flex-1 text-base gap-4 md:gap-5 lg:gap-6 group\/turn-messages focus-visible:outline-hidden\" tabindex=\"-1\">\n<div class=\"group\/conversation-turn relative flex w-full min-w-0 flex-col agent-turn\">\n<div class=\"relative flex-col gap-1 md:gap-3\">\n<div class=\"flex justify-start\">\n<div class=\"touch:-me-2 touch:-ms-3.5 -ms-2.5 -me-1 flex items-center p-1 select-none -mt-1 duration-[1.5s] focus-within:transition-none hover:transition-none pointer-events-none [mask-image:linear-gradient(to_right,black_33%,transparent_66%)] [mask-position:100%_0%] [mask-size:300%_100%] motion-safe:transition-[mask-position] group-hover\/turn-messages:pointer-events-auto group-hover\/turn-messages:[mask-position:0_0] group-focus-within\/turn-messages:pointer-events-auto group-focus-within\/turn-messages:[mask-position:0_0] has-data-[state=open]:pointer-events-auto has-data-[state=open]:[mask-position:0_0]\">FOTO CORRIERE ALPI<\/div>\n<\/div>\n<div class=\"mt-3 w-full empty:hidden\">\n<div class=\"text-center\"><\/div>\n<\/div>\n<\/div>\n<div class=\"absolute\">\n<div class=\"flex items-center justify-center\"><\/div>\n<\/div>\n<\/div>\n<\/div>\n<\/div>\n<\/article>\n<div class=\"pointer-events-none h-px w-px\" aria-hidden=\"true\" data-edge=\"true\"><\/div>\n<p>&nbsp;<\/p>\n<hr \/>\n<blockquote>\n<h3 class=\"entry-title\"><\/h3>\n<h3 class=\"entry-title\">SOCCORSO ALPINO DA FELTRE AL CADORE, TRE INTERVENTI IN POCHE ORE<\/h3>\n<\/blockquote>\n<p><strong><a class=\"dt-pswp-item\" href=\"https:\/\/www.radiopiu.net\/wordpress\/wp-content\/uploads\/2024\/05\/SUEM-SALT.jpg\" data-dt-img-description=\"\" data-large_image_width=\"1600\" data-large_image_height=\"1200\"><img loading=\"lazy\" decoding=\"async\" class=\" wp-image-388046 alignleft\" src=\"https:\/\/www.radiopiu.net\/wordpress\/wp-content\/uploads\/2024\/05\/SUEM-SALT-300x225.jpg\" alt=\"\" width=\"156\" height=\"117\" srcset=\"https:\/\/www.radiopiu.net\/wordpress\/wp-content\/uploads\/2024\/05\/SUEM-SALT-300x225.jpg 300w, https:\/\/www.radiopiu.net\/wordpress\/wp-content\/uploads\/2024\/05\/SUEM-SALT-1024x768.jpg 1024w, https:\/\/www.radiopiu.net\/wordpress\/wp-content\/uploads\/2024\/05\/SUEM-SALT-768x576.jpg 768w, https:\/\/www.radiopiu.net\/wordpress\/wp-content\/uploads\/2024\/05\/SUEM-SALT-1536x1152.jpg 1536w, https:\/\/www.radiopiu.net\/wordpress\/wp-content\/uploads\/2024\/05\/SUEM-SALT.jpg 1600w\" sizes=\"auto, (max-width: 156px) 100vw, 156px\" \/><\/a>REDAZIONE <\/strong>Mattinata intensa sabato per il Soccorso Alpino e il 118, impegnati in tre interventi nelle Dolomiti bellunesi. Il primo allarme \u00e8 scattato all\u2019alba, alle 5, a Lorenzago di Cadore: un 61enne di Vigodarzere era caduto durante la notte dalle scale della sua baita, riportando una lussazione alla spalla. Riuscito a raggiungere il letto, non poteva pi\u00f9 muoversi. I soccorritori sono entrati da una finestra, lo hanno stabilizzato e trasportato in barella per 200 metri fino alla strada, dove \u00e8 stato caricato in ambulanza verso l\u2019ospedale di Belluno. Il secondo intervento \u00e8 avvenuto attorno alle 10.30 in Val Canzoi, dove un 48enne escursionista di Montebelluna si era smarrito tentando di raggiungere la Forcelletta. Aveva seguito una traccia sbagliata e si era ritrovato bloccato in un canale ripido. \u00c8 stato recuperato con il verricello dall\u2019elicottero del Suem di Pieve di Cadore e riportato a valle senza conseguenze. Gli interventi hanno richiesto grande prontezza e coordinamento tra le squadre di soccorso.<\/p>\n<p>&nbsp;<\/p>\n<p>&nbsp;<\/p>\n<hr \/>\n<p>&nbsp;<\/p>\n<blockquote>\n<h3>CANE SANO E SALVO, A SORANZEN L&#8217;ELICOTTERO DELLA PROTEZIONE CIVILE<\/h3>\n<\/blockquote>\n<p><strong><a class=\"dt-pswp-item\" href=\"https:\/\/www.radiopiu.net\/wordpress\/wp-content\/uploads\/2025\/04\/IMG-20250412-WA0021.jpg\" data-dt-img-description=\"\" data-large_image_width=\"1600\" data-large_image_height=\"1200\"><img loading=\"lazy\" decoding=\"async\" class=\" wp-image-444692 alignleft\" src=\"https:\/\/www.radiopiu.net\/wordpress\/wp-content\/uploads\/2025\/04\/IMG-20250412-WA0021-300x225.jpg\" alt=\"\" width=\"195\" height=\"146\" srcset=\"https:\/\/www.radiopiu.net\/wordpress\/wp-content\/uploads\/2025\/04\/IMG-20250412-WA0021-300x225.jpg 300w, https:\/\/www.radiopiu.net\/wordpress\/wp-content\/uploads\/2025\/04\/IMG-20250412-WA0021-1024x768.jpg 1024w, https:\/\/www.radiopiu.net\/wordpress\/wp-content\/uploads\/2025\/04\/IMG-20250412-WA0021-768x576.jpg 768w, https:\/\/www.radiopiu.net\/wordpress\/wp-content\/uploads\/2025\/04\/IMG-20250412-WA0021-1536x1152.jpg 1536w, https:\/\/www.radiopiu.net\/wordpress\/wp-content\/uploads\/2025\/04\/IMG-20250412-WA0021.jpg 1600w\" sizes=\"auto, (max-width: 195px) 100vw, 195px\" \/><\/a>FELTRE\u00a0<\/strong>il Soccorso alpino di Feltre \u00e8 stato attivato sabato per un\u00a0 intervento, questa volta in soccorso di un cane precipitato in un canalone nella Valle di Lamen. Il proprietario, che stava camminando con due cani lungo il viaz del Dosso Perazze \u2013 la cresta che divide le due vallate \u2013 aveva visto la sua pastore del Lagorai, Nuvola, scivolare e sparire nel vuoto. Dopo averla sentita abbaiare pi\u00f9 in basso, ha chiamato aiuto. Quattro soccorritori, a bordo dell\u2019elicottero della Protezione civile della Regione Veneto, sono stati elitrasportati in quota. Una volta individuata la zona, hanno attrezzato una calata in corda doppia: Nuvola era finita una settantina di metri pi\u00f9 sotto, ferita lievemente vicino all\u2019occhio ma viva e collaborativa. Il soccorritore l\u2019ha raggiunta, imbragata e riportata a monte. Il cane, il suo proprietario e il soccorritore sono stati infine trasportati a Lamen, mentre il resto della squadra \u00e8 rientrata a Soranzen.<\/p>\n<p>&nbsp;<\/p>\n<p>&nbsp;<\/p>\n<hr \/>\n<p>&nbsp;<\/p>\n<blockquote>\n<h3>AGORDO: MOBILITAZIONE DI SOCCORSI AD AGORDO PER UNA PERSONA SCOMPARSA, ERA UN FALSO ALLARME<\/h3>\n<\/blockquote>\n<p><strong><img decoding=\"async\" class=\"alignleft\" src=\"https:\/\/www.radiopiu.net\/wordpress\/wp-content\/uploads\/2025\/04\/Immagine-2025-04-13-073754.png\" \/>AGORDO <\/strong>Scene che hanno riportato alla mente i giorni concitati dell\u2019emergenza Vaia, ma fortunatamente si \u00e8 trattato solo di un falso allarme. Ieri pomeriggio, il centro di Agordo \u00e8 stato teatro di una massiccia mobilitazione di forze dell\u2019ordine e soccorritori: due pattuglie dei Carabinieri, due camion dei Vigili del Fuoco permanenti di Agordo parcheggiati tra la Banca e la lavanderia, e un folto gruppo di volontari nel piazzale della Banca hanno attirato l\u2019attenzione di cittadini e passanti, incuriositi e preoccupati per l\u2019insolito spiegamento di forze. Bocche cucite tra gli operatori in azione, mentre tra i presenti serpeggiavano domande: cosa poteva essere accaduto per mobilitare cos\u00ec tante persone in un tranquillo sabato pomeriggio? La risposta \u00e8 arrivata solo a operazioni concluse: si trattava di una ricerca persona. Un uomo di mezza et\u00e0, residente in zona, era stato dato per disperso dai familiari, preoccupati per il mancato rientro e l\u2019assenza di notizie. Le squadre di soccorso hanno subito iniziato a perlustrare il centro e la periferia. Fortunatamente, l\u2019uomo \u00e8 stato ritrovato poco dopo, nei pressi di casa e in buone condizioni. Accompagnato dai soccorritori, \u00e8 rientrato nella propria abitazione.<\/p>\n<p>&nbsp;<\/p>\n<p>&nbsp;<\/p>\n<hr \/>\n<p>&nbsp;<\/p>\n<blockquote>\n<h3>INAUGURATO A PEDAVENA IL NUOVO PARCO ATTREZZATURE PER EVENTI FINANZIATO DAL FONDO COMUNI CONFINANTI<\/h3>\n<\/blockquote>\n<p><strong>FELTRE <\/strong>Taglio del nastro oggi a Pedavena per il nuovo parco attrezzature acquistato dal Comune di Feltre grazie al sostegno del Fondo Comuni Confinanti. Si tratta di un investimento da 400.000 euro destinato al supporto logistico di eventi sportivi, culturali e sociali, a beneficio non solo delle realt\u00e0 feltrine ma anche di quelle dei Comuni confinanti con le province di Trento e Bolzano. Il parco comprende strutture come palco coperto, tendostruttura, cucina mobile, tribuna, furgone, torre faro, gruppo elettrogeno, segnaletica, megafoni, tavoli, panche e altro ancora. La gestione delle attrezzature (salvo alcuni beni minori) \u00e8 affidata alla societ\u00e0 Le Mura Timevents, con modalit\u00e0 d\u2019uso regolamentate. Gli enti richiedenti dovranno rispettare tempi di utilizzo, ritiro e restituzione, e farsi carico di eventuali danni. Secondo l\u2019assessore Zatta, l\u2019obiettivo \u00e8 fornire strumenti utili alla comunit\u00e0, mantenendoli in efficienza con un rimborso spese contenuto. La sindaca Fusaro e l\u2019on. Bond hanno sottolineato il valore sociale e territoriale dell\u2019iniziativa, definita un unicum nel suo genere.<\/p>\n\n\t\t\t<style type='text\/css'>\n\t\t\t\t#gallery-1 {\n\t\t\t\t\tmargin: auto;\n\t\t\t\t}\n\t\t\t\t#gallery-1 .gallery-item {\n\t\t\t\t\tfloat: left;\n\t\t\t\t\tmargin-top: 10px;\n\t\t\t\t\ttext-align: center;\n\t\t\t\t\twidth: 33%;\n\t\t\t\t}\n\t\t\t\t#gallery-1 img {\n\t\t\t\t\tborder: 2px solid #cfcfcf;\n\t\t\t\t}\n\t\t\t\t#gallery-1 .gallery-caption {\n\t\t\t\t\tmargin-left: 0;\n\t\t\t\t}\n\t\t\t\t\/* see gallery_shortcode() in wp-includes\/media.php *\/\n\t\t\t<\/style>\n\t\t<div id='gallery-1' class='dt-gallery-container gallery galleryid-444566 gallery-columns-3 gallery-size-thumbnail'><dl class='gallery-item'>\n\t\t\t\t<dt class='gallery-icon portrait'>\n\t\t\t\t\t<a class=\"rollover rollover-zoom dt-pswp-item\" title=\"PXL_20250412_102140213\" data-dt-img-description=\"\" data-large_image_width=\"1920\" data-large_image_height=\"2560\"href='https:\/\/www.radiopiu.net\/wordpress\/wp-content\/uploads\/2025\/04\/PXL_20250412_102140213.jpg'><img loading=\"lazy\" decoding=\"async\" width=\"150\" height=\"150\" src=\"https:\/\/www.radiopiu.net\/wordpress\/wp-content\/uploads\/2025\/04\/PXL_20250412_102140213-150x150.jpg\" class=\"attachment-thumbnail size-thumbnail\" alt=\"\" \/><\/a>\n\t\t\t\t<\/dt><\/dl><dl class='gallery-item'>\n\t\t\t\t<dt class='gallery-icon landscape'>\n\t\t\t\t\t<a class=\"rollover rollover-zoom dt-pswp-item\" title=\"PXL_20250412_102150160\" data-dt-img-description=\"\" data-large_image_width=\"2560\" data-large_image_height=\"1920\"href='https:\/\/www.radiopiu.net\/wordpress\/wp-content\/uploads\/2025\/04\/PXL_20250412_102150160.jpg'><img loading=\"lazy\" decoding=\"async\" width=\"150\" height=\"150\" src=\"https:\/\/www.radiopiu.net\/wordpress\/wp-content\/uploads\/2025\/04\/PXL_20250412_102150160-150x150.jpg\" class=\"attachment-thumbnail size-thumbnail\" alt=\"\" \/><\/a>\n\t\t\t\t<\/dt><\/dl><dl class='gallery-item'>\n\t\t\t\t<dt class='gallery-icon landscape'>\n\t\t\t\t\t<a class=\"rollover rollover-zoom dt-pswp-item\" title=\"PXL_20250412_104704182\" data-dt-img-description=\"\" data-large_image_width=\"2560\" data-large_image_height=\"1920\"href='https:\/\/www.radiopiu.net\/wordpress\/wp-content\/uploads\/2025\/04\/PXL_20250412_104704182.jpg'><img loading=\"lazy\" decoding=\"async\" width=\"150\" height=\"150\" src=\"https:\/\/www.radiopiu.net\/wordpress\/wp-content\/uploads\/2025\/04\/PXL_20250412_104704182-150x150.jpg\" class=\"attachment-thumbnail size-thumbnail\" alt=\"\" \/><\/a>\n\t\t\t\t<\/dt><\/dl><br style=\"clear: both\" \/>\n\t\t\t<\/div>\n\n<p>&nbsp;<\/p>\n<hr \/>\n<p>&nbsp;<\/p>\n<blockquote>\n<h3 class=\"entry-title\">Feltre, il CILP celebra 41 anni di impegno con una nuova sala documentale<\/h3>\n<\/blockquote>\n<p><img loading=\"lazy\" decoding=\"async\" class=\"alignleft\" src=\"https:\/\/www.radiopiu.net\/wordpress\/wp-content\/uploads\/2025\/04\/luigia.png\" width=\"306\" height=\"207\" \/><strong>FELTRE<\/strong> Inaugurata ieri all\u2019Altanon la nuova sala documentale del\u00a0<em data-start=\"137\" data-end=\"178\">Centro Internazionale del Libro Parlato<\/em>, pensata come omaggio alle centinaia di volontari che dal 1983 contribuiscono alla missione del CILP. Con quasi 18mila audiolibri in catalogo, il centro \u00e8 oggi un punto di riferimento per ciechi, ipovedenti, dislessici e anziani. Alla cerimonia, la presidente Luisa Alchini ha sottolineato il valore della memoria e della gratitudine, presentando il percorso espositivo curato insieme all\u2019architetto Cristina Maschio, grazie al contributo di Banca Prealpi San Biagio. Il museo, distribuito su due locali, offre un viaggio immersivo nella storia del CILP, con interviste, strumenti originali, documenti e quadri tattili. Tra i progetti futuri, spiccano l\u2019iniziativa per rendere pi\u00f9 accessibili le Paralimpiadi di Milano-Cortina 2026 e il corso per giovani donatori di voce, realizzato con il CSV, che punta a coinvolgerli anche nelle case di riposo .<em>\u00abIl numero delle strutture \u00e8 in continuo aumento\u00bb<\/em>, ha commentato la presidente Alchini insieme a Elisa Corr\u00e0 del Csv,\u00a0<em>\u00abe il gruppo che sta partecipando al corso \u00e8 entusiasta di potersi rendere utile\u00bb.<\/em> La consigliera Matilde Vieceli ha portato i saluti della Provincia di Belluno, mentre per il Comune di Feltre e l\u2019Azienda Feltrina erano presenti l\u2019assessore Maurizio Zatta e Raffaela Bellot.<\/p>\n<p>&nbsp;<\/p>\n<hr \/>\n<p>&nbsp;<\/p>\n<div class=\"flex max-w-full flex-col grow\">\n<div class=\"min-h-8 text-message relative flex w-full flex-col items-end gap-2 text-start break-words whitespace-normal [.text-message+&amp;]:mt-5\" dir=\"auto\" data-message-author-role=\"assistant\" data-message-id=\"8ee3a351-1fe7-41f8-a318-6e91375bd3fa\" data-message-model-slug=\"o3-mini\">\n<div class=\"flex w-full flex-col gap-1 empty:hidden first:pt-[3px]\">\n<div class=\"markdown prose dark:prose-invert w-full break-words dark\">\n<blockquote>\n<h3 data-start=\"0\" data-end=\"71\"><strong data-start=\"0\" data-end=\"71\" data-is-last-node=\"\" data-is-only-node=\"\"><a class=\"dt-pswp-item\" href=\"https:\/\/www.radiopiu.net\/wordpress\/wp-content\/uploads\/2025\/04\/Immagine-2025-04-14-050205.jpg\" data-dt-img-description=\"\" data-large_image_width=\"361\" data-large_image_height=\"188\"><img loading=\"lazy\" decoding=\"async\" class=\" wp-image-444810 alignleft\" src=\"https:\/\/www.radiopiu.net\/wordpress\/wp-content\/uploads\/2025\/04\/Immagine-2025-04-14-050205-300x156.jpg\" alt=\"\" width=\"258\" height=\"134\" srcset=\"https:\/\/www.radiopiu.net\/wordpress\/wp-content\/uploads\/2025\/04\/Immagine-2025-04-14-050205-300x156.jpg 300w, https:\/\/www.radiopiu.net\/wordpress\/wp-content\/uploads\/2025\/04\/Immagine-2025-04-14-050205.jpg 361w\" sizes=\"auto, (max-width: 258px) 100vw, 258px\" \/><\/a>LEONARDO COLLE: NUOVO SEGRETARIO COMUNALE DI FORZA ITALIA A BELLUNO<\/strong><\/h3>\n<\/blockquote>\n<\/div>\n<\/div>\n<\/div>\n<\/div>\n<div class=\"flex justify-start\">\n<div class=\"touch:-me-2 touch:-ms-3.5 -ms-2.5 -me-1 flex items-center p-1 select-none -mt-1 duration-[1.5s] focus-within:transition-none hover:transition-none pointer-events-none [mask-image:linear-gradient(to_right,black_33%,transparent_66%)] [mask-position:100%_0%] [mask-size:300%_100%] motion-safe:transition-[mask-position] group-hover\/turn-messages:pointer-events-auto group-hover\/turn-messages:[mask-position:0_0] group-focus-within\/turn-messages:pointer-events-auto group-focus-within\/turn-messages:[mask-position:0_0] has-data-[state=open]:pointer-events-auto has-data-[state=open]:[mask-position:0_0]\"><\/div>\n<\/div>\n<div class=\"mt-3 w-full empty:hidden\">\n<div class=\"text-center\">\n<div class=\"mx-auto\">\n<div>\n<div class=\"inline-flex rounded-xl border border-gray-100 dark:border-gray-700\">\n<div class=\"text-token-text-secondary flex items-center justify-center gap-4 px-4 py-3 text-sm\">\n<p><strong>BELLUNO<\/strong><\/p>\n<article class=\"text-token-text-primary w-full\" dir=\"auto\" data-testid=\"conversation-turn-18\" data-scroll-anchor=\"false\">\n<div class=\"text-base my-auto mx-auto py-5 [--thread-content-margin:--spacing(4)] @[37rem]:[--thread-content-margin:--spacing(6)] @[70rem]:[--thread-content-margin:--spacing(12)] px-(--thread-content-margin)\">\n<div class=\"[--thread-content-max-width:32rem] @[34rem]:[--thread-content-max-width:40rem] @[64rem]:[--thread-content-max-width:48rem] mx-auto flex max-w-(--thread-content-max-width) flex-1 text-base gap-4 md:gap-5 lg:gap-6 group\/turn-messages focus-visible:outline-hidden\" tabindex=\"-1\">\n<div class=\"group\/conversation-turn relative flex w-full min-w-0 flex-col agent-turn\">\n<div class=\"relative flex-col gap-1 md:gap-3\">\n<div class=\"flex max-w-full flex-col grow\">\n<div class=\"min-h-8 text-message relative flex w-full flex-col items-end gap-2 text-start break-words whitespace-normal [.text-message+&amp;]:mt-5\" dir=\"auto\" data-message-author-role=\"assistant\" data-message-id=\"c9a824ce-f87c-4f3f-964d-edfdbed74727\" data-message-model-slug=\"o3-mini\">\n<div class=\"flex w-full flex-col gap-1 empty:hidden first:pt-[3px]\">\n<div class=\"markdown prose dark:prose-invert w-full break-words dark\">\n<p class=\"\" data-start=\"79\" data-end=\"635\">Sabato scorso, durante l\u2019assemblea degli aderenti presso l&#8217;Hotel Europa, \u00e8 stata eletta la nuova segreteria comunale di Forza Italia a Belluno, con Leonardo Colle alla guida. Il nuovo segretario ha annunciato l&#8217;obiettivo di continuare a crescere e prepararsi al prossimo appuntamento elettorale con una lista autonoma. Il coordinatore provinciale, Dario Scopel, ha espresso il proprio ringraziamento e fiducia, sottolineando la passione e la competenza che caratterizzano il partito, il quale sta vivendo una fase di vivacit\u00e0 e ottimi riscontri elettorali.<\/p>\n<\/div>\n<\/div>\n<\/div>\n<\/div>\n<div class=\"flex absolute start-0 end-0 flex justify-start\">\n<div class=\"touch:-me-2 touch:-ms-3.5 -ms-2.5 -me-1 flex items-center p-1 select-none -mt-1 focus-within:transition-none hover:transition-none duration-500 group-hover\/turn-messages:delay-300 pointer-events-none [mask-image:linear-gradient(to_right,black_33%,transparent_66%)] [mask-position:100%_0%] [mask-size:300%_100%] motion-safe:transition-[mask-position] group-hover\/turn-messages:pointer-events-auto group-hover\/turn-messages:[mask-position:0_0] group-focus-within\/turn-messages:pointer-events-auto group-focus-within\/turn-messages:[mask-position:0_0] has-data-[state=open]:pointer-events-auto has-data-[state=open]:[mask-position:0_0]\"><\/div>\n<\/div>\n<\/div>\n<\/div>\n<\/div>\n<\/div>\n<\/article>\n<\/div>\n<\/div>\n<\/div>\n<\/div>\n<\/div>\n<\/div>\n<hr \/>\n<p>&nbsp;<\/p>\n<blockquote>\n<h3>EDUCAZIONE STRADALE ALL\u2019AUSER DI SOIS-BES: SICUREZZA E RESPONSABILIT\u00c0 PER TUTTE LE ET\u00c0<\/h3>\n<\/blockquote>\n<p><strong><a class=\"dt-pswp-item\" href=\"https:\/\/www.radiopiu.net\/wordpress\/wp-content\/uploads\/2020\/09\/auser-1.jpg\" data-dt-img-description=\"\" data-large_image_width=\"1772\" data-large_image_height=\"811\"><img loading=\"lazy\" decoding=\"async\" class=\" wp-image-163020 alignleft\" src=\"https:\/\/www.radiopiu.net\/wordpress\/wp-content\/uploads\/2020\/09\/auser-1-300x137.jpg\" alt=\"\" width=\"195\" height=\"89\" srcset=\"https:\/\/www.radiopiu.net\/wordpress\/wp-content\/uploads\/2020\/09\/auser-1-300x137.jpg 300w, https:\/\/www.radiopiu.net\/wordpress\/wp-content\/uploads\/2020\/09\/auser-1-1024x469.jpg 1024w, https:\/\/www.radiopiu.net\/wordpress\/wp-content\/uploads\/2020\/09\/auser-1-768x351.jpg 768w, https:\/\/www.radiopiu.net\/wordpress\/wp-content\/uploads\/2020\/09\/auser-1-1536x703.jpg 1536w, https:\/\/www.radiopiu.net\/wordpress\/wp-content\/uploads\/2020\/09\/auser-1-640x293.jpg 640w, https:\/\/www.radiopiu.net\/wordpress\/wp-content\/uploads\/2020\/09\/auser-1.jpg 1772w\" sizes=\"auto, (max-width: 195px) 100vw, 195px\" \/><\/a>BELLUNO <\/strong>All\u2019Auser di Sois-Bes si fa anche educazione stradale. Al Circolo \u201cAl Cortivo\u201d, una quarantina di partecipanti ha preso parte a un incontro formativo sul corretto comportamento in strada, sia alla guida di auto, scooter o bici, sia come pedoni. Con l\u2019aumento del traffico anche nei paesi, aggiornarsi sul nuovo Codice della strada \u2013 emanato lo scorso anno \u2013 \u00e8 diventato fondamentale per viaggiare in sicurezza e prevenire incidenti. Nel 2024 si sono registrati in Italia 3.039 morti e oltre 224.000 feriti in circa 166.500 incidenti, con un incremento delle vittime tra anziani e bambini, complice la diffusione di biciclette e monopattini. Le principali cause restano comportamenti scorretti: distrazione, mancato rispetto della precedenza, semafori e velocit\u00e0 elevata. La sicurezza stradale richiede una cultura rinnovata, fondata sulla responsabilit\u00e0 individuale e su una formazione continua anche per i guidatori esperti. L\u2019iniziativa dell\u2019Auser, realizzata con il supporto della Polizia municipale di Belluno e gli agenti Bolzan e Gelisioso, \u00e8 un esempio virtuoso da replicare in altre associazioni del territorio.<\/p>\n<p>&nbsp;<\/p>\n<p>&nbsp;<\/p>\n<hr \/>\n<p>&nbsp;<\/p>\n<blockquote>\n<h3>DAL 5 MAGGIO CHIUDE L\u2019ECOCENTRO DI ROCCA PIETORE: NUOVA ORGANIZZAZIONE DEI RIFIUTI<\/h3>\n<\/blockquote>\n<p><strong><a class=\"dt-pswp-item\" href=\"https:\/\/www.radiopiu.net\/wordpress\/wp-content\/uploads\/2020\/04\/ECOCENTRO.png\" data-dt-img-description=\"\" data-large_image_width=\"458\" data-large_image_height=\"242\"><img loading=\"lazy\" decoding=\"async\" class=\" wp-image-130666 alignleft\" src=\"https:\/\/www.radiopiu.net\/wordpress\/wp-content\/uploads\/2020\/04\/ECOCENTRO-300x159.png\" alt=\"\" width=\"189\" height=\"100\" srcset=\"https:\/\/www.radiopiu.net\/wordpress\/wp-content\/uploads\/2020\/04\/ECOCENTRO-300x159.png 300w, https:\/\/www.radiopiu.net\/wordpress\/wp-content\/uploads\/2020\/04\/ECOCENTRO.png 458w\" sizes=\"auto, (max-width: 189px) 100vw, 189px\" \/><\/a>ROCCA PIETORE<\/strong> L\u2019ecocentro di Le Pale a Rocca Pietore rester\u00e0 chiuso dal 5 maggio a fine giugno 2025 per lavori di adeguamento e ampliamento. Per garantire continuit\u00e0 al servizio, l\u2019amministrazione comunale ha previsto aperture straordinarie negli ecocentri di San Tomaso (marted\u00ec 16\u201319, gioved\u00ec e sabato 9\u201312) e Cencenighe (marted\u00ec 9\u201312, gioved\u00ec 16\u201319). Restano attivi con orario consueto anche gli ecocentri di Arabba (luned\u00ec 9\u201312, mercoled\u00ec e sabato 14:30\u201317:30), Selva di Cadore (marted\u00ec 10\u201312, sabato 14\u201317) e Colle Santa Lucia (sabato 9\u201312). I cittadini sono invitati a utilizzare i centri alternativi durante il periodo di chiusura, nel rispetto degli orari indicati.<\/p>\n<p>&nbsp;<\/p>\n<p>&nbsp;<\/p>\n<hr \/>\n<p>&nbsp;<\/p>\n<blockquote>\n<h3><a class=\"dt-pswp-item\" href=\"https:\/\/www.radiopiu.net\/wordpress\/wp-content\/uploads\/2025\/04\/38876c87-9060-4458-8989-6597299ccf8e.jpg\" data-dt-img-description=\"\" data-large_image_width=\"2048\" data-large_image_height=\"1536\"><img loading=\"lazy\" decoding=\"async\" class=\"wp-image-444674 alignleft\" src=\"https:\/\/www.radiopiu.net\/wordpress\/wp-content\/uploads\/2025\/04\/38876c87-9060-4458-8989-6597299ccf8e-1024x768.jpg\" alt=\"\" width=\"466\" height=\"350\" srcset=\"https:\/\/www.radiopiu.net\/wordpress\/wp-content\/uploads\/2025\/04\/38876c87-9060-4458-8989-6597299ccf8e-1024x768.jpg 1024w, https:\/\/www.radiopiu.net\/wordpress\/wp-content\/uploads\/2025\/04\/38876c87-9060-4458-8989-6597299ccf8e-300x225.jpg 300w, https:\/\/www.radiopiu.net\/wordpress\/wp-content\/uploads\/2025\/04\/38876c87-9060-4458-8989-6597299ccf8e-768x576.jpg 768w, https:\/\/www.radiopiu.net\/wordpress\/wp-content\/uploads\/2025\/04\/38876c87-9060-4458-8989-6597299ccf8e-1536x1152.jpg 1536w, https:\/\/www.radiopiu.net\/wordpress\/wp-content\/uploads\/2025\/04\/38876c87-9060-4458-8989-6597299ccf8e.jpg 2048w\" sizes=\"auto, (max-width: 466px) 100vw, 466px\" \/><\/a><\/h3>\n<h3><\/h3>\n<h3><\/h3>\n<h3>GIORNATA ECOLOGICA SULLE SPONDE DEL LAGO DI ALLEGHE<\/h3>\n<\/blockquote>\n<p><strong>ALLEGHE<\/strong> Volontari al lavoro sabato ad Alleghe per la giornata ecologica. Un&#8217;iniziativa importante che serve a mantenere pulite le sponde del lago. Giornata ecologica ad Alleghe. Pulite le sponde del lago e l&#8217;argine del Cordevole da Alleghe a Caprile. L&#8217;evento organizzato dal gruppo alpini monte Civetta con la collaborazione del Comune di Alleghe. ha visto la partecipazione di oltre 40 volontari di diverse associazioni locali e tanti comuni cittadini. Al termine del lavoro pranzo nella sede degli alpini.<\/p>\n<p>&nbsp;<\/p>\n<p>&nbsp;<\/p>\n<p>&nbsp;<\/p>\n<p>&nbsp;<\/p>\n<hr \/>\n<p>&nbsp;<\/p>\n<blockquote>\n<h3>IL PESCATURISMO TRA LE DOLOMITI BELLUNESI CRESCE E SI PROMUOVE ALLA FIERA DI LONGARONE<\/h3>\n<\/blockquote>\n<p><strong>LONGARONE<\/strong> La partecipazione della Fondazione Dolomiti Bellunesi alla Fiera Caccia, Pesca e Natura di Longarone \u00e8 stata l\u2019occasione per fare il punto sul crescente settore del pescaturismo. In collaborazione con Provincia, consorzi turistici e bacini, la DMO ha promosso l\u2019importanza della pesca sportiva come leva turistica, con quasi 10.000 permessi rilasciati nel 2024. Il territorio bellunese attrae anche numerosi turisti stranieri, affascinati dalla pesca a mosca in ambienti naturali di pregio. Per valorizzare l\u2019offerta, \u00e8 stata creata una mappa tascabile bilingue e una sezione dedicata sul sito visitdolomitibellunesi.com. Le istituzioni sottolineano il valore della collaborazione tra enti pubblici e privati per uno sviluppo sostenibile e destagionalizzato del turismo.<\/p>\n\n\t\t\t<style type='text\/css'>\n\t\t\t\t#gallery-2 {\n\t\t\t\t\tmargin: auto;\n\t\t\t\t}\n\t\t\t\t#gallery-2 .gallery-item {\n\t\t\t\t\tfloat: left;\n\t\t\t\t\tmargin-top: 10px;\n\t\t\t\t\ttext-align: center;\n\t\t\t\t\twidth: 50%;\n\t\t\t\t}\n\t\t\t\t#gallery-2 img {\n\t\t\t\t\tborder: 2px solid #cfcfcf;\n\t\t\t\t}\n\t\t\t\t#gallery-2 .gallery-caption {\n\t\t\t\t\tmargin-left: 0;\n\t\t\t\t}\n\t\t\t\t\/* see gallery_shortcode() in wp-includes\/media.php *\/\n\t\t\t<\/style>\n\t\t<div id='gallery-2' class='dt-gallery-container gallery galleryid-444566 gallery-columns-2 gallery-size-medium'><dl class='gallery-item'>\n\t\t\t\t<dt class='gallery-icon landscape'>\n\t\t\t\t\t<a class=\"rollover rollover-zoom dt-pswp-item\" title=\"AnsieiB\" data-dt-img-description=\"\" data-large_image_width=\"1920\" data-large_image_height=\"1080\"href='https:\/\/www.radiopiu.net\/wordpress\/wp-content\/uploads\/2025\/04\/AnsieiB.jpg'><img loading=\"lazy\" decoding=\"async\" width=\"300\" height=\"169\" src=\"https:\/\/www.radiopiu.net\/wordpress\/wp-content\/uploads\/2025\/04\/AnsieiB-300x169.jpg\" class=\"attachment-medium size-medium\" alt=\"\" srcset=\"https:\/\/www.radiopiu.net\/wordpress\/wp-content\/uploads\/2025\/04\/AnsieiB-300x169.jpg 300w, https:\/\/www.radiopiu.net\/wordpress\/wp-content\/uploads\/2025\/04\/AnsieiB-1024x576.jpg 1024w, https:\/\/www.radiopiu.net\/wordpress\/wp-content\/uploads\/2025\/04\/AnsieiB-768x432.jpg 768w, https:\/\/www.radiopiu.net\/wordpress\/wp-content\/uploads\/2025\/04\/AnsieiB-1536x864.jpg 1536w, https:\/\/www.radiopiu.net\/wordpress\/wp-content\/uploads\/2025\/04\/AnsieiB.jpg 1920w\" sizes=\"auto, (max-width: 300px) 100vw, 300px\" \/><\/a>\n\t\t\t\t<\/dt><\/dl><dl class='gallery-item'>\n\t\t\t\t<dt class='gallery-icon landscape'>\n\t\t\t\t\t<a class=\"rollover rollover-zoom dt-pswp-item\" title=\"FotoGalleryBacino3\" data-dt-img-description=\"\" data-large_image_width=\"2048\" data-large_image_height=\"1870\"href='https:\/\/www.radiopiu.net\/wordpress\/wp-content\/uploads\/2025\/04\/FotoGalleryBacino3.jpg'><img loading=\"lazy\" decoding=\"async\" width=\"300\" height=\"274\" src=\"https:\/\/www.radiopiu.net\/wordpress\/wp-content\/uploads\/2025\/04\/FotoGalleryBacino3-300x274.jpg\" class=\"attachment-medium size-medium\" alt=\"\" srcset=\"https:\/\/www.radiopiu.net\/wordpress\/wp-content\/uploads\/2025\/04\/FotoGalleryBacino3-300x274.jpg 300w, https:\/\/www.radiopiu.net\/wordpress\/wp-content\/uploads\/2025\/04\/FotoGalleryBacino3-1024x935.jpg 1024w, https:\/\/www.radiopiu.net\/wordpress\/wp-content\/uploads\/2025\/04\/FotoGalleryBacino3-768x701.jpg 768w, https:\/\/www.radiopiu.net\/wordpress\/wp-content\/uploads\/2025\/04\/FotoGalleryBacino3-1536x1403.jpg 1536w, https:\/\/www.radiopiu.net\/wordpress\/wp-content\/uploads\/2025\/04\/FotoGalleryBacino3.jpg 2048w\" sizes=\"auto, (max-width: 300px) 100vw, 300px\" \/><\/a>\n\t\t\t\t<\/dt><\/dl><br style=\"clear: both\" \/>\n\t\t\t<\/div>\n\n<p>&nbsp;<\/p>\n<hr \/>\n<p>&nbsp;<\/p>\n<blockquote>\n<h3>A EVADERE SONO LE GRANDI IMPRESE. OGNI VENETO DEVE AL FISCO 14.600 EURO<\/h3>\n<\/blockquote>\n<p><em><a class=\"dt-pswp-item\" href=\"https:\/\/www.radiopiu.net\/wordpress\/wp-content\/uploads\/2025\/04\/20250412085202.png\" data-dt-img-description=\"\" data-large_image_width=\"613\" data-large_image_height=\"358\"><img loading=\"lazy\" decoding=\"async\" class=\"size-medium wp-image-444615 alignleft\" src=\"https:\/\/www.radiopiu.net\/wordpress\/wp-content\/uploads\/2025\/04\/20250412085202-300x175.png\" alt=\"\" width=\"300\" height=\"175\" srcset=\"https:\/\/www.radiopiu.net\/wordpress\/wp-content\/uploads\/2025\/04\/20250412085202-300x175.png 300w, https:\/\/www.radiopiu.net\/wordpress\/wp-content\/uploads\/2025\/04\/20250412085202.png 613w\" sizes=\"auto, (max-width: 300px) 100vw, 300px\" \/><\/a>Secondo i dati dell\u2019Agenzia delle entrate-Riscossione, negli ultimi 25 anni quasi 3,5 milioni di societ\u00e0 di capitali presenti in Italia non hanno pagato 822,7 miliardi di euro di tasse, contributi, etc. (pari al 64,3% del totale non riscosso dal nostro erario)<\/em><\/p>\n<p>Grazie ai dati pubblicati recentemente dall\u2019Agenzia delle entrate-Riscossione, la CGIA sfodera una vecchia battaglia in materia di fisco iniziata oltre 30 anni fa \u201ccontro\u201d le societ\u00e0 di capitali. Il tema \u00e8 sempre l\u2019evasione, un argomento che divide e spesso mette gli uni contro gli altri, ma anche questa volta i dati sono inconfutabili e di fonte certa. Tra il 2000 e il 31 gennaio 2025 l\u2019ammontare complessivo delle tasse, dei contributi, delle imposte, delle bollette, delle multe, etc., non riscosse dal fisco italiano o da altri enti ha raggiunto i 1.279,8 miliardi di euro. Di questi, ben 822,7 miliardi (pari al 64,3 per cento del totale), sono in capo alle persone giuridiche, ovvero alle Spa, alle Srl, ai consorzi, alle cooperative, etc. Altri 300,4 miliardi (il 23,5 per cento) sono ascrivibili alle persone fisiche, vale a dire i lavoratori dipendenti, i pensionati e altri percettori di reddito. Infine, i rimanenti 156,7 miliardi (solo il 12,2 per cento del totale) sono riconducibili alle persone fisiche con attivit\u00e0 economica, categoria comunemente composta da artigiani, commercianti, esercenti, liberi professionisti, etc. (vedi Graf. 1).<\/p>\n<p><strong>Purtroppo, dati a livello territoriale non ve sono, tuttavia \u00e8 verosimile ritenere che anche in Veneto i debiti fiscali in capo alle grandi imprese, alle multinazionali e alle big tech ubicate nella nostra regione siano la stragrande maggioranza.<\/strong><\/p>\n<p><a class=\"dt-pswp-item\" href=\"https:\/\/www.radiopiu.net\/wordpress\/wp-content\/uploads\/2025\/04\/20250412085254.png\" data-dt-img-description=\"\" data-large_image_width=\"427\" data-large_image_height=\"852\"><img loading=\"lazy\" decoding=\"async\" class=\"size-medium wp-image-444616 alignleft\" src=\"https:\/\/www.radiopiu.net\/wordpress\/wp-content\/uploads\/2025\/04\/20250412085254-150x300.png\" alt=\"\" width=\"150\" height=\"300\" srcset=\"https:\/\/www.radiopiu.net\/wordpress\/wp-content\/uploads\/2025\/04\/20250412085254-150x300.png 150w, https:\/\/www.radiopiu.net\/wordpress\/wp-content\/uploads\/2025\/04\/20250412085254.png 427w\" sizes=\"auto, (max-width: 150px) 100vw, 150px\" \/><\/a>I dati a livello nazionale \u2013 estrapolati dall\u2019Ufficio studi della CGIA dall\u2019indagine presentata dal direttore dell\u2019Agenzia delle entrate\/Riscossione nell\u2019audizione tenutasi presso il Senato una quindicina di giorni fa &#8211; dimostrano che ad evadere il fisco sono, in particolare, i grandi contribuenti e non i piccoli. Insomma, l\u2019infedelt\u00e0 fiscale si annida soprattutto nelle societ\u00e0 di capitali e solo in piccola parte nelle micro imprese e tra i lavoratori autonomi che, addirittura, annoverano un carico residuo non riscosso in questi ultimi 25 anni pari a poco pi\u00f9 della met\u00e0 del dato riferito alle persone fisiche. Ovvero all\u2019ammontare complessivo dei debiti fiscali in capo ai lavoratori dipendenti e ai pensionati che, ricordiamo, sono tassati alla fonte e, pertanto, non dovrebbero, almeno in linea puramente teorica, evadere alcunch\u00e9. Cosa che, invece, nella realt\u00e0 di tutti i giorni non accade.<\/p>\n<p><strong>Per contrastare l\u2019evasione serve un fisco pi\u00f9 efficiente<\/strong><br \/>\nI risultati ottenuti negli ultimi anni dalla lotta contro l&#8217;evasione fiscale indicano l&#8217;opportunit\u00e0 di continuare a seguire il percorso intrapreso, intensificando gli sforzi verso la semplificazione del sistema tributario e il conseguente miglioramento della relazione tra fisco e contribuente. \u00c8 fondamentale sfruttare in modo sempre pi\u00f9 efficiente i dati detenuti dall&#8217;Amministrazione fiscale, al fine di ottimizzare i controlli su fenomeni che, secondo le valutazioni dell&#8217;Agenzia delle Entrate, presentano elevati livelli di rischio. Tra questi si annoverano: le frodi IVA; l&#8217;uso improprio di crediti inesistenti e\/o aiuti economici non dovuti; la fittizia dichiarazione di residenza fiscale all&#8217;estero e l\u2019occultamento di patrimoni al di fuori dei confini nazionali. Sono modalit\u00e0 di evasione che, a differenza di quelli imputabili agli artigiani e ai piccoli commercianti, sono ascrivibili quasi esclusivamente ai grandi contribuenti.<\/p>\n<p><strong><a class=\"dt-pswp-item\" href=\"https:\/\/www.radiopiu.net\/wordpress\/wp-content\/uploads\/2025\/04\/20250412085222.png\" data-dt-img-description=\"\" data-large_image_width=\"595\" data-large_image_height=\"386\"><img loading=\"lazy\" decoding=\"async\" class=\"size-medium wp-image-444617 alignleft\" src=\"https:\/\/www.radiopiu.net\/wordpress\/wp-content\/uploads\/2025\/04\/20250412085222-300x195.png\" alt=\"\" width=\"300\" height=\"195\" srcset=\"https:\/\/www.radiopiu.net\/wordpress\/wp-content\/uploads\/2025\/04\/20250412085222-300x195.png 300w, https:\/\/www.radiopiu.net\/wordpress\/wp-content\/uploads\/2025\/04\/20250412085222.png 595w\" sizes=\"auto, (max-width: 300px) 100vw, 300px\" \/><\/a>Lazio, Campania e Lombardia al top per mancati pagamenti. Ogni veneto deve ancora al fisco 14.600 euro<\/strong><br \/>\nA livello territoriale il debito fiscale pro capite pi\u00f9 elevato maturato in questi ultimi 25 anni \u00e8 in capo ai residenti del Lazio con 39.673 euro. Seguono i campani con 27.264 euro e i lombardi con 25.904 euro. Il Veneto si colloca al 15\u00b0 posto a livello nazionale, con una media di tasse e contributi non versati pari a 14.600 euro. Solo la Sardegna, la Basilicata e le tre regioni a statuto speciale del Nord presentano debito fiscale pro capite pi\u00f9 basso del nostro. Il dato medio nazionale, invece, \u00e8 pari a 21.611 euro. Come dicevamo, le situazioni pi\u00f9 virtuose, infine, le scorgiamo nelle regioni a statuto speciale del Nord. Se in Valle d\u2019Aosta il debito pro capite ancora da riscuotere \u00e8 di 12.533 euro, in Friuli Venezia Giulia \u00e8 di 11.125 euro e in Trentino Alto Adige di soli 6.964 euro (vedi Graf. 2). Se, invece, misuriamo i mancati pagamenti di tasse e contributi, etc. in valore assoluto, la situazione pi\u00f9 critica si verifica in Lombardia con 259,3 miliardi di euro di debiti. Seguono il Lazio con 226,7 miliardi, la Campania con 152,5 miliardi e l\u2019Emilia Romagna con 87,9 miliardi. Il dato del Veneto ammonta a 70,8 miliardi di euro (vedi Tab. 1).<\/p>\n<p>&nbsp;<\/p>\n<p>&nbsp;<\/p>\n<hr \/>\n<p>&nbsp;<\/p>\n<h2><span style=\"color: #ff0000;\">CONSIGLI COMUNALI IN AGORDINO<\/span><\/h2>\n<p><strong>SELVA DI CADORE<\/strong> Domani alle 18:30, nella sala consiliare di Selva di Cadore, si terr\u00e0 un consiglio comunale con sei punti all\u2019ordine del giorno. Al centro, l\u2019approvazione di convenzioni per rafforzare la collaborazione con l\u2019Unione Montana Agordina, tra cui: gestione associata della Segreteria comunale, strutture sportive, beni silvo-pastorali, protezione civile e Centrale Unica di Committenza.<\/p>\n<p>&nbsp;<\/p>\n<p>&nbsp;<\/p>\n<hr \/>\n<p>&nbsp;<\/p>\n<blockquote>\n<h3>OGGI IL CONSIGLIO DEL BACINO DOLOMITI BELLUNESI<\/h3>\n<\/blockquote>\n<p><strong>BELLUNO<\/strong> Il Consiglio di Bacino \u201cDolomiti Bellunesi\u201d ha convocato l\u2019Assemblea per oggi alle 15:00, presso la Sala Bianchi a Belluno. L\u2019ordine del giorno prevede comunicazioni, approvazione del bilancio consuntivo 2024, variazioni al bilancio previsionale 2025-2027, regolamento per le penalit\u00e0, delimitazione aree di salvaguardia idrica, indirizzi per concessioni idriche, stato degli interventi, approvazione di lavori urgenti per l\u2019acquedotto Val Fogar\u00e9, e varie ed eventuali.<\/p>\n<p>&nbsp;<\/p>\n<hr \/>\n<p>&nbsp;<\/p>\n<blockquote>\n<article class=\"w-full text-token-text-primary\" dir=\"auto\" data-testid=\"conversation-turn-4\" data-scroll-anchor=\"true\">\n<div class=\"text-base my-auto mx-auto py-5 px-6\">\n<div class=\"mx-auto flex flex-1 text-base gap-4 md:gap-5 lg:gap-6 md:max-w-3xl group\/turn-messages focus-visible:outline-none\" tabindex=\"-1\">\n<div class=\"group\/conversation-turn relative flex w-full min-w-0 flex-col agent-turn @xs\/thread:px-0 @sm\/thread:px-1.5 @md\/thread:px-4\">\n<div class=\"relative flex-col gap-1 md:gap-3\">\n<div class=\"flex max-w-full flex-col flex-grow\">\n<div class=\"min-h-8 text-message relative flex w-full flex-col items-end gap-2 whitespace-normal break-words text-start [.text-message+&amp;]:mt-5\" dir=\"auto\" data-message-author-role=\"assistant\" data-message-id=\"c95c95c6-a1ac-4866-a6e0-43ed1c022444\" data-message-model-slug=\"gpt-4o\">\n<div class=\"flex w-full flex-col gap-1 empty:hidden first:pt-[3px]\">\n<div class=\"markdown prose w-full break-words dark:prose-invert dark\">\n<p data-pm-slice=\"1 1 []\"><strong>Dal disegno al colore: a Canale d\u2019Agordo la personale di Lucio Groja<\/strong><\/p>\n<\/div>\n<\/div>\n<\/div>\n<\/div>\n<\/div>\n<\/div>\n<\/div>\n<\/div>\n<\/article>\n<\/blockquote>\n<article class=\"w-full text-token-text-primary\" dir=\"auto\" data-testid=\"conversation-turn-4\" data-scroll-anchor=\"true\">\n<div class=\"text-base my-auto mx-auto py-5 px-6\">\n<div class=\"mx-auto flex flex-1 text-base gap-4 md:gap-5 lg:gap-6 md:max-w-3xl group\/turn-messages focus-visible:outline-none\" tabindex=\"-1\">\n<div class=\"group\/conversation-turn relative flex w-full min-w-0 flex-col agent-turn @xs\/thread:px-0 @sm\/thread:px-1.5 @md\/thread:px-4\">\n<div class=\"absolute\">\n<p class=\"flex items-center justify-center\"><strong>CANALE D&#8217;AGORDO<\/strong> Fino al 27 aprile 2025, la Sala consiliare del municipio di Canale d&#8217;Agordo ospiter\u00e0 la mostra &#8220;Dal disegno al colore&#8221;, personale di pittura dell&#8217;artista Lucio Groja.\u00a0 L\u2019evento si inserisce nel panorama culturale locale come occasione di incontro con l\u2019arte contemporanea.<\/p>\n<p>&nbsp;<\/p>\n<p>&nbsp;<\/p>\n<hr \/>\n<p>&nbsp;<\/p>\n<\/div>\n<\/div>\n<\/div>\n<\/div>\n<\/article>\n<article class=\"w-full text-token-text-primary\" dir=\"auto\" data-testid=\"conversation-turn-4\" data-scroll-anchor=\"true\">\n<div class=\"text-base my-auto mx-auto py-5 px-6\">\n<div class=\"mx-auto flex flex-1 text-base gap-4 md:gap-5 lg:gap-6 md:max-w-3xl group\/turn-messages focus-visible:outline-none\" tabindex=\"-1\">\n<div class=\"group\/conversation-turn relative flex w-full min-w-0 flex-col agent-turn @xs\/thread:px-0 @sm\/thread:px-1.5 @md\/thread:px-4\">\n<div class=\"absolute\">\n<blockquote>\n<h3>TORNA LA FESTA DE L&#8217;OM SALVARECH A LA VALLE<\/h3>\n<\/blockquote>\n<p><strong>LA VALLE AGORDINA<\/strong> La Festa de l\u2019Om Salv\u00e0rech 2025 si terr\u00e0 il 25 e 26 aprile a La Valle Agordina. Venerd\u00ec 25 si apre con il mercatino artigianale e la corsa non competitiva &#8220;Su e do per i coi&#8221;. Segue l\u2019apertura dello stand gastronomico e la preparazione del pupazzo dell\u2019Om Salv\u00e0rech. Nel pomeriggio: mostra dei bambini, balli popolari, sfilata, aperitivo e cena tipica. La serata continua con la lettura del testamento, il fal\u00f2 e musica dal vivo. Sabato 26: aperitivo musicale alle 17:00, cena con piatti tradizionali dalle 19:00, serata danzante con la Spritz Band e chiusura a mezzanotte con Disco-Tek. Due giorni di folklore, tradizione e divertimento per tutte le et\u00e0.<\/p>\n\n\t\t\t<style type='text\/css'>\n\t\t\t\t#gallery-3 {\n\t\t\t\t\tmargin: auto;\n\t\t\t\t}\n\t\t\t\t#gallery-3 .gallery-item {\n\t\t\t\t\tfloat: left;\n\t\t\t\t\tmargin-top: 10px;\n\t\t\t\t\ttext-align: center;\n\t\t\t\t\twidth: 33%;\n\t\t\t\t}\n\t\t\t\t#gallery-3 img {\n\t\t\t\t\tborder: 2px solid #cfcfcf;\n\t\t\t\t}\n\t\t\t\t#gallery-3 .gallery-caption {\n\t\t\t\t\tmargin-left: 0;\n\t\t\t\t}\n\t\t\t\t\/* see gallery_shortcode() in wp-includes\/media.php *\/\n\t\t\t<\/style>\n\t\t<div id='gallery-3' class='dt-gallery-container gallery galleryid-444566 gallery-columns-3 gallery-size-medium'><dl class='gallery-item'>\n\t\t\t\t<dt class='gallery-icon portrait'>\n\t\t\t\t\t<a class=\"rollover rollover-zoom dt-pswp-item\" title=\"f3e65057-0581-465d-ba75-4eef70aca537\" data-dt-img-description=\"\" data-large_image_width=\"480\" data-large_image_height=\"600\"href='https:\/\/www.radiopiu.net\/wordpress\/wp-content\/uploads\/2025\/04\/f3e65057-0581-465d-ba75-4eef70aca537.jpg'><img loading=\"lazy\" decoding=\"async\" width=\"240\" height=\"300\" src=\"https:\/\/www.radiopiu.net\/wordpress\/wp-content\/uploads\/2025\/04\/f3e65057-0581-465d-ba75-4eef70aca537-240x300.jpg\" class=\"attachment-medium size-medium\" alt=\"\" srcset=\"https:\/\/www.radiopiu.net\/wordpress\/wp-content\/uploads\/2025\/04\/f3e65057-0581-465d-ba75-4eef70aca537-240x300.jpg 240w, https:\/\/www.radiopiu.net\/wordpress\/wp-content\/uploads\/2025\/04\/f3e65057-0581-465d-ba75-4eef70aca537.jpg 480w\" sizes=\"auto, (max-width: 240px) 100vw, 240px\" \/><\/a>\n\t\t\t\t<\/dt><\/dl><dl class='gallery-item'>\n\t\t\t\t<dt class='gallery-icon portrait'>\n\t\t\t\t\t<a class=\"rollover rollover-zoom dt-pswp-item\" title=\"14979f5d-ac72-4e65-9053-60a5906e7025\" data-dt-img-description=\"\" data-large_image_width=\"480\" data-large_image_height=\"600\"href='https:\/\/www.radiopiu.net\/wordpress\/wp-content\/uploads\/2025\/04\/14979f5d-ac72-4e65-9053-60a5906e7025.jpg'><img loading=\"lazy\" decoding=\"async\" width=\"240\" height=\"300\" src=\"https:\/\/www.radiopiu.net\/wordpress\/wp-content\/uploads\/2025\/04\/14979f5d-ac72-4e65-9053-60a5906e7025-240x300.jpg\" class=\"attachment-medium size-medium\" alt=\"\" srcset=\"https:\/\/www.radiopiu.net\/wordpress\/wp-content\/uploads\/2025\/04\/14979f5d-ac72-4e65-9053-60a5906e7025-240x300.jpg 240w, https:\/\/www.radiopiu.net\/wordpress\/wp-content\/uploads\/2025\/04\/14979f5d-ac72-4e65-9053-60a5906e7025.jpg 480w\" sizes=\"auto, (max-width: 240px) 100vw, 240px\" \/><\/a>\n\t\t\t\t<\/dt><\/dl><dl class='gallery-item'>\n\t\t\t\t<dt class='gallery-icon portrait'>\n\t\t\t\t\t<a class=\"rollover rollover-zoom dt-pswp-item\" title=\"e96a9d1e-5eb1-4bcd-bfdc-de52bcf09b95\" data-dt-img-description=\"\" data-large_image_width=\"480\" data-large_image_height=\"600\"href='https:\/\/www.radiopiu.net\/wordpress\/wp-content\/uploads\/2025\/04\/e96a9d1e-5eb1-4bcd-bfdc-de52bcf09b95.jpg'><img loading=\"lazy\" decoding=\"async\" width=\"240\" height=\"300\" src=\"https:\/\/www.radiopiu.net\/wordpress\/wp-content\/uploads\/2025\/04\/e96a9d1e-5eb1-4bcd-bfdc-de52bcf09b95-240x300.jpg\" class=\"attachment-medium size-medium\" alt=\"\" srcset=\"https:\/\/www.radiopiu.net\/wordpress\/wp-content\/uploads\/2025\/04\/e96a9d1e-5eb1-4bcd-bfdc-de52bcf09b95-240x300.jpg 240w, https:\/\/www.radiopiu.net\/wordpress\/wp-content\/uploads\/2025\/04\/e96a9d1e-5eb1-4bcd-bfdc-de52bcf09b95.jpg 480w\" sizes=\"auto, (max-width: 240px) 100vw, 240px\" \/><\/a>\n\t\t\t\t<\/dt><\/dl><br style=\"clear: both\" \/>\n\t\t\t<\/div>\n\n<p>&nbsp;<\/p>\n<hr \/>\n<p>&nbsp;<\/p>\n<h2><span style=\"color: #ff0000;\">L&#8217;OPINIONE DI FRANCO PIACENTINI<\/span><\/h2>\n<p>Anche se la Costituzione stabilisce che l\u2019Italia ripudia la guerra, i Governi \u2013 non solo quello attuale \u2013 continuano a finanziare le spese militari con decine di miliardi di euro ogni anno: nel 2025 si stimano circa 32 miliardi. Tra queste spese rientrano anche miliardi destinati all\u2019acquisto di armi, strumenti comunque legati a potenziali conflitti mortali, anche se presentati come semplici attrezzature di difesa. Sul versante delle cure socio-assistenziali, invece, soprattutto per le persone anziane non autosufficienti, si registra solo una \u201cpelosa carit\u00e0\u201d, fatta di briciole di euro. Le famiglie con congiunti colpiti da patologie invalidanti come demenza senile e\/o Alzheimer, ricoverati in RSA, sono costrette a sostenere rette mensili molto onerose, che variano mediamente tra i 1.500 e i 2.500 euro. Queste patologie, inspiegabilmente, non rientrano nei LEA (Livelli Essenziali di Assistenza) n\u00e9 nei LEPS (Livelli Essenziali delle Prestazioni Sociali), determinando cos\u00ec l\u2019obbligo per le famiglie di compartecipare economicamente non solo alle cure socio-assistenziali, ma in alcuni casi anche a quelle socio-sanitarie. Se il Fondo nazionale per la non autosufficienza fosse finanziato annualmente con almeno 8 miliardi di euro, il peso della compartecipazione potrebbe essere eliminato o almeno sensibilmente ridotto. \u00c8 necessario e urgente che la politica italiana \u2013 Governo, Parlamento, Regioni ed Enti Locali \u2013 si impegni con maggiore determinazione per la pace, per il rafforzamento della sanit\u00e0 pubblica, per i diritti delle persone con disabilit\u00e0 e dei non autosufficienti. Questo impegno deve concretizzarsi attraverso sedi di concertazione, confronto e sottoscrizione di accordi con tutti i portatori di interesse: CGIL, CISL, UIL, Terzo Settore e Volontariato.<\/p>\n<p class=\"\" data-start=\"1937\" data-end=\"1956\"><em data-start=\"1937\" data-end=\"1956\">Franco Piacentini<\/em><\/p>\n<p>&nbsp;<\/p>\n<p>&nbsp;<\/p>\n<hr \/>\n<p>&nbsp;<\/p>\n<\/div>\n<\/div>\n<\/div>\n<\/div>\n<\/article>\n<h1><span style=\"color: #ff6600;\">IERI ALLA RADIO<\/span><\/h1>\n<h2><span style=\"color: #ffcc00;\">LA RASSEGNA STAMPA DA L&#8217;AMICO DEL POPOLO<\/span><\/h2>\n<p><strong><a class=\"dt-pswp-item\" href=\"https:\/\/www.radiopiu.net\/wordpress\/wp-content\/uploads\/2025\/04\/download-4.jpg\" data-dt-img-description=\"\" data-large_image_width=\"194\" data-large_image_height=\"181\"><img loading=\"lazy\" decoding=\"async\" class=\"size-full wp-image-444588 alignleft\" src=\"https:\/\/www.radiopiu.net\/wordpress\/wp-content\/uploads\/2025\/04\/download-4.jpg\" alt=\"\" width=\"194\" height=\"181\" \/><\/a>DI GIANNI SANTOMASO<\/strong><\/p>\n<p>OSPITE: Lucio Groja<\/p>\n<audio class=\"wp-audio-shortcode\" id=\"audio-444566-6\" preload=\"none\" style=\"width: 100%;\" controls=\"controls\"><source type=\"audio\/mpeg\" src=\"https:\/\/www.radiopiu.net\/wordpress\/wp-content\/uploads\/2025\/04\/RASSEGNA-GIANNI-SITO.mp3?_=6\" \/><a href=\"https:\/\/www.radiopiu.net\/wordpress\/wp-content\/uploads\/2025\/04\/RASSEGNA-GIANNI-SITO.mp3\">https:\/\/www.radiopiu.net\/wordpress\/wp-content\/uploads\/2025\/04\/RASSEGNA-GIANNI-SITO.mp3<\/a><\/audio>\n<p>&nbsp;<\/p>\n<hr \/>\n<p>&nbsp;<\/p>\n<h2><span style=\"color: #993366;\">DUE MINUTI PER TE<\/span><\/h2>\n<p><strong><a class=\"dt-pswp-item\" href=\"https:\/\/www.radiopiu.net\/wordpress\/wp-content\/uploads\/2020\/12\/DON-GIORGIO-LISE.jpg\" data-dt-img-description=\"\" data-large_image_width=\"1600\" data-large_image_height=\"901\"><img loading=\"lazy\" decoding=\"async\" class=\" wp-image-177420 alignleft\" src=\"https:\/\/www.radiopiu.net\/wordpress\/wp-content\/uploads\/2020\/12\/DON-GIORGIO-LISE-300x169.jpg\" alt=\"\" width=\"204\" height=\"115\" srcset=\"https:\/\/www.radiopiu.net\/wordpress\/wp-content\/uploads\/2020\/12\/DON-GIORGIO-LISE-300x169.jpg 300w, https:\/\/www.radiopiu.net\/wordpress\/wp-content\/uploads\/2020\/12\/DON-GIORGIO-LISE-1024x577.jpg 1024w, https:\/\/www.radiopiu.net\/wordpress\/wp-content\/uploads\/2020\/12\/DON-GIORGIO-LISE-768x432.jpg 768w, https:\/\/www.radiopiu.net\/wordpress\/wp-content\/uploads\/2020\/12\/DON-GIORGIO-LISE-1536x865.jpg 1536w, https:\/\/www.radiopiu.net\/wordpress\/wp-content\/uploads\/2020\/12\/DON-GIORGIO-LISE.jpg 1600w\" sizes=\"auto, (max-width: 204px) 100vw, 204px\" \/><\/a>APPUNTAMENTO DELLA DOMANICA CON IL PENSIERO DI MONSIGNOR GIORGIO LISE<\/strong><\/p>\n<audio class=\"wp-audio-shortcode\" id=\"audio-444566-7\" preload=\"none\" style=\"width: 100%;\" controls=\"controls\"><source type=\"audio\/mpeg\" src=\"https:\/\/www.radiopiu.net\/wordpress\/wp-content\/uploads\/2025\/04\/DON-GIORGIO-1.mp3?_=7\" \/><a href=\"https:\/\/www.radiopiu.net\/wordpress\/wp-content\/uploads\/2025\/04\/DON-GIORGIO-1.mp3\">https:\/\/www.radiopiu.net\/wordpress\/wp-content\/uploads\/2025\/04\/DON-GIORGIO-1.mp3<\/a><\/audio>\n<p>&nbsp;<\/p>\n<hr \/>\n<p>&nbsp;<\/p>\n<blockquote class=\"wp-embedded-content\" data-secret=\"2EluifVxqM\"><p><a href=\"https:\/\/www.radiopiu.net\/wordpress\/piu-siamo-con-marina-settimana-dal-07-al-11-aprile-2025\/\">PIU&#8217; SIAMO&#8230;CON MARINA &#8211; SETTIMANA DAL 07 AL 11 APRILE 2025<\/a><\/p><\/blockquote>\n<p><iframe loading=\"lazy\" class=\"wp-embedded-content\" sandbox=\"allow-scripts\" security=\"restricted\" style=\"position: absolute; visibility: hidden;\" title=\"&#8220;PIU&#8217; SIAMO&#8230;CON MARINA &#8211; SETTIMANA DAL 07 AL 11 APRILE 2025&#8221; &#8212; Radio Pi\u00f9\" src=\"https:\/\/www.radiopiu.net\/wordpress\/piu-siamo-con-marina-settimana-dal-07-al-11-aprile-2025\/embed\/#?secret=KTCAAwbB6f#?secret=2EluifVxqM\" data-secret=\"2EluifVxqM\" width=\"600\" height=\"338\" frameborder=\"0\" marginwidth=\"0\" marginheight=\"0\" scrolling=\"no\"><\/iframe><\/p>\n<p>&nbsp;<\/p>\n<hr \/>\n<p>&nbsp;<\/p>\n<blockquote>\n<h3>TRE ANNI DI &#8220;DINTORN E FORA VIA, LE NUOVE PER LADIN&#8221;&#8230;AUGURI MUSLA<\/h3>\n<\/blockquote>\n<p><strong>REDAZIONE<\/strong> Sono passati 3 anni dalla prima puntata di &#8220;Dintorn e Fora Via le nuove per Ladin&#8221;, il programma del MUSLA. Un appuntamento fisso di Radio Pi\u00f9 che racconta le notizie nella nostra lingua ladina.<\/p>\n<p><strong>BEATRICE COLCUC<\/strong><\/p>\n<audio class=\"wp-audio-shortcode\" id=\"audio-444566-8\" preload=\"none\" style=\"width: 100%;\" controls=\"controls\"><source type=\"audio\/mpeg\" src=\"https:\/\/www.radiopiu.net\/wordpress\/wp-content\/uploads\/2025\/04\/BEATRICE-COLCUC.mp3?_=8\" \/><a href=\"https:\/\/www.radiopiu.net\/wordpress\/wp-content\/uploads\/2025\/04\/BEATRICE-COLCUC.mp3\">https:\/\/www.radiopiu.net\/wordpress\/wp-content\/uploads\/2025\/04\/BEATRICE-COLCUC.mp3<\/a><\/audio>\n<p>&nbsp;<\/p>\n<div style=\"width: 848px;\" class=\"wp-video\"><video class=\"wp-video-shortcode\" id=\"video-444566-1\" width=\"848\" height=\"480\" preload=\"metadata\" controls=\"controls\"><source type=\"video\/mp4\" src=\"https:\/\/www.radiopiu.net\/wordpress\/wp-content\/uploads\/2025\/04\/WhatsApp-Video-2025-04-12-at-09.47.49.mp4?_=1\" \/><a href=\"https:\/\/www.radiopiu.net\/wordpress\/wp-content\/uploads\/2025\/04\/WhatsApp-Video-2025-04-12-at-09.47.49.mp4\">https:\/\/www.radiopiu.net\/wordpress\/wp-content\/uploads\/2025\/04\/WhatsApp-Video-2025-04-12-at-09.47.49.mp4<\/a><\/video><\/div>\n<p>&nbsp;<\/p>\n<hr \/>\n<p>&nbsp;<\/p>\n<h2><span style=\"color: #ff0000;\"><a class=\"dt-pswp-item\" href=\"https:\/\/www.radiopiu.net\/wordpress\/wp-content\/uploads\/2018\/09\/appuntamenti.jpeg\" data-dt-img-description=\"\" data-large_image_width=\"800\" data-large_image_height=\"100\"><img loading=\"lazy\" decoding=\"async\" class=\"wp-image-61958 size-full aligncenter\" src=\"https:\/\/www.radiopiu.net\/wordpress\/wp-content\/uploads\/2018\/09\/appuntamenti.jpeg\" alt=\"\" width=\"800\" height=\"100\" srcset=\"https:\/\/www.radiopiu.net\/wordpress\/wp-content\/uploads\/2018\/09\/appuntamenti.jpeg 800w, https:\/\/www.radiopiu.net\/wordpress\/wp-content\/uploads\/2018\/09\/appuntamenti-300x38.jpeg 300w, https:\/\/www.radiopiu.net\/wordpress\/wp-content\/uploads\/2018\/09\/appuntamenti-768x96.jpeg 768w\" sizes=\"auto, (max-width: 800px) 100vw, 800px\" \/><\/a><\/span><\/h2>\n<p>&nbsp;<\/p>\n<div>\n<div class=\"\" dir=\"auto\">\n<div id=\":r9h:\" class=\"x1iorvi4 x1pi30zi x1l90r2v x1swvt13\" data-ad-comet-preview=\"message\" data-ad-preview=\"message\">\n<div class=\"\" dir=\"auto\">\n<div id=\":r9h:\" class=\"x1iorvi4 x1pi30zi x1l90r2v x1swvt13\" data-ad-comet-preview=\"message\" data-ad-preview=\"message\">\n<div class=\"\" dir=\"auto\">\n<div id=\":r9h:\" class=\"x1iorvi4 x1pi30zi x1l90r2v x1swvt13\" data-ad-comet-preview=\"message\" data-ad-preview=\"message\">\n<div class=\"\" dir=\"auto\">\n<div id=\":r9h:\" class=\"x1iorvi4 x1pi30zi x1l90r2v x1swvt13\" data-ad-comet-preview=\"message\" data-ad-preview=\"message\">\n<div>\n<div class=\"\" dir=\"auto\">\n<div id=\":r9h:\" class=\"x1iorvi4 x1pi30zi x1l90r2v x1swvt13\" data-ad-comet-preview=\"message\" data-ad-preview=\"message\">\n<div>\n<div class=\"\" dir=\"auto\">\n<div id=\":r9h:\" class=\"x1iorvi4 x1pi30zi x1l90r2v x1swvt13\" data-ad-comet-preview=\"message\" data-ad-preview=\"message\">\n<div class=\"xdj266r x11i5rnm xat24cr x1mh8g0r x1vvkbs x126k92a\">\n<div dir=\"auto\"><\/div>\n<\/div>\n<div>\n<div class=\"\" dir=\"auto\">\n<div id=\":r9h:\" class=\"x1iorvi4 x1pi30zi x1l90r2v x1swvt13\" data-ad-comet-preview=\"message\" data-ad-preview=\"message\">\n<div>\n<div class=\"\" dir=\"auto\">\n<div id=\":r9h:\" class=\"x1iorvi4 x1pi30zi x1l90r2v x1swvt13\" data-ad-comet-preview=\"message\" data-ad-preview=\"message\">\n\n\t\t\t<style type='text\/css'>\n\t\t\t\t#gallery-4 {\n\t\t\t\t\tmargin: auto;\n\t\t\t\t}\n\t\t\t\t#gallery-4 .gallery-item {\n\t\t\t\t\tfloat: left;\n\t\t\t\t\tmargin-top: 10px;\n\t\t\t\t\ttext-align: center;\n\t\t\t\t\twidth: 25%;\n\t\t\t\t}\n\t\t\t\t#gallery-4 img {\n\t\t\t\t\tborder: 2px solid #cfcfcf;\n\t\t\t\t}\n\t\t\t\t#gallery-4 .gallery-caption {\n\t\t\t\t\tmargin-left: 0;\n\t\t\t\t}\n\t\t\t\t\/* see gallery_shortcode() in wp-includes\/media.php *\/\n\t\t\t<\/style>\n\t\t<div id='gallery-4' class='dt-gallery-container gallery galleryid-444566 gallery-columns-4 gallery-size-thumbnail'><dl class='gallery-item'>\n\t\t\t\t<dt class='gallery-icon portrait'>\n\t\t\t\t\t<a class=\"rollover rollover-zoom dt-pswp-item\" title=\"487363836_1154705959687690_3035271110389443223_n\" data-dt-img-description=\"\" data-large_image_width=\"979\" data-large_image_height=\"1411\"href='https:\/\/www.radiopiu.net\/wordpress\/wp-content\/uploads\/2025\/04\/487363836_1154705959687690_3035271110389443223_n.jpg'><img loading=\"lazy\" decoding=\"async\" width=\"150\" height=\"150\" src=\"https:\/\/www.radiopiu.net\/wordpress\/wp-content\/uploads\/2025\/04\/487363836_1154705959687690_3035271110389443223_n-150x150.jpg\" class=\"attachment-thumbnail size-thumbnail\" alt=\"\" \/><\/a>\n\t\t\t\t<\/dt><\/dl><dl class='gallery-item'>\n\t\t\t\t<dt class='gallery-icon landscape'>\n\t\t\t\t\t<a class=\"rollover rollover-zoom dt-pswp-item\" title=\"Immagine 2025-04-11 072741\" data-dt-img-description=\"\" data-large_image_width=\"542\" data-large_image_height=\"367\"href='https:\/\/www.radiopiu.net\/wordpress\/wp-content\/uploads\/2025\/04\/Immagine-2025-04-11-072741-e1744349278251.jpg'><img loading=\"lazy\" decoding=\"async\" width=\"150\" height=\"150\" src=\"https:\/\/www.radiopiu.net\/wordpress\/wp-content\/uploads\/2025\/04\/Immagine-2025-04-11-072741-e1744349278251-150x150.jpg\" class=\"attachment-thumbnail size-thumbnail\" alt=\"\" \/><\/a>\n\t\t\t\t<\/dt><\/dl><dl class='gallery-item'>\n\t\t\t\t<dt class='gallery-icon portrait'>\n\t\t\t\t\t<a class=\"rollover rollover-zoom dt-pswp-item\" title=\"Senza nome\" data-dt-img-description=\"\" data-large_image_width=\"569\" data-large_image_height=\"801\"href='https:\/\/www.radiopiu.net\/wordpress\/wp-content\/uploads\/2025\/02\/Senza-nome-23.png'><img loading=\"lazy\" decoding=\"async\" width=\"150\" height=\"150\" src=\"https:\/\/www.radiopiu.net\/wordpress\/wp-content\/uploads\/2025\/02\/Senza-nome-23-150x150.png\" class=\"attachment-thumbnail size-thumbnail\" alt=\"\" \/><\/a>\n\t\t\t\t<\/dt><\/dl><dl class='gallery-item'>\n\t\t\t\t<dt class='gallery-icon portrait'>\n\t\t\t\t\t<a class=\"rollover rollover-zoom dt-pswp-item\" title=\"Aprile\" data-dt-img-description=\"\" data-large_image_width=\"841\" data-large_image_height=\"1190\"href='https:\/\/www.radiopiu.net\/wordpress\/wp-content\/uploads\/2025\/03\/Aprile.jpg'><img loading=\"lazy\" decoding=\"async\" width=\"150\" height=\"150\" src=\"https:\/\/www.radiopiu.net\/wordpress\/wp-content\/uploads\/2025\/03\/Aprile-150x150.jpg\" class=\"attachment-thumbnail size-thumbnail\" alt=\"\" \/><\/a>\n\t\t\t\t<\/dt><\/dl><br style=\"clear: both\" \/><dl class='gallery-item'>\n\t\t\t\t<dt class='gallery-icon portrait'>\n\t\t\t\t\t<a class=\"rollover rollover-zoom dt-pswp-item\" title=\"Locandina posturale primavera 2025\" data-dt-img-description=\"\" data-large_image_width=\"1132\" data-large_image_height=\"1600\"href='https:\/\/www.radiopiu.net\/wordpress\/wp-content\/uploads\/2025\/03\/Locandina-posturale-primavera-2025.jpeg'><img loading=\"lazy\" decoding=\"async\" width=\"150\" height=\"150\" src=\"https:\/\/www.radiopiu.net\/wordpress\/wp-content\/uploads\/2025\/03\/Locandina-posturale-primavera-2025-150x150.jpeg\" class=\"attachment-thumbnail size-thumbnail\" alt=\"\" \/><\/a>\n\t\t\t\t<\/dt><\/dl><dl class='gallery-item'>\n\t\t\t\t<dt class='gallery-icon portrait'>\n\t\t\t\t\t<a class=\"rollover rollover-zoom dt-pswp-item\" title=\"Locandina Gardaland 19.05.2025\" data-dt-img-description=\"\" data-large_image_width=\"1131\" data-large_image_height=\"1600\"href='https:\/\/www.radiopiu.net\/wordpress\/wp-content\/uploads\/2025\/03\/Locandina-Gardaland-19.05.2025.jpeg'><img loading=\"lazy\" decoding=\"async\" width=\"150\" height=\"150\" src=\"https:\/\/www.radiopiu.net\/wordpress\/wp-content\/uploads\/2025\/03\/Locandina-Gardaland-19.05.2025-150x150.jpeg\" class=\"attachment-thumbnail size-thumbnail\" alt=\"\" \/><\/a>\n\t\t\t\t<\/dt><\/dl><dl class='gallery-item'>\n\t\t\t\t<dt class='gallery-icon landscape'>\n\t\t\t\t\t<a class=\"rollover rollover-zoom dt-pswp-item\" title=\"Senza nome\" data-dt-img-description=\"\" data-large_image_width=\"753\" data-large_image_height=\"334\"href='https:\/\/www.radiopiu.net\/wordpress\/wp-content\/uploads\/2025\/04\/Senza-nome-2.png'><img loading=\"lazy\" decoding=\"async\" width=\"150\" height=\"150\" src=\"https:\/\/www.radiopiu.net\/wordpress\/wp-content\/uploads\/2025\/04\/Senza-nome-2-150x150.png\" class=\"attachment-thumbnail size-thumbnail\" alt=\"\" \/><\/a>\n\t\t\t\t<\/dt><\/dl><dl class='gallery-item'>\n\t\t\t\t<dt class='gallery-icon portrait'>\n\t\t\t\t\t<a class=\"rollover rollover-zoom dt-pswp-item\" title=\"488508424_18408367480096744_440585597055027067_n\" data-dt-img-description=\"\" data-large_image_width=\"1440\" data-large_image_height=\"1799\"href='https:\/\/www.radiopiu.net\/wordpress\/wp-content\/uploads\/2025\/04\/488508424_18408367480096744_440585597055027067_n.jpg'><img loading=\"lazy\" decoding=\"async\" width=\"150\" height=\"150\" src=\"https:\/\/www.radiopiu.net\/wordpress\/wp-content\/uploads\/2025\/04\/488508424_18408367480096744_440585597055027067_n-150x150.jpg\" class=\"attachment-thumbnail size-thumbnail\" alt=\"\" \/><\/a>\n\t\t\t\t<\/dt><\/dl><br style=\"clear: both\" \/><dl class='gallery-item'>\n\t\t\t\t<dt class='gallery-icon portrait'>\n\t\t\t\t\t<a class=\"rollover rollover-zoom dt-pswp-item\" title=\"17edc79b-2729-450a-991a-37c9461b86b0\" data-dt-img-description=\"\" data-large_image_width=\"1536\" data-large_image_height=\"2048\"href='https:\/\/www.radiopiu.net\/wordpress\/wp-content\/uploads\/2025\/04\/17edc79b-2729-450a-991a-37c9461b86b0.jpg'><img loading=\"lazy\" decoding=\"async\" width=\"150\" height=\"150\" src=\"https:\/\/www.radiopiu.net\/wordpress\/wp-content\/uploads\/2025\/04\/17edc79b-2729-450a-991a-37c9461b86b0-150x150.jpg\" class=\"attachment-thumbnail size-thumbnail\" alt=\"\" \/><\/a>\n\t\t\t\t<\/dt><\/dl><dl class='gallery-item'>\n\t\t\t\t<dt class='gallery-icon portrait'>\n\t\t\t\t\t<a class=\"rollover rollover-zoom dt-pswp-item\" title=\"Locandina Open day 26 e 27 aprile 2025\" data-dt-img-description=\"\" data-large_image_width=\"1240\" data-large_image_height=\"1754\"href='https:\/\/www.radiopiu.net\/wordpress\/wp-content\/uploads\/2025\/04\/Locandina-Open-day-26-e-27-aprile-2025.jpg'><img loading=\"lazy\" decoding=\"async\" width=\"150\" height=\"150\" src=\"https:\/\/www.radiopiu.net\/wordpress\/wp-content\/uploads\/2025\/04\/Locandina-Open-day-26-e-27-aprile-2025-150x150.jpg\" class=\"attachment-thumbnail size-thumbnail\" alt=\"\" \/><\/a>\n\t\t\t\t<\/dt><\/dl>\n\t\t\t\t<br style='clear: both' \/>\n\t\t\t<\/div>\n\n<p>&nbsp;<\/p>\n<\/div>\n<\/div>\n<\/div>\n<\/div>\n<\/div>\n<\/div>\n<\/div>\n<\/div>\n<\/div>\n<\/div>\n<\/div>\n<\/div>\n<\/div>\n<\/div>\n<\/div>\n<\/div>\n<\/div>\n<\/div>\n<\/div>\n<\/div>\n<\/div>\n<div>\n<div class=\"\" dir=\"auto\">\n<div id=\":r9h:\" class=\"x1iorvi4 x1pi30zi x1l90r2v x1swvt13\" data-ad-comet-preview=\"message\" data-ad-preview=\"message\">\n<div class=\"\" dir=\"auto\">\n<div id=\":r9h:\" class=\"x1iorvi4 x1pi30zi x1l90r2v x1swvt13\" data-ad-comet-preview=\"message\" data-ad-preview=\"message\">\n<div class=\"\" dir=\"auto\">\n<div id=\":r9h:\" class=\"x1iorvi4 x1pi30zi x1l90r2v x1swvt13\" data-ad-comet-preview=\"message\" data-ad-preview=\"message\">\n<div class=\"\" dir=\"auto\">\n<div id=\":r9h:\" class=\"x1iorvi4 x1pi30zi x1l90r2v x1swvt13\" data-ad-comet-preview=\"message\" data-ad-preview=\"message\">\n<div>\n<div class=\"\" dir=\"auto\">\n<div id=\":r9h:\" class=\"x1iorvi4 x1pi30zi x1l90r2v x1swvt13\" data-ad-comet-preview=\"message\" data-ad-preview=\"message\">\n<div>\n<div class=\"\" dir=\"auto\">\n<div id=\":r9h:\" class=\"x1iorvi4 x1pi30zi x1l90r2v x1swvt13\" data-ad-comet-preview=\"message\" data-ad-preview=\"message\">\n<div class=\"xdj266r x11i5rnm xat24cr x1mh8g0r x1vvkbs x126k92a\">\n<div dir=\"auto\"><\/div>\n<\/div>\n<div>\n<div class=\"\" dir=\"auto\">\n<div id=\":r9h:\" class=\"x1iorvi4 x1pi30zi x1l90r2v x1swvt13\" data-ad-comet-preview=\"message\" data-ad-preview=\"message\">\n<div>\n<div class=\"\" dir=\"auto\">\n<div id=\":r9h:\" class=\"x1iorvi4 x1pi30zi x1l90r2v x1swvt13\" data-ad-comet-preview=\"message\" data-ad-preview=\"message\">\n<p>&nbsp;<\/p>\n<hr \/>\n<p>&nbsp;<\/p>\n<blockquote class=\"wp-embedded-content\" data-secret=\"argzNuZnrO\"><p><a href=\"https:\/\/www.radiopiu.net\/wordpress\/atlante-dei-capitelli-votivi-e-delle-pitture-figurative-a-la-valle-agordina-un-patrimonio-da-riscoprire-prima-parte\/\">ATLANTE DEI CAPITELLI VOTIVI E DELLE PITTURE FIGURATIVE A LA VALLE AGORDINA: UN PATRIMONIO DA RISCOPRIRE &#8211; PRIMA PARTE<\/a><\/p><\/blockquote>\n<p><iframe loading=\"lazy\" class=\"wp-embedded-content\" sandbox=\"allow-scripts\" security=\"restricted\" style=\"position: absolute; visibility: hidden;\" title=\"&#8220;ATLANTE DEI CAPITELLI VOTIVI E DELLE PITTURE FIGURATIVE A LA VALLE AGORDINA: UN PATRIMONIO DA RISCOPRIRE &#8211; PRIMA PARTE&#8221; &#8212; Radio Pi\u00f9\" src=\"https:\/\/www.radiopiu.net\/wordpress\/atlante-dei-capitelli-votivi-e-delle-pitture-figurative-a-la-valle-agordina-un-patrimonio-da-riscoprire-prima-parte\/embed\/#?secret=XqjLJLLw6f#?secret=argzNuZnrO\" data-secret=\"argzNuZnrO\" width=\"600\" height=\"338\" frameborder=\"0\" marginwidth=\"0\" marginheight=\"0\" scrolling=\"no\"><\/iframe><\/p>\n<p>&nbsp;<\/p>\n<hr \/>\n<p>&nbsp;<\/p>\n<\/div>\n<\/div>\n<\/div>\n<\/div>\n<\/div>\n<\/div>\n<\/div>\n<\/div>\n<\/div>\n<\/div>\n<\/div>\n<\/div>\n<\/div>\n<\/div>\n<\/div>\n<\/div>\n<\/div>\n<\/div>\n<\/div>\n<\/div>\n<\/div>\n<p class=\"mceTemp\"><a class=\"dt-pswp-item\" href=\"https:\/\/www.radiopiu.net\/wordpress\/wp-content\/uploads\/2018\/09\/WhatsApp-Image-2018-09-20-at-16.04.06.jpeg\" data-dt-img-description=\"\" data-large_image_width=\"800\" data-large_image_height=\"100\"><img loading=\"lazy\" decoding=\"async\" class=\"wp-image-61378 size-full aligncenter\" src=\"https:\/\/www.radiopiu.net\/wordpress\/wp-content\/uploads\/2018\/09\/WhatsApp-Image-2018-09-20-at-16.04.06.jpeg\" alt=\"\" width=\"800\" height=\"100\" srcset=\"https:\/\/www.radiopiu.net\/wordpress\/wp-content\/uploads\/2018\/09\/WhatsApp-Image-2018-09-20-at-16.04.06.jpeg 800w, https:\/\/www.radiopiu.net\/wordpress\/wp-content\/uploads\/2018\/09\/WhatsApp-Image-2018-09-20-at-16.04.06-300x38.jpeg 300w, https:\/\/www.radiopiu.net\/wordpress\/wp-content\/uploads\/2018\/09\/WhatsApp-Image-2018-09-20-at-16.04.06-768x96.jpeg 768w\" sizes=\"auto, (max-width: 800px) 100vw, 800px\" \/><\/a><\/p>\n<p><center><\/center><center><\/center>&nbsp;<\/p>\n<p><center><b>OGGI<\/b><\/center>Cielo ancora molto nuvoloso o coperto con rare schiarite e con un tempo a tratti perturbato specie dalla sera quando i fenomeni tenderanno a intensificarsi e a divenire da sparsi a diffusi.<br \/>\n<b>Precipitazioni: <\/b>Alta probabilit\u00e0 di precipitazioni specie verso sera; al mattino e nel pomeriggio in genere di modesta intensit\u00e0 a carattere locale o sparso, in intensificazione dalla sera quando tenderanno a divenire pi\u00f9 diffuse e continue fino alla mattinata di marted\u00ec anche a carattere di rovescio<br \/>\n<b>Temperature: <\/b>Senza variazioni di rilievo, salvo qualche calo delle minime e locali lievi aumenti delle massime specie in alta montagna con lieve escursione termica giornaliera.<\/p>\n<hr \/>\n<p><center><b>DOMANI<\/b><\/center>Cielo ancora molto nuvoloso o coperto con rare schiarite a tratti ancora perturbato specie al mattino.<br \/>\n<b>Precipitazioni: <\/b>Alta probabilit\u00e0 di precipitazioni diffuse in prevalenza di moderata intensit\u00e0 con rovesci sparsi, specie tra la notte e il mattino, pi\u00f9 modeste e sparse dal pomeriggio<br \/>\n<b>Temperature: <\/b>In prevalenza stazionarie, salvo dei lievi aumenti delle minime in alta montagna con una modesta escursione termica giornaliera.<\/p>\n<hr \/>\n<p><center><b>MERCOLEDI<\/b><\/center>Tempo ancora variabile a tratti perturbato con precipitazioni importanti da sparse a diffuse in prevalenza di moderata intensit\u00e0. Temperature senza notevoli variazioni, salvo qualche modesta e locale variazione, con una lieve escursione termica giornaliera.<\/p>\n<hr \/>\n<p><center><b>GIOVEDI<\/b><\/center>Tempo simile a quello dei giorni precedenti, molto umido, variabile e a tratti ancora perturbato con precipitazioni intermittenti e diffuse di moderata intensit\u00e0 con apporti giornalieri anche importanti. Temperature in contenuto calo.<\/p>\n<p>&nbsp;<\/p>\n<hr \/>\n<p>&nbsp;<\/p>\n<p class=\"mceTemp\"><a class=\"dt-pswp-item\" href=\"https:\/\/www.radiopiu.net\/wordpress\/wp-content\/uploads\/2018\/09\/sport.jpg\" data-dt-img-description=\"\" data-large_image_width=\"800\" data-large_image_height=\"100\"><img loading=\"lazy\" decoding=\"async\" class=\"aligncenter wp-image-60761 size-full\" src=\"https:\/\/www.radiopiu.net\/wordpress\/wp-content\/uploads\/2018\/09\/sport.jpg\" alt=\"\" width=\"800\" height=\"100\" srcset=\"https:\/\/www.radiopiu.net\/wordpress\/wp-content\/uploads\/2018\/09\/sport.jpg 800w, https:\/\/www.radiopiu.net\/wordpress\/wp-content\/uploads\/2018\/09\/sport-300x38.jpg 300w, https:\/\/www.radiopiu.net\/wordpress\/wp-content\/uploads\/2018\/09\/sport-768x96.jpg 768w\" sizes=\"auto, (max-width: 800px) 100vw, 800px\" \/> <\/a><\/p>\n<p class=\"mceTemp\"><span style=\"color: #0000ff;\"><strong>\u00a0 \u00a0 \u00a0 \u00a0 \u00a0\u00a0<\/strong><\/span><\/p>\n<p><span style=\"color: #0000ff;\"><strong>CALCIO<\/strong><\/span><\/p>\n<blockquote>\n<h3>UN PAREGGIO AMARO PER L&#8217;AGORDINA CONTRO L&#8217;ALPES CESIO<\/h3>\n<\/blockquote>\n<p><strong><a class=\"dt-pswp-item\" href=\"https:\/\/www.radiopiu.net\/wordpress\/wp-content\/uploads\/2023\/04\/calcio-rigore-2023.png\" data-dt-img-description=\"\" data-large_image_width=\"623\" data-large_image_height=\"402\"><img loading=\"lazy\" decoding=\"async\" class=\" wp-image-331419 alignleft\" src=\"https:\/\/www.radiopiu.net\/wordpress\/wp-content\/uploads\/2023\/04\/calcio-rigore-2023-300x194.png\" alt=\"\" width=\"187\" height=\"121\" srcset=\"https:\/\/www.radiopiu.net\/wordpress\/wp-content\/uploads\/2023\/04\/calcio-rigore-2023-300x194.png 300w, https:\/\/www.radiopiu.net\/wordpress\/wp-content\/uploads\/2023\/04\/calcio-rigore-2023.png 623w\" sizes=\"auto, (max-width: 187px) 100vw, 187px\" \/><\/a>DI MARCO GAZ<\/strong><\/p>\n<p><strong>TERZA CATEGORIA<\/strong><\/p>\n<p><strong>ALPES CESIO \u2013 AGORDINA 2-2<\/strong><\/p>\n<p>GOL AGORDINA: Pellegrini, Tirabeni<\/p>\n<p>L\u2019Agordina mette il bastone tra le ruote all\u2019Apes Cesio dopo una partita confusa e caratterizzata da scelte arbitrali discutibili. Un punto importante per i ragazzi di Davare che rimangono in corsa per la zona playoff a quattro partite dal termine. Match nervoso che la squadra di Agordo ha terminato in 9 dopo le espulsioni di Ren e Casera. L\u2019Agordina passa subito in vantaggio con Pellegrini ma i padroni di casa pareggiano i conti subito dopo. Fallo in area, espulsione di Ren e calcio di rigore trasformato dall\u2019Alpes Cesio. Nonostante l\u2019uomo in meno, gli agordini non demordono e si fanno pericolosi pi\u00f9 volte. Nel secondo tempo \u00e8 sempre l\u2019Agordina ad avere in mano la partita e trova di nuovo il vantaggio con Tirabeni. Squadra di Cesiomaggiore che pareggia di nuovo i conti ma i ragazzi di Davare continuano a spingere alla ricerca del gol che viene sfiorato al 92\u2019quando il pallone si stampa sulla traversa. Nel finale Casera protesta con l\u2019arbitro e viene spedito sotto la doccia anzitempo. Ora 15 giorni di pausa prima di ritornare in campo contro la Lamonese in quella che si preannuncia la partita della stagione per gli agordini.<\/p>\n<p><strong>LA CLASSIFICA:<\/strong> Auronzo 48, Alpes Cesio e Fortogna 46, Fulgor Farra 44, Lamonese 43, Agordina 37, Tambre 35, Piave 34, Valzoldana 32, Dynamo Velli, 31, Cortina 19, Bellunese 15, Cadore 6, Valboite 1<\/p>\n<p><strong>GIOVANILI AGORDINA<\/strong><\/p>\n<p><strong>JUNIORES<\/strong><\/p>\n<p><strong>AGORDINA \u2013 UNION FELETTO 4-4<\/strong><\/p>\n<p>Partita ricca di emozioni ad Agordo, dove l\u2019Agordina riesce in extremis a strappare un pareggio per 4-4 contro l\u2019Union Feletto, al termine di un match combattuto e ricco di colpi di scena. Dopo un inizio incoraggiante, con i padroni di casa subito in vantaggio, gli ospiti reagiscono con determinazione e chiudono la prima frazione avanti per 3-1, lasciando presagire un secondo tempo in salita per gli agordini. Nella ripresa l\u2019Agordina mostra carattere e grinta, riuscendo a rientrare in partita grazie a una buona reazione collettiva. A firmare il tabellino dei marcatori ci pensano Valentino Marcon, autore di una doppietta, Carlin e un\u2019autorete favorevole. Il gol del definitivo 4-4 arriva proprio nei minuti finali. Un punto conquistato con il cuore, che dimostra la voglia di non mollare mai della formazione agordina.<\/p>\n<p><strong>ALLIEVI<\/strong><\/p>\n<p><strong>SAN PIETRO \u2013 AGORDINA 0-3<\/strong><\/p>\n<p>Vittoria importante ma sofferta per l\u2019Agordina, che espugna il campo del San Pietro con un secco 3-0, grazie alla tripletta di Soccol. La partita, per\u00f2, non \u00e8 stata delle pi\u00f9 brillanti: ritmi lenti e poche occasioni hanno caratterizzato gran parte dell\u2019incontro. Il match si sblocca solo sul finire del primo tempo, quando Soccol trasforma una punizione che porta avanti i ragazzi di Agordo. Nella ripresa, pronti via, ed \u00e8 ancora lui a colpire. Il terzo sigillo arriva a dieci minuti dal termine, chiudendo definitivamente i conti. Tre punti preziosi per l\u2019Agordina, che torna dal Comelico con il bottino pieno e la vetta della classifica saldamente nelle mani.<\/p>\n<p><strong>GIOVANISSIMI<\/strong><\/p>\n<p><strong>GIRONE A<\/strong><\/p>\n<p><strong>AGORDINA \u2013 SCHIARA 16-1<\/strong><\/p>\n<p>L\u2019Agordina fa un sol boccone dello Schiara all\u2019Ivano Dorigo di Agordo. Grande prova dei giovani agordini che rifilano ben 16 marcature ai bellunesi. Una partita a senso unico che ha visto la squadra di Agordo dominare in lungo e in largo il campo. Solo nel finale \u00e8 arrivata la rete dello Schiara su azione di calcio d\u2019angolo. Per la cronaca le reti dell\u2019Agordina sono: tripletta per Fusina, Dell\u2019Osbel e Tibolla, doppietta di Minotto e Manfroi e un gol a testa per Ben, Sndrich e De Bernardin.<\/p>\n<p><strong>GIRONE B<\/strong><\/p>\n<p><strong>DOMEGGE \u2013 AGORDINA SQ.B 6-0<\/strong><\/p>\n<p>Il Domegge incamera tre punti chiudendo con un punteggio tennistico la sfida contro l\u2019Agordina B. Agordini che rimangono in partita fino al primo gol subito e poi spengono la luce subendo altre due marcature. Gli agordini provano a reagire nella seconda frazione ma la squadra cadorina ha ancora una volta la meglio riuscendo a chiudere definitivamente la sfida con altre tre reti.<\/p>\n<p>&nbsp;<\/p>\n<blockquote class=\"wp-embedded-content\" data-secret=\"8NTQgQMOXw\"><p><a href=\"https:\/\/www.radiopiu.net\/wordpress\/agordina-in-prima-linea-ogni-domenica-su-radio-piu-il-podcast\/\">AGORDINA IN PRIMA LINEA, OGNI DOMENICA SU RADIO PIU&#8217; &#8211; IL PODCAST<\/a><\/p><\/blockquote>\n<p><iframe loading=\"lazy\" class=\"wp-embedded-content\" sandbox=\"allow-scripts\" security=\"restricted\" style=\"position: absolute; visibility: hidden;\" title=\"&#8220;AGORDINA IN PRIMA LINEA, OGNI DOMENICA SU RADIO PIU&#8217; &#8211; IL PODCAST&#8221; &#8212; Radio Pi\u00f9\" src=\"https:\/\/www.radiopiu.net\/wordpress\/agordina-in-prima-linea-ogni-domenica-su-radio-piu-il-podcast\/embed\/#?secret=jSKB73Ti6l#?secret=8NTQgQMOXw\" data-secret=\"8NTQgQMOXw\" width=\"600\" height=\"338\" frameborder=\"0\" marginwidth=\"0\" marginheight=\"0\" scrolling=\"no\"><\/iframe><\/p>\n<p>&nbsp;<\/p>\n<p><span style=\"color: #0000ff;\"><strong>PALLAVOLO<\/strong><\/span><\/p>\n<blockquote>\n<h3>TERZO POSTO MATEMATICO PER LA SB VOLLEY<\/h3>\n<\/blockquote>\n<p><b><a class=\"dt-pswp-item\" href=\"https:\/\/www.radiopiu.net\/wordpress\/wp-content\/uploads\/2025\/04\/SB_Volley_in_festa_ad_Abano_Terme.jpg\" data-dt-img-description=\"\" data-large_image_width=\"1186\" data-large_image_height=\"650\"><img loading=\"lazy\" decoding=\"async\" class=\" wp-image-444721 alignleft\" src=\"https:\/\/www.radiopiu.net\/wordpress\/wp-content\/uploads\/2025\/04\/SB_Volley_in_festa_ad_Abano_Terme-300x164.jpg\" alt=\"\" width=\"201\" height=\"110\" srcset=\"https:\/\/www.radiopiu.net\/wordpress\/wp-content\/uploads\/2025\/04\/SB_Volley_in_festa_ad_Abano_Terme-300x164.jpg 300w, https:\/\/www.radiopiu.net\/wordpress\/wp-content\/uploads\/2025\/04\/SB_Volley_in_festa_ad_Abano_Terme-1024x561.jpg 1024w, https:\/\/www.radiopiu.net\/wordpress\/wp-content\/uploads\/2025\/04\/SB_Volley_in_festa_ad_Abano_Terme-768x421.jpg 768w, https:\/\/www.radiopiu.net\/wordpress\/wp-content\/uploads\/2025\/04\/SB_Volley_in_festa_ad_Abano_Terme.jpg 1186w\" sizes=\"auto, (max-width: 201px) 100vw, 201px\" \/><\/a>ODV THERMAL-SB VOLLEY 2-3 (<\/b><strong>15-25, 25-17, 17-25, 26-24, 10-15)<\/strong><\/p>\n<p>La SB Volley di Sedico-Belluno conquista la terza vittoria consecutiva e la quindicesima stagionale nel campionato femminile di Serie C (girone A), battendo l\u2019Odv Thermal ad Abano Terme. Il successo garantisce matematicamente il terzo posto in classifica, complice anche la sconfitta della Pallavolo Locara. Nonostante alcune assenze, la squadra di coach Nesello dimostra solidit\u00e0: Anna De Paris gestisce il gioco con maturit\u00e0, mentre Nausicaa Maschio brilla con 21 punti. Le centrali Fiabane e Costa si distinguono con 4 muri a testa. La partita \u00e8 combattuta: la SB vince il primo e terzo set, ma le padrone di casa reagiscono, aggiudicandosi il secondo e il quarto set ai vantaggi. Il tie-break \u00e8 decisivo: dopo una fase equilibrata, la SB chiude con un parziale di 6-0 grazie agli ace di De Barba e ai colpi vincenti di Maschio. Coach Nesello esprime soddisfazione per la prova complessiva, sottolineando l&#8217;importanza della reazione e della determinazione mostrate nel momento chiave, lodando in particolare De Paris e Maschio per il loro apporto.<\/p>\n<p>&nbsp;<\/p>\n<p><span style=\"color: #0000ff;\"><strong>CURLING<\/strong><\/span><\/p>\n<blockquote>\n<h3>INIZIATO UFFICIALMENTE IL CAMPIONATO MONDIALE JUNIORES DI CURLING A CORTINA<\/h3>\n<\/blockquote>\n<p><a class=\"dt-pswp-item\" href=\"https:\/\/www.radiopiu.net\/wordpress\/wp-content\/uploads\/2025\/04\/20f5c815-a242-4248-b447-bfcc13d0a07a.jpg\" data-dt-img-description=\"\" data-large_image_width=\"500\" data-large_image_height=\"333\"><img loading=\"lazy\" decoding=\"async\" class=\" wp-image-444760 alignleft\" src=\"https:\/\/www.radiopiu.net\/wordpress\/wp-content\/uploads\/2025\/04\/20f5c815-a242-4248-b447-bfcc13d0a07a-300x200.jpg\" alt=\"\" width=\"186\" height=\"124\" srcset=\"https:\/\/www.radiopiu.net\/wordpress\/wp-content\/uploads\/2025\/04\/20f5c815-a242-4248-b447-bfcc13d0a07a-300x200.jpg 300w, https:\/\/www.radiopiu.net\/wordpress\/wp-content\/uploads\/2025\/04\/20f5c815-a242-4248-b447-bfcc13d0a07a.jpg 500w\" sizes=\"auto, (max-width: 186px) 100vw, 186px\" \/><\/a>\u00c8 iniziato sabato il Campionato Mondiale Juniores di curling presso lo Stadio Olimpico del ghiaccio di Cortina d\u2019Ampezzo, recentemente rinnovato. L\u2019evento, organizzato da Fondazione Milano Cortina 2026, rappresenta un test in vista delle Olimpiadi e Paralimpiadi Invernali di Milano Cortina 2026 e si concluder\u00e0 luned\u00ec 21 aprile. Partecipano le migliori squadre giovanili internazionali. La cerimonia inaugurale ha visto protagonisti bambini dell\u2019U.L.d\u2019A., il violinista Pierpaolo Foti con una versione di \u201cScotland the Brave\u201d, e autorit\u00e0 come Alberto Ghezze, Eeva R\u00f6thlisberger e Fabio Massimo Saldini, che ha lanciato la prima stone insieme al sindaco Gianluca Lorenzi e alle atlete Stefania Constantini e Giulia Zardini Lacedelli. (foto: Fondazione Cortina)<\/p>\n<p>&nbsp;<\/p>\n<p><span style=\"color: #0000ff;\"><strong>ATLETICA<\/strong><\/span><\/p>\n<blockquote>\n<h3>SCUOLA E PROMOZIONE DISTRETTUALE DI ATLETICA: SODDISFAZIONI PER LA SCUOLA SECONDARIA DI MEL<\/h3>\n<\/blockquote>\n<p>Sabato oltre 300 studenti delle classi seconde e terze degli Istituti Comprensivi di Mel e Trichiana hanno partecipato alla fase distrettuale di atletica presso l\u2019impianto sportivo di Pagogna, con entusiasmo e spirito sportivo. Le gare, organizzate con il supporto della societ\u00e0 Piave 2000 e degli studenti del liceo sportivo di Agordo, si sono svolte in una giornata di sole favorevole. Gli alunni hanno gareggiato in corsa, salto in lungo e lancio del vortex, ottenendo ottimi risultati, in particolare l\u2019Istituto di Mel. Premiazioni finali con ospiti illustri come Elena Nessenzia e Ivano Da Canal. L\u2019evento si \u00e8 concluso con una corsa collettiva e il rientro a scuola.<\/p>\n\n\t\t\t<style type='text\/css'>\n\t\t\t\t#gallery-5 {\n\t\t\t\t\tmargin: auto;\n\t\t\t\t}\n\t\t\t\t#gallery-5 .gallery-item {\n\t\t\t\t\tfloat: left;\n\t\t\t\t\tmargin-top: 10px;\n\t\t\t\t\ttext-align: center;\n\t\t\t\t\twidth: 25%;\n\t\t\t\t}\n\t\t\t\t#gallery-5 img {\n\t\t\t\t\tborder: 2px solid #cfcfcf;\n\t\t\t\t}\n\t\t\t\t#gallery-5 .gallery-caption {\n\t\t\t\t\tmargin-left: 0;\n\t\t\t\t}\n\t\t\t\t\/* see gallery_shortcode() in wp-includes\/media.php *\/\n\t\t\t<\/style>\n\t\t<div id='gallery-5' class='dt-gallery-container gallery galleryid-444566 gallery-columns-4 gallery-size-thumbnail'><dl class='gallery-item'>\n\t\t\t\t<dt class='gallery-icon landscape'>\n\t\t\t\t\t<a class=\"rollover rollover-zoom dt-pswp-item\" title=\"in attesa dei concorrenti\" data-dt-img-description=\"\" data-large_image_width=\"1600\" data-large_image_height=\"1200\"href='https:\/\/www.radiopiu.net\/wordpress\/wp-content\/uploads\/2025\/04\/in-attesa-dei-concorrenti.jpg'><img loading=\"lazy\" decoding=\"async\" width=\"150\" height=\"150\" src=\"https:\/\/www.radiopiu.net\/wordpress\/wp-content\/uploads\/2025\/04\/in-attesa-dei-concorrenti-150x150.jpg\" class=\"attachment-thumbnail size-thumbnail\" alt=\"\" \/><\/a>\n\t\t\t\t<\/dt><\/dl><dl class='gallery-item'>\n\t\t\t\t<dt class='gallery-icon landscape'>\n\t\t\t\t\t<a class=\"rollover rollover-zoom dt-pswp-item\" title=\"il vortex\" data-dt-img-description=\"\" data-large_image_width=\"2130\" data-large_image_height=\"2065\"href='https:\/\/www.radiopiu.net\/wordpress\/wp-content\/uploads\/2025\/04\/il-vortex.jpg'><img loading=\"lazy\" decoding=\"async\" width=\"150\" height=\"150\" src=\"https:\/\/www.radiopiu.net\/wordpress\/wp-content\/uploads\/2025\/04\/il-vortex-150x150.jpg\" class=\"attachment-thumbnail size-thumbnail\" alt=\"\" \/><\/a>\n\t\t\t\t<\/dt><\/dl><dl class='gallery-item'>\n\t\t\t\t<dt class='gallery-icon portrait'>\n\t\t\t\t\t<a class=\"rollover rollover-zoom dt-pswp-item\" title=\"la Ds dell&#039;Ic Trichiana, Ivano Da Canal, Elena Nessenzia\" data-dt-img-description=\"\" data-large_image_width=\"2217\" data-large_image_height=\"2250\"href='https:\/\/www.radiopiu.net\/wordpress\/wp-content\/uploads\/2025\/04\/la-Ds-dellIc-Trichiana-Ivano-Da-Canal-Elena-Nessenzia.jpg'><img loading=\"lazy\" decoding=\"async\" width=\"150\" height=\"150\" src=\"https:\/\/www.radiopiu.net\/wordpress\/wp-content\/uploads\/2025\/04\/la-Ds-dellIc-Trichiana-Ivano-Da-Canal-Elena-Nessenzia-150x150.jpg\" class=\"attachment-thumbnail size-thumbnail\" alt=\"\" \/><\/a>\n\t\t\t\t<\/dt><\/dl><dl class='gallery-item'>\n\t\t\t\t<dt class='gallery-icon landscape'>\n\t\t\t\t\t<a class=\"rollover rollover-zoom dt-pswp-item\" title=\"postazione salto in lungo\" data-dt-img-description=\"\" data-large_image_width=\"2560\" data-large_image_height=\"1928\"href='https:\/\/www.radiopiu.net\/wordpress\/wp-content\/uploads\/2025\/04\/postazione-salto-in-lungo-scaled.jpg'><img loading=\"lazy\" decoding=\"async\" width=\"150\" height=\"150\" src=\"https:\/\/www.radiopiu.net\/wordpress\/wp-content\/uploads\/2025\/04\/postazione-salto-in-lungo-150x150.jpg\" class=\"attachment-thumbnail size-thumbnail\" alt=\"\" \/><\/a>\n\t\t\t\t<\/dt><\/dl><br style=\"clear: both\" \/>\n\t\t\t<\/div>\n\n<p><span style=\"color: #0000ff;\"><strong>PATTINAGGIO<\/strong><\/span><\/p>\n<blockquote>\n<h2>MARTINA DA TOS: SEASON BEST E RESILIENZA A FELTRE<\/h2>\n<\/blockquote>\n<p>Sabato 12 aprile si \u00e8 disputata a Feltre la tanto attesa finale nazionale FISG fascia Silver, una gara ricca di emozioni e prestazioni di alto livello. In questa importante competizione, la nostra atleta Martina Da Tos ha saputo emergere con determinazione, ottenendo un meritato settimo posto nella categoria Intermediate Novice. Martina ha totalizzato un punteggio di 31.97, segnando il proprio season best. Un risultato particolarmente significativo alla luce delle difficolt\u00e0 fisiche che aveva dovuto affrontare in questo periodo. La sua performance ha dimostrato non solo grande abilit\u00e0 tecnica, ma anche una notevole forza d\u2019animo e resilienza, qualit\u00e0 fondamentali per affrontare con successo le sfide in pista. La squadra e tutti gli appassionati sono estremamente fieri del suo impegno e dei risultati raggiunti. Ma le buone notizie non finiscono qui: il prossimo appuntamento rappresenta l\u2019ultima tappa stagionale per le atlete dell\u2019Agordino Ghiaccio e Sport. Infatti, la finale nazionale fascia Bronze si preannuncia come un\u2019importante vetrina per cinque atlete che si sono classificate, le quali avranno l\u2019occasione di mettersi in mostra e di chiudere la stagione con un altro stimolante evento agonistico. Questi appuntamenti confermano l\u2019impegno costante e la dedizione degli atleti, che continuano a dare prova del loro talento e della loro preparazione nonostante le difficolt\u00e0. Siamo certi che la grinta e la passione che hanno portato Martina Da Tos e le sue compagne fino a questo punto sapranno condurli verso nuovi successi, mantenendo alto il nome dell\u2019Agordino Ghiaccio e Sport nel panorama nazionale.<br \/>\n<a class=\"dt-pswp-item\" href=\"https:\/\/www.radiopiu.net\/wordpress\/wp-content\/uploads\/2025\/04\/e714ed5b-d257-4369-bc73-66f12ba4c515.jpg\" data-dt-img-description=\"\" data-large_image_width=\"1200\" data-large_image_height=\"1600\"><img loading=\"lazy\" decoding=\"async\" class=\"alignnone size-medium wp-image-444805\" src=\"https:\/\/www.radiopiu.net\/wordpress\/wp-content\/uploads\/2025\/04\/e714ed5b-d257-4369-bc73-66f12ba4c515-225x300.jpg\" alt=\"\" width=\"225\" height=\"300\" srcset=\"https:\/\/www.radiopiu.net\/wordpress\/wp-content\/uploads\/2025\/04\/e714ed5b-d257-4369-bc73-66f12ba4c515-225x300.jpg 225w, https:\/\/www.radiopiu.net\/wordpress\/wp-content\/uploads\/2025\/04\/e714ed5b-d257-4369-bc73-66f12ba4c515-768x1024.jpg 768w, https:\/\/www.radiopiu.net\/wordpress\/wp-content\/uploads\/2025\/04\/e714ed5b-d257-4369-bc73-66f12ba4c515-1152x1536.jpg 1152w, https:\/\/www.radiopiu.net\/wordpress\/wp-content\/uploads\/2025\/04\/e714ed5b-d257-4369-bc73-66f12ba4c515.jpg 1200w\" sizes=\"auto, (max-width: 225px) 100vw, 225px\" \/><\/a><a class=\"dt-pswp-item\" href=\"https:\/\/www.radiopiu.net\/wordpress\/wp-content\/uploads\/2025\/04\/813b483c-eed7-496f-9d2a-f74e42f6c01d.jpg\" data-dt-img-description=\"\" data-large_image_width=\"1200\" data-large_image_height=\"1600\"><img loading=\"lazy\" decoding=\"async\" class=\"alignnone size-medium wp-image-444804\" src=\"https:\/\/www.radiopiu.net\/wordpress\/wp-content\/uploads\/2025\/04\/813b483c-eed7-496f-9d2a-f74e42f6c01d-225x300.jpg\" alt=\"\" width=\"225\" height=\"300\" srcset=\"https:\/\/www.radiopiu.net\/wordpress\/wp-content\/uploads\/2025\/04\/813b483c-eed7-496f-9d2a-f74e42f6c01d-225x300.jpg 225w, https:\/\/www.radiopiu.net\/wordpress\/wp-content\/uploads\/2025\/04\/813b483c-eed7-496f-9d2a-f74e42f6c01d-768x1024.jpg 768w, https:\/\/www.radiopiu.net\/wordpress\/wp-content\/uploads\/2025\/04\/813b483c-eed7-496f-9d2a-f74e42f6c01d-1152x1536.jpg 1152w, https:\/\/www.radiopiu.net\/wordpress\/wp-content\/uploads\/2025\/04\/813b483c-eed7-496f-9d2a-f74e42f6c01d.jpg 1200w\" sizes=\"auto, (max-width: 225px) 100vw, 225px\" \/><\/a><\/p>\n<p><span style=\"color: #0000ff;\"><strong>DANZA\u00a0<\/strong><\/span><\/p>\n<blockquote>\n<h3>ADA DANZA TRIONFA A BOLZANO DANZA 2025: SUCCESSI E RICONOSCIMENTI INTERNAZIONALI<\/h3>\n<\/blockquote>\n<p>&nbsp;<\/p>\n<article class=\"text-token-text-primary w-full\" dir=\"auto\" data-testid=\"conversation-turn-12\" data-scroll-anchor=\"false\">\n<div class=\"text-base my-auto mx-auto py-5 [--thread-content-margin:--spacing(4)] @[37rem]:[--thread-content-margin:--spacing(6)] @[70rem]:[--thread-content-margin:--spacing(12)] px-(--thread-content-margin)\">\n<div class=\"[--thread-content-max-width:32rem] @[34rem]:[--thread-content-max-width:40rem] @[64rem]:[--thread-content-max-width:48rem] mx-auto flex max-w-(--thread-content-max-width) flex-1 text-base gap-4 md:gap-5 lg:gap-6 group\/turn-messages focus-visible:outline-hidden\" tabindex=\"-1\">\n<div class=\"group\/conversation-turn relative flex w-full min-w-0 flex-col agent-turn\">\n<div class=\"relative flex-col gap-1 md:gap-3\">\n<div class=\"flex max-w-full flex-col grow\">\n<div class=\"min-h-8 text-message relative flex w-full flex-col items-end gap-2 text-start break-words whitespace-normal [.text-message+&amp;]:mt-5\" dir=\"auto\" data-message-author-role=\"assistant\" data-message-id=\"490bdb30-28bf-412d-9a81-570772f0e782\" data-message-model-slug=\"o3-mini\">\n<div class=\"flex w-full flex-col gap-1 empty:hidden first:pt-[3px]\">\n<div class=\"markdown prose dark:prose-invert w-full break-words dark\">\n<p class=\"\" data-start=\"88\" data-end=\"562\"><a class=\"dt-pswp-item\" href=\"https:\/\/www.radiopiu.net\/wordpress\/wp-content\/uploads\/2025\/04\/47edf3e1-d8f4-42a1-b9da-6d948ea1d251.jpg\" data-dt-img-description=\"\" data-large_image_width=\"2048\" data-large_image_height=\"1536\"><img loading=\"lazy\" decoding=\"async\" class=\"size-medium wp-image-444803 alignleft\" src=\"https:\/\/www.radiopiu.net\/wordpress\/wp-content\/uploads\/2025\/04\/47edf3e1-d8f4-42a1-b9da-6d948ea1d251-300x225.jpg\" alt=\"\" width=\"300\" height=\"225\" srcset=\"https:\/\/www.radiopiu.net\/wordpress\/wp-content\/uploads\/2025\/04\/47edf3e1-d8f4-42a1-b9da-6d948ea1d251-300x225.jpg 300w, https:\/\/www.radiopiu.net\/wordpress\/wp-content\/uploads\/2025\/04\/47edf3e1-d8f4-42a1-b9da-6d948ea1d251-1024x768.jpg 1024w, https:\/\/www.radiopiu.net\/wordpress\/wp-content\/uploads\/2025\/04\/47edf3e1-d8f4-42a1-b9da-6d948ea1d251-768x576.jpg 768w, https:\/\/www.radiopiu.net\/wordpress\/wp-content\/uploads\/2025\/04\/47edf3e1-d8f4-42a1-b9da-6d948ea1d251-1536x1152.jpg 1536w, https:\/\/www.radiopiu.net\/wordpress\/wp-content\/uploads\/2025\/04\/47edf3e1-d8f4-42a1-b9da-6d948ea1d251.jpg 2048w\" sizes=\"auto, (max-width: 300px) 100vw, 300px\" \/><\/a>Il 13 aprile si \u00e8 festeggiato un giorno di emozioni e grandi traguardi per lo squadrone Ada Danza, composto da 5 gruppi e ben 46 talentuosi ballerini, che hanno partecipato al concorso internazionale &#8220;Bolzano Danza 2025&#8221;. La competizione, che ha visto la partecipazione di numerosi atleti di diverse et\u00e0 e categorie, ha premato l\u2019impegno, la passione e la bravura dei giovani coreografi e ballerini. Di seguito, un resoconto dei piazzamenti ottenuti nelle varie categorie:<\/p>\n<ul data-start=\"564\" data-end=\"1895\">\n<li class=\"\" data-start=\"564\" data-end=\"748\">\n<p class=\"\" data-start=\"566\" data-end=\"748\"><strong data-start=\"566\" data-end=\"621\">Modern Purple Categoria Baby Modern \u2013 Secondo posto<\/strong>: I pi\u00f9 piccoli hanno saputo trasmettere spontaneit\u00e0 e talento, conquistando il podio in una delle categorie pi\u00f9 competitive.<\/p>\n<\/li>\n<li class=\"\" data-start=\"749\" data-end=\"1039\">\n<p class=\"\" data-start=\"751\" data-end=\"1039\"><strong data-start=\"751\" data-end=\"842\">Contemporaneo Categoria Senior Contemporaneo \u2013 Primo posto e Premio Miglior Coreografia<\/strong>: La squadra senior si \u00e8 distinta non solo vincendo la categoria, ma anche ottenendo il riconoscimento per la migliore coreografia della giornata, merito del lavoro del coreografo Vanessa Lagan\u00e1.<\/p>\n<\/li>\n<li class=\"\" data-start=\"1040\" data-end=\"1241\">\n<p class=\"\" data-start=\"1042\" data-end=\"1241\"><strong data-start=\"1042\" data-end=\"1108\">Modern Avanzato Categoria Junior Contemporaneo \u2013 Secondo posto<\/strong>: I giovani interpreti hanno lasciato il segno con una performance precisa e coinvolgente, assicurandosi un importante piazzamento.<\/p>\n<\/li>\n<li class=\"\" data-start=\"1242\" data-end=\"1445\">\n<p class=\"\" data-start=\"1244\" data-end=\"1445\"><strong data-start=\"1244\" data-end=\"1305\">Hip Hop Avanzato Categoria Junior Hip Hop \u2013 Secondo posto<\/strong>: Un altro gruppo di giovani ha incantato la giuria con ritmi incalzanti e coreografie dinamiche, guadagnandosi un meritato secondo posto.<\/p>\n<\/li>\n<li class=\"\" data-start=\"1446\" data-end=\"1668\">\n<p class=\"\" data-start=\"1448\" data-end=\"1668\"><strong data-start=\"1448\" data-end=\"1504\">Hip Hop 2 Categoria Children Hip Hop \u2013 Secondo posto<\/strong>: Anche nella categoria dedicata ai pi\u00f9 piccoli, i ballerini hanno dimostrato grande talento e determinazione, portando a casa un altro importante riconoscimento.<\/p>\n<\/li>\n<li class=\"\" data-start=\"1669\" data-end=\"1895\">\n<p class=\"\" data-start=\"1671\" data-end=\"1895\"><strong data-start=\"1671\" data-end=\"1753\">Duetto Angelica e Arianna Cassisi Categoria Junior Contemporaneo \u2013 Terzo posto<\/strong>: Il duetto formato da Angelica e Arianna Cassisi ha saputo emozionare il pubblico, confermandosi tra le migliori esibizioni della giornata.<\/p>\n<\/li>\n<\/ul>\n<p class=\"\" data-start=\"1897\" data-end=\"2182\">Oltre ai piazzamenti sul podio, i fogli esposti in foto raccontano ulteriori importanti riconoscimenti: borse di studio individuali e di gruppo per stage formativi, un invito a partecipare a eventi a Barcellona e in Slovenia, e la proposta per l\u2019apertura di un nuovo evento di danza. Il successo ottenuto ha suscitato grande soddisfazione ed emozione tra tutti i partecipanti, in particolare i pi\u00f9 piccoli, che hanno potuto vivere un\u2019esperienza unica e formativa, supportati dall\u2019entusiasmo di oltre 25 genitori presenti per fare il tifo. Questi riconoscimenti non solo testimoniano il talento e l\u2019impegno dei giovani ballerini, ma rappresentano anche un importante incentivo per continuare a coltivare la passione per la danza, guardando con fiducia a un brillante futuro nel panorama internazionale.<\/p>\n<\/div>\n<\/div>\n<\/div>\n<\/div>\n<\/div>\n<\/div>\n<\/div>\n<\/div>\n<\/article>\n","protected":false},"excerpt":{"rendered":"<p>****** &nbsp; &nbsp; LA\u00a0 APP PER IOS-IPHONE di Nicola Vettorello https:\/\/apps.apple.com\/it\/app\/radio-pi%C3%B9-emittente-agordina\/id1515939845 LA\u00a0 APP RADIO\u00a0 PER ANDROID di Nicola Vettorello https:\/\/play.google.com\/store\/apps\/details?id=net.radiopiu.iniko\u00a0\u00a0\u00a0\u00a0 &nbsp; IERI A FELTRE&#8230; CORSA d&#8217; altri TEMPI edizione 2025 foto SONIA COMIOTTO ART.21 &nbsp; \u00a0 &nbsp; OGGI \u00a0\u00a0 825 PIU&#8217; MUSICA, IL PROGRAMMA DI MARINA DONA&#8217;\u00a009.00 OGGI COME IERI, DI SILVIA BALDO\u00a0 \u00a0\u00a0 11.00\u00a0&hellip;<\/p>\n","protected":false},"author":4,"featured_media":444811,"comment_status":"closed","ping_status":"closed","sticky":false,"template":"","format":"standard","meta":{"_monsterinsights_skip_tracking":false,"_monsterinsights_sitenote_active":false,"_monsterinsights_sitenote_note":"","_monsterinsights_sitenote_category":0,"footnotes":""},"categories":[51,86,49],"tags":[],"class_list":["post-444566","post","type-post","status-publish","format-standard","has-post-thumbnail","hentry","category-evidenza-top","category-gr","category-news-18","category-51","category-86","category-49","description-off"],"img_url":"https:\/\/www.radiopiu.net\/wordpress\/wp-content\/uploads\/2025\/04\/Immagine-2025-04-14-050316.jpg","_links":{"self":[{"href":"https:\/\/www.radiopiu.net\/wordpress\/wp-json\/wp\/v2\/posts\/444566","targetHints":{"allow":["GET"]}}],"collection":[{"href":"https:\/\/www.radiopiu.net\/wordpress\/wp-json\/wp\/v2\/posts"}],"about":[{"href":"https:\/\/www.radiopiu.net\/wordpress\/wp-json\/wp\/v2\/types\/post"}],"author":[{"embeddable":true,"href":"https:\/\/www.radiopiu.net\/wordpress\/wp-json\/wp\/v2\/users\/4"}],"replies":[{"embeddable":true,"href":"https:\/\/www.radiopiu.net\/wordpress\/wp-json\/wp\/v2\/comments?post=444566"}],"version-history":[{"count":35,"href":"https:\/\/www.radiopiu.net\/wordpress\/wp-json\/wp\/v2\/posts\/444566\/revisions"}],"predecessor-version":[{"id":444831,"href":"https:\/\/www.radiopiu.net\/wordpress\/wp-json\/wp\/v2\/posts\/444566\/revisions\/444831"}],"wp:featuredmedia":[{"embeddable":true,"href":"https:\/\/www.radiopiu.net\/wordpress\/wp-json\/wp\/v2\/media\/444811"}],"wp:attachment":[{"href":"https:\/\/www.radiopiu.net\/wordpress\/wp-json\/wp\/v2\/media?parent=444566"}],"wp:term":[{"taxonomy":"category","embeddable":true,"href":"https:\/\/www.radiopiu.net\/wordpress\/wp-json\/wp\/v2\/categories?post=444566"},{"taxonomy":"post_tag","embeddable":true,"href":"https:\/\/www.radiopiu.net\/wordpress\/wp-json\/wp\/v2\/tags?post=444566"}],"curies":[{"name":"wp","href":"https:\/\/api.w.org\/{rel}","templated":true}]}}