{"id":444684,"date":"2025-04-14T05:29:42","date_gmt":"2025-04-14T03:29:42","guid":{"rendered":"https:\/\/www.radiopiu.net\/wordpress\/?p=444684"},"modified":"2025-04-14T05:37:32","modified_gmt":"2025-04-14T03:37:32","slug":"interventi-di-salvataggio-n","status":"publish","type":"post","link":"https:\/\/www.radiopiu.net\/wordpress\/interventi-di-salvataggio-n\/","title":{"rendered":"SOCCORSO ALPINO  DA FELTRE AL CADORE, TRE INTERVENTI IN POCHE ORE"},"content":{"rendered":"<p>**<\/p>\n<p class=\"\" data-start=\"98\" data-end=\"268\">Mattinata movimentata oggi, sabato 12 aprile, per il Soccorso Alpino e il personale del 118, impegnati in tre diversi interventi di salvataggio tra le Dolomiti bellunesi.<\/p>\n<p class=\"\" data-start=\"270\" data-end=\"919\"><strong><img loading=\"lazy\" decoding=\"async\" class=\"alignleft\" src=\"https:\/\/www.radiopiu.net\/wordpress\/wp-content\/uploads\/2022\/08\/salt_20220825_171725_606.jpg\" width=\"311\" height=\"234\" \/>VAL CANZOI<\/strong> Il primo allarme \u00e8 scattato attorno alle 10.30, quando un escursionista 48enne di Montebelluna (TV), rimasto bloccato in un ripido canale, ha lanciato la richiesta di aiuto. L\u2019uomo, intenzionato a raggiungere la Forcelletta \u2013 spartiacque tra la Val Canzoi e la Valle di Lamen \u2013 aveva imboccato erroneamente una traccia di salita una cinquantina di metri prima del sentiero corretto, ritrovandosi poco sotto la cresta, impossibilitato a proseguire. L\u2019elicottero del Suem di Pieve di Cadore lo ha individuato e, grazie all\u2019intervento del tecnico di elisoccorso calato con un verricello di 10 metri, lo ha recuperato e trasportato in sicurezza a valle.<\/p>\n<p class=\"\" data-start=\"921\" data-end=\"1451\"><strong>FELTRE<\/strong> Nel frattempo, mentre una squadra si recava alla piazzola di Soranzen per eventuale supporto all\u2019equipaggio, il Soccorso alpino di Feltre \u00e8 stato attivato per un secondo intervento, questa volta in soccorso di un cane precipitato in un canalone nella Valle di Lamen. Il proprietario, che stava camminando con due cani lungo il viaz del Dosso Perazze \u2013 la cresta che divide le due vallate \u2013 aveva visto la sua pastore del Lagorai, Nuvola, scivolare e sparire nel vuoto. Dopo averla sentita abbaiare pi\u00f9 in basso, ha chiamato aiuto. Quattro soccorritori, a bordo dell\u2019elicottero della Protezione civile della Regione Veneto, sono stati elitrasportati in quota. Una volta individuata la zona, hanno attrezzato una calata in corda doppia: Nuvola era finita una settantina di metri pi\u00f9 sotto, ferita lievemente vicino all\u2019occhio ma viva e collaborativa. Il soccorritore l\u2019ha raggiunta, imbragata e riportata a monte. Il cane, il suo proprietario e il soccorritore sono stati infine trasportati a Lamen, mentre il resto della squadra \u00e8 rientrata a Soranzen.<\/p>\n<p class=\"\" data-start=\"1975\" data-end=\"2726\"><strong>CADORE<\/strong> La giornata del Soccorso Alpino era per\u00f2 iniziata gi\u00e0 all\u2019alba: attorno alle 5, la Centrale del 118 aveva allertato il Soccorso Alpino del Centro Cadore per un uomo caduto durante la notte dalle scale della propria baita in localit\u00e0 Borbe, a Lorenzago di Cadore. Il 61enne di Vigodarzere (PD), che aveva riportato una dolorosa lussazione alla spalla, era riuscito a trascinarsi fino al letto ma non poteva pi\u00f9 muoversi. Una squadra \u00e8 entrata nell\u2019abitazione da una finestra, e il medico di Stazione ha prestato le prime cure sul posto. L\u2019uomo \u00e8 riuscito a muoversi autonomamente fino al pianoterra, dove \u00e8 stato imbarellato e trasportato a spalla per circa 200 metri fino alla strada, da dove \u00e8 stato poi condotto in ambulanza all\u2019ospedale di Belluno.<\/p>\n","protected":false},"excerpt":{"rendered":"<p>** Mattinata movimentata oggi, sabato 12 aprile, per il Soccorso Alpino e il personale del 118, impegnati in tre diversi interventi di salvataggio tra le Dolomiti bellunesi. VAL CANZOI Il primo allarme \u00e8 scattato attorno alle 10.30, quando un escursionista 48enne di Montebelluna (TV), rimasto bloccato in un ripido canale, ha lanciato la richiesta di&hellip;<\/p>\n","protected":false},"author":4,"featured_media":294603,"comment_status":"closed","ping_status":"closed","sticky":false,"template":"","format":"standard","meta":{"_monsterinsights_skip_tracking":false,"_monsterinsights_sitenote_active":false,"_monsterinsights_sitenote_note":"","_monsterinsights_sitenote_category":0,"footnotes":""},"categories":[51,49],"tags":[],"class_list":["post-444684","post","type-post","status-publish","format-standard","has-post-thumbnail","hentry","category-evidenza-top","category-news-18","category-51","category-49","description-off"],"img_url":"https:\/\/www.radiopiu.net\/wordpress\/wp-content\/uploads\/2022\/08\/salt_20220825_171725_606.jpg","_links":{"self":[{"href":"https:\/\/www.radiopiu.net\/wordpress\/wp-json\/wp\/v2\/posts\/444684","targetHints":{"allow":["GET"]}}],"collection":[{"href":"https:\/\/www.radiopiu.net\/wordpress\/wp-json\/wp\/v2\/posts"}],"about":[{"href":"https:\/\/www.radiopiu.net\/wordpress\/wp-json\/wp\/v2\/types\/post"}],"author":[{"embeddable":true,"href":"https:\/\/www.radiopiu.net\/wordpress\/wp-json\/wp\/v2\/users\/4"}],"replies":[{"embeddable":true,"href":"https:\/\/www.radiopiu.net\/wordpress\/wp-json\/wp\/v2\/comments?post=444684"}],"version-history":[{"count":3,"href":"https:\/\/www.radiopiu.net\/wordpress\/wp-json\/wp\/v2\/posts\/444684\/revisions"}],"predecessor-version":[{"id":444688,"href":"https:\/\/www.radiopiu.net\/wordpress\/wp-json\/wp\/v2\/posts\/444684\/revisions\/444688"}],"wp:featuredmedia":[{"embeddable":true,"href":"https:\/\/www.radiopiu.net\/wordpress\/wp-json\/wp\/v2\/media\/294603"}],"wp:attachment":[{"href":"https:\/\/www.radiopiu.net\/wordpress\/wp-json\/wp\/v2\/media?parent=444684"}],"wp:term":[{"taxonomy":"category","embeddable":true,"href":"https:\/\/www.radiopiu.net\/wordpress\/wp-json\/wp\/v2\/categories?post=444684"},{"taxonomy":"post_tag","embeddable":true,"href":"https:\/\/www.radiopiu.net\/wordpress\/wp-json\/wp\/v2\/tags?post=444684"}],"curies":[{"name":"wp","href":"https:\/\/api.w.org\/{rel}","templated":true}]}}