{"id":444729,"date":"2025-04-13T11:26:09","date_gmt":"2025-04-13T09:26:09","guid":{"rendered":"https:\/\/www.radiopiu.net\/wordpress\/?p=444729"},"modified":"2025-04-14T05:38:37","modified_gmt":"2025-04-14T03:38:37","slug":"dal-5-maggio-chiude-lecocentro-di-rocca-pietore-nuova-organizzazione-dei-rifiuti","status":"publish","type":"post","link":"https:\/\/www.radiopiu.net\/wordpress\/dal-5-maggio-chiude-lecocentro-di-rocca-pietore-nuova-organizzazione-dei-rifiuti\/","title":{"rendered":"DAL 5 MAGGIO CHIUDE L\u2019ECOCENTRO DI ROCCA PIETORE: NUOVA ORGANIZZAZIONE DEI RIFIUTI"},"content":{"rendered":"<p>********<\/p>\n<p>&nbsp;<\/p>\n<p><strong><a class=\"dt-pswp-item\" href=\"https:\/\/www.radiopiu.net\/wordpress\/wp-content\/uploads\/2020\/04\/ECOCENTRO.png\" data-dt-img-description=\"\" data-large_image_width=\"458\" data-large_image_height=\"242\"><img loading=\"lazy\" decoding=\"async\" class=\"size-medium wp-image-130666 alignleft\" src=\"https:\/\/www.radiopiu.net\/wordpress\/wp-content\/uploads\/2020\/04\/ECOCENTRO-300x159.png\" alt=\"\" width=\"300\" height=\"159\" srcset=\"https:\/\/www.radiopiu.net\/wordpress\/wp-content\/uploads\/2020\/04\/ECOCENTRO-300x159.png 300w, https:\/\/www.radiopiu.net\/wordpress\/wp-content\/uploads\/2020\/04\/ECOCENTRO.png 458w\" sizes=\"auto, (max-width: 300px) 100vw, 300px\" \/><\/a>ROCCA<\/strong> <strong>PIETORE <\/strong>L\u2019ecocentro in localit\u00e0 Le Pale sar\u00e0 temporaneamente chiuso dal 5 maggio fino alla fine di giugno 2025. Lo stop \u00e8 necessario per consentire il completamento dei lavori di adeguamento e ampliamento della struttura, finalizzati a migliorare l\u2019efficienza e la fruibilit\u00e0 del servizio per i cittadini. Durante il periodo di chiusura, l\u2019amministrazione comunale ha predisposto un potenziamento degli orari di apertura in altri ecocentri del territorio, per garantire la continuit\u00e0 del servizio e limitare i disagi. In particolare, gli ecocentri di <strong data-start=\"835\" data-end=\"849\">San Tomaso<\/strong> e <strong data-start=\"852\" data-end=\"866\">Cencenighe<\/strong> osserveranno aperture straordinarie. Ecco il dettaglio: <strong>San Tomaso <\/strong>Marted\u00ec: dalle 16:00 alle 19:00; Gioved\u00ec: dalle 9:00 alle 12:00; Sabato: dalle 9:00 alle 12:00. <strong>Cencenighe: <\/strong>Marted\u00ec: dalle 9:00 alle 12:00; Gioved\u00ec: dalle 16:00 alle 19:00. A questi si aggiungono gli ecocentri regolarmente operativi di Arabba, Selva e Colle, che manterranno i consueti orari di apertura. <strong>Arabba<\/strong>: Luned\u00ec: dalle 9:00 alle 12:00; Mercoled\u00ec: dalle 14:30 alle 17:30; Sabato: dalle 14:30 alle 17:30. <strong>Selva Di Cadore<\/strong>:\u00a0Marted\u00ec: dalle 10:00 alle 12:00; Sabato: dalle 14:00 alle 17:00. <strong>Colle Santa Lucia<\/strong>: Sabato: dalle 9:00 alle 12:00. Nel frattempo, si invita la popolazione a fare riferimento agli ecocentri alternativi indicati, nel rispetto degli orari comunicati.<\/p>\n<p>&nbsp;<\/p>\n<p>&nbsp;<\/p>\n<p>*************<\/p>\n","protected":false},"excerpt":{"rendered":"<p>******** &nbsp; ROCCA PIETORE L\u2019ecocentro in localit\u00e0 Le Pale sar\u00e0 temporaneamente chiuso dal 5 maggio fino alla fine di giugno 2025. Lo stop \u00e8 necessario per consentire il completamento dei lavori di adeguamento e ampliamento della struttura, finalizzati a migliorare l\u2019efficienza e la fruibilit\u00e0 del servizio per i cittadini. Durante il periodo di chiusura, l\u2019amministrazione&hellip;<\/p>\n","protected":false},"author":4,"featured_media":130666,"comment_status":"closed","ping_status":"closed","sticky":false,"template":"","format":"standard","meta":{"_monsterinsights_skip_tracking":false,"_monsterinsights_sitenote_active":false,"_monsterinsights_sitenote_note":"","_monsterinsights_sitenote_category":0,"footnotes":""},"categories":[51,49],"tags":[],"class_list":["post-444729","post","type-post","status-publish","format-standard","has-post-thumbnail","hentry","category-evidenza-top","category-news-18","category-51","category-49","description-off"],"img_url":"https:\/\/www.radiopiu.net\/wordpress\/wp-content\/uploads\/2020\/04\/ECOCENTRO.png","_links":{"self":[{"href":"https:\/\/www.radiopiu.net\/wordpress\/wp-json\/wp\/v2\/posts\/444729","targetHints":{"allow":["GET"]}}],"collection":[{"href":"https:\/\/www.radiopiu.net\/wordpress\/wp-json\/wp\/v2\/posts"}],"about":[{"href":"https:\/\/www.radiopiu.net\/wordpress\/wp-json\/wp\/v2\/types\/post"}],"author":[{"embeddable":true,"href":"https:\/\/www.radiopiu.net\/wordpress\/wp-json\/wp\/v2\/users\/4"}],"replies":[{"embeddable":true,"href":"https:\/\/www.radiopiu.net\/wordpress\/wp-json\/wp\/v2\/comments?post=444729"}],"version-history":[{"count":1,"href":"https:\/\/www.radiopiu.net\/wordpress\/wp-json\/wp\/v2\/posts\/444729\/revisions"}],"predecessor-version":[{"id":444730,"href":"https:\/\/www.radiopiu.net\/wordpress\/wp-json\/wp\/v2\/posts\/444729\/revisions\/444730"}],"wp:featuredmedia":[{"embeddable":true,"href":"https:\/\/www.radiopiu.net\/wordpress\/wp-json\/wp\/v2\/media\/130666"}],"wp:attachment":[{"href":"https:\/\/www.radiopiu.net\/wordpress\/wp-json\/wp\/v2\/media?parent=444729"}],"wp:term":[{"taxonomy":"category","embeddable":true,"href":"https:\/\/www.radiopiu.net\/wordpress\/wp-json\/wp\/v2\/categories?post=444729"},{"taxonomy":"post_tag","embeddable":true,"href":"https:\/\/www.radiopiu.net\/wordpress\/wp-json\/wp\/v2\/tags?post=444729"}],"curies":[{"name":"wp","href":"https:\/\/api.w.org\/{rel}","templated":true}]}}