{"id":444802,"date":"2025-04-14T04:48:44","date_gmt":"2025-04-14T02:48:44","guid":{"rendered":"https:\/\/www.radiopiu.net\/wordpress\/?p=444802"},"modified":"2025-04-14T05:36:45","modified_gmt":"2025-04-14T03:36:45","slug":"ada-danza-trionfa-a-bolzano-danza-2025-successi-e-riconoscimenti-internazionali","status":"publish","type":"post","link":"https:\/\/www.radiopiu.net\/wordpress\/ada-danza-trionfa-a-bolzano-danza-2025-successi-e-riconoscimenti-internazionali\/","title":{"rendered":"ADA DANZA TRIONFA A BOLZANO DANZA 2025: SUCCESSI E RICONOSCIMENTI INTERNAZIONALI"},"content":{"rendered":"<p>**<\/p>\n<article class=\"text-token-text-primary w-full\" dir=\"auto\" data-testid=\"conversation-turn-12\" data-scroll-anchor=\"false\">\n<div class=\"text-base my-auto mx-auto py-5 [--thread-content-margin:--spacing(4)] @[37rem]:[--thread-content-margin:--spacing(6)] @[70rem]:[--thread-content-margin:--spacing(12)] px-(--thread-content-margin)\">\n<div class=\"[--thread-content-max-width:32rem] @[34rem]:[--thread-content-max-width:40rem] @[64rem]:[--thread-content-max-width:48rem] mx-auto flex max-w-(--thread-content-max-width) flex-1 text-base gap-4 md:gap-5 lg:gap-6 group\/turn-messages focus-visible:outline-hidden\" tabindex=\"-1\">\n<div class=\"group\/conversation-turn relative flex w-full min-w-0 flex-col agent-turn\">\n<div class=\"relative flex-col gap-1 md:gap-3\">\n<div class=\"flex max-w-full flex-col grow\">\n<div class=\"min-h-8 text-message relative flex w-full flex-col items-end gap-2 text-start break-words whitespace-normal [.text-message+&amp;]:mt-5\" dir=\"auto\" data-message-author-role=\"assistant\" data-message-id=\"490bdb30-28bf-412d-9a81-570772f0e782\" data-message-model-slug=\"o3-mini\">\n<div class=\"flex w-full flex-col gap-1 empty:hidden first:pt-[3px]\">\n<div class=\"markdown prose dark:prose-invert w-full break-words dark\">\n<p class=\"\" data-start=\"88\" data-end=\"562\"><a class=\"dt-pswp-item\" href=\"https:\/\/www.radiopiu.net\/wordpress\/wp-content\/uploads\/2025\/04\/47edf3e1-d8f4-42a1-b9da-6d948ea1d251.jpg\" data-dt-img-description=\"\" data-large_image_width=\"2048\" data-large_image_height=\"1536\"><img loading=\"lazy\" decoding=\"async\" class=\"size-medium wp-image-444803 alignleft\" src=\"https:\/\/www.radiopiu.net\/wordpress\/wp-content\/uploads\/2025\/04\/47edf3e1-d8f4-42a1-b9da-6d948ea1d251-300x225.jpg\" alt=\"\" width=\"300\" height=\"225\" srcset=\"https:\/\/www.radiopiu.net\/wordpress\/wp-content\/uploads\/2025\/04\/47edf3e1-d8f4-42a1-b9da-6d948ea1d251-300x225.jpg 300w, https:\/\/www.radiopiu.net\/wordpress\/wp-content\/uploads\/2025\/04\/47edf3e1-d8f4-42a1-b9da-6d948ea1d251-1024x768.jpg 1024w, https:\/\/www.radiopiu.net\/wordpress\/wp-content\/uploads\/2025\/04\/47edf3e1-d8f4-42a1-b9da-6d948ea1d251-768x576.jpg 768w, https:\/\/www.radiopiu.net\/wordpress\/wp-content\/uploads\/2025\/04\/47edf3e1-d8f4-42a1-b9da-6d948ea1d251-1536x1152.jpg 1536w, https:\/\/www.radiopiu.net\/wordpress\/wp-content\/uploads\/2025\/04\/47edf3e1-d8f4-42a1-b9da-6d948ea1d251.jpg 2048w\" sizes=\"auto, (max-width: 300px) 100vw, 300px\" \/><\/a>Il 13 aprile si \u00e8 festeggiato un giorno di emozioni e grandi traguardi per lo squadrone Ada Danza, composto da 5 gruppi e ben 46 talentuosi ballerini, che hanno partecipato al concorso internazionale &#8220;Bolzano Danza 2025&#8221;. La competizione, che ha visto la partecipazione di numerosi atleti di diverse et\u00e0 e categorie, ha premato l\u2019impegno, la passione e la bravura dei giovani coreografi e ballerini. Di seguito, un resoconto dei piazzamenti ottenuti nelle varie categorie:<\/p>\n<ul data-start=\"564\" data-end=\"1895\">\n<li class=\"\" data-start=\"564\" data-end=\"748\">\n<p class=\"\" data-start=\"566\" data-end=\"748\"><strong data-start=\"566\" data-end=\"621\">Modern Purple Categoria Baby Modern \u2013 Secondo posto<\/strong>: I pi\u00f9 piccoli hanno saputo trasmettere spontaneit\u00e0 e talento, conquistando il podio in una delle categorie pi\u00f9 competitive.<\/p>\n<\/li>\n<li class=\"\" data-start=\"749\" data-end=\"1039\">\n<p class=\"\" data-start=\"751\" data-end=\"1039\"><strong data-start=\"751\" data-end=\"842\">Contemporaneo Categoria Senior Contemporaneo \u2013 Primo posto e Premio Miglior Coreografia<\/strong>: La squadra senior si \u00e8 distinta non solo vincendo la categoria, ma anche ottenendo il riconoscimento per la migliore coreografia della giornata, merito del lavoro del coreografo Vanessa Lagan\u00e1.<\/p>\n<\/li>\n<li class=\"\" data-start=\"1040\" data-end=\"1241\">\n<p class=\"\" data-start=\"1042\" data-end=\"1241\"><strong data-start=\"1042\" data-end=\"1108\">Modern Avanzato Categoria Junior Contemporaneo \u2013 Secondo posto<\/strong>: I giovani interpreti hanno lasciato il segno con una performance precisa e coinvolgente, assicurandosi un importante piazzamento.<\/p>\n<\/li>\n<li class=\"\" data-start=\"1242\" data-end=\"1445\">\n<p class=\"\" data-start=\"1244\" data-end=\"1445\"><strong data-start=\"1244\" data-end=\"1305\">Hip Hop Avanzato Categoria Junior Hip Hop \u2013 Secondo posto<\/strong>: Un altro gruppo di giovani ha incantato la giuria con ritmi incalzanti e coreografie dinamiche, guadagnandosi un meritato secondo posto.<\/p>\n<\/li>\n<li class=\"\" data-start=\"1446\" data-end=\"1668\">\n<p class=\"\" data-start=\"1448\" data-end=\"1668\"><strong data-start=\"1448\" data-end=\"1504\">Hip Hop 2 Categoria Children Hip Hop \u2013 Secondo posto<\/strong>: Anche nella categoria dedicata ai pi\u00f9 piccoli, i ballerini hanno dimostrato grande talento e determinazione, portando a casa un altro importante riconoscimento.<\/p>\n<\/li>\n<li class=\"\" data-start=\"1669\" data-end=\"1895\">\n<p class=\"\" data-start=\"1671\" data-end=\"1895\"><strong data-start=\"1671\" data-end=\"1753\">Duetto Angelica e Arianna Cassisi Categoria Junior Contemporaneo \u2013 Terzo posto<\/strong>: Il duetto formato da Angelica e Arianna Cassisi ha saputo emozionare il pubblico, confermandosi tra le migliori esibizioni della giornata.<\/p>\n<\/li>\n<\/ul>\n<p class=\"\" data-start=\"1897\" data-end=\"2182\">Oltre ai piazzamenti sul podio, i fogli esposti in foto raccontano ulteriori importanti riconoscimenti: borse di studio individuali e di gruppo per stage formativi, un invito a partecipare a eventi a Barcellona e in Slovenia, e la proposta per l\u2019apertura di un nuovo evento di danza. Il successo ottenuto ha suscitato grande soddisfazione ed emozione tra tutti i partecipanti, in particolare i pi\u00f9 piccoli, che hanno potuto vivere un\u2019esperienza unica e formativa, supportati dall\u2019entusiasmo di oltre 25 genitori presenti per fare il tifo. Questi riconoscimenti non solo testimoniano il talento e l\u2019impegno dei giovani ballerini, ma rappresentano anche un importante incentivo per continuare a coltivare la passione per la danza, guardando con fiducia a un brillante futuro nel panorama internazionale.<\/p>\n<\/div>\n<\/div>\n<\/div>\n<\/div>\n<div class=\"flex absolute start-0 end-0 flex justify-start\">\n<div class=\"touch:-me-2 touch:-ms-3.5 -ms-2.5 -me-1 flex items-center p-1 select-none -mt-1 focus-within:transition-none hover:transition-none duration-500 group-hover\/turn-messages:delay-300 pointer-events-none [mask-image:linear-gradient(to_right,black_33%,transparent_66%)] [mask-position:100%_0%] [mask-size:300%_100%] motion-safe:transition-[mask-position] group-hover\/turn-messages:pointer-events-auto group-hover\/turn-messages:[mask-position:0_0] group-focus-within\/turn-messages:pointer-events-auto group-focus-within\/turn-messages:[mask-position:0_0] has-data-[state=open]:pointer-events-auto has-data-[state=open]:[mask-position:0_0]\"><\/div>\n<\/div>\n<\/div>\n<div class=\"absolute\">\n<div class=\"flex items-center justify-center\"><\/div>\n<\/div>\n<\/div>\n<\/div>\n<\/div>\n<\/article>\n<article class=\"text-token-text-primary w-full\" dir=\"auto\" data-testid=\"conversation-turn-13\" data-scroll-anchor=\"false\">\n<h5 class=\"sr-only\"><\/h5>\n<\/article>\n","protected":false},"excerpt":{"rendered":"<p>** Il 13 aprile si \u00e8 festeggiato un giorno di emozioni e grandi traguardi per lo squadrone Ada Danza, composto da 5 gruppi e ben 46 talentuosi ballerini, che hanno partecipato al concorso internazionale &#8220;Bolzano Danza 2025&#8221;. La competizione, che ha visto la partecipazione di numerosi atleti di diverse et\u00e0 e categorie, ha premato l\u2019impegno,&hellip;<\/p>\n","protected":false},"author":4,"featured_media":444803,"comment_status":"closed","ping_status":"closed","sticky":false,"template":"","format":"standard","meta":{"_monsterinsights_skip_tracking":false,"_monsterinsights_sitenote_active":false,"_monsterinsights_sitenote_note":"","_monsterinsights_sitenote_category":0,"footnotes":""},"categories":[104,49],"tags":[],"class_list":["post-444802","post","type-post","status-publish","format-standard","has-post-thumbnail","hentry","category-evidenza_3","category-news-18","category-104","category-49","description-off"],"img_url":"https:\/\/www.radiopiu.net\/wordpress\/wp-content\/uploads\/2025\/04\/47edf3e1-d8f4-42a1-b9da-6d948ea1d251.jpg","_links":{"self":[{"href":"https:\/\/www.radiopiu.net\/wordpress\/wp-json\/wp\/v2\/posts\/444802","targetHints":{"allow":["GET"]}}],"collection":[{"href":"https:\/\/www.radiopiu.net\/wordpress\/wp-json\/wp\/v2\/posts"}],"about":[{"href":"https:\/\/www.radiopiu.net\/wordpress\/wp-json\/wp\/v2\/types\/post"}],"author":[{"embeddable":true,"href":"https:\/\/www.radiopiu.net\/wordpress\/wp-json\/wp\/v2\/users\/4"}],"replies":[{"embeddable":true,"href":"https:\/\/www.radiopiu.net\/wordpress\/wp-json\/wp\/v2\/comments?post=444802"}],"version-history":[{"count":1,"href":"https:\/\/www.radiopiu.net\/wordpress\/wp-json\/wp\/v2\/posts\/444802\/revisions"}],"predecessor-version":[{"id":444807,"href":"https:\/\/www.radiopiu.net\/wordpress\/wp-json\/wp\/v2\/posts\/444802\/revisions\/444807"}],"wp:featuredmedia":[{"embeddable":true,"href":"https:\/\/www.radiopiu.net\/wordpress\/wp-json\/wp\/v2\/media\/444803"}],"wp:attachment":[{"href":"https:\/\/www.radiopiu.net\/wordpress\/wp-json\/wp\/v2\/media?parent=444802"}],"wp:term":[{"taxonomy":"category","embeddable":true,"href":"https:\/\/www.radiopiu.net\/wordpress\/wp-json\/wp\/v2\/categories?post=444802"},{"taxonomy":"post_tag","embeddable":true,"href":"https:\/\/www.radiopiu.net\/wordpress\/wp-json\/wp\/v2\/tags?post=444802"}],"curies":[{"name":"wp","href":"https:\/\/api.w.org\/{rel}","templated":true}]}}