{"id":444942,"date":"2025-04-14T16:42:00","date_gmt":"2025-04-14T14:42:00","guid":{"rendered":"https:\/\/www.radiopiu.net\/wordpress\/?p=444942"},"modified":"2025-04-15T05:38:49","modified_gmt":"2025-04-15T03:38:49","slug":"previsioni-meteo-intensificazione-delle-precipitazioni-e-rinforzi-di-vento-da-lunedi-sera","status":"publish","type":"post","link":"https:\/\/www.radiopiu.net\/wordpress\/previsioni-meteo-intensificazione-delle-precipitazioni-e-rinforzi-di-vento-da-lunedi-sera\/","title":{"rendered":"Previsioni meteo: Intensificazione delle precipitazioni e rinforzi di vento da luned\u00ec sera"},"content":{"rendered":"<p>**<\/p>\n<p data-start=\"96\" data-end=\"624\">\n<p class=\"\" data-start=\"96\" data-end=\"624\"><img loading=\"lazy\" decoding=\"async\" class=\"alignleft\" src=\"https:\/\/www.radiopiu.net\/wordpress\/wp-content\/uploads\/2018\/08\/instabilita.jpg\" width=\"272\" height=\"163\" \/>A partire dalla serata\u00a0 \u00e8 previsto un progressivo aumento delle precipitazioni che interesseranno inizialmente i settori meridionali della regione, estendendosi verso nord nella tarda serata e durante la notte. Le precipitazioni, che potrebbero assumere carattere di rovescio, saranno moderate, con intensificazione dei fenomeni sui settori centro-settentrionali della regione. La fase di maltempo durer\u00e0 fino alle ore centrali di marted\u00ec, quando si potrebbero verificare fenomeni anche forti e a tratti temporaleschi. Nel corso della giornata di marted\u00ec, si assister\u00e0 a una tendenza al diradamento delle precipitazioni, con fenomeni pi\u00f9 localizzati che potrebbero manifestarsi sotto forma di rovesci o temporali, in particolare nei settori occidentali della regione. Oltre alle precipitazioni, si registreranno rinforzi di vento a partire dalle prime ore di marted\u00ec. Sulla costa, il vento sar\u00e0 di Scirocco, con intensit\u00e0 tesa e possibili raffiche forti, soprattutto sul settore centro-nord. Sui rilievi, il vento si presenter\u00e0 prevalentemente da est-sud-est, anche in questo caso con intensit\u00e0 tesa. La situazione ventosa \u00e8 destinata a calare nel corso del pomeriggio e della serata. Il limite delle nevicate si attester\u00e0 intorno ai 2200\/2400 metri, con eventuali fenomeni nevosi sui rilievi pi\u00f9 alti, senza impatti significativi a quote inferiori.<\/p>\n<p data-start=\"96\" data-end=\"624\">\n<p>___<\/p>\n","protected":false},"excerpt":{"rendered":"<p>** A partire dalla serata\u00a0 \u00e8 previsto un progressivo aumento delle precipitazioni che interesseranno inizialmente i settori meridionali della regione, estendendosi verso nord nella tarda serata e durante la notte. Le precipitazioni, che potrebbero assumere carattere di rovescio, saranno moderate, con intensificazione dei fenomeni sui settori centro-settentrionali della regione. La fase di maltempo durer\u00e0 fino&hellip;<\/p>\n","protected":false},"author":4,"featured_media":57488,"comment_status":"closed","ping_status":"closed","sticky":false,"template":"","format":"standard","meta":{"_monsterinsights_skip_tracking":false,"_monsterinsights_sitenote_active":false,"_monsterinsights_sitenote_note":"","_monsterinsights_sitenote_category":0,"footnotes":""},"categories":[104,49],"tags":[],"class_list":["post-444942","post","type-post","status-publish","format-standard","has-post-thumbnail","hentry","category-evidenza_3","category-news-18","category-104","category-49","description-off"],"img_url":"https:\/\/www.radiopiu.net\/wordpress\/wp-content\/uploads\/2018\/08\/instabilita.jpg","_links":{"self":[{"href":"https:\/\/www.radiopiu.net\/wordpress\/wp-json\/wp\/v2\/posts\/444942","targetHints":{"allow":["GET"]}}],"collection":[{"href":"https:\/\/www.radiopiu.net\/wordpress\/wp-json\/wp\/v2\/posts"}],"about":[{"href":"https:\/\/www.radiopiu.net\/wordpress\/wp-json\/wp\/v2\/types\/post"}],"author":[{"embeddable":true,"href":"https:\/\/www.radiopiu.net\/wordpress\/wp-json\/wp\/v2\/users\/4"}],"replies":[{"embeddable":true,"href":"https:\/\/www.radiopiu.net\/wordpress\/wp-json\/wp\/v2\/comments?post=444942"}],"version-history":[{"count":1,"href":"https:\/\/www.radiopiu.net\/wordpress\/wp-json\/wp\/v2\/posts\/444942\/revisions"}],"predecessor-version":[{"id":444943,"href":"https:\/\/www.radiopiu.net\/wordpress\/wp-json\/wp\/v2\/posts\/444942\/revisions\/444943"}],"wp:featuredmedia":[{"embeddable":true,"href":"https:\/\/www.radiopiu.net\/wordpress\/wp-json\/wp\/v2\/media\/57488"}],"wp:attachment":[{"href":"https:\/\/www.radiopiu.net\/wordpress\/wp-json\/wp\/v2\/media?parent=444942"}],"wp:term":[{"taxonomy":"category","embeddable":true,"href":"https:\/\/www.radiopiu.net\/wordpress\/wp-json\/wp\/v2\/categories?post=444942"},{"taxonomy":"post_tag","embeddable":true,"href":"https:\/\/www.radiopiu.net\/wordpress\/wp-json\/wp\/v2\/tags?post=444942"}],"curies":[{"name":"wp","href":"https:\/\/api.w.org\/{rel}","templated":true}]}}