{"id":445102,"date":"2025-04-16T05:25:01","date_gmt":"2025-04-16T03:25:01","guid":{"rendered":"https:\/\/www.radiopiu.net\/wordpress\/?p=445102"},"modified":"2025-04-16T05:42:15","modified_gmt":"2025-04-16T03:42:15","slug":"galleria-del-comelico-sospesa-la-chiusura-notturna-per-pasqua","status":"publish","type":"post","link":"https:\/\/www.radiopiu.net\/wordpress\/galleria-del-comelico-sospesa-la-chiusura-notturna-per-pasqua\/","title":{"rendered":"GALLERIA DEL COMELICO: SOSPESA LA CHIUSURA NOTTURNA PER PASQUA"},"content":{"rendered":"<p>**<\/p>\n<p><img loading=\"lazy\" decoding=\"async\" class=\"alignleft\" src=\"https:\/\/www.radiopiu.net\/wordpress\/wp-content\/uploads\/2024\/10\/ANAS.jpg\" width=\"221\" height=\"156\" \/><strong>VENEZIA<\/strong>\u00a0 \u00a0Buone notizie per chi si metter\u00e0 in viaggio durante le festivit\u00e0 pasquali: Anas ha disposto la sospensione straordinaria delle chiusure notturne nella galleria &#8220;Comelico&#8221;, sulla strada statale 52 \u201cCarnica\u201d. La galleria sar\u00e0 quindi regolarmente aperta nelle notti tra venerd\u00ec 18 e marted\u00ec 22 aprile, pur restando in vigore le limitazioni previste dal cantiere (limiti di velocit\u00e0 e divieto di sorpasso). La decisione \u00e8 stata presa per agevolare la circolazione in un periodo di intenso traffico e ridurre i disagi per gli automobilisti. I lavori riprenderanno regolarmente da mercoled\u00ec 23 aprile, con chiusure notturne dal luned\u00ec al venerd\u00ec dalle 22:00 alle 6:00. Non sono previste ulteriori sospensioni in occasione del 25 aprile e del 1\u00b0 maggio.<\/p>\n<blockquote><p><em>L\u2019intervento, del valore di circa 100 milioni di euro, prevede sia il consolidamento strutturale della galleria che l\u2019ammodernamento degli impianti di sicurezza. Tra i lavori in corso: nuovo rivestimento, miglioramento della ventilazione e dell\u2019illuminazione, videosorveglianza, sistemi SOS e antincendio, oltre a un innovativo sistema di drenaggio per la gestione dei liquidi pericolosi in caso di incidenti. Un\u2019opera imponente, ma necessaria per garantire pi\u00f9 sicurezza e modernit\u00e0 lungo un\u2019arteria strategica del territorio.<\/em><\/p>\n<p>___<\/p><\/blockquote>\n","protected":false},"excerpt":{"rendered":"<p>** VENEZIA\u00a0 \u00a0Buone notizie per chi si metter\u00e0 in viaggio durante le festivit\u00e0 pasquali: Anas ha disposto la sospensione straordinaria delle chiusure notturne nella galleria &#8220;Comelico&#8221;, sulla strada statale 52 \u201cCarnica\u201d. La galleria sar\u00e0 quindi regolarmente aperta nelle notti tra venerd\u00ec 18 e marted\u00ec 22 aprile, pur restando in vigore le limitazioni previste dal cantiere&hellip;<\/p>\n","protected":false},"author":4,"featured_media":414157,"comment_status":"closed","ping_status":"closed","sticky":false,"template":"","format":"standard","meta":{"_monsterinsights_skip_tracking":false,"_monsterinsights_sitenote_active":false,"_monsterinsights_sitenote_note":"","_monsterinsights_sitenote_category":0,"footnotes":""},"categories":[104,49],"tags":[],"class_list":["post-445102","post","type-post","status-publish","format-standard","has-post-thumbnail","hentry","category-evidenza_3","category-news-18","category-104","category-49","description-off"],"img_url":"https:\/\/www.radiopiu.net\/wordpress\/wp-content\/uploads\/2024\/10\/ANAS.jpg","_links":{"self":[{"href":"https:\/\/www.radiopiu.net\/wordpress\/wp-json\/wp\/v2\/posts\/445102","targetHints":{"allow":["GET"]}}],"collection":[{"href":"https:\/\/www.radiopiu.net\/wordpress\/wp-json\/wp\/v2\/posts"}],"about":[{"href":"https:\/\/www.radiopiu.net\/wordpress\/wp-json\/wp\/v2\/types\/post"}],"author":[{"embeddable":true,"href":"https:\/\/www.radiopiu.net\/wordpress\/wp-json\/wp\/v2\/users\/4"}],"replies":[{"embeddable":true,"href":"https:\/\/www.radiopiu.net\/wordpress\/wp-json\/wp\/v2\/comments?post=445102"}],"version-history":[{"count":2,"href":"https:\/\/www.radiopiu.net\/wordpress\/wp-json\/wp\/v2\/posts\/445102\/revisions"}],"predecessor-version":[{"id":445104,"href":"https:\/\/www.radiopiu.net\/wordpress\/wp-json\/wp\/v2\/posts\/445102\/revisions\/445104"}],"wp:featuredmedia":[{"embeddable":true,"href":"https:\/\/www.radiopiu.net\/wordpress\/wp-json\/wp\/v2\/media\/414157"}],"wp:attachment":[{"href":"https:\/\/www.radiopiu.net\/wordpress\/wp-json\/wp\/v2\/media?parent=445102"}],"wp:term":[{"taxonomy":"category","embeddable":true,"href":"https:\/\/www.radiopiu.net\/wordpress\/wp-json\/wp\/v2\/categories?post=445102"},{"taxonomy":"post_tag","embeddable":true,"href":"https:\/\/www.radiopiu.net\/wordpress\/wp-json\/wp\/v2\/tags?post=445102"}],"curies":[{"name":"wp","href":"https:\/\/api.w.org\/{rel}","templated":true}]}}