{"id":445140,"date":"2025-04-15T15:36:46","date_gmt":"2025-04-15T13:36:46","guid":{"rendered":"https:\/\/www.radiopiu.net\/wordpress\/?p=445140"},"modified":"2025-04-15T15:36:46","modified_gmt":"2025-04-15T13:36:46","slug":"leonardo-colle-nuovo-segretario-comunale-di-belluno-per-forza-italia","status":"publish","type":"post","link":"https:\/\/www.radiopiu.net\/wordpress\/leonardo-colle-nuovo-segretario-comunale-di-belluno-per-forza-italia\/","title":{"rendered":"LEONARDO COLLE NUOVO SEGRETARIO COMUNALE DI BELLUNO PER FORZA ITALIA"},"content":{"rendered":"<p>********<\/p>\n<p>&nbsp;<\/p>\n<p><strong><a class=\"dt-pswp-item\" href=\"https:\/\/www.radiopiu.net\/wordpress\/wp-content\/uploads\/2025\/04\/kjdlhg-scaled.jpg\" data-dt-img-description=\"\" data-large_image_width=\"2560\" data-large_image_height=\"1715\"><img loading=\"lazy\" decoding=\"async\" class=\" wp-image-445143 alignleft\" src=\"https:\/\/www.radiopiu.net\/wordpress\/wp-content\/uploads\/2025\/04\/kjdlhg-300x201.jpg\" alt=\"\" width=\"204\" height=\"137\" srcset=\"https:\/\/www.radiopiu.net\/wordpress\/wp-content\/uploads\/2025\/04\/kjdlhg-300x201.jpg 300w, https:\/\/www.radiopiu.net\/wordpress\/wp-content\/uploads\/2025\/04\/kjdlhg-1024x686.jpg 1024w, https:\/\/www.radiopiu.net\/wordpress\/wp-content\/uploads\/2025\/04\/kjdlhg-768x514.jpg 768w, https:\/\/www.radiopiu.net\/wordpress\/wp-content\/uploads\/2025\/04\/kjdlhg-1536x1029.jpg 1536w, https:\/\/www.radiopiu.net\/wordpress\/wp-content\/uploads\/2025\/04\/kjdlhg-2048x1372.jpg 2048w\" sizes=\"auto, (max-width: 204px) 100vw, 204px\" \/><\/a>BELLUNO<\/strong> Mentre impazzano i dibattiti in vista delle prossime elezioni regionali, c&#8217;\u00e8 gi\u00e0 chi guarda al 2027, anno in cui si rinnover\u00e0 l&#8217;amministrazione comunale di Belluno. Leonardo Colle, nuovo segretario comunale di Forza Italia nel capoluogo, annuncia: alle prossime elezioni correremo col nostro simbolo.<\/p>\n<p><strong>DI DANIELE DALVIT<\/strong><\/p>\n<audio class=\"wp-audio-shortcode\" id=\"audio-445140-1\" preload=\"none\" style=\"width: 100%;\" controls=\"controls\"><source type=\"audio\/mpeg\" src=\"https:\/\/www.radiopiu.net\/wordpress\/wp-content\/uploads\/2025\/04\/Servizio-Colle-segretario-Forza-Italia.mp3?_=1\" \/><a href=\"https:\/\/www.radiopiu.net\/wordpress\/wp-content\/uploads\/2025\/04\/Servizio-Colle-segretario-Forza-Italia.mp3\">https:\/\/www.radiopiu.net\/wordpress\/wp-content\/uploads\/2025\/04\/Servizio-Colle-segretario-Forza-Italia.mp3<\/a><\/audio>\n<p>&nbsp;<\/p>\n<p>&nbsp;<\/p>\n<p>********<\/p>\n","protected":false},"excerpt":{"rendered":"<p>******** &nbsp; BELLUNO Mentre impazzano i dibattiti in vista delle prossime elezioni regionali, c&#8217;\u00e8 gi\u00e0 chi guarda al 2027, anno in cui si rinnover\u00e0 l&#8217;amministrazione comunale di Belluno. Leonardo Colle, nuovo segretario comunale di Forza Italia nel capoluogo, annuncia: alle prossime elezioni correremo col nostro simbolo. DI DANIELE DALVIT &nbsp; &nbsp; ********<\/p>\n","protected":false},"author":4,"featured_media":445143,"comment_status":"closed","ping_status":"closed","sticky":false,"template":"","format":"standard","meta":{"_monsterinsights_skip_tracking":false,"_monsterinsights_sitenote_active":false,"_monsterinsights_sitenote_note":"","_monsterinsights_sitenote_category":0,"footnotes":""},"categories":[49],"tags":[],"class_list":["post-445140","post","type-post","status-publish","format-standard","has-post-thumbnail","hentry","category-news-18","category-49","description-off"],"img_url":"https:\/\/www.radiopiu.net\/wordpress\/wp-content\/uploads\/2025\/04\/kjdlhg-scaled.jpg","_links":{"self":[{"href":"https:\/\/www.radiopiu.net\/wordpress\/wp-json\/wp\/v2\/posts\/445140","targetHints":{"allow":["GET"]}}],"collection":[{"href":"https:\/\/www.radiopiu.net\/wordpress\/wp-json\/wp\/v2\/posts"}],"about":[{"href":"https:\/\/www.radiopiu.net\/wordpress\/wp-json\/wp\/v2\/types\/post"}],"author":[{"embeddable":true,"href":"https:\/\/www.radiopiu.net\/wordpress\/wp-json\/wp\/v2\/users\/4"}],"replies":[{"embeddable":true,"href":"https:\/\/www.radiopiu.net\/wordpress\/wp-json\/wp\/v2\/comments?post=445140"}],"version-history":[{"count":1,"href":"https:\/\/www.radiopiu.net\/wordpress\/wp-json\/wp\/v2\/posts\/445140\/revisions"}],"predecessor-version":[{"id":445144,"href":"https:\/\/www.radiopiu.net\/wordpress\/wp-json\/wp\/v2\/posts\/445140\/revisions\/445144"}],"wp:featuredmedia":[{"embeddable":true,"href":"https:\/\/www.radiopiu.net\/wordpress\/wp-json\/wp\/v2\/media\/445143"}],"wp:attachment":[{"href":"https:\/\/www.radiopiu.net\/wordpress\/wp-json\/wp\/v2\/media?parent=445140"}],"wp:term":[{"taxonomy":"category","embeddable":true,"href":"https:\/\/www.radiopiu.net\/wordpress\/wp-json\/wp\/v2\/categories?post=445140"},{"taxonomy":"post_tag","embeddable":true,"href":"https:\/\/www.radiopiu.net\/wordpress\/wp-json\/wp\/v2\/tags?post=445140"}],"curies":[{"name":"wp","href":"https:\/\/api.w.org\/{rel}","templated":true}]}}