{"id":445173,"date":"2025-04-16T05:28:22","date_gmt":"2025-04-16T03:28:22","guid":{"rendered":"https:\/\/www.radiopiu.net\/wordpress\/?p=445173"},"modified":"2025-04-16T05:41:31","modified_gmt":"2025-04-16T03:41:31","slug":"cisl-belluno-treviso-riconfermata-la-segreteria-orru-tra-sfide-future-e-impegno-per-lavoro-sicurezza-e-territorio","status":"publish","type":"post","link":"https:\/\/www.radiopiu.net\/wordpress\/cisl-belluno-treviso-riconfermata-la-segreteria-orru-tra-sfide-future-e-impegno-per-lavoro-sicurezza-e-territorio\/","title":{"rendered":"CISL BELLUNO TREVISO: RICONFERMATA LA SEGRETERIA ORRU&#8217;, TRA SFIDE FUTURE E IMPEGNO PER LAVORO, SICUREZZA E TERRITORIO"},"content":{"rendered":"<p>*******<\/p>\n<p>&nbsp;<\/p>\n<p><strong><a class=\"dt-pswp-item\" href=\"https:\/\/www.radiopiu.net\/wordpress\/wp-content\/uploads\/2025\/04\/segreteria-scaled.jpeg\" data-dt-img-description=\"\" data-large_image_width=\"2560\" data-large_image_height=\"1920\"><img loading=\"lazy\" decoding=\"async\" class=\" wp-image-445174 alignleft\" src=\"https:\/\/www.radiopiu.net\/wordpress\/wp-content\/uploads\/2025\/04\/segreteria-300x225.jpeg\" alt=\"\" width=\"177\" height=\"133\" srcset=\"https:\/\/www.radiopiu.net\/wordpress\/wp-content\/uploads\/2025\/04\/segreteria-300x225.jpeg 300w, https:\/\/www.radiopiu.net\/wordpress\/wp-content\/uploads\/2025\/04\/segreteria-1024x768.jpeg 1024w, https:\/\/www.radiopiu.net\/wordpress\/wp-content\/uploads\/2025\/04\/segreteria-768x576.jpeg 768w, https:\/\/www.radiopiu.net\/wordpress\/wp-content\/uploads\/2025\/04\/segreteria-1536x1152.jpeg 1536w, https:\/\/www.radiopiu.net\/wordpress\/wp-content\/uploads\/2025\/04\/segreteria-2048x1536.jpeg 2048w\" sizes=\"auto, (max-width: 177px) 100vw, 177px\" \/><\/a>CISON DI VALMARINO (TV) <\/strong><span style=\"color: #000000; font-family: Helvetica;\">Si \u00e8 concluso oggi 15 aprile, a Cison di Valmarino, con la convocazione del Consiglio generale che ha confermato la fiducia al segretario generale Francesco Orr\u00f9 e alla segreteria eletta il 1\u00b0 agosto 2024, il quarto Congresso della Cisl Belluno Treviso. Accanto a Orr\u00f9, rimangono dunque al timone della Cisl territoriale Edoardo Dorella e Roberta Barbieri. &#8220;Un grazie di cuore ai delegati che hanno rinnovato la fiducia in questa segreteria \u2013 ha dichiarato Francesco Orr\u00f9 \u2013. \u00c8 una fiducia che onoreremo con responsabilit\u00e0, proseguendo nel nostro lavoro a tutela di lavoratori e pensionati. Ma il nostro impegno va oltre: va ricordato che l&#8217;azione della Cisl non si limita alla difesa dei lavoratori, ma si estende a un impegno sociale pi\u00f9 ampio, volto a promuovere l&#8217;inclusione e il benessere dell&#8217;intera comunit\u00e0. Per questo dobbiamo continuare a costruire un sindacato sempre pi\u00f9 solidale, professionale, preparato, accogliente e riformista. Tutti noi possiamo essere orgogliosi del lavoro straordinario che ogni giorno viene portato avanti nei luoghi di lavoro e sul territorio\u201d. <\/span><span style=\"color: #000000; font-family: Helvetica;\">Sono tante le sfide che attendono la Cisl nei prossimi quattro anni, a partire dal \u201crilancio della visione confederale basata sull\u2019unit\u00e0 e sulla collaborazione, dal rafforzamento della presenza nelle fabbriche, nei cantieri e sul territorio, dall\u2019impegno sulla formazione che fornisca agli uomini e alle donne della Cisl gli strumenti necessari per operare in modo efficace ed efficiente in una realt\u00e0 sempre pi\u00f9 complessa\u201d. <\/span><span style=\"color: #000000; font-family: Helvetica;\">La priorit\u00e0 assoluta rimane la sicurezza sul lavoro. A questo proposito, toccante \u00e8 stato l\u2019intervento al Congresso di Monica Michielin, la mamma di Mattia Battistetti, il giovane morto nel 2021 a 23 anni mentre lavorava in un cantiere edile senza la necessaria formazione prevista dal contratto dell\u2019edilizia. \u201cLa sicurezza sul lavoro \u2013 afferma Francesco Orr\u00f9 \u2013 \u00e8 una questione complessa che va affrontata da pi\u00f9 prospettive: sul piano normativo e contrattuale, con regole chiare, controlli pi\u00f9 rigorosi, sanzioni pi\u00f9 severe per chi non le rispetta, ma anche con maggiore formazione e informazione. \u00c8 fondamentale proseguire con campagne di sensibilizzazione incisive, promuovendo una vera e propria cultura della sicurezza. Solo prendendo piena consapevolezza dei rischi e mettendo la prevenzione al primo posto \u00e8 possibile tutelare davvero la vita e la salute delle lavoratrici e dei lavoratori\u201d.\u00a0 <\/span><span style=\"color: #000000; font-family: Helvetica;\">Cruciale la questione dell\u2019attrattivit\u00e0 dei territori di Belluno e Treviso, minata dalla glaciazione demografica, dalla mancanza di forza-lavoro, dall\u2019invecchiamento della popolazione, da infrastrutture carenti, dal problema degli alloggi e da un sistema socio-sanitario sempre pi\u00f9 in difficolt\u00e0. \u201cServono elementi capaci di richiamare nuove energie, nuove professionalit\u00e0 e competenze, trattenendo giovani, famiglie e professionalit\u00e0, accompagnandoli nel costruire il loro progetto di vita nel nostro territorio &#8211; prosegue Orr\u00f9 -, cos\u00ec come sono necessari stipendi equi, rinnovi contrattuali, servizi territoriali adeguati e una contrattazione di qualit\u00e0, che riconosca il valore del lavoro premiando competenze e impegno\u201d.<a class=\"dt-pswp-item\" href=\"https:\/\/www.radiopiu.net\/wordpress\/wp-content\/uploads\/2025\/04\/elezione5-scaled.jpeg\" data-dt-img-description=\"\" data-large_image_width=\"2560\" data-large_image_height=\"1920\"><img loading=\"lazy\" decoding=\"async\" class=\" wp-image-445175 alignright\" src=\"https:\/\/www.radiopiu.net\/wordpress\/wp-content\/uploads\/2025\/04\/elezione5-300x225.jpeg\" alt=\"\" width=\"227\" height=\"170\" srcset=\"https:\/\/www.radiopiu.net\/wordpress\/wp-content\/uploads\/2025\/04\/elezione5-300x225.jpeg 300w, https:\/\/www.radiopiu.net\/wordpress\/wp-content\/uploads\/2025\/04\/elezione5-1024x768.jpeg 1024w, https:\/\/www.radiopiu.net\/wordpress\/wp-content\/uploads\/2025\/04\/elezione5-768x576.jpeg 768w, https:\/\/www.radiopiu.net\/wordpress\/wp-content\/uploads\/2025\/04\/elezione5-1536x1152.jpeg 1536w, https:\/\/www.radiopiu.net\/wordpress\/wp-content\/uploads\/2025\/04\/elezione5-2048x1536.jpeg 2048w\" sizes=\"auto, (max-width: 227px) 100vw, 227px\" \/><\/a> \u201cCi assumiamo &#8211; conclude il segretario generale della Cisl Belluno Treviso &#8211; la responsabilit\u00e0 di partecipare attivamente ai processi di cambiamento, chiedendo tavoli permanenti alla politica, istituzioni e associazioni per rendere i nostri territori nuovamente attrattivi. \u00c8 urgente giungere a un nuovo patto sociale tra istituzioni politiche, sindacato e imprese, che ponga al centro il lavoro, la competitivit\u00e0 e la crescita. Questo deve passare attraverso il rilancio delle filiere industriali, la qualificazione del sistema produttivo e l&#8217;investimento in formazione e competenze\u201d. <\/span><span style=\"color: #000000; font-family: Helvetica;\">54 anni, Francesco Orr\u00f9 \u00e8 stato segretario generale della Filca, la federazione che segue i lavoratori dell\u2019edilizia e delle costruzioni, di Treviso e di Belluno Treviso dopo l\u2019unificazione, e del Veneto. Dal 1\u00b0 agosto del 2024 \u00e8 segretario generale della Cisl Belluno Treviso. Con lui sono stati rieletti in segreteria Edoardo Dorella, 62 anni, volto storico della Fisascat territoriale, la Federazione di categoria del commercio e del turismo, nello staff confederale e in segreteria dal 2024, e Roberta Barbieri, gi\u00e0 responsabile dell\u2019Ufficio Vertenze della Cisl Belluno Treviso ed eletta in segreteria il 1\u00b0 agosto dell\u2019anno scorso.\u00a0 <\/span><span style=\"color: #000000; font-family: Helvetica;\">Numerosi gli ospiti che hanno scelto di portare il loro saluto e il loro contributo al Congresso della Cisl: rappresentanti delle altre sigle sindacali, delle associazioni datoriali, delle istituzioni e sindaci del territorio. <\/span><span style=\"color: #000000; font-family: Helvetica;\">Il segretario della Cisl nazionale Giorgio Graziani ha concluso i lavori luned\u00ec sera, sottolineando l\u2019importanza del Congresso come \u201cmomento di straordinaria riflessione, soprattutto in un territorio come quello di Treviso e Belluno: vasto, variegato, complesso\u201d. Nel suo intervento, Graziani ha affrontato temi di grande attualit\u00e0, come le tensioni geopolitiche legate ai dazi e le ricadute sulla crisi commerciale globale. Ha poi riportato l\u2019attenzione su questioni interne, come i rinnovi contrattuali ancora in sospeso, sottolineando l\u2019importanza della partecipazione alle elezioni delle RSU della scuola e del pubblico impiego, in corso proprio in queste ore. \u201cCi auguriamo di ottenere un buon risultato \u2013 ha affermato \u2013 e di raccogliere la fiducia dei lavoratori, che \u00e8 la forza del nostro impegno quotidiano\u201d. <\/span><span style=\"color: #000000; font-family: Helvetica;\">Il segretario generale della Cisl del Veneto Massimiliano Paglini ha concluso i lavori del marted\u00ec mattina. \u201cLe analisi e le ricerche prodotte dalla <a class=\"dt-pswp-item\" href=\"https:\/\/www.radiopiu.net\/wordpress\/wp-content\/uploads\/2025\/04\/Orru-relazione1.jpeg\" data-dt-img-description=\"\" data-large_image_width=\"1600\" data-large_image_height=\"1066\"><img loading=\"lazy\" decoding=\"async\" class=\" wp-image-445176 alignleft\" src=\"https:\/\/www.radiopiu.net\/wordpress\/wp-content\/uploads\/2025\/04\/Orru-relazione1-300x200.jpeg\" alt=\"\" width=\"233\" height=\"155\" srcset=\"https:\/\/www.radiopiu.net\/wordpress\/wp-content\/uploads\/2025\/04\/Orru-relazione1-300x200.jpeg 300w, https:\/\/www.radiopiu.net\/wordpress\/wp-content\/uploads\/2025\/04\/Orru-relazione1-1024x682.jpeg 1024w, https:\/\/www.radiopiu.net\/wordpress\/wp-content\/uploads\/2025\/04\/Orru-relazione1-768x512.jpeg 768w, https:\/\/www.radiopiu.net\/wordpress\/wp-content\/uploads\/2025\/04\/Orru-relazione1-1536x1023.jpeg 1536w, https:\/\/www.radiopiu.net\/wordpress\/wp-content\/uploads\/2025\/04\/Orru-relazione1.jpeg 1600w\" sizes=\"auto, (max-width: 233px) 100vw, 233px\" \/><\/a>Fondazione Corazzin e presentate nel corso del Congresso \u2013 ha detto Paglini &#8211; non lasciano scampo: se non cambiamo passo le prospettive per il Veneto e per tutto il Paese sono quelle di un declino inesorabile dal punto di vista sociale ed economico. Serve generare nuove alleanze tra il welfare pubblico, il welfare del terzo settore e l\u2019orizzonte innovativo del welfare negoziale per difendere il sistema dei servizi sociali e sociosanitari. E ancora, \u00e8 strategico salvaguardare il sistema industriale manifatturiero per dare prospettive di sviluppo all\u2019economia, all\u2019occupazione e proteggere la coesione sociale dei territori del Veneto. Un ruolo importante potr\u00e0 avere anche la partecipazione dei lavoratori e delle lavoratrici alla gestione delle imprese che qui nella nostra regione trova gi\u00e0 importanti buone pratiche: una straordinaria occasione anche per cambiare il Paese\u201d. <\/span><span style=\"color: #000000; font-family: Helvetica;\">Dal palco di Cison \u00e8 stata infine lanciata una raccolta firme su change.org per la liberazione di Alberto Trentini, il cooperante veneziano detenuto in Venezuela dal 15 novembre scorso. La zia del giovane, molto conosciuto per l\u2019impegno nella cooperazione internazionale e nell\u2019aiuto umanitario, detenuto senza accuse formali e privato dei suoi diritti fondamentali, ha letto una commovente lettera scritta dalla mamma di Alberto.<\/span><\/p>\n<p>&nbsp;<\/p>\n<p>&nbsp;<\/p>\n<p>&nbsp;<\/p>\n<p>&nbsp;<\/p>\n<p>**********<\/p>\n","protected":false},"excerpt":{"rendered":"<p>******* &nbsp; CISON DI VALMARINO (TV) Si \u00e8 concluso oggi 15 aprile, a Cison di Valmarino, con la convocazione del Consiglio generale che ha confermato la fiducia al segretario generale Francesco Orr\u00f9 e alla segreteria eletta il 1\u00b0 agosto 2024, il quarto Congresso della Cisl Belluno Treviso. Accanto a Orr\u00f9, rimangono dunque al timone della&hellip;<\/p>\n","protected":false},"author":4,"featured_media":445174,"comment_status":"closed","ping_status":"closed","sticky":false,"template":"","format":"standard","meta":{"_monsterinsights_skip_tracking":false,"_monsterinsights_sitenote_active":false,"_monsterinsights_sitenote_note":"","_monsterinsights_sitenote_category":0,"footnotes":""},"categories":[51,49],"tags":[],"class_list":["post-445173","post","type-post","status-publish","format-standard","has-post-thumbnail","hentry","category-evidenza-top","category-news-18","category-51","category-49","description-off"],"img_url":"https:\/\/www.radiopiu.net\/wordpress\/wp-content\/uploads\/2025\/04\/segreteria-scaled.jpeg","_links":{"self":[{"href":"https:\/\/www.radiopiu.net\/wordpress\/wp-json\/wp\/v2\/posts\/445173","targetHints":{"allow":["GET"]}}],"collection":[{"href":"https:\/\/www.radiopiu.net\/wordpress\/wp-json\/wp\/v2\/posts"}],"about":[{"href":"https:\/\/www.radiopiu.net\/wordpress\/wp-json\/wp\/v2\/types\/post"}],"author":[{"embeddable":true,"href":"https:\/\/www.radiopiu.net\/wordpress\/wp-json\/wp\/v2\/users\/4"}],"replies":[{"embeddable":true,"href":"https:\/\/www.radiopiu.net\/wordpress\/wp-json\/wp\/v2\/comments?post=445173"}],"version-history":[{"count":1,"href":"https:\/\/www.radiopiu.net\/wordpress\/wp-json\/wp\/v2\/posts\/445173\/revisions"}],"predecessor-version":[{"id":445177,"href":"https:\/\/www.radiopiu.net\/wordpress\/wp-json\/wp\/v2\/posts\/445173\/revisions\/445177"}],"wp:featuredmedia":[{"embeddable":true,"href":"https:\/\/www.radiopiu.net\/wordpress\/wp-json\/wp\/v2\/media\/445174"}],"wp:attachment":[{"href":"https:\/\/www.radiopiu.net\/wordpress\/wp-json\/wp\/v2\/media?parent=445173"}],"wp:term":[{"taxonomy":"category","embeddable":true,"href":"https:\/\/www.radiopiu.net\/wordpress\/wp-json\/wp\/v2\/categories?post=445173"},{"taxonomy":"post_tag","embeddable":true,"href":"https:\/\/www.radiopiu.net\/wordpress\/wp-json\/wp\/v2\/tags?post=445173"}],"curies":[{"name":"wp","href":"https:\/\/api.w.org\/{rel}","templated":true}]}}