{"id":445187,"date":"2025-04-15T20:14:42","date_gmt":"2025-04-15T18:14:42","guid":{"rendered":"https:\/\/www.radiopiu.net\/wordpress\/?p=445187"},"modified":"2025-04-15T20:14:42","modified_gmt":"2025-04-15T18:14:42","slug":"grandi-emozioni-e-ottimi-risultati-per-attivamente-agordino-nelle-gare-di-nuoto-a-valdobbiadene","status":"publish","type":"post","link":"https:\/\/www.radiopiu.net\/wordpress\/grandi-emozioni-e-ottimi-risultati-per-attivamente-agordino-nelle-gare-di-nuoto-a-valdobbiadene\/","title":{"rendered":"GRANDI EMOZIONI E OTTIMI RISULTATI PER \u201cATTIVAMENTE AGORDINO\u201d NELLE GARE DI NUOTO A VALDOBBIADENE"},"content":{"rendered":"<p>*******<\/p>\n<p>&nbsp;<\/p>\n<p><strong>AGORDO<\/strong> Una domenica densa di emozioni per i nuotatori agonisti di \u201cAttivamente Agordino\u201d che a Valdobbiadene hanno disputato la settima giornata di gare di nuoto per esordienti A e B del concentramento Belluno-Treviso. I piccoli atleti agordini si sono misurati in gare particolarmente impegnative tenendo alta la bandiera della societ\u00e0 agordina. La giornata si \u00e8 aperta con i 100 farfalla dove Aurora Olivier si \u00e8 classificata sesta e Margot Longaron terza sul podio. Nei 200 farfalla grande dimostrazione di coraggio che ha portato due ottime prestazioni da parte di Alice Latti e Selena Ceccon giunte separate da soli tre decimi di secondo che sono valsi il podio a Selena. Nella gara maschile dei 100 farfalla buon ottavo posto di Devid Olivier. La specialit\u00e0 della rana ha visto protagonista Alessandro Buxaj autore nei 200 di un deciso progresso abbassando il proprio personale a 3\u2019.17\u201d.6 che lo ha portato sul secondo gradino del podio e molto in alto nella classifica regionale. Nei 100 stile libero nuovi primati personali per Azzurra Deola Thorpe, Colette Samassa e Scussel Veronica, quest\u2019ultima prima nella classifica avulsa delle ragazze nate nel 2016. Tra i ragazzi, Devid Olivier Terzo con un ragguardevole 1.16.1 , Alex Alchini quarto staccato di soli quattro decimi e Ilay Bianchi sono stati eccellenti protagonisti in questa gara. I 200 misti hanno visto in acqua Emma e Alice Latti a loro agio nel padroneggiare la grande tecnica richiesta da questa specialit\u00e0 giunte rispettivamente al dodicesimo e tredicesimo posto. I 400 stile libero sono stati la seconda gara di Selena corsi al di sotto delle proprie possibilit\u00e0 pagando lo sforzo della gara precedente: i 200 farfalla. Buone notizie anche dai 100 misti, al femminile con il quarto posto di Margot, il settimo e l\u2019ottavo di Veronica e Aurora e il tredicesimo di Colette; tra i maschi secondo podio di giornata per Alessandro secondo classificato, seguito da Alex quinto e pi\u00f9 staccato Ilay. Ultima tra le gare individuali i 100 dorso con Emma e Azzurra autrici di interessanti prestazioni in un contesto molto competitivo. Sul finale della manifestazione degno di nota il sesto posto della staffetta mista mixed che ha concluso la giornata.<\/p>\n\n\t\t\t<style type='text\/css'>\n\t\t\t\t#gallery-1 {\n\t\t\t\t\tmargin: auto;\n\t\t\t\t}\n\t\t\t\t#gallery-1 .gallery-item {\n\t\t\t\t\tfloat: left;\n\t\t\t\t\tmargin-top: 10px;\n\t\t\t\t\ttext-align: center;\n\t\t\t\t\twidth: 50%;\n\t\t\t\t}\n\t\t\t\t#gallery-1 img {\n\t\t\t\t\tborder: 2px solid #cfcfcf;\n\t\t\t\t}\n\t\t\t\t#gallery-1 .gallery-caption {\n\t\t\t\t\tmargin-left: 0;\n\t\t\t\t}\n\t\t\t\t\/* see gallery_shortcode() in wp-includes\/media.php *\/\n\t\t\t<\/style>\n\t\t<div id='gallery-1' class='dt-gallery-container gallery galleryid-445187 gallery-columns-2 gallery-size-medium'><dl class='gallery-item'>\n\t\t\t\t<dt class='gallery-icon landscape'>\n\t\t\t\t\t<a class=\"rollover rollover-zoom dt-pswp-item\" title=\"22d1e973-86bf-40fc-a110-3e253f9e9ecc\" data-dt-img-description=\"\" data-large_image_width=\"1600\" data-large_image_height=\"900\"href='https:\/\/www.radiopiu.net\/wordpress\/wp-content\/uploads\/2025\/04\/22d1e973-86bf-40fc-a110-3e253f9e9ecc.jpg'><img loading=\"lazy\" decoding=\"async\" width=\"300\" height=\"169\" src=\"https:\/\/www.radiopiu.net\/wordpress\/wp-content\/uploads\/2025\/04\/22d1e973-86bf-40fc-a110-3e253f9e9ecc-300x169.jpg\" class=\"attachment-medium size-medium\" alt=\"\" srcset=\"https:\/\/www.radiopiu.net\/wordpress\/wp-content\/uploads\/2025\/04\/22d1e973-86bf-40fc-a110-3e253f9e9ecc-300x169.jpg 300w, https:\/\/www.radiopiu.net\/wordpress\/wp-content\/uploads\/2025\/04\/22d1e973-86bf-40fc-a110-3e253f9e9ecc-1024x576.jpg 1024w, https:\/\/www.radiopiu.net\/wordpress\/wp-content\/uploads\/2025\/04\/22d1e973-86bf-40fc-a110-3e253f9e9ecc-768x432.jpg 768w, https:\/\/www.radiopiu.net\/wordpress\/wp-content\/uploads\/2025\/04\/22d1e973-86bf-40fc-a110-3e253f9e9ecc-1536x864.jpg 1536w, https:\/\/www.radiopiu.net\/wordpress\/wp-content\/uploads\/2025\/04\/22d1e973-86bf-40fc-a110-3e253f9e9ecc.jpg 1600w\" sizes=\"auto, (max-width: 300px) 100vw, 300px\" \/><\/a>\n\t\t\t\t<\/dt><\/dl><dl class='gallery-item'>\n\t\t\t\t<dt class='gallery-icon landscape'>\n\t\t\t\t\t<a class=\"rollover rollover-zoom dt-pswp-item\" title=\"47e06567-35bf-45fe-875b-d3ad4288efe5\" data-dt-img-description=\"\" data-large_image_width=\"1600\" data-large_image_height=\"900\"href='https:\/\/www.radiopiu.net\/wordpress\/wp-content\/uploads\/2025\/04\/47e06567-35bf-45fe-875b-d3ad4288efe5.jpg'><img loading=\"lazy\" decoding=\"async\" width=\"300\" height=\"169\" src=\"https:\/\/www.radiopiu.net\/wordpress\/wp-content\/uploads\/2025\/04\/47e06567-35bf-45fe-875b-d3ad4288efe5-300x169.jpg\" class=\"attachment-medium size-medium\" alt=\"\" srcset=\"https:\/\/www.radiopiu.net\/wordpress\/wp-content\/uploads\/2025\/04\/47e06567-35bf-45fe-875b-d3ad4288efe5-300x169.jpg 300w, https:\/\/www.radiopiu.net\/wordpress\/wp-content\/uploads\/2025\/04\/47e06567-35bf-45fe-875b-d3ad4288efe5-1024x576.jpg 1024w, https:\/\/www.radiopiu.net\/wordpress\/wp-content\/uploads\/2025\/04\/47e06567-35bf-45fe-875b-d3ad4288efe5-768x432.jpg 768w, https:\/\/www.radiopiu.net\/wordpress\/wp-content\/uploads\/2025\/04\/47e06567-35bf-45fe-875b-d3ad4288efe5-1536x864.jpg 1536w, https:\/\/www.radiopiu.net\/wordpress\/wp-content\/uploads\/2025\/04\/47e06567-35bf-45fe-875b-d3ad4288efe5.jpg 1600w\" sizes=\"auto, (max-width: 300px) 100vw, 300px\" \/><\/a>\n\t\t\t\t<\/dt><\/dl><br style=\"clear: both\" \/>\n\t\t\t<\/div>\n\n<p>&nbsp;<\/p>\n<p>&nbsp;<\/p>\n<p>&nbsp;<\/p>\n<p>&nbsp;<\/p>\n<p>&nbsp;<\/p>\n<p>************<\/p>\n","protected":false},"excerpt":{"rendered":"<p>******* &nbsp; AGORDO Una domenica densa di emozioni per i nuotatori agonisti di \u201cAttivamente Agordino\u201d che a Valdobbiadene hanno disputato la settima giornata di gare di nuoto per esordienti A e B del concentramento Belluno-Treviso. I piccoli atleti agordini si sono misurati in gare particolarmente impegnative tenendo alta la bandiera della societ\u00e0 agordina. La giornata&hellip;<\/p>\n","protected":false},"author":4,"featured_media":445189,"comment_status":"closed","ping_status":"closed","sticky":false,"template":"","format":"standard","meta":{"_monsterinsights_skip_tracking":false,"_monsterinsights_sitenote_active":false,"_monsterinsights_sitenote_note":"","_monsterinsights_sitenote_category":0,"footnotes":""},"categories":[49],"tags":[],"class_list":["post-445187","post","type-post","status-publish","format-standard","has-post-thumbnail","hentry","category-news-18","category-49","description-off"],"img_url":"https:\/\/www.radiopiu.net\/wordpress\/wp-content\/uploads\/2025\/04\/47e06567-35bf-45fe-875b-d3ad4288efe5.jpg","_links":{"self":[{"href":"https:\/\/www.radiopiu.net\/wordpress\/wp-json\/wp\/v2\/posts\/445187","targetHints":{"allow":["GET"]}}],"collection":[{"href":"https:\/\/www.radiopiu.net\/wordpress\/wp-json\/wp\/v2\/posts"}],"about":[{"href":"https:\/\/www.radiopiu.net\/wordpress\/wp-json\/wp\/v2\/types\/post"}],"author":[{"embeddable":true,"href":"https:\/\/www.radiopiu.net\/wordpress\/wp-json\/wp\/v2\/users\/4"}],"replies":[{"embeddable":true,"href":"https:\/\/www.radiopiu.net\/wordpress\/wp-json\/wp\/v2\/comments?post=445187"}],"version-history":[{"count":1,"href":"https:\/\/www.radiopiu.net\/wordpress\/wp-json\/wp\/v2\/posts\/445187\/revisions"}],"predecessor-version":[{"id":445190,"href":"https:\/\/www.radiopiu.net\/wordpress\/wp-json\/wp\/v2\/posts\/445187\/revisions\/445190"}],"wp:featuredmedia":[{"embeddable":true,"href":"https:\/\/www.radiopiu.net\/wordpress\/wp-json\/wp\/v2\/media\/445189"}],"wp:attachment":[{"href":"https:\/\/www.radiopiu.net\/wordpress\/wp-json\/wp\/v2\/media?parent=445187"}],"wp:term":[{"taxonomy":"category","embeddable":true,"href":"https:\/\/www.radiopiu.net\/wordpress\/wp-json\/wp\/v2\/categories?post=445187"},{"taxonomy":"post_tag","embeddable":true,"href":"https:\/\/www.radiopiu.net\/wordpress\/wp-json\/wp\/v2\/tags?post=445187"}],"curies":[{"name":"wp","href":"https:\/\/api.w.org\/{rel}","templated":true}]}}