{"id":445199,"date":"2025-04-17T05:37:50","date_gmt":"2025-04-17T03:37:50","guid":{"rendered":"https:\/\/www.radiopiu.net\/wordpress\/?p=445199"},"modified":"2025-04-17T08:00:11","modified_gmt":"2025-04-17T06:00:11","slug":"giornale-radiopiu-17-aprile-2025-direttore-mirko-mezzacasa","status":"publish","type":"post","link":"https:\/\/www.radiopiu.net\/wordpress\/giornale-radiopiu-17-aprile-2025-direttore-mirko-mezzacasa\/","title":{"rendered":"GIORNALE RADIOPIU 17 APRILE 2025 DIRETTORE MIRKO MEZZACASA"},"content":{"rendered":"<p>******<\/p>\n<p>&nbsp;<\/p>\n<p>&nbsp;<\/p>\n<p><em><span style=\"color: #ff0000;\"><a class=\"dt-pswp-item\" href=\"https:\/\/www.radiopiu.net\/wordpress\/wp-content\/uploads\/2024\/10\/Senza-nome-8.png\" data-dt-img-description=\"\" data-large_image_width=\"343\" data-large_image_height=\"303\"><img loading=\"lazy\" decoding=\"async\" class=\"wp-image-412130 alignleft\" src=\"https:\/\/www.radiopiu.net\/wordpress\/wp-content\/uploads\/2024\/10\/Senza-nome-8-300x265.png\" alt=\"\" width=\"105\" height=\"93\" srcset=\"https:\/\/www.radiopiu.net\/wordpress\/wp-content\/uploads\/2024\/10\/Senza-nome-8-300x265.png 300w, https:\/\/www.radiopiu.net\/wordpress\/wp-content\/uploads\/2024\/10\/Senza-nome-8.png 343w\" sizes=\"auto, (max-width: 105px) 100vw, 105px\" \/><\/a><\/span><\/em><strong><em><span style=\"color: #ff0000;\"> LA\u00a0 APP PER IOS-IPHONE di Nicola Vettorello<\/span><\/em><\/strong><\/p>\n<p><strong><span style=\"color: #0000ff;\"><a style=\"color: #0000ff;\" href=\"https:\/\/apps.apple.com\/it\/app\/radio-pi%C3%B9-emittente-agordina\/id1515939845\">https:\/\/apps.apple.com\/it\/app\/radio-pi%C3%B9-emittente-agordina\/id1515939845<\/a><\/span><\/strong><\/p>\n<p><strong><em style=\"color: #ff0000;\">LA\u00a0 APP RADIO\u00a0 PER ANDROID di Nicola Vettorello<\/em><\/strong><\/p>\n<p><strong><span style=\"color: #0000ff;\"><a style=\"color: #0000ff;\" href=\"https:\/\/play.google.com\/store\/apps\/details?id=net.radiopiu.iniko\" target=\"_blank\" rel=\"noopener noreferrer\">https:\/\/<\/a><a style=\"color: #0000ff;\" href=\"https:\/\/play.google.com\/store\/apps\/details?id=net.radiopiu.iniko\" target=\"_blank\" rel=\"noopener noreferrer\">play.google.com\/store\/apps\/details?id=net.radiopiu.iniko\u00a0\u00a0\u00a0\u00a0<\/a><\/span><\/strong><\/p>\n<p>&nbsp;<\/p>\n<p>&nbsp;<\/p>\n<hr \/>\n<p><span style=\"color: #0000ff;\">\u00a0<\/span><\/p>\n<p>&nbsp;<\/p>\n<blockquote>\n<h1 data-start=\"0\" data-end=\"60\"><strong data-start=\"0\" data-end=\"60\">OGGI SU RADIOPI\u00d9: MUSICA, GIOVANI E DIRETTE DAGLI EVENTI<\/strong><\/h1>\n<\/blockquote>\n<p class=\"\" data-start=\"62\" data-end=\"463\"><a class=\"dt-pswp-item\" href=\"https:\/\/www.radiopiu.net\/wordpress\/wp-content\/uploads\/2025\/04\/DSC05748-scaled.jpg\" data-dt-img-description=\"\" data-large_image_width=\"2560\" data-large_image_height=\"1920\"><img loading=\"lazy\" decoding=\"async\" class=\" wp-image-445299 alignleft\" src=\"https:\/\/www.radiopiu.net\/wordpress\/wp-content\/uploads\/2025\/04\/DSC05748-300x225.jpg\" alt=\"\" width=\"271\" height=\"203\" srcset=\"https:\/\/www.radiopiu.net\/wordpress\/wp-content\/uploads\/2025\/04\/DSC05748-300x225.jpg 300w, https:\/\/www.radiopiu.net\/wordpress\/wp-content\/uploads\/2025\/04\/DSC05748-1024x768.jpg 1024w, https:\/\/www.radiopiu.net\/wordpress\/wp-content\/uploads\/2025\/04\/DSC05748-768x576.jpg 768w, https:\/\/www.radiopiu.net\/wordpress\/wp-content\/uploads\/2025\/04\/DSC05748-1536x1152.jpg 1536w, https:\/\/www.radiopiu.net\/wordpress\/wp-content\/uploads\/2025\/04\/DSC05748-2048x1536.jpg 2048w\" sizes=\"auto, (max-width: 271px) 100vw, 271px\" \/><\/a>Giornata ricca di appuntamenti su RadioPi\u00f9! Si parte alle <strong data-start=\"120\" data-end=\"129\">09.00<\/strong> con la musica country di <strong data-start=\"155\" data-end=\"173\">Alex Nascinben<\/strong>, seguita alle <strong data-start=\"188\" data-end=\"197\">10.10<\/strong> da \u201c<strong data-start=\"202\" data-end=\"224\">Sei in radio se&#8230;<\/strong>\u201d, uno sguardo a Facebook. Alle <strong data-start=\"289\" data-end=\"298\">10.30<\/strong> spazio ai giovani protagonisti della <strong data-start=\"336\" data-end=\"354\">Sagra de Pasca<\/strong>, con il racconto di <strong data-start=\"375\" data-end=\"388\">Marco Gaz<\/strong>, e alle <strong data-start=\"397\" data-end=\"406\">11.00<\/strong> l\u2019immancabile <strong data-start=\"421\" data-end=\"436\">Arcade Show<\/strong> con <strong data-start=\"441\" data-end=\"460\">Elia Casagrande<\/strong>. Nel pomeriggio, alle <strong data-start=\"486\" data-end=\"495\">13.20<\/strong>, torna <strong data-start=\"503\" data-end=\"514\">Collage<\/strong> con <strong data-start=\"519\" data-end=\"536\">Loris Scussel<\/strong>, mentre alle <strong data-start=\"550\" data-end=\"559\">15.10<\/strong> <strong data-start=\"560\" data-end=\"575\">Time for Me<\/strong> con <strong data-start=\"580\" data-end=\"595\">Marina Don\u00e0<\/strong> propone relax e riflessioni. Chiude il pomeriggio musicale alle <strong data-start=\"658\" data-end=\"667\">16.45<\/strong> <strong data-start=\"668\" data-end=\"688\">Mirco Bencivenni<\/strong> con classifiche e storia della musica. Alle <strong data-start=\"733\" data-end=\"742\">19.00<\/strong> spazio all\u2019informazione con le anticipazioni del TG di <strong data-start=\"798\" data-end=\"811\">Antenna 3<\/strong>, curate da <strong data-start=\"823\" data-end=\"844\">Tiziana Bolognani<\/strong>.<\/p>\n<p class=\"\" data-start=\"847\" data-end=\"1211\"><strong data-start=\"847\" data-end=\"905\">TAIBON: AL VIA LA SAGRA DE PASCA, RADIOPI\u00d9 IN DIRETTA! <\/strong>Questa sera dalle <strong data-start=\"926\" data-end=\"935\">20.00<\/strong> diretta dal tendone in riva al Tegnas per l\u2019apertura della <strong data-start=\"995\" data-end=\"1013\">Sagra de Pasca<\/strong> a <strong data-start=\"1016\" data-end=\"1026\" data-is-only-node=\"\">Taibon<\/strong>. Serata dedicata alla montagna con <strong data-start=\"1062\" data-end=\"1078\">Eugenio Bien<\/strong> e i video di <strong data-start=\"1092\" data-end=\"1110\">Roberto Soram\u00e8<\/strong>, seguita dalla presentazione ufficiale del <strong data-start=\"1154\" data-end=\"1183\">Torneo Agordino di calcio<\/strong>, a cura di <strong data-start=\"1195\" data-end=\"1208\">Marco Gaz<\/strong>. La diretta radiofonica sar\u00e0 curata da <strong data-start=\"1251\" data-end=\"1270\">Gianfranco Tom\u00e8<\/strong>, con animazione di <strong data-start=\"1290\" data-end=\"1305\">Marina Don\u00e0<\/strong> e <strong data-start=\"1308\" data-end=\"1321\">Marco Gaz<\/strong>. RadioPi\u00f9, come sempre, \u00e8 in prima linea negli eventi locali: <strong data-start=\"1384\" data-end=\"1419\">oggi, domani, sabato e domenica<\/strong> in diretta da Taibon, in collaborazione con <strong data-start=\"1464\" data-end=\"1515\">Gruppo Sportivo, Pro Loco e Donatori del Sangue<\/strong>.<\/p>\n<p>&nbsp;<\/p>\n<hr \/>\n<p>&nbsp;<\/p>\n<p>&nbsp;<\/p>\n<div class=\"x11i5rnm xat24cr x1mh8g0r x1vvkbs xtlvy1s x126k92a\">\n<div dir=\"auto\">\n<div dir=\"auto\">\n<p><strong><a class=\"dt-pswp-item\" href=\"https:\/\/www.radiopiu.net\/wordpress\/wp-content\/uploads\/2024\/02\/2d44e751-d8a8-461b-8e22-d8e4e853b032.jpg\" data-dt-img-description=\"\" data-large_image_width=\"1600\" data-large_image_height=\"1200\"><img loading=\"lazy\" decoding=\"async\" class=\"wp-image-373307 alignleft\" src=\"https:\/\/www.radiopiu.net\/wordpress\/wp-content\/uploads\/2024\/02\/2d44e751-d8a8-461b-8e22-d8e4e853b032-300x225.jpg\" alt=\"\" width=\"105\" height=\"79\" srcset=\"https:\/\/www.radiopiu.net\/wordpress\/wp-content\/uploads\/2024\/02\/2d44e751-d8a8-461b-8e22-d8e4e853b032-300x225.jpg 300w, https:\/\/www.radiopiu.net\/wordpress\/wp-content\/uploads\/2024\/02\/2d44e751-d8a8-461b-8e22-d8e4e853b032-1024x768.jpg 1024w, https:\/\/www.radiopiu.net\/wordpress\/wp-content\/uploads\/2024\/02\/2d44e751-d8a8-461b-8e22-d8e4e853b032-768x576.jpg 768w, https:\/\/www.radiopiu.net\/wordpress\/wp-content\/uploads\/2024\/02\/2d44e751-d8a8-461b-8e22-d8e4e853b032-1536x1152.jpg 1536w, https:\/\/www.radiopiu.net\/wordpress\/wp-content\/uploads\/2024\/02\/2d44e751-d8a8-461b-8e22-d8e4e853b032.jpg 1600w\" sizes=\"auto, (max-width: 105px) 100vw, 105px\" \/><\/a>EL BAL DEL FIOR, DI GIULIANA DA RONCH, 17 APRILE<\/strong><strong> 2025<\/strong><\/p>\n<\/div>\n<p>&nbsp;<\/p>\n<div dir=\"auto\">\n<audio class=\"wp-audio-shortcode\" id=\"audio-445199-1\" preload=\"none\" style=\"width: 100%;\" controls=\"controls\"><source type=\"audio\/mpeg\" src=\"https:\/\/www.radiopiu.net\/wordpress\/wp-content\/uploads\/2025\/04\/GGI-1.mp3?_=1\" \/><a href=\"https:\/\/www.radiopiu.net\/wordpress\/wp-content\/uploads\/2025\/04\/GGI-1.mp3\">https:\/\/www.radiopiu.net\/wordpress\/wp-content\/uploads\/2025\/04\/GGI-1.mp3<\/a><\/audio>\n<p>&nbsp;<\/p>\n<hr \/>\n<p>&nbsp;<\/p>\n<p>&nbsp;<\/p>\n<\/div>\n<\/div>\n<\/div>\n<div class=\"x11i5rnm xat24cr x1mh8g0r x1vvkbs xtlvy1s x126k92a\">\n<blockquote>\n<h1><strong><a class=\"dt-pswp-item\" href=\"https:\/\/www.radiopiu.net\/wordpress\/wp-content\/uploads\/2024\/10\/629301fd-708d-4f53-95c2-d28cbefd500f.jpg\" data-dt-img-description=\"\" data-large_image_width=\"1600\" data-large_image_height=\"1322\"><img loading=\"lazy\" decoding=\"async\" class=\"wp-image-413782 alignright\" src=\"https:\/\/www.radiopiu.net\/wordpress\/wp-content\/uploads\/2024\/10\/629301fd-708d-4f53-95c2-d28cbefd500f-300x248.jpg\" alt=\"\" width=\"106\" height=\"88\" srcset=\"https:\/\/www.radiopiu.net\/wordpress\/wp-content\/uploads\/2024\/10\/629301fd-708d-4f53-95c2-d28cbefd500f-300x248.jpg 300w, https:\/\/www.radiopiu.net\/wordpress\/wp-content\/uploads\/2024\/10\/629301fd-708d-4f53-95c2-d28cbefd500f-1024x846.jpg 1024w, https:\/\/www.radiopiu.net\/wordpress\/wp-content\/uploads\/2024\/10\/629301fd-708d-4f53-95c2-d28cbefd500f-768x635.jpg 768w, https:\/\/www.radiopiu.net\/wordpress\/wp-content\/uploads\/2024\/10\/629301fd-708d-4f53-95c2-d28cbefd500f-1536x1269.jpg 1536w, https:\/\/www.radiopiu.net\/wordpress\/wp-content\/uploads\/2024\/10\/629301fd-708d-4f53-95c2-d28cbefd500f.jpg 1600w\" sizes=\"auto, (max-width: 106px) 100vw, 106px\" \/><\/a><\/strong><\/h1>\n<h1><strong><a class=\"dt-pswp-item\" href=\"https:\/\/www.radiopiu.net\/wordpress\/wp-content\/uploads\/2024\/11\/th-18.jpg\" data-dt-img-description=\"\" data-large_image_width=\"156\" data-large_image_height=\"180\"><img loading=\"lazy\" decoding=\"async\" class=\"size-full wp-image-421611 alignleft\" src=\"https:\/\/www.radiopiu.net\/wordpress\/wp-content\/uploads\/2024\/11\/th-18.jpg\" alt=\"\" width=\"156\" height=\"180\" \/><\/a><\/strong><\/h1>\n<h1><strong>N di parom &#8211; L Almanach de la nosta jent<\/strong><\/h1>\n<\/blockquote>\n<p>&nbsp;<\/p>\n<p>Le voci: Davide Conedera, Agordo, Michela Dell&#8217;Osbel, La Valle Agordina Simone Ganz, Falcade Veronica Lezuo, Colle Santa Lucia. La voce nella sigla \u00e8 di Giorgia Taio<\/p>\n<p><strong>LA PUNTATA DI OGGI, 17 APRILE 2025<\/strong><\/p>\n<audio class=\"wp-audio-shortcode\" id=\"audio-445199-2\" preload=\"none\" style=\"width: 100%;\" controls=\"controls\"><source type=\"audio\/mpeg\" src=\"https:\/\/www.radiopiu.net\/wordpress\/wp-content\/uploads\/2025\/04\/AL4-1.mp3?_=2\" \/><a href=\"https:\/\/www.radiopiu.net\/wordpress\/wp-content\/uploads\/2025\/04\/AL4-1.mp3\">https:\/\/www.radiopiu.net\/wordpress\/wp-content\/uploads\/2025\/04\/AL4-1.mp3<\/a><\/audio>\n<p>&nbsp;<\/p>\n<\/div>\n<div class=\"x11i5rnm xat24cr x1mh8g0r x1vvkbs xtlvy1s x126k92a\">\n<div dir=\"auto\">\n<hr \/>\n<\/div>\n<\/div>\n<blockquote>\n<blockquote>\n<h1><span style=\"color: #ff0000;\">\u00a0<\/span><\/h1>\n<h1><span style=\"color: #ff0000;\">I podcast informativi del mattino &#8211; audio &#8211;\u00a0\u00a0<\/span><\/h1>\n<\/blockquote>\n<p><strong><a class=\"dt-pswp-item\" href=\"https:\/\/www.radiopiu.net\/wordpress\/wp-content\/uploads\/2024\/11\/6.jpg\" data-dt-img-description=\"\" data-large_image_width=\"177\" data-large_image_height=\"180\"><img loading=\"lazy\" decoding=\"async\" class=\"size-full wp-image-417911 alignleft\" src=\"https:\/\/www.radiopiu.net\/wordpress\/wp-content\/uploads\/2024\/11\/6.jpg\" alt=\"\" width=\"177\" height=\"180\" \/><\/a>LA RASSEGNA STAMPA NAZIONALE ALLA RADIO, OGNI GIORNO ALLE 5 E ALLE 6 DEL MATTINO <span style=\"color: #0000ff;\">viene pubblicata alle 6.00 <span style=\"color: #ff0000;\">DIRETTA RADIO\u00a0 \u00a0\u00a0<\/span><\/span><\/strong><\/p><\/blockquote>\n<p>&nbsp;<\/p>\n<p><strong>NOTIZIE DELLA NOTTE<\/strong><\/p>\n<p><strong>Meloni<\/strong> a pranzo con Trump alle 18, poi il bilaterale <strong>Kiev,<\/strong> ci interessa controllo centrale Zaporizhzhia insieme a Usa <strong>Wp,<\/strong> Trump vuole tagliare 40 miliardi di dollari alla Sanit\u00e0 <strong>Nyt,<\/strong> Trump ferma attacco Israele a siti nucleari Iran <strong>Putin,<\/strong> &#8216;faremo ogni sforzo per rilascio ostaggi da Gaza&#8217; <strong>Trump,<\/strong> &#8216;grande progresso sui dazi col Giappone&#8217; <strong>Champions:<\/strong> Real Madrid-Arsenal 1-2, inglesi in semifinale <strong>Champions<\/strong>: 2-2 con il Bayern, Inter in semifinale<\/p>\n<h1>AUDIO dalle 6 del mattino<\/h1>\n<audio class=\"wp-audio-shortcode\" id=\"audio-445199-3\" preload=\"none\" style=\"width: 100%;\" controls=\"controls\"><source type=\"audio\/mpeg\" src=\"https:\/\/www.radiopiu.net\/wordpress\/wp-content\/uploads\/2025\/04\/GIORNALEDELLESEI-12.mp3?_=3\" \/><a href=\"https:\/\/www.radiopiu.net\/wordpress\/wp-content\/uploads\/2025\/04\/GIORNALEDELLESEI-12.mp3\">https:\/\/www.radiopiu.net\/wordpress\/wp-content\/uploads\/2025\/04\/GIORNALEDELLESEI-12.mp3<\/a><\/audio>\n<p>&nbsp;<\/p>\n<p>&nbsp;<\/p>\n<hr \/>\n<p>&nbsp;<\/p>\n<h1 style=\"text-align: center;\"><span style=\"color: #ff0000;\"><a class=\"dt-pswp-item\" href=\"https:\/\/www.radiopiu.net\/wordpress\/wp-content\/uploads\/2024\/11\/7.jpg\" data-dt-img-description=\"\" data-large_image_width=\"180\" data-large_image_height=\"180\"><img loading=\"lazy\" decoding=\"async\" class=\" wp-image-417912 alignleft\" src=\"https:\/\/www.radiopiu.net\/wordpress\/wp-content\/uploads\/2024\/11\/7.jpg\" alt=\"\" width=\"100\" height=\"100\" srcset=\"https:\/\/www.radiopiu.net\/wordpress\/wp-content\/uploads\/2024\/11\/7.jpg 180w, https:\/\/www.radiopiu.net\/wordpress\/wp-content\/uploads\/2024\/11\/7-150x150.jpg 150w\" sizes=\"auto, (max-width: 100px) 100vw, 100px\" \/><\/a>I podcast informativi del mattino &#8211; audio &#8211;\u00a0<\/span><\/h1>\n<p><strong>OGNI GIORNO ALLE SETTE DEL MATTINO, LA RASSEGNA STAMPA LOCALE FLASH&#8230; PER CHI VA IN FRETTA. I TITOLI DAI GIORNALI E DAL SITO WWW.RADIOPIU.NET <span style=\"color: #0000ff;\">viene pubblicato alle 7.00<\/span> <span style=\"color: #ff0000;\">DIRETTA RADIO\u00a0<\/span><\/strong><\/p>\n<p><em><span style=\"color: #ff0000;\">per chi va in fretta&#8230; tante notizie in pochi minuti. L&#8217;informazione locale alla radio, ogni ora dalle 7 del mattino alle 19 della sera.\u00a0\u00a0<\/span><\/em><\/p>\n<p><strong data-start=\"0\" data-end=\"62\">Notizie locali dal Bellunese: tra cronaca, eventi e novit\u00e0<\/strong><\/p>\n<div class=\"flex flex-1 grow basis-auto flex-col overflow-hidden\">\n<div class=\"relative h-full\">\n<div class=\"flex h-full flex-col overflow-y-auto [scrollbar-gutter:stable]\">\n<div class=\"mt-1.5 flex flex-col text-sm @thread-xl\/thread:pt-header-height md:pb-9\">\n<article class=\"group\/turn w-full text-token-text-primary focus-visible:outline-none\" dir=\"auto\" tabindex=\"-1\" data-testid=\"conversation-turn-2\" data-scroll-anchor=\"true\">\n<div class=\"text-base my-auto mx-auto py-5 px-6\">\n<div class=\"mx-auto flex flex-1 text-base gap-4 md:gap-5 lg:gap-6 md:max-w-3xl\">\n<div class=\"group\/conversation-turn relative flex w-full min-w-0 flex-col agent-turn @xs\/thread:px-0 @sm\/thread:px-1.5 @md\/thread:px-4\">\n<div class=\"relative flex-col gap-1 md:gap-3\">\n<div class=\"flex max-w-full flex-col flex-grow\">\n<div class=\"min-h-8 text-message relative flex w-full flex-col items-end gap-2 whitespace-normal break-words text-start [.text-message+&amp;]:mt-5\" dir=\"auto\" data-message-author-role=\"assistant\" data-message-id=\"bff05fc0-dc7c-4ab7-9b20-d3eec753127b\" data-message-model-slug=\"gpt-4o-mini\">\n<div class=\"flex w-full flex-col gap-1 empty:hidden first:pt-[3px]\">\n<div class=\"markdown prose w-full break-words dark:prose-invert dark\">\n<p class=\"\" data-start=\"64\" data-end=\"329\">Radio Pi\u00f9 offre una panoramica sui principali eventi e notizie in provincia di Belluno, accompagnata dalla programmazione radiofonica. Tra le principali notizie<\/p>\n<\/div>\n<\/div>\n<\/div>\n<\/div>\n<\/div>\n<\/div>\n<\/div>\n<\/div>\n<\/article>\n<\/div>\n<\/div>\n<\/div>\n<\/div>\n<h1>AUDIO dalle 7 del mattino<\/h1>\n<audio class=\"wp-audio-shortcode\" id=\"audio-445199-4\" preload=\"none\" style=\"width: 100%;\" controls=\"controls\"><source type=\"audio\/mpeg\" src=\"https:\/\/www.radiopiu.net\/wordpress\/wp-content\/uploads\/2025\/04\/GF07-14.mp3?_=4\" \/><a href=\"https:\/\/www.radiopiu.net\/wordpress\/wp-content\/uploads\/2025\/04\/GF07-14.mp3\">https:\/\/www.radiopiu.net\/wordpress\/wp-content\/uploads\/2025\/04\/GF07-14.mp3<\/a><\/audio>\n<p>&nbsp;<\/p>\n<p>&nbsp;<\/p>\n<hr \/>\n<p>&nbsp;<\/p>\n<h1><\/h1>\n<h1 style=\"text-align: center;\"><span style=\"color: #ff0000;\"><a class=\"dt-pswp-item\" href=\"https:\/\/www.radiopiu.net\/wordpress\/wp-content\/uploads\/2024\/11\/th.jpg\" data-dt-img-description=\"\" data-large_image_width=\"148\" data-large_image_height=\"179\"><img loading=\"lazy\" decoding=\"async\" class=\" wp-image-417913 alignleft\" src=\"https:\/\/www.radiopiu.net\/wordpress\/wp-content\/uploads\/2024\/11\/th.jpg\" alt=\"\" width=\"58\" height=\"70\" \/><\/a>I podcast informativi del mattino &#8211; audio &#8211;\u00a0<\/span><\/h1>\n<blockquote><p><strong>GIORNALE RADIO NAZIONALE, EDIZIONE DELLE SETTE <span style=\"color: #0000ff;\">viene pubblicato alle 7.05 <span style=\"color: #ff0000;\">DIRETTA RADIO\u00a0<\/span><\/span><\/strong><\/p><\/blockquote>\n<p><strong>il giornale radionazionale e&#8217; in onda ogni ora, dalle sette del mattino alle venti della sera\u00a0 \u00a0<\/strong><\/p>\n<p><strong><a class=\"dt-pswp-item\" href=\"https:\/\/www.radiopiu.net\/wordpress\/wp-content\/uploads\/2025\/02\/download-7.jpg\" data-dt-img-description=\"\" data-large_image_width=\"211\" data-large_image_height=\"239\"><img loading=\"lazy\" decoding=\"async\" class=\" wp-image-435553 alignleft\" src=\"https:\/\/www.radiopiu.net\/wordpress\/wp-content\/uploads\/2025\/02\/download-7.jpg\" alt=\"\" width=\"122\" height=\"138\" \/><\/a>SIRACUSA<\/strong> Scossa di terremoto di magnitudo 4.8 nel mar Ionio, alle 3:26 paura nel Siracusano Localizzato al largo della costa ionica a una profondit\u00e0 di 48 chilometri <strong>STRAGE DI FIDENE<\/strong>\u00a0Campiti condannato all&#8217;ergastolo Uccise 4 donne a Roma nel corso di una riunione di condominio <strong>ISCHIA<\/strong> Svolta nelle indagini Donna morta in un dirupo a Ischia nel 2024, per il pm fu femminicidio <strong>BOLOGNA<\/strong> L&#8217;incidente Guida ubriaco e drogato, muore la figlia 12enne <strong>TERAMO<\/strong> Ucciso a coltellate e buttato nel lago, accusata una coppia L&#8217;uomo era sparito da venerd\u00ec. Si indaga sul movente <strong>BUSTO ARSIZIO<\/strong> Abusi su una 14enne conosciuta sui social, l&#8217;arrestato respinge le accuse Alla ragazza 50 giorni di prognosi <strong>MILANO<\/strong> Maltrattamenti a disabili, 8 operatori interdetti L&#8217;accusa: &#8216;Atti violenti e denigratori, punizioni, urla e minacce&#8217; <strong>ROMA<\/strong> Liste d&#8217;attesa, verso il Dpcm per i poteri sostitutivi anche senza le Regioni Regioni: &#8216;Definire insieme i poteri sostitutivi sulle liste d&#8217;attesa&#8217; <strong>ROMA<\/strong> Meloni ricorda il rogo di Primavalle: &#8216;Nulla si costruisce sull&#8217;odio&#8217; La premier: &#8220;I fratelli Mattei uccisi dalla furia ideologica&#8221;<\/p>\n<p>&nbsp;<\/p>\n<div dir=\"auto\">\n<div class=\"mt-3 w-full empty:hidden\">\n<div class=\"text-center\">\n<div class=\"mx-auto\">\n<div><\/div>\n<div class=\"inline-flex rounded-xl border border-gray-100 dark:border-gray-700\"><strong><a class=\"dt-pswp-item\" href=\"https:\/\/www.radiopiu.net\/wordpress\/wp-content\/uploads\/2025\/02\/download-3.jpg\" data-dt-img-description=\"\" data-large_image_width=\"223\" data-large_image_height=\"226\"><img loading=\"lazy\" decoding=\"async\" class=\"size-full wp-image-434732 alignleft\" src=\"https:\/\/www.radiopiu.net\/wordpress\/wp-content\/uploads\/2025\/02\/download-3.jpg\" alt=\"\" width=\"223\" height=\"226\" \/><\/a>PADOVA<\/strong> Arrestato con l\u2019accusa di sequestro e violenza sessuale poco dopo essere uscito dal carcere, un 36enne kosovaro \u00e8 stato scarcerato dal Gip di Padova. Pur convalidando il fermo, il giudice ha escluso la pericolosit\u00e0 sociale e il rischio di recidiva, respingendo la richiesta di custodia cautelare. L\u2019uomo non potr\u00e0 avvicinarsi alla presunta vittima. <strong>MILANO\u00a0<\/strong> La Procura chiede al gip di inviare gli atti alla Consulta per verificare la legittimit\u00e0 costituzionale del decreto che ha reso la Fondazione Milano-Cortina 2026 un ente privato. L\u2019inchiesta sull\u2019appalto per servizi digitali, che coinvolge indagati per corruzione, \u00e8 stata bloccata dalla norma, spingendo i pm a sollevare la questione di illegittimit\u00e0 costituzionale.\u00a0 <strong>VICENZA<\/strong> Quarto residuato bellico in 4 mesi scoperto in cantiere Tav Montebello, nel Vicentino, si prepara a un nuovo &#8216;bomba day&#8217; <strong>PADOVA<\/strong> Ruba in supermercato e aggredisce vigilantes, arrestato 17enne Intervento dei carabinieri nel Padovano <strong>PADOVA<\/strong> Dodicenne in coma etilico, questura chiude minimarket a Padova Minori, ubriache, avevano poi aggredito ragazza e vigili <strong>VITTORIO VENETO<\/strong> Si avvicina a familiari nonostante divieto, donna arrestata Sorpresa in casa mentre minacciava di morte la madre <strong>VERONA<\/strong> Scovato a Verona falso notaio, usava timbri falsi per gli atti Controllo finanzieri per redditi irrisori sul 730 <strong>VENEZIA<\/strong> Dipendenza alcolica nel Veneziano, sempre pi\u00f9 donne e giovani Ricerca dell&#8217;Ulss 3 veneziana, crescono richieste aiuto al Serd\u00a0 <strong>TREVISO<\/strong> Festa abusiva con 200 giovani, denunciato l&#8217;organizzatore Intervento guardia di Finanza in ex ristorante nel Trevigiano <strong>\u00a0TREVISO<\/strong> Rimproverati perch\u00e9 disturbano, minorenni picchiano negoziante Calci e pugni dentro e fuori il locale, clienti in aiuto<\/div>\n<\/div>\n<\/div>\n<\/div>\n<\/div>\n<h1><span style=\"color: #ff0000;\"><span style=\"color: #0000ff;\">ULTIM&#8217;ORA<\/span> <span style=\"color: #000000;\">AUDIO dalle sette del mattino, ogni ora alla radio EDIZIONE DELLE SETTE<\/span><\/span><\/h1>\n<audio class=\"wp-audio-shortcode\" id=\"audio-445199-5\" preload=\"none\" style=\"width: 100%;\" controls=\"controls\"><source type=\"audio\/mpeg\" src=\"https:\/\/www.radiopiu.net\/wordpress\/wp-content\/uploads\/2025\/04\/giornale07-15.mp3?_=5\" \/><a href=\"https:\/\/www.radiopiu.net\/wordpress\/wp-content\/uploads\/2025\/04\/giornale07-15.mp3\">https:\/\/www.radiopiu.net\/wordpress\/wp-content\/uploads\/2025\/04\/giornale07-15.mp3<\/a><\/audio>\n<p>&nbsp;<\/p>\n<hr \/>\n<p>&nbsp;<\/p>\n<p>&nbsp;<\/p>\n<h1><span style=\"color: #ff0000;\"><a class=\"dt-pswp-item\" href=\"https:\/\/www.radiopiu.net\/wordpress\/wp-content\/uploads\/2024\/11\/8.jpg\" data-dt-img-description=\"\" data-large_image_width=\"180\" data-large_image_height=\"180\"><img loading=\"lazy\" decoding=\"async\" class=\"size-full wp-image-417910 alignleft\" src=\"https:\/\/www.radiopiu.net\/wordpress\/wp-content\/uploads\/2024\/11\/8.jpg\" alt=\"\" width=\"180\" height=\"180\" srcset=\"https:\/\/www.radiopiu.net\/wordpress\/wp-content\/uploads\/2024\/11\/8.jpg 180w, https:\/\/www.radiopiu.net\/wordpress\/wp-content\/uploads\/2024\/11\/8-150x150.jpg 150w\" sizes=\"auto, (max-width: 180px) 100vw, 180px\" \/><\/a>I podcast informativi del mattino &#8211; video &#8211;\u00a0<\/span><\/h1>\n<h2 style=\"text-align: left;\"><strong>RASSEGNA STAMPA LOCALE, ORE OTTO<\/strong><\/h2>\n<h2><strong> <span style=\"color: #0000ff;\">viene\u00a0 <\/span><\/strong><strong><span style=\"color: #0000ff;\">pubblicata alle 8.05 <span style=\"color: #ff0000;\">DIRETTA RADIO\u00a0 \u00a0<\/span><\/span><\/strong><strong>DI MIRKO MEZZACASA<\/strong><\/h2>\n<h2><span style=\"color: #ff0000;\"><strong>\u00a0\u00a0<\/strong><\/span><\/h2>\n<blockquote>\n<h3 data-start=\"0\" data-end=\"64\"><\/h3>\n<p data-start=\"0\" data-end=\"64\">\n<\/blockquote>\n<h1><span style=\"color: #ff0000;\"><strong>VIDEO\u00a0 \u00a0in diretta AGGIORNAMENTO\u00a0 dalle 8 del mattino\u00a0\u00a0<\/strong><\/span><\/h1>\n<p><iframe loading=\"lazy\" title=\"DAL 1983 LA RASSEGNA STAMPA LOCALE di mirko mezzacasa. L&#039;ORIGINALE\" width=\"1200\" height=\"675\" src=\"https:\/\/www.youtube.com\/embed\/VOsBhKH2w6o?feature=oembed\" frameborder=\"0\" allow=\"accelerometer; autoplay; clipboard-write; encrypted-media; gyroscope; picture-in-picture; web-share\" referrerpolicy=\"strict-origin-when-cross-origin\" allowfullscreen><\/iframe><\/p>\n<p>&nbsp;<\/p>\n<p>&nbsp;<\/p>\n<hr \/>\n<p>&nbsp;<\/p>\n<p>&nbsp;<\/p>\n<p>&nbsp;<\/p>\n<p><strong><a class=\"dt-pswp-item\" href=\"https:\/\/www.radiopiu.net\/wordpress\/wp-content\/uploads\/2023\/12\/ANTENNA.png\" data-dt-img-description=\"\" data-large_image_width=\"300\" data-large_image_height=\"166\"><img loading=\"lazy\" decoding=\"async\" class=\"wp-image-366306 alignright\" src=\"https:\/\/www.radiopiu.net\/wordpress\/wp-content\/uploads\/2023\/12\/ANTENNA.png\" alt=\"\" width=\"101\" height=\"56\" \/><\/a><a class=\"dt-pswp-item\" href=\"https:\/\/www.radiopiu.net\/wordpress\/wp-content\/uploads\/2024\/11\/th-17.jpg\" data-dt-img-description=\"\" data-large_image_width=\"224\" data-large_image_height=\"180\"><img loading=\"lazy\" decoding=\"async\" class=\" wp-image-421610 alignleft\" src=\"https:\/\/www.radiopiu.net\/wordpress\/wp-content\/uploads\/2024\/11\/th-17.jpg\" alt=\"\" width=\"167\" height=\"134\" \/><\/a>ogni sera alle 19 le anticipazioni alla radio, quello che poi seguirete nel TELEGIORNALE BELLUNESE\u00a0 in onda alle 19.30 sul CANALE 10 del digitale terrestre.\u00a0\u00a0<\/strong><\/p>\n<p><b>\u00a0\u00a0<\/b><\/p>\n<h1><span style=\"color: #ff0000;\"><strong>LE ANTICIPAZIONI DI TIZIANA BOLOGNANI<\/strong><\/span><\/h1>\n<audio class=\"wp-audio-shortcode\" id=\"audio-445199-6\" preload=\"none\" style=\"width: 100%;\" controls=\"controls\"><source type=\"audio\/mpeg\" src=\"https:\/\/www.radiopiu.net\/wordpress\/wp-content\/uploads\/2025\/04\/ANTENNA3-11.mp3?_=6\" \/><a href=\"https:\/\/www.radiopiu.net\/wordpress\/wp-content\/uploads\/2025\/04\/ANTENNA3-11.mp3\">https:\/\/www.radiopiu.net\/wordpress\/wp-content\/uploads\/2025\/04\/ANTENNA3-11.mp3<\/a><\/audio>\n<p>&nbsp;<\/p>\n<p>&nbsp;<\/p>\n<p>&nbsp;<\/p>\n<hr \/>\n<p>&nbsp;<\/p>\n<blockquote>\n<h3 class=\"entry-title\">CHIUSURA REGIONALE 203 AGORDINA, BIVIO ROVEI E DELLA SP 347 DEL PASSO CEREDA E DURAN. STRADA CHIUSA DALLE 8 ALLE 17<\/h3>\n<\/blockquote>\n<p><strong>COLLE SANTA LUCIA <\/strong>Fino al 30 aprile dalle 8 alle 17.30 escluso sabato domenica e festivi, chiusura della regionale 203 agordina nel tratto bivio Rovei, bivio Rucav\u00e0. Interdizione totale per lavori di mitigazione del rischio caduta massi.<\/p>\n<p><strong>SEDICO<\/strong> Veneto Strade comunica che fino al 16 maggio, dalle 8 alle 17, sabati domeniche e festivi esclusi, la SP 347 del Passo Cereda e Duran sar\u00e0 interdetta al traffico in localit\u00e0 Fornesighe in comune di Val di Zoldo. Il traffico leggero con larghezza inferiore al 1,80 metri sar\u00e0 deviato in loco. La chiusura si rende necessaria per lavori di manutenzione ad acquedotto e fognatura.<\/p>\n<p>&nbsp;<\/p>\n<p>&nbsp;<\/p>\n<hr \/>\n<p>&nbsp;<\/p>\n<blockquote>\n<h3 class=\"photoswipe-wrapper\"><a class=\"dt-pswp-item pspw-wrap-ready\" href=\"https:\/\/www.radiopiu.net\/wordpress\/wp-content\/uploads\/2024\/12\/Logo_SibPAYOFF.jpg\" data-dt-img-description=\"\" data-large_image_width=\"1536\" data-large_image_height=\"391\"><img loading=\"lazy\" decoding=\"async\" class=\"wp-image-426474 alignleft\" src=\"https:\/\/www.radiopiu.net\/wordpress\/wp-content\/uploads\/2024\/12\/Logo_SibPAYOFF-300x76.jpg\" sizes=\"auto, (max-width: 162px) 100vw, 162px\" srcset=\"https:\/\/www.radiopiu.net\/wordpress\/wp-content\/uploads\/2024\/12\/Logo_SibPAYOFF-300x76.jpg 300w, https:\/\/www.radiopiu.net\/wordpress\/wp-content\/uploads\/2024\/12\/Logo_SibPAYOFF-1024x261.jpg 1024w, https:\/\/www.radiopiu.net\/wordpress\/wp-content\/uploads\/2024\/12\/Logo_SibPAYOFF-768x196.jpg 768w, https:\/\/www.radiopiu.net\/wordpress\/wp-content\/uploads\/2024\/12\/Logo_SibPAYOFF.jpg 1536w\" alt=\"\" width=\"162\" height=\"41\" \/><\/a>SIB INFORMA<\/h3>\n<\/blockquote>\n<p><strong>ROCCA PIETORE<\/strong> in localit\u00e0 Digonera l&#8217;acqua erogata dall&#8217;acquedotto non \u00e8 potabile e e non pu\u00f2 essere usata per scopi alimentari. Verr\u00e0 effettuato servizio sostitutivo con autobotte presso\u00a0 l&#8217;Albergo Digonera in localit\u00e0 Digonera.<\/p>\n<p><strong>SAN TOMASO<\/strong> Fino a venerdi dalle\u00a0 8:30 alle 17 potrebbe mancare l&#8217;acqua nelle Localit\u00e0 PECOL e PIAIA.<\/p>\n<p>&nbsp;<\/p>\n<p>&nbsp;<\/p>\n<hr \/>\n<p>&nbsp;<\/p>\n<blockquote>\n<h3>GALLERIA DEL COMELICO: SOSPESA LA CHIUSURA NOTTURNA PER PASQUA<\/h3>\n<\/blockquote>\n<p><img loading=\"lazy\" decoding=\"async\" class=\"alignleft\" src=\"https:\/\/www.radiopiu.net\/wordpress\/wp-content\/uploads\/2024\/10\/ANAS.jpg\" width=\"135\" height=\"95\" \/><strong>VENEZIA<\/strong>\u00a0 Anas ha disposto la sospensione straordinaria delle chiusure notturne nella galleria &#8220;Comelico&#8221;, sulla strada statale 52 \u201cCarnica\u201d. La galleria sar\u00e0 quindi regolarmente aperta nelle notti tra venerd\u00ec 18 e marted\u00ec 22 aprile. I lavori riprenderanno regolarmente da mercoled\u00ec 23 aprile, con chiusure notturne dal luned\u00ec al venerd\u00ec dalle 22:00 alle 6:00. Non sono previste ulteriori sospensioni in occasione del 25 aprile e del 1\u00b0 maggio.<\/p>\n<p>&nbsp;<\/p>\n<blockquote>\n<p class=\"\" data-start=\"0\" data-end=\"65\"><strong data-start=\"0\" data-end=\"65\">SP 148: ASFALTO NUOVO PER IL GIRO D\u2019ITALIA, CHIUSURE IN VISTA<\/strong><\/p>\n<\/blockquote>\n<p><strong data-start=\"67\" data-end=\"79\">FELTRINO<\/strong> \u2013 In vista del passaggio del Giro d\u2019Italia del 25 maggio, Veneto Strade avvier\u00e0 il rifacimento dell\u2019asfalto sulla\u00a0SP 148, da\u00a0Menaor a Caupo, interessando anche\u00a0Fonzaso\u00a0e\u00a0Arsi\u00e8. La strada sar\u00e0\u00a0chiusa al traffico dal 22 aprile al 15 maggio, dalle\u00a08 alle 12\u00a0e\u00a013 alle 17, esclusi sabati, domeniche e festivi<\/p>\n<p>&nbsp;<\/p>\n<p>&nbsp;<\/p>\n<hr \/>\n<p>&nbsp;<\/p>\n<blockquote>\n<h3>ADDIO A SANTE COMEL. IL RICORDO DELL&#8217;ASSOCIAZIONE BELLUNESI NEL MONDO<\/h3>\n<\/blockquote>\n<p><strong><a class=\"dt-pswp-item\" href=\"https:\/\/www.radiopiu.net\/wordpress\/wp-content\/uploads\/2025\/04\/sante_comel.jpg\" data-dt-img-description=\"\" data-large_image_width=\"1280\" data-large_image_height=\"640\"><img loading=\"lazy\" decoding=\"async\" class=\" wp-image-445374 alignleft\" src=\"https:\/\/www.radiopiu.net\/wordpress\/wp-content\/uploads\/2025\/04\/sante_comel-300x150.jpg\" alt=\"\" width=\"218\" height=\"109\" srcset=\"https:\/\/www.radiopiu.net\/wordpress\/wp-content\/uploads\/2025\/04\/sante_comel-300x150.jpg 300w, https:\/\/www.radiopiu.net\/wordpress\/wp-content\/uploads\/2025\/04\/sante_comel-1024x512.jpg 1024w, https:\/\/www.radiopiu.net\/wordpress\/wp-content\/uploads\/2025\/04\/sante_comel-768x384.jpg 768w, https:\/\/www.radiopiu.net\/wordpress\/wp-content\/uploads\/2025\/04\/sante_comel.jpg 1280w\" sizes=\"auto, (max-width: 218px) 100vw, 218px\" \/><\/a>BELLUNO<\/strong> Sante Comel, originario di Carve (Borgo Valbelluna) e residente a Liegi, \u00e8 scomparso il 13 aprile 2025 all\u2019et\u00e0 di 85 anni. Ex presidente della Famiglia Bellunese di Liegi, viene ricordato per il suo forte legame con le radici e per aver rappresentato con dignit\u00e0 la comunit\u00e0 bellunese all\u2019estero. I funerali si terranno il 19 aprile a Liegi. Laureato in ingegneria, Comel lavor\u00f2 in un\u2019acciaieria specializzata in leghe per il CERN, contribuendo alla costruzione del primo acceleratore di particelle. Il suo apporto tecnico fu fondamentale in un progetto scientifico di portata globale, proseguendo anche nei successivi ampliamenti del laboratorio fino agli anni 2000. Figlio di un emigrante, rappresenta la seconda generazione che, grazie allo studio e al lavoro, ha saputo affermarsi in ambiti altamente qualificati. Oscar De Bona, presidente dell\u2019Associazione Bellunesi nel Mondo, lo ricorda come simbolo dell\u2019emigrazione positiva e portatore di valori quali identit\u00e0, dedizione e orgoglio. Il suo esempio, umano e professionale, resta un modello per le nuove generazioni, dimostrando la capacit\u00e0 bellunese di contribuire allo sviluppo internazionale con umilt\u00e0 e competenza.<\/p>\n<p>&nbsp;<\/p>\n<p>&nbsp;<\/p>\n<hr \/>\n<p>&nbsp;<\/p>\n<blockquote>\n<h3 data-start=\"67\" data-end=\"413\">MALTEMPO: ALLERTA GIALLA FINO ALLE 18 DI OGGI<\/h3>\n<\/blockquote>\n<p><strong>VENEZIA<\/strong> Una nuova fase di maltempo sta investendo il Veneto, con precipitazioni diffuse, anche con rovesci temporaleschi, pi\u00f9 consistenti nelle zone montane e pedemontane, con quantitativi anche abbondanti e con un significativo rinforzo dei venti da est\/sud-est, sia in quota che sulla costa e sulla pianura interna. Alla luce di queste previsioni, il Centro Funzionale Decentrato della Protezione Civile della Regione Veneto ha emesso un Avviso di Condizioni Meteo Avverse, valevole fino alle 18 di oggi, 17. Lo Stato di Attenzione (allerta gialla) per criticit\u00e0 idraulica \u00e8 stato dichiarato per il bacino Alto Brenta-Bacchiglione-Alpone. Sempre l\u2019Allerta gialla, ma per criticit\u00e0 idrogeologica, \u00e8 stata dichiarata per i bacini Alto Piave; Piave-Pedemontano; Alto Brenta-Bacchiglione-Alpone; e Adige-Garda e Monti Lessini. Lo Stato di attenzione \u00e8 stato dichiarato anche per vento forte su tutto il territorio regionale.<\/p>\n<p><a class=\"dt-pswp-item\" href=\"https:\/\/www.radiopiu.net\/wordpress\/wp-content\/uploads\/2025\/04\/LKHGOAHGO.jpg\" data-dt-img-description=\"\" data-large_image_width=\"866\" data-large_image_height=\"242\"><img loading=\"lazy\" decoding=\"async\" class=\"wp-image-445360 size-full aligncenter\" src=\"https:\/\/www.radiopiu.net\/wordpress\/wp-content\/uploads\/2025\/04\/LKHGOAHGO.jpg\" alt=\"\" width=\"866\" height=\"242\" srcset=\"https:\/\/www.radiopiu.net\/wordpress\/wp-content\/uploads\/2025\/04\/LKHGOAHGO.jpg 866w, https:\/\/www.radiopiu.net\/wordpress\/wp-content\/uploads\/2025\/04\/LKHGOAHGO-300x84.jpg 300w, https:\/\/www.radiopiu.net\/wordpress\/wp-content\/uploads\/2025\/04\/LKHGOAHGO-768x215.jpg 768w\" sizes=\"auto, (max-width: 866px) 100vw, 866px\" \/><\/a><\/p>\n<p>&nbsp;<\/p>\n<p>&nbsp;<\/p>\n<hr \/>\n<p>&nbsp;<\/p>\n<blockquote>\n<div class=\"page-title-head hgroup\">\n<h2 class=\"entry-title\">\u201cESTINTORE AZIONATO DA UN BAMBINO SULLO SCUOLABUS: PANICO E POLEMICHE A LIVINALLONGO\u201d<\/h2>\n<\/div>\n<p><em class=\"photoswipe-wrapper\"><a class=\"dt-pswp-item pspw-wrap-ready\" href=\"https:\/\/www.radiopiu.net\/wordpress\/wp-content\/uploads\/2025\/04\/Immagine-2025-04-16-142334.jpg\" data-dt-img-description=\"\" data-large_image_width=\"490\" data-large_image_height=\"531\"><img loading=\"lazy\" decoding=\"async\" class=\"wp-image-445328 alignleft\" src=\"https:\/\/www.radiopiu.net\/wordpress\/wp-content\/uploads\/2025\/04\/Immagine-2025-04-16-142334-277x300.jpg\" sizes=\"auto, (max-width: 133px) 100vw, 133px\" srcset=\"https:\/\/www.radiopiu.net\/wordpress\/wp-content\/uploads\/2025\/04\/Immagine-2025-04-16-142334-277x300.jpg 277w, https:\/\/www.radiopiu.net\/wordpress\/wp-content\/uploads\/2025\/04\/Immagine-2025-04-16-142334.jpg 490w\" alt=\"\" width=\"133\" height=\"144\" \/><\/a>A Livinallongo, un incidente ha coinvolto un bambino che ha accidentalmente azionato un estintore a polvere all\u2019interno dello scuolabus, creando panico tra i compagni e irritazione alla gola. Il consigliere comunale Leandro Grones ha criticato la gestione dell\u2019emergenza, evidenziando la mancanza di comunicazione con i genitori. Il sindaco Oscar Nagler ha risposto, precisando che l\u2019estintore era posizionato come previsto dal costruttore e che non vi erano motivi per polemiche ulteriori. Nonostante la paura, l\u2019incidente non ha avuto gravi conseguenze.<\/em><\/p>\n<p>&nbsp;<\/p><\/blockquote>\n<p data-start=\"67\" data-end=\"413\"><span style=\"color: #ff0000;\"><strong>DAI NOTIZIARI DI RADIOPIU<\/strong><\/span><\/p>\n<p data-start=\"67\" data-end=\"413\"><strong><a class=\"dt-pswp-item\" href=\"https:\/\/www.radiopiu.net\/wordpress\/wp-content\/uploads\/2025\/04\/admin-ajax.png\" data-dt-img-description=\"\" data-large_image_width=\"600\" data-large_image_height=\"348\"><img loading=\"lazy\" decoding=\"async\" class=\" wp-image-445311 alignleft\" src=\"https:\/\/www.radiopiu.net\/wordpress\/wp-content\/uploads\/2025\/04\/admin-ajax-300x174.png\" alt=\"\" width=\"160\" height=\"93\" srcset=\"https:\/\/www.radiopiu.net\/wordpress\/wp-content\/uploads\/2025\/04\/admin-ajax-300x174.png 300w, https:\/\/www.radiopiu.net\/wordpress\/wp-content\/uploads\/2025\/04\/admin-ajax.png 600w\" sizes=\"auto, (max-width: 160px) 100vw, 160px\" \/><\/a>IL CONSIGLIERE COMUNALE\u00a0 LEANDRO GRONES\u00a0\u00a0<\/strong><\/p>\n<p class=\"\" data-start=\"539\" data-end=\"1096\">La richiesta \u00e8 quella di fare piena chiarezza su quanto accaduto, accertando eventuali responsabilit\u00e0 e, soprattutto, attivando misure per garantire maggiore sicurezza e informazione<\/p>\n<p data-start=\"1098\" data-end=\"1524\"><em>&#8220;Totale mancanza di programmazione dei mezzi comunali, con estintore a portata di bambino, peraltro a polvere finissime. E&#8217; questa la totale informazione? Episodio senza conseguenze ma gestito male&#8221;<\/em><\/p>\n<audio class=\"wp-audio-shortcode\" id=\"audio-445199-7\" preload=\"none\" style=\"width: 100%;\" controls=\"controls\"><source type=\"audio\/mpeg\" src=\"https:\/\/www.radiopiu.net\/wordpress\/wp-content\/uploads\/2025\/04\/WhatsApp-Audio-2025-04-16-at-07.13.23.mp3?_=7\" \/><a href=\"https:\/\/www.radiopiu.net\/wordpress\/wp-content\/uploads\/2025\/04\/WhatsApp-Audio-2025-04-16-at-07.13.23.mp3\">https:\/\/www.radiopiu.net\/wordpress\/wp-content\/uploads\/2025\/04\/WhatsApp-Audio-2025-04-16-at-07.13.23.mp3<\/a><\/audio>\n<h2 data-start=\"67\" data-end=\"413\"><\/h2>\n<h2 data-start=\"67\" data-end=\"413\">DALL&#8217;ESTINTORE E&#8217; USCITO UNO &#8220;SBUFFO&#8221;, CHE GRONES SI INFORMI PRIMA DI CREARE CONFUSIONE<strong style=\"font-size: 14px;\"> \u00a0<\/strong><\/h2>\n<p data-start=\"67\" data-end=\"413\"><strong><a class=\"dt-pswp-item\" href=\"https:\/\/www.radiopiu.net\/wordpress\/wp-content\/uploads\/2023\/09\/nagler.png\" data-dt-img-description=\"\" data-large_image_width=\"455\" data-large_image_height=\"256\"><img loading=\"lazy\" decoding=\"async\" class=\"wp-image-353266 alignleft\" src=\"https:\/\/www.radiopiu.net\/wordpress\/wp-content\/uploads\/2023\/09\/nagler-300x169.png\" alt=\"\" width=\"156\" height=\"88\" srcset=\"https:\/\/www.radiopiu.net\/wordpress\/wp-content\/uploads\/2023\/09\/nagler-300x169.png 300w, https:\/\/www.radiopiu.net\/wordpress\/wp-content\/uploads\/2023\/09\/nagler.png 455w\" sizes=\"auto, (max-width: 156px) 100vw, 156px\" \/><\/a> <\/strong><\/p>\n<p data-start=\"67\" data-end=\"413\"><strong>IL SINDACO OSCAR NAGLER<br \/>\n<\/strong><\/p>\n<blockquote>\n<h3>&#8220;.. e avendo altro a cui pensare non daremo seguito a ulteriori sterili polemiche&#8221;<\/h3>\n<\/blockquote>\n<p><strong>LIVINALLONGO\u00a0<\/strong> Ieri ci siamo occupati della vicenda a Livinallongo (vedi articolo che segue), alle critiche del consigliere comunale Leandro Grones arriva la pronta risposta del sindaco Oscar Nagler.<\/p>\n<blockquote><p><em>&#8220;Estintore a portata di bambino? Esattamente dove previsto dal costruttore&#8221;<\/em><\/p><\/blockquote>\n<p><strong>AUDIO\u00a0\u00a0<\/strong><\/p>\n<audio class=\"wp-audio-shortcode\" id=\"audio-445199-8\" preload=\"none\" style=\"width: 100%;\" controls=\"controls\"><source type=\"audio\/mpeg\" src=\"https:\/\/www.radiopiu.net\/wordpress\/wp-content\/uploads\/2025\/04\/NAGLER-1.mp3?_=8\" \/><a href=\"https:\/\/www.radiopiu.net\/wordpress\/wp-content\/uploads\/2025\/04\/NAGLER-1.mp3\">https:\/\/www.radiopiu.net\/wordpress\/wp-content\/uploads\/2025\/04\/NAGLER-1.mp3<\/a><\/audio>\n<p>&nbsp;<\/p>\n<hr \/>\n<p>&nbsp;<\/p>\n<blockquote>\n<h3>DILLO A RADIO PIU&#8217;: SINDACO E CONSIGLIERE&#8230;COME A FORUM<\/h3>\n<\/blockquote>\n<p><strong><a class=\"dt-pswp-item\" href=\"https:\/\/www.radiopiu.net\/wordpress\/wp-content\/uploads\/2025\/04\/1c2694a6-e01f-477a-841d-d0792a44041d.png\" data-dt-img-description=\"\" data-large_image_width=\"1024\" data-large_image_height=\"1024\"><img loading=\"lazy\" decoding=\"async\" class=\" wp-image-445408 alignleft\" src=\"https:\/\/www.radiopiu.net\/wordpress\/wp-content\/uploads\/2025\/04\/1c2694a6-e01f-477a-841d-d0792a44041d-300x300.png\" alt=\"\" width=\"192\" height=\"192\" srcset=\"https:\/\/www.radiopiu.net\/wordpress\/wp-content\/uploads\/2025\/04\/1c2694a6-e01f-477a-841d-d0792a44041d-300x300.png 300w, https:\/\/www.radiopiu.net\/wordpress\/wp-content\/uploads\/2025\/04\/1c2694a6-e01f-477a-841d-d0792a44041d-150x150.png 150w, https:\/\/www.radiopiu.net\/wordpress\/wp-content\/uploads\/2025\/04\/1c2694a6-e01f-477a-841d-d0792a44041d-768x768.png 768w, https:\/\/www.radiopiu.net\/wordpress\/wp-content\/uploads\/2025\/04\/1c2694a6-e01f-477a-841d-d0792a44041d.png 1024w\" sizes=\"auto, (max-width: 192px) 100vw, 192px\" \/><\/a>RICEVIAMO E PUBBLICHIAMO<\/strong><\/p>\n<p class=\"default-style\">Scrivo questa mail perch\u00e9 vorrei dire all&#8217;attuale sindaco di Livinallongo e all&#8217;ex sindaco, che stanno facendo una figura da &#8220;chiodi&#8221;. Sembra di guardare una puntata di Forum dove marito e moglie litigano e si rinfacciano le cose perdendo di vista le cose importanti. Da quello che si sente hanno completamente perso di vista l&#8217;importanza della questione: LA SICUREZZA DEI BAMBINI!!! I bambini sullo scuolabus dovrebbero essere controllati e sorvegliati da una persona adulta. Per azionare un estintore un bambino deve aver il tempo togliere la sicura e schiacciare la maglia. Quindi vuol dire che non era seduto, allacciato ne osservato. Poi dimenticarsi di dirlo, non mi sembra una cosa da poco e in ogni caso va bene il week and, ma far passare 10 giorni prima di farsi sentire&#8230;.a mio avviso si sono esposti nel momento in cui la notizia \u00e8 arrivata ai media. Quindi cara amministrazione attuale e minoranza invece di fare teatrino cercate di collaborare e risolvere il problema, i bambini al giorno d&#8217;oggi dovrebbero viaggiare allacciati e in sicurezza. Se si sbaglia bisogna imparare a chiedere scusa e ad ammettere l&#8217;errore e porre rimedio.<\/p>\n<p class=\"default-style\">Un genitore seriamente preoccupato<\/p>\n<p>&nbsp;<\/p>\n<p>&nbsp;<\/p>\n<hr \/>\n<p>&nbsp;<\/p>\n<blockquote>\n<h3>DILLO A RADIO PIU&#8217;&#8230;SCUOLABUS A LIVINALLONGO: SICUREZZA DEI BAMBINI PRIMA DI TUTTO<\/h3>\n<\/blockquote>\n<p><strong><a class=\"dt-pswp-item\" href=\"https:\/\/www.radiopiu.net\/wordpress\/wp-content\/uploads\/2025\/04\/355aba30-6ae3-4d0d-b270-5e560b682a17.png\" data-dt-img-description=\"\" data-large_image_width=\"1024\" data-large_image_height=\"1024\"><img loading=\"lazy\" decoding=\"async\" class=\" wp-image-445399 alignleft\" src=\"https:\/\/www.radiopiu.net\/wordpress\/wp-content\/uploads\/2025\/04\/355aba30-6ae3-4d0d-b270-5e560b682a17-300x300.png\" alt=\"\" width=\"237\" height=\"237\" srcset=\"https:\/\/www.radiopiu.net\/wordpress\/wp-content\/uploads\/2025\/04\/355aba30-6ae3-4d0d-b270-5e560b682a17-300x300.png 300w, https:\/\/www.radiopiu.net\/wordpress\/wp-content\/uploads\/2025\/04\/355aba30-6ae3-4d0d-b270-5e560b682a17-150x150.png 150w, https:\/\/www.radiopiu.net\/wordpress\/wp-content\/uploads\/2025\/04\/355aba30-6ae3-4d0d-b270-5e560b682a17-768x768.png 768w, https:\/\/www.radiopiu.net\/wordpress\/wp-content\/uploads\/2025\/04\/355aba30-6ae3-4d0d-b270-5e560b682a17.png 1024w\" sizes=\"auto, (max-width: 237px) 100vw, 237px\" \/><\/a>RICEVIAMO E PUBBLICHIAMO<\/strong><\/p>\n<p>Vorrei portare il mio contributo in merito alla vicenda accaduta sullo scuolabus a Livinallongo. Sui social, dove \u00e8 apparsa la notizia, si sono susseguiti molti commenti. Ritengo quindi opportuno fare un po\u2019 di chiarezza. Innanzitutto, \u00e8 doveroso precisare che si parla di bambini della scuola materna. I punti centrali di questa spiacevole vicenda sono tre: La presenza a bordo di un estintore a polvere chimica, non idoneo per ambienti frequentati da bambini. Che si sia trattato di un semplice &#8220;sbuffo&#8221;, come riportato nella nota del Sindaco Nagler, o che l\u2019estintore sia stato completamente scaricato, poco cambia: quell\u2019estintore non avrebbe dovuto trovarsi l\u00ec. I bambini, infatti, hanno inalato parte del contenuto espulso. I genitori non sono stati informati, n\u00e9 all\u2019arrivo dei bambini alla fermata, n\u00e9 nei giorni successivi all\u2019accaduto. Questo silenzio \u00e8 inaccettabile. Nessuno dell\u2019amministrazione comunale si \u00e8 premurato di verificare lo stato di salute dei bambini o di porgere delle scuse ufficiali. Sarebbe bastata una telefonata del Sindaco, o almeno una comunicazione per manifestare l\u2019intenzione di approfondire l\u2019accaduto. Da genitore, trovo estremamente doloroso sentire il primo cittadino affermare: <em data-start=\"1430\" data-end=\"1477\">&#8220;Abbiamo altre cose importanti a cui pensare&#8221;<\/em>. Qui non si tratta di polemica, ma di sicurezza: parliamo di bambini piccoli, del nostro futuro, in un&#8217;epoca in cui la denatalit\u00e0 \u00e8 gi\u00e0 un grave problema. Mi unisco infine alla lettera inviata alla redazione di Radio Pi\u00f9 da un altro genitore: perch\u00e9 dobbiamo sempre aspettare che accada il peggio prima di intervenire? A questo proposito, mi chiedo: le cinture di sicurezza ci sono? Sono obbligatorie? Sono utilizzate? Perch\u00e9 in un paese civile, nessuno dovrebbe essere accusato di &#8220;eccesso di zelo&#8221; quando si parla di sicurezza dei bambini. Concludo con un\u2019ultima, importante riflessione: i bambini sono adeguatamente sorvegliati durante il tragitto?<\/p>\n<p>Un altro genitore, seriamente preoccupato.<\/p>\n<p>&nbsp;<\/p>\n<hr \/>\n<p>&nbsp;<\/p>\n<blockquote>\n<h2>RAFFICA DI MULTE AL SAN MARTINO: DIPENDENTI MULTATI MENTRE SONO AL LAVORO<\/h2>\n<\/blockquote>\n<blockquote>\n<p class=\"\" data-start=\"89\" data-end=\"832\"><em><img loading=\"lazy\" decoding=\"async\" class=\"alignleft\" src=\"https:\/\/www.radiopiu.net\/wordpress\/wp-content\/uploads\/2024\/04\/OSPEDALE-BELLUNO.jpg\" width=\"257\" height=\"138\" \/>E da Agordo, zona Luxottica, dove da anni i vigili urbani non mancano di staccare verbali s&#8217;alza il coro: &#8220;benvenuti nel club&#8221;, sono anni che protestiamo per essere sanzionati mentre siamo al lavoro.. ma non serve a nulla alla fine si paga e si tace tra le carenze del pubblico e del privato.(da Dillo a RADIOPIU)<\/em><\/p>\n<\/blockquote>\n<p class=\"\" data-start=\"89\" data-end=\"832\">Mattinata difficile quella del 14 aprile per molti dipendenti dell\u2019ospedale San Martino di Belluno, sorpresi a trovare una multa sul parabrezza al termine del proprio turno. La polizia locale ha sanzionato numerose auto parcheggiate fuori dalle righe, multe che hanno colpito anche primari e dirigenti. Alla base del problema, la cronica carenza di parcheggi per il personale, gi\u00e0 al centro dell\u2019attenzione della direzione ospedaliera. In arrivo una riorganizzazione della sosta con nuovi cartelli, disco orario e spazi riservati ai dipendenti. Ma intanto, chi lavora per garantire la salute pubblica si \u00e8 trovato a pagare 29,40 euro per evitare sanzioni maggiori.<em> \u00abInaccettabile essere multati mentre si \u00e8 al lavoro\u00bb<\/em>, protestano i lavoratori.<\/p>\n<blockquote>\n<p data-start=\"89\" data-end=\"832\">\n<\/blockquote>\n<hr \/>\n<div class=\"page-title-head hgroup\">\n<h1><\/h1>\n<h1 class=\"entry-title\">LE TRE CIME DI LAVAREDO ASSEDIATE DALLE AUTO: OLTRE 150 PERSONE AD AURONZO PER DISCUTERE SOLUZIONI SOSTENIBILI<\/h1>\n<\/div>\n<p><img loading=\"lazy\" decoding=\"async\" class=\"alignleft\" src=\"https:\/\/www.radiopiu.net\/wordpress\/wp-content\/uploads\/2020\/11\/Tre-Cime-di-Lavaredo_ph.MorenoGeremetta.jpg\" width=\"190\" height=\"107\" \/>Sabato 29 marzo si \u00e8 tenuta ad Auronzo di Cadore una partecipata tavola rotonda dal titolo <em data-start=\"123\" data-end=\"205\">\u201cLa lunga visione di Dino Buzzati: Le Tre Cime di Lavaredo assediate dalle auto\u201d<\/em>, promossa da numerose associazioni ambientaliste. Oltre 150 i presenti, tra cittadini, associazioni e imprenditori del territorio. Al centro del dibattito, la crescente insostenibilit\u00e0 dell\u2019accesso veicolare alle Tre Cime e la necessit\u00e0 di soluzioni condivise. Diversi relatori, tra cui rappresentanti del CAI e di Mountain Wilderness Italia, hanno ribadito l\u2019urgenza di un cambiamento. L\u2019incontro \u00e8 stato il primo passo di un percorso partecipativo: \u00e8 in fase di redazione un documento che raccoglier\u00e0 riflessioni e proposte. I cittadini possono ancora inviare contributi scrivendo a <a rel=\"noopener\" data-start=\"791\" data-end=\"822\">peraltrestrade.cadore@gmail.com<\/a>.<\/p>\n<p>&nbsp;<\/p>\n<p>&nbsp;<\/p>\n<blockquote><p>&nbsp;<\/p><\/blockquote>\n<hr \/>\n<blockquote>\n<h3 class=\"_title post-title entry-title\">\u00a0PISTA DA BOB, INCHIESTA SU PRESUNTO SABOTAGGIO. LA PROCURA ARCHIVIA<\/h3>\n<\/blockquote>\n<p data-start=\"89\" data-end=\"832\">\u201d. (Servizio di\u00a0<a href=\"https:\/\/antennatre.medianordest.it\/redazione\/Tiziana-Bolognani\/\">Tiziana Bolognani<\/a>)<\/p>\n<p><iframe loading=\"lazy\" title=\"PISTA DA BOB, INCHIESTA SU PRESUNTO SABOTAGGIO. LA PROCURA ARCHIVIA | 16\/04\/2025\" width=\"1200\" height=\"675\" src=\"https:\/\/www.youtube.com\/embed\/MmtuUut1Siw?feature=oembed\" frameborder=\"0\" allow=\"accelerometer; autoplay; clipboard-write; encrypted-media; gyroscope; picture-in-picture; web-share\" referrerpolicy=\"strict-origin-when-cross-origin\" allowfullscreen><\/iframe><\/p>\n<p>&nbsp;<\/p>\n<p>&nbsp;<\/p>\n<blockquote><p>&nbsp;<\/p><\/blockquote>\n<hr \/>\n<blockquote>\n<div class=\"mceTemp\">\n<p class=\"\" data-start=\"0\" data-end=\"104\"><strong data-start=\"0\" data-end=\"71\"><a class=\"dt-pswp-item\" href=\"https:\/\/www.radiopiu.net\/wordpress\/wp-content\/uploads\/2025\/04\/aaa.jpg\" data-dt-img-description=\"\" data-large_image_width=\"200\" data-large_image_height=\"161\"><img loading=\"lazy\" decoding=\"async\" class=\" wp-image-445406 alignleft\" src=\"https:\/\/www.radiopiu.net\/wordpress\/wp-content\/uploads\/2025\/04\/aaa.jpg\" alt=\"\" width=\"116\" height=\"93\" \/><\/a>CONSORZIO BRENTA, ULTIMATUM DI 15 GIORNI: VERSO IL COMMISSARIAMENTO<\/strong><\/p>\n<\/div>\n<\/blockquote>\n<p class=\"\" data-start=\"106\" data-end=\"561\">Nuovo rinvio per l\u2019elezione del presidente del Consorzio Brenta: la Regione Veneto concede altri 15 giorni, ma il commissariamento \u00e8 sempre pi\u00f9 vicino. Coldiretti apre al dialogo, offrendo due dimissioni per favorire la lista &#8220;Acqua \u00e8 Vita&#8221;, che per\u00f2 pretende anche la presidenza. L&#8217;accordo salta, e i Comitati popolari si dicono pronti alla mobilitazione. Michele Facen denuncia una gestione politicizzata e lancia un duro attacco a Sonza e alla Regione.<\/p>\n<p>&nbsp;<\/p>\n<p>&nbsp;<\/p>\n<hr \/>\n<p>&nbsp;<\/p>\n<article class=\"text-token-text-primary w-full\" dir=\"auto\" data-testid=\"conversation-turn-6\" data-scroll-anchor=\"true\">\n<div class=\"text-base my-auto mx-auto py-5 [--thread-content-margin:--spacing(4)] @[37rem]:[--thread-content-margin:--spacing(6)] @[70rem]:[--thread-content-margin:--spacing(12)] px-(--thread-content-margin)\">\n<div class=\"[--thread-content-max-width:32rem] @[34rem]:[--thread-content-max-width:40rem] @[64rem]:[--thread-content-max-width:48rem] mx-auto flex max-w-(--thread-content-max-width) flex-1 text-base gap-4 md:gap-5 lg:gap-6 group\/turn-messages focus-visible:outline-hidden\" tabindex=\"-1\">\n<div class=\"group\/conversation-turn relative flex w-full min-w-0 flex-col agent-turn\">\n<div class=\"relative flex-col gap-1 md:gap-3\">\n<div class=\"flex max-w-full flex-col grow\">\n<div class=\"min-h-8 text-message relative flex w-full flex-col items-end gap-2 text-start break-words whitespace-normal [.text-message+&amp;]:mt-5\" dir=\"auto\" data-message-author-role=\"assistant\" data-message-id=\"91cab666-482f-4b5d-8d6d-5c17a312cc76\" data-message-model-slug=\"gpt-4o\">\n<div class=\"flex w-full flex-col gap-1 empty:hidden first:pt-[3px]\">\n<div class=\"markdown prose dark:prose-invert w-full break-words dark\">\n<blockquote>\n<h3 data-start=\"0\" data-end=\"91\"><strong data-start=\"0\" data-end=\"91\" data-is-last-node=\"\" data-is-only-node=\"\">DALLE DOLOMITI ALLA SARDEGNA: IL CASO BELLUNO A MODELLO PER L\u2019ECONOMIA DELLA CONOSCENZA<\/strong><\/h3>\n<\/blockquote>\n<\/div>\n<\/div>\n<\/div>\n<\/div>\n<div class=\"flex justify-start\"><\/div>\n<div class=\"mt-3 w-full empty:hidden\">\n<div class=\"text-center\">\n<p class=\"\" data-start=\"0\" data-end=\"533\"><strong><a class=\"dt-pswp-item\" href=\"https:\/\/www.radiopiu.net\/wordpress\/wp-content\/uploads\/2025\/04\/Immagine-2025-04-16-135125-e1744804303831.jpg\" data-dt-img-description=\"\" data-large_image_width=\"201\" data-large_image_height=\"172\"><img loading=\"lazy\" decoding=\"async\" class=\"size-full wp-image-445317 alignleft\" src=\"https:\/\/www.radiopiu.net\/wordpress\/wp-content\/uploads\/2025\/04\/Immagine-2025-04-16-135125-e1744804303831.jpg\" alt=\"\" width=\"201\" height=\"172\" \/><\/a>BELLUNO<\/strong> Il 17 aprile a Nuoro, Andrea Ferrazzi, Direttore di Confindustria Belluno Dolomiti, interverr\u00e0 a un seminario nazionale per raccontare l\u2019esperienza bellunese come esempio di sviluppo innovativo in territori periferici. L\u2019evento, parte del progetto \u201cRete\u201d, affronter\u00e0 il tema di come le aree interne possano competere nell\u2019economia della conoscenza puntando su capitale umano, digitalizzazione e sinergia tra imprese, scuola e universit\u00e0.<\/p>\n<p class=\"\" data-start=\"535\" data-end=\"981\">Ferrazzi spiegher\u00e0 come Belluno, attraverso un approccio sistemico e coeso, sia riuscita a rigenerarsi diventando un polo attrattivo per giovani e innovazione. Il seminario vedr\u00e0 anche l\u2019intervento del prof. Giulio Buciuni (Trinity College di Dublino) e si concluder\u00e0 con un momento di networking per promuovere collaborazione tra imprese e territorio. Un\u2019occasione per riflettere su strategie replicabili in contesti simili, come quello nuorese.<\/p>\n<\/div>\n<\/div>\n<\/div>\n<div class=\"absolute\">\n<div class=\"flex items-center justify-center\"><\/div>\n<\/div>\n<\/div>\n<\/div>\n<\/div>\n<\/article>\n<p>&nbsp;<\/p>\n<hr \/>\n<blockquote>\n<h3 data-start=\"67\" data-end=\"413\"><\/h3>\n<h3 data-start=\"67\" data-end=\"413\">LORRAINE BERTON SARA&#8217; LA &#8220;PRESIDENTE OLIMPICA&#8221; DI CONFINDUSTRIA BELLUNO DOLOMITI<\/h3>\n<\/blockquote>\n<p><strong><a class=\"dt-pswp-item\" href=\"https:\/\/www.radiopiu.net\/wordpress\/wp-content\/uploads\/2025\/04\/LORRAINE-BERTON-2025-scaled.jpg\" data-dt-img-description=\"\" data-large_image_width=\"2560\" data-large_image_height=\"1938\"><img loading=\"lazy\" decoding=\"async\" class=\" wp-image-444482 alignleft\" src=\"https:\/\/www.radiopiu.net\/wordpress\/wp-content\/uploads\/2025\/04\/LORRAINE-BERTON-2025-300x227.jpg\" alt=\"\" width=\"180\" height=\"136\" srcset=\"https:\/\/www.radiopiu.net\/wordpress\/wp-content\/uploads\/2025\/04\/LORRAINE-BERTON-2025-300x227.jpg 300w, https:\/\/www.radiopiu.net\/wordpress\/wp-content\/uploads\/2025\/04\/LORRAINE-BERTON-2025-1024x775.jpg 1024w, https:\/\/www.radiopiu.net\/wordpress\/wp-content\/uploads\/2025\/04\/LORRAINE-BERTON-2025-768x581.jpg 768w, https:\/\/www.radiopiu.net\/wordpress\/wp-content\/uploads\/2025\/04\/LORRAINE-BERTON-2025-1536x1163.jpg 1536w, https:\/\/www.radiopiu.net\/wordpress\/wp-content\/uploads\/2025\/04\/LORRAINE-BERTON-2025-2048x1550.jpg 2048w\" sizes=\"auto, (max-width: 180px) 100vw, 180px\" \/><\/a>BELLUNO<\/strong> Sar\u00e0 Lorraine Berton la \u201cpresidente olimpica\u201d di Confindustria Belluno Dolomiti: nei giorni scorsi, l&#8217;assemblea ha infatti approvato la proroga del mandato della presidente uscente per altri due anni.<\/p>\n<p><strong>DI DANIELE DALVIT<\/strong><\/p>\n<audio class=\"wp-audio-shortcode\" id=\"audio-445199-9\" preload=\"none\" style=\"width: 100%;\" controls=\"controls\"><source type=\"audio\/mpeg\" src=\"https:\/\/www.radiopiu.net\/wordpress\/wp-content\/uploads\/2025\/04\/Servizio-Riconferma-Berton-Confindustria.mp3?_=9\" \/><a href=\"https:\/\/www.radiopiu.net\/wordpress\/wp-content\/uploads\/2025\/04\/Servizio-Riconferma-Berton-Confindustria.mp3\">https:\/\/www.radiopiu.net\/wordpress\/wp-content\/uploads\/2025\/04\/Servizio-Riconferma-Berton-Confindustria.mp3<\/a><\/audio>\n<p>&nbsp;<\/p>\n<hr \/>\n<p>&nbsp;<\/p>\n<blockquote>\n<h3>SCUOLE CHIUSE PER LE OLIMPIADI? I SINDACATI LANCIANO L\u2019ALLARME: \u201cNON SI SACRIFICHINO STUDENTI E FAMIGLIE&#8221;<\/h3>\n<\/blockquote>\n<p><strong><a class=\"dt-pswp-item\" href=\"https:\/\/www.radiopiu.net\/wordpress\/wp-content\/uploads\/2024\/09\/SINDACATI-300x300-1.jpg\" data-dt-img-description=\"\" data-large_image_width=\"300\" data-large_image_height=\"300\"><img loading=\"lazy\" decoding=\"async\" class=\" wp-image-408996 alignleft\" src=\"https:\/\/www.radiopiu.net\/wordpress\/wp-content\/uploads\/2024\/09\/SINDACATI-300x300-1.jpg\" alt=\"\" width=\"194\" height=\"194\" srcset=\"https:\/\/www.radiopiu.net\/wordpress\/wp-content\/uploads\/2024\/09\/SINDACATI-300x300-1.jpg 300w, https:\/\/www.radiopiu.net\/wordpress\/wp-content\/uploads\/2024\/09\/SINDACATI-300x300-1-150x150.jpg 150w\" sizes=\"auto, (max-width: 194px) 100vw, 194px\" \/><\/a>BELLUNO<\/strong> I sindacati CGIL, CISL e UIL di Belluno esprimono forte preoccupazione sull\u2019ipotesi di chiudere le scuole per due settimane durante le Olimpiadi Invernali. Denise Casanova (CGIL) denuncia la mancanza di pianificazione della mobilit\u00e0 provinciale e il rischio che l\u2019istruzione venga sacrificata per privilegiare i turisti. La didattica a distanza e la chiusura delle scuole causerebbero gravi disagi alle famiglie e ai lavoratori. Francesco Orr\u00f9 (CISL) sottolinea come non si possano scaricare le difficolt\u00e0 logistiche dell\u2019evento sugli studenti e sui cittadini, e chiede un confronto serio con le parti sociali. Sonia Bridda (UIL) propone alternative: modificare il calendario scolastico, limitare la DAD a due giorni, potenziare i trasporti con risorse da province vicine e garantire sicurezza in caso di alternanza scuola-lavoro. I sindacati chiedono trasparenza, dialogo e soluzioni condivise che non penalizzino chi vive nel territorio. L\u2019esclusione dai tavoli decisionali \u00e8 vista come un errore, ma resta la disponibilit\u00e0 a collaborare per ridurre i disagi e contribuire al successo delle Olimpiadi, tutelando al contempo la comunit\u00e0 locale.<\/p>\n<p>&nbsp;<\/p>\n<p>&nbsp;<\/p>\n<hr \/>\n<p>&nbsp;<\/p>\n<blockquote>\n<h3>SCUOLE E OLIMPIADI, TOIGO: &#8220;SERVE UNA CABINA DI REGIA UNICA, BASTA DECISIONI ISOLATE&#8221;<\/h3>\n<\/blockquote>\n<p><strong><a class=\"dt-pswp-item\" href=\"https:\/\/www.radiopiu.net\/wordpress\/wp-content\/uploads\/2024\/09\/FOTO-ROBERTO-TOIGO-SEGRETARIO-GENERALE-UIL-VENETO.jpg\" data-dt-img-description=\"\" data-large_image_width=\"640\" data-large_image_height=\"480\"><img loading=\"lazy\" decoding=\"async\" class=\" wp-image-408849 alignleft\" src=\"https:\/\/www.radiopiu.net\/wordpress\/wp-content\/uploads\/2024\/09\/FOTO-ROBERTO-TOIGO-SEGRETARIO-GENERALE-UIL-VENETO-300x225.jpg\" alt=\"\" width=\"180\" height=\"135\" srcset=\"https:\/\/www.radiopiu.net\/wordpress\/wp-content\/uploads\/2024\/09\/FOTO-ROBERTO-TOIGO-SEGRETARIO-GENERALE-UIL-VENETO-300x225.jpg 300w, https:\/\/www.radiopiu.net\/wordpress\/wp-content\/uploads\/2024\/09\/FOTO-ROBERTO-TOIGO-SEGRETARIO-GENERALE-UIL-VENETO.jpg 640w\" sizes=\"auto, (max-width: 180px) 100vw, 180px\" \/><\/a>VENEZIA<\/strong> Scuole aperte o chiuse durante le Olimpiadi? \u00c8 un tema che divide e crea dibattito. Secondo Roberto Toigo, segretario generale della Uil Veneto, manca un progetto chiaro e condiviso, e ognuno si muove in modo disorganizzato. Toigo sottolinea l&#8217;importanza di una cabina di regia, che dovrebbe essere guidata dalla Regione Veneto, per coordinare gli sforzi legati alle Olimpiadi invernali nel Bellunese. Operare in modo frammentato, senza collaborazione, rischia di compromettere il successo dell\u2019evento. La decisione sulla scuola, come tutte le altre, dovrebbe essere il frutto di un\u2019analisi condivisa da un organismo centrale e non presa singolarmente dai diversi attori coinvolti. Solo lavorando insieme si pu\u00f2 trasformare le Olimpiadi in un modello di gestione efficace e replicabile. Per Toigo, quindi, basta con individualismi e decisioni isolate: serve un approccio unitario, che valorizzi le diverse disponibilit\u00e0 e punti di vista in un\u2019unica visione comune.<\/p>\n<p>&nbsp;<\/p>\n<p>&nbsp;<\/p>\n<hr \/>\n<p>&nbsp;<\/p>\n<blockquote>\n<h3 data-start=\"67\" data-end=\"413\">MUSEO MASCHERE DOLOMITICHE: OLTRE 3000 VISITATORI, MA IL FUTURO \u00c8 A RISCHIO<\/h3>\n<\/blockquote>\n<p data-start=\"67\" data-end=\"413\"><strong>BELLUNO<\/strong> A un anno e mezzo dall\u2019apertura, il Museo Maschere Dolomitiche di Gianluigi Secco ha superato i 3000 visitatori, con grande apprezzamento per il racconto dei riti delle vallate bellunesi. Centro di riferimento per 14 comunit\u00e0 dolomitiche, ha accolto oltre 400 studenti e lanciato la candidatura delle mascherate arcaiche a patrimonio immateriale UNESCO. Ma il museo, ospitato in un palazzo privato a Borgo Piave, rischia di chiudere per la possibile vendita dell\u2019edificio. L\u2019associazione lancia un appello a istituzioni, cittadini e imprenditori per salvare questo tesoro culturale e trovare una sede stabile.<\/p>\n\n\t\t\t<style type='text\/css'>\n\t\t\t\t#gallery-1 {\n\t\t\t\t\tmargin: auto;\n\t\t\t\t}\n\t\t\t\t#gallery-1 .gallery-item {\n\t\t\t\t\tfloat: left;\n\t\t\t\t\tmargin-top: 10px;\n\t\t\t\t\ttext-align: center;\n\t\t\t\t\twidth: 25%;\n\t\t\t\t}\n\t\t\t\t#gallery-1 img {\n\t\t\t\t\tborder: 2px solid #cfcfcf;\n\t\t\t\t}\n\t\t\t\t#gallery-1 .gallery-caption {\n\t\t\t\t\tmargin-left: 0;\n\t\t\t\t}\n\t\t\t\t\/* see gallery_shortcode() in wp-includes\/media.php *\/\n\t\t\t<\/style>\n\t\t<div id='gallery-1' class='dt-gallery-container gallery galleryid-445199 gallery-columns-4 gallery-size-thumbnail'><dl class='gallery-item'>\n\t\t\t\t<dt class='gallery-icon portrait'>\n\t\t\t\t\t<a class=\"rollover rollover-zoom dt-pswp-item\" title=\"Immagine 2025-01-28 ore 19.33.03_60d73f6b\" data-dt-img-description=\"\" data-large_image_width=\"1199\" data-large_image_height=\"1600\"href='https:\/\/www.radiopiu.net\/wordpress\/wp-content\/uploads\/2025\/04\/Immagine-2025-01-28-ore-19.33.03_60d73f6b.jpg'><img loading=\"lazy\" decoding=\"async\" width=\"150\" height=\"150\" src=\"https:\/\/www.radiopiu.net\/wordpress\/wp-content\/uploads\/2025\/04\/Immagine-2025-01-28-ore-19.33.03_60d73f6b-150x150.jpg\" class=\"attachment-thumbnail size-thumbnail\" alt=\"\" \/><\/a>\n\t\t\t\t<\/dt><\/dl><dl class='gallery-item'>\n\t\t\t\t<dt class='gallery-icon portrait'>\n\t\t\t\t\t<a class=\"rollover rollover-zoom dt-pswp-item\" title=\"Immagine 2025-01-28 ore 19.30.56_84caa153\" data-dt-img-description=\"\" data-large_image_width=\"1125\" data-large_image_height=\"1500\"href='https:\/\/www.radiopiu.net\/wordpress\/wp-content\/uploads\/2025\/04\/Immagine-2025-01-28-ore-19.30.56_84caa153.jpg'><img loading=\"lazy\" decoding=\"async\" width=\"150\" height=\"150\" src=\"https:\/\/www.radiopiu.net\/wordpress\/wp-content\/uploads\/2025\/04\/Immagine-2025-01-28-ore-19.30.56_84caa153-150x150.jpg\" class=\"attachment-thumbnail size-thumbnail\" alt=\"\" \/><\/a>\n\t\t\t\t<\/dt><\/dl><dl class='gallery-item'>\n\t\t\t\t<dt class='gallery-icon portrait'>\n\t\t\t\t\t<a class=\"rollover rollover-zoom dt-pswp-item\" title=\"Immagine 2025-02-17 ore 11.24.02_fcf8d370\" data-dt-img-description=\"\" data-large_image_width=\"1435\" data-large_image_height=\"1913\"href='https:\/\/www.radiopiu.net\/wordpress\/wp-content\/uploads\/2025\/04\/Immagine-2025-02-17-ore-11.24.02_fcf8d370.jpg'><img loading=\"lazy\" decoding=\"async\" width=\"150\" height=\"150\" src=\"https:\/\/www.radiopiu.net\/wordpress\/wp-content\/uploads\/2025\/04\/Immagine-2025-02-17-ore-11.24.02_fcf8d370-150x150.jpg\" class=\"attachment-thumbnail size-thumbnail\" alt=\"\" \/><\/a>\n\t\t\t\t<\/dt><\/dl><dl class='gallery-item'>\n\t\t\t\t<dt class='gallery-icon portrait'>\n\t\t\t\t\t<a class=\"rollover rollover-zoom dt-pswp-item\" title=\"Immagine 2025-01-28 ore 19.27.56_5c6d5e4f\" data-dt-img-description=\"\" data-large_image_width=\"1157\" data-large_image_height=\"1543\"href='https:\/\/www.radiopiu.net\/wordpress\/wp-content\/uploads\/2025\/04\/Immagine-2025-01-28-ore-19.27.56_5c6d5e4f.jpg'><img loading=\"lazy\" decoding=\"async\" width=\"150\" height=\"150\" src=\"https:\/\/www.radiopiu.net\/wordpress\/wp-content\/uploads\/2025\/04\/Immagine-2025-01-28-ore-19.27.56_5c6d5e4f-150x150.jpg\" class=\"attachment-thumbnail size-thumbnail\" alt=\"\" \/><\/a>\n\t\t\t\t<\/dt><\/dl><br style=\"clear: both\" \/>\n\t\t\t<\/div>\n\n<p>&nbsp;<\/p>\n<p>&nbsp;<\/p>\n<hr \/>\n<p>&nbsp;<\/p>\n<blockquote>\n<p class=\"\" data-start=\"0\" data-end=\"105\"><strong data-start=\"0\" data-end=\"105\"><a class=\"dt-pswp-item\" href=\"https:\/\/www.radiopiu.net\/wordpress\/wp-content\/uploads\/2025\/04\/Immagine-2025-04-16-135629.jpg\" data-dt-img-description=\"\" data-large_image_width=\"460\" data-large_image_height=\"378\"><img loading=\"lazy\" decoding=\"async\" class=\" wp-image-445321 alignleft\" src=\"https:\/\/www.radiopiu.net\/wordpress\/wp-content\/uploads\/2025\/04\/Immagine-2025-04-16-135629-300x247.jpg\" alt=\"\" width=\"197\" height=\"162\" srcset=\"https:\/\/www.radiopiu.net\/wordpress\/wp-content\/uploads\/2025\/04\/Immagine-2025-04-16-135629-300x247.jpg 300w, https:\/\/www.radiopiu.net\/wordpress\/wp-content\/uploads\/2025\/04\/Immagine-2025-04-16-135629.jpg 460w\" sizes=\"auto, (max-width: 197px) 100vw, 197px\" \/><\/a>LA CASA RIFUGIO \u201cMARIA GRAZIA\u201d A SAN VITO PRONTA AD ACCOGLIERE DONNE VITTIME DI VIOLENZA E LORO FIGLI<\/strong><\/p>\n<\/blockquote>\n<p class=\"\" data-start=\"107\" data-end=\"473\"><strong>BELLUNO<\/strong> \u00c8 operativa a San Vito di Cadore la nuova Casa-rifugio \u201cMaria Grazia\u201d, dedicata a donne vittime di violenza e ai loro figli. Nata da un progetto di coprogettazione promosso dal Csv Belluno Treviso e affidata all\u2019associazione Belluno-Donna, la struttura offre un alloggio sicuro, ma anche supporto legale, educativo, lavorativo e sanitario per favorire l\u2019autonomia.<\/p>\n<p class=\"\" data-start=\"475\" data-end=\"745\">Oltre all\u2019accoglienza, sono previste azioni di sensibilizzazione sul territorio, in rete con i servizi sociali locali e altre realt\u00e0 del Cadore. La casa, donata da Maria Grazia Amato al Comune, \u00e8 oggi un simbolo concreto di rete, prevenzione e contrasto alla violenza. Contatti: 393 3981577 \u2013 <a rel=\"noopener\" data-start=\"771\" data-end=\"793\">bellunodonna@libero.it<\/a>.<\/p>\n<p>&nbsp;<\/p>\n<hr \/>\n<p>&nbsp;<\/p>\n<blockquote>\n<h3><strong data-start=\"0\" data-end=\"52\" data-is-only-node=\"\"><a class=\"dt-pswp-item\" href=\"https:\/\/www.radiopiu.net\/wordpress\/wp-content\/uploads\/2025\/04\/display-dummy-915135_640.jpg\" data-dt-img-description=\"\" data-large_image_width=\"640\" data-large_image_height=\"447\"><img loading=\"lazy\" decoding=\"async\" class=\"wp-image-445129 alignleft\" src=\"https:\/\/www.radiopiu.net\/wordpress\/wp-content\/uploads\/2025\/04\/display-dummy-915135_640-300x210.jpg\" alt=\"\" width=\"146\" height=\"102\" srcset=\"https:\/\/www.radiopiu.net\/wordpress\/wp-content\/uploads\/2025\/04\/display-dummy-915135_640-300x210.jpg 300w, https:\/\/www.radiopiu.net\/wordpress\/wp-content\/uploads\/2025\/04\/display-dummy-915135_640.jpg 640w\" sizes=\"auto, (max-width: 146px) 100vw, 146px\" \/><\/a>INTELLIGENZA ARTIFICIALE: UN\u2019ALLEATA DA SCOPRIRE<\/strong><\/h3>\n<\/blockquote>\n<p><strong>FELTRE<\/strong> Cresce l\u2019interesse per l\u2019incontro del 23 aprile alle 20.15 all\u2019Istituto Canossiano di Feltre, promosso da Lions Club Feltre Host e ArtDolomites. L\u2019iniziativa, sostenuta da Confindustria Belluno Dolomiti, sar\u00e0 trasmessa in streaming sul sito di Scuole in Rete, grazie al lavoro degli studenti coordinati dal prof. Franco Chemello. Un\u2019occasione per riflettere sull\u2019IA come opportunit\u00e0 concreta per imprese, scuola e territorio.<\/p>\n<p>&nbsp;<\/p>\n<hr \/>\n<blockquote>\n<h3><\/h3>\n<h3><\/h3>\n<\/blockquote>\n<p class=\"\" data-start=\"0\" data-end=\"84\"><strong data-start=\"0\" data-end=\"84\"><em><img loading=\"lazy\" decoding=\"async\" class=\"alignleft\" src=\"https:\/\/www.radiopiu.net\/wordpress\/wp-content\/uploads\/2025\/04\/Immagine-2025-04-16-140709.jpg\" width=\"277\" height=\"131\" \/><\/em>OPEN WEEK SALUTE DELLA DONNA: GLI APPUNTAMENTI ULSS DOLOMITI DAL 22 AL 30 APRILE<\/strong><\/p>\n<p class=\"\" data-start=\"86\" data-end=\"194\">L\u2019Ulss Dolomiti partecipa all\u2019Open Week per la salute della donna con eventi gratuiti dal 22 al 30 aprile.<\/p>\n<p class=\"\" data-start=\"196\" data-end=\"392\"><strong>Il 22 aprile,<\/strong> alle 17.30, nella Sala Convegni dell\u2019Ospedale di Feltre, si terr\u00e0 un incontro sulla prevenzione e cura di osteoporosi, mal di testa, tiroide e menopausa, con esperti dell\u2019ospedale.<\/p>\n<p class=\"\" data-start=\"394\" data-end=\"545\"><strong>Il 27 aprile<\/strong>, alle 11.30, incontro online \u201cNutrire il futuro: l\u2019arte dell\u2019allattamento al seno\u201d con ostetriche e infermiere dell\u2019Ospedale di Belluno. Per partecipare: <a class=\"\" href=\"https:\/\/meet.google.com\/esd-yato-pzb\" target=\"_new\" rel=\"noopener\" data-start=\"374\" data-end=\"450\" data-is-last-node=\"\">https:\/\/meet.google.com\/esd-yato-pzb<\/a><\/p>\n<p class=\"\" data-start=\"547\" data-end=\"656\"><strong>Il 30 aprile<\/strong>, dalle 14.00 alle 18.00, consulenze online con il ginecologo su come prepararsi alla gravidanza. <strong data-start=\"345\" data-end=\"374\">Prenotazione obbligatoria<\/strong> scrivendo a: <a rel=\"noopener\" data-start=\"393\" data-end=\"428\" data-is-last-node=\"\">ginecologia.bl.rep@aulss1.veneto.it<\/a><\/p>\n<p>&nbsp;<\/p>\n<p>&nbsp;<\/p>\n<hr \/>\n<blockquote><p>&nbsp;<\/p>\n<h3>RI-PENSARE L&#8217;ADOLESCENZA: LABORATORIO ESPERIENZIALE AD AGORDO PER ADULTI CON RUOLI EDUCATIVI<\/h3>\n<\/blockquote>\n<p><img loading=\"lazy\" decoding=\"async\" class=\"alignleft\" src=\"https:\/\/www.radiopiu.net\/wordpress\/wp-content\/uploads\/2025\/04\/Immagine-2025-04-16-094924.jpg\" width=\"247\" height=\"105\" \/><strong>AGORDO<\/strong> La Biblioteca di Agordo in via 27 aprile,\u00a0 ospiter\u00e0 un ciclo di tre incontri dal titolo &#8220;Ri-pensare l&#8217;adolescenza&#8221;, un laboratorio esperienziale rivolto ad adulti che ricoprono ruoli educativi, quali genitori, insegnanti, allenatori e animatori. L&#8217;iniziativa si propone di offrire uno spazio di riflessione e confronto sugli spazi e i tempi nella relazione educativa con ragazze e ragazzi di et\u00e0 compresa tra gli 11 e i 14 anni.\u200b Dettagli degli incontri:\u00a0 mercoled\u00ec 7, 14 e 21 maggio 2025\u00a0 dalle 17:45 alle 19:30<b>.\u00a0 <\/b><span class=\"relative -mx-px my-[-0.2rem] rounded px-px py-[0.2rem] transition-colors duration-100 ease-in-out\">Il laboratorio sar\u00e0 condotto da professionisti dell&#8217;ULSS 1 Dolomiti, utilizzando una metodologia interattiva che favorisce la partecipazione attiva dei presenti.<\/span> <span class=\"relative -mx-px my-[-0.2rem] rounded px-px py-[0.2rem] transition-colors duration-100 ease-in-out\">L&#8217;obiettivo \u00e8 quello di stimolare una riflessione condivisa sulle dinamiche educative, offrendo strumenti e spunti per migliorare la relazione con gli adolescenti.<\/span>\u200b <span class=\"relative -mx-px my-[-0.2rem] rounded px-px py-[0.2rem] transition-colors duration-100 ease-in-out\">La partecipazione \u00e8 gratuita, ma \u00e8 necessario iscriversi contattando il Ser.D di Agordo al numero 0437 645338.<\/span> <span class=\"relative -mx-px my-[-0.2rem] rounded px-px py-[0.2rem] transition-colors duration-100 ease-in-out\">I posti disponibili sono limitati a 25 partecipanti, pertanto si consiglia di prenotare con anticipo.<\/span>\u200b <span class=\"relative -mx-px my-[-0.2rem] rounded px-px py-[0.2rem] transition-colors duration-100 ease-in-out\">Per ulteriori informazioni e aggiornamenti, \u00e8 possibile visitare la pagina Facebook dell&#8217;ULSS 1 Dolomiti.<\/span><\/p>\n<p>&nbsp;<\/p>\n<hr \/>\n<p>&nbsp;<\/p>\n<blockquote>\n<h3>CORTINA E IL CURLING: TRA TRADIZIONE, INNOVAZIONE E FUTURO VERSO MILANO CORTINA 2026<\/h3>\n<\/blockquote>\n<p><strong><a class=\"dt-pswp-item\" href=\"https:\/\/www.radiopiu.net\/wordpress\/wp-content\/uploads\/2025\/04\/Cortina-e-il-curling_Evento-istituzionale-16-aprile-2026.jpg\" data-dt-img-description=\"\" data-large_image_width=\"1528\" data-large_image_height=\"1200\"><img loading=\"lazy\" decoding=\"async\" class=\" wp-image-445381 alignleft\" src=\"https:\/\/www.radiopiu.net\/wordpress\/wp-content\/uploads\/2025\/04\/Cortina-e-il-curling_Evento-istituzionale-16-aprile-2026-300x236.jpg\" alt=\"\" width=\"220\" height=\"173\" srcset=\"https:\/\/www.radiopiu.net\/wordpress\/wp-content\/uploads\/2025\/04\/Cortina-e-il-curling_Evento-istituzionale-16-aprile-2026-300x236.jpg 300w, https:\/\/www.radiopiu.net\/wordpress\/wp-content\/uploads\/2025\/04\/Cortina-e-il-curling_Evento-istituzionale-16-aprile-2026-1024x804.jpg 1024w, https:\/\/www.radiopiu.net\/wordpress\/wp-content\/uploads\/2025\/04\/Cortina-e-il-curling_Evento-istituzionale-16-aprile-2026-768x603.jpg 768w, https:\/\/www.radiopiu.net\/wordpress\/wp-content\/uploads\/2025\/04\/Cortina-e-il-curling_Evento-istituzionale-16-aprile-2026.jpg 1528w\" sizes=\"auto, (max-width: 220px) 100vw, 220px\" \/><\/a>CORTINA<\/strong> In occasione dei Campionati Mondiali Junior di Curling, considerati un test fondamentale per Milano Cortina 2026, Fondazione Cortina e il Comune di Cortina d\u2019Ampezzo hanno organizzato un incontro istituzionale dal titolo \u201cCortina e il curling: tradizione, innovazione e futuro\u201d. L\u2019evento ha riunito istituzioni, atleti e professionisti per discutere del ruolo storico e futuro del curling in Italia, con particolare attenzione a Cortina, sede olimpica e cuore pulsante di questa disciplina. Dopo l\u2019intervento delle autorit\u00e0, si \u00e8 aperto un dibattito sullo sviluppo del curling, moderato dal giornalista Dario Puppo. Interventi di rilievo hanno sottolineato l\u2019impegno per ampliare la base di praticanti, la preparazione delle infrastrutture, e il valore educativo dello sport. Lo Stadio Olimpico del Ghiaccio, ammodernato con investimenti superiori ai 20 milioni di euro, ospita l\u2019evento in corso e sar\u00e0 sede di gare e cerimonie olimpiche e paralimpiche nel 2026. La manifestazione rappresenta una tappa fondamentale verso i Giochi, rafforzando il legame tra sport, territorio e futuro sostenibile.<\/p>\n<p>&nbsp;<\/p>\n<p>&nbsp;<\/p>\n<hr \/>\n<p>&nbsp;<\/p>\n<blockquote>\n<h3>PIG&amp;MENTI, AL VIA I NUOVI CORSI D\u2019ARTE CON GRANDI MAESTRI<\/h3>\n<\/blockquote>\n<p class=\"\" data-start=\"85\" data-end=\"364\"><strong><a class=\"dt-pswp-item\" href=\"https:\/\/www.radiopiu.net\/wordpress\/wp-content\/uploads\/2025\/04\/13a60188-42da-4728-9c68-f2a0bdc8ce27.png\" data-dt-img-description=\"\" data-large_image_width=\"1024\" data-large_image_height=\"1536\"><img loading=\"lazy\" decoding=\"async\" class=\"size-medium wp-image-445305 alignleft\" src=\"https:\/\/www.radiopiu.net\/wordpress\/wp-content\/uploads\/2025\/04\/13a60188-42da-4728-9c68-f2a0bdc8ce27-200x300.png\" alt=\"\" width=\"200\" height=\"300\" srcset=\"https:\/\/www.radiopiu.net\/wordpress\/wp-content\/uploads\/2025\/04\/13a60188-42da-4728-9c68-f2a0bdc8ce27-200x300.png 200w, https:\/\/www.radiopiu.net\/wordpress\/wp-content\/uploads\/2025\/04\/13a60188-42da-4728-9c68-f2a0bdc8ce27-683x1024.png 683w, https:\/\/www.radiopiu.net\/wordpress\/wp-content\/uploads\/2025\/04\/13a60188-42da-4728-9c68-f2a0bdc8ce27-768x1152.png 768w, https:\/\/www.radiopiu.net\/wordpress\/wp-content\/uploads\/2025\/04\/13a60188-42da-4728-9c68-f2a0bdc8ce27.png 1024w\" sizes=\"auto, (max-width: 200px) 100vw, 200px\" \/><\/a> <\/strong><\/p>\n<p class=\"\" data-start=\"85\" data-end=\"364\"><strong>\u00a0<\/strong><\/p>\n<p class=\"\" data-start=\"85\" data-end=\"364\"><strong>\u00a0<\/strong><\/p>\n<p class=\"\" data-start=\"85\" data-end=\"364\"><strong>BELLUNO<\/strong> L&#8217;Associazione Pig&amp;Menti ha aperto le iscrizioni ai nuovi corsi di pittura per grandi e piccoli, con insegnanti esperti, in due location uniche: la canonica della Chiesa di San Martino a Fortogna e Villa De Conz a San Gregorio. Tra le proposte, pittura impressionista, espressionista, e a fresco a Fortogna, e il corso di Ecoprint, una tecnica naturale, a San Gregorio. I corsi offrono un&#8217;opportunit\u00e0 unica per esplorare l&#8217;arte in un contesto affascinante. Per info e iscrizioni: <a rel=\"noopener\" data-start=\"480\" data-end=\"501\">pigmentiaps@gmail.com<\/a>, 333 1324592.<\/p>\n<p class=\"\" data-start=\"85\" data-end=\"364\"><strong>AUDIO ALLA RADIO.. PIU&#8217;<br \/>\n<\/strong><\/p>\n<audio class=\"wp-audio-shortcode\" id=\"audio-445199-10\" preload=\"none\" style=\"width: 100%;\" controls=\"controls\"><source type=\"audio\/mpeg\" src=\"https:\/\/www.radiopiu.net\/wordpress\/wp-content\/uploads\/2025\/04\/PigMenti.mp3?_=10\" \/><a href=\"https:\/\/www.radiopiu.net\/wordpress\/wp-content\/uploads\/2025\/04\/PigMenti.mp3\">https:\/\/www.radiopiu.net\/wordpress\/wp-content\/uploads\/2025\/04\/PigMenti.mp3<\/a><\/audio>\n<p>&nbsp;<\/p>\n<hr \/>\n<blockquote>\n<h3><\/h3>\n<h3 data-start=\"0\" data-end=\"75\"><strong data-start=\"0\" data-end=\"73\">AVVISO PER LA RICERCA DI APPARTAMENTI IN LOCAZIONE A BORGO VALBELLUNA<\/strong><\/h3>\n<\/blockquote>\n<p class=\"\" data-start=\"77\" data-end=\"456\"><strong>BORGO VALBELLUNA<\/strong> L\u2019Amministrazione comunale\u00a0 ha pubblicato due avvisi: uno per la ricerca di appartamenti per il personale della Valbelluna Servizi, l\u2019altra per proprietari disposti a locare appartamenti a canone concordato. L\u2019obiettivo \u00e8 sostenere la stabilit\u00e0 abitativa e contrastare l\u2019emergenza abitativa locale, favorendo il ripopolamento e il rafforzamento della comunit\u00e0.<\/p>\n<p>&nbsp;<\/p>\n<p>&nbsp;<\/p>\n<hr \/>\n<p>&nbsp;<\/p>\n<p>&nbsp;<\/p>\n<blockquote>\n<h3 data-start=\"0\" data-end=\"99\"><a class=\"dt-pswp-item\" href=\"https:\/\/www.radiopiu.net\/wordpress\/wp-content\/uploads\/2025\/04\/3-04-16-at-14.36.13-scaled.jpeg\" data-dt-img-description=\"\" data-large_image_width=\"2560\" data-large_image_height=\"1707\"><img loading=\"lazy\" decoding=\"async\" class=\" wp-image-445336 alignleft\" src=\"https:\/\/www.radiopiu.net\/wordpress\/wp-content\/uploads\/2025\/04\/3-04-16-at-14.36.13-300x200.jpeg\" alt=\"\" width=\"231\" height=\"154\" srcset=\"https:\/\/www.radiopiu.net\/wordpress\/wp-content\/uploads\/2025\/04\/3-04-16-at-14.36.13-300x200.jpeg 300w, https:\/\/www.radiopiu.net\/wordpress\/wp-content\/uploads\/2025\/04\/3-04-16-at-14.36.13-1024x683.jpeg 1024w, https:\/\/www.radiopiu.net\/wordpress\/wp-content\/uploads\/2025\/04\/3-04-16-at-14.36.13-768x512.jpeg 768w, https:\/\/www.radiopiu.net\/wordpress\/wp-content\/uploads\/2025\/04\/3-04-16-at-14.36.13-1536x1024.jpeg 1536w, https:\/\/www.radiopiu.net\/wordpress\/wp-content\/uploads\/2025\/04\/3-04-16-at-14.36.13-2048x1365.jpeg 2048w\" sizes=\"auto, (max-width: 231px) 100vw, 231px\" \/><\/a> CONCLUSO IL TERMINE DI PARTECIPAZIONE AL 35\u00b0 PREMIO NAZIONALE TRICHIANA PAESE DEL LIBRO<\/h3>\n<\/blockquote>\n<p class=\"\" data-start=\"101\" data-end=\"754\"><strong>TRICHIANA<\/strong> Si \u00e8 chiuso il termine per l&#8217;invio dei racconti per la 35\u00aa edizione del Premio Nazionale Trichiana Paese del Libro, con 417 partecipanti da 19 regioni italiane e 4 stati esteri. La pregiuria selezioner\u00e0 gli 8 finalisti, con la cerimonia di premiazione il 26 luglio. Per maggiori informazioni, visita <a class=\"\" href=\"https:\/\/trichianapaesedellibro.it\/\" target=\"_new\" rel=\"noopener\" data-start=\"393\" data-end=\"449\">il sito del premio<\/a>.<\/p>\n<p>&nbsp;<\/p>\n<p>&nbsp;<\/p>\n<hr \/>\n<p>&nbsp;<\/p>\n<blockquote>\n<article class=\"w-full text-token-text-primary\" dir=\"auto\" data-testid=\"conversation-turn-4\" data-scroll-anchor=\"true\">\n<div class=\"text-base my-auto mx-auto py-5 px-6\">\n<div class=\"mx-auto flex flex-1 text-base gap-4 md:gap-5 lg:gap-6 md:max-w-3xl group\/turn-messages focus-visible:outline-none\" tabindex=\"-1\">\n<div class=\"group\/conversation-turn relative flex w-full min-w-0 flex-col agent-turn @xs\/thread:px-0 @sm\/thread:px-1.5 @md\/thread:px-4\">\n<div class=\"relative flex-col gap-1 md:gap-3\">\n<div class=\"flex max-w-full flex-col flex-grow\">\n<div class=\"min-h-8 text-message relative flex w-full flex-col items-end gap-2 whitespace-normal break-words text-start [.text-message+&amp;]:mt-5\" dir=\"auto\" data-message-author-role=\"assistant\" data-message-id=\"c95c95c6-a1ac-4866-a6e0-43ed1c022444\" data-message-model-slug=\"gpt-4o\">\n<div class=\"flex w-full flex-col gap-1 empty:hidden first:pt-[3px]\">\n<div class=\"markdown prose w-full break-words dark:prose-invert dark\">\n<h2 data-pm-slice=\"1 1 []\">AGORDO CELEBRA TITO LIVIO BURATTINI CON UN NUOVO GRAFFITO DI DUNIO PICCOLIN<\/h2>\n<\/div>\n<\/div>\n<\/div>\n<\/div>\n<\/div>\n<\/div>\n<\/div>\n<\/div>\n<\/article>\n<\/blockquote>\n<article class=\"w-full text-token-text-primary\" dir=\"auto\" data-testid=\"conversation-turn-4\" data-scroll-anchor=\"true\">\n<div class=\"text-base my-auto mx-auto py-5 px-6\">\n<div class=\"mx-auto flex flex-1 text-base gap-4 md:gap-5 lg:gap-6 md:max-w-3xl group\/turn-messages focus-visible:outline-none\" tabindex=\"-1\">\n<div class=\"group\/conversation-turn relative flex w-full min-w-0 flex-col agent-turn @xs\/thread:px-0 @sm\/thread:px-1.5 @md\/thread:px-4\">\n<div class=\"absolute\">\n<p class=\"\" data-start=\"81\" data-end=\"483\"><strong>AGORDO <\/strong>Sabato 19 aprile alle 17.00, presso Villa Probati a Par\u00e9ch, sar\u00e0 svelato il nuovo graffito dell&#8217;artista Dunio Piccolin, dedicato a Tito Livio Burattini, scienziato agordino del Seicento. L&#8217;opera, parte del progetto &#8220;Agordo Paese del Graffito&#8221;, celebra i momenti significativi della vita di Burattini, che fu matematico, fisico e inventore. La parete di 12,5 metri quadrati racconta la sua eredit\u00e0 culturale, con simboli legati alla sua proposta di un sistema metrico decimale e altre innovazioni scientifiche. L&#8217;inaugurazione vedr\u00e0 interventi di autorit\u00e0 locali e un brindisi conviviale.<\/p>\n\n\t\t\t<style type='text\/css'>\n\t\t\t\t#gallery-2 {\n\t\t\t\t\tmargin: auto;\n\t\t\t\t}\n\t\t\t\t#gallery-2 .gallery-item {\n\t\t\t\t\tfloat: left;\n\t\t\t\t\tmargin-top: 10px;\n\t\t\t\t\ttext-align: center;\n\t\t\t\t\twidth: 33%;\n\t\t\t\t}\n\t\t\t\t#gallery-2 img {\n\t\t\t\t\tborder: 2px solid #cfcfcf;\n\t\t\t\t}\n\t\t\t\t#gallery-2 .gallery-caption {\n\t\t\t\t\tmargin-left: 0;\n\t\t\t\t}\n\t\t\t\t\/* see gallery_shortcode() in wp-includes\/media.php *\/\n\t\t\t<\/style>\n\t\t<div id='gallery-2' class='dt-gallery-container gallery galleryid-445199 gallery-columns-3 gallery-size-thumbnail'><dl class='gallery-item'>\n\t\t\t\t<dt class='gallery-icon portrait'>\n\t\t\t\t\t<a class=\"rollover rollover-zoom dt-pswp-item\" title=\"69a386d7-c0d7-429b-bcd4-713b084aa143\" data-dt-img-description=\"\" data-large_image_width=\"1493\" data-large_image_height=\"2048\"href='https:\/\/www.radiopiu.net\/wordpress\/wp-content\/uploads\/2025\/04\/69a386d7-c0d7-429b-bcd4-713b084aa143.jpg'><img loading=\"lazy\" decoding=\"async\" width=\"150\" height=\"150\" src=\"https:\/\/www.radiopiu.net\/wordpress\/wp-content\/uploads\/2025\/04\/69a386d7-c0d7-429b-bcd4-713b084aa143-150x150.jpg\" class=\"attachment-thumbnail size-thumbnail\" alt=\"\" \/><\/a>\n\t\t\t\t<\/dt><\/dl><dl class='gallery-item'>\n\t\t\t\t<dt class='gallery-icon portrait'>\n\t\t\t\t\t<a class=\"rollover rollover-zoom dt-pswp-item\" title=\"96c87c1c-259f-42c1-8850-22c09c345c9b\" data-dt-img-description=\"\" data-large_image_width=\"1009\" data-large_image_height=\"1261\"href='https:\/\/www.radiopiu.net\/wordpress\/wp-content\/uploads\/2025\/04\/96c87c1c-259f-42c1-8850-22c09c345c9b.jpg'><img loading=\"lazy\" decoding=\"async\" width=\"150\" height=\"150\" src=\"https:\/\/www.radiopiu.net\/wordpress\/wp-content\/uploads\/2025\/04\/96c87c1c-259f-42c1-8850-22c09c345c9b-150x150.jpg\" class=\"attachment-thumbnail size-thumbnail\" alt=\"\" \/><\/a>\n\t\t\t\t<\/dt><\/dl><dl class='gallery-item'>\n\t\t\t\t<dt class='gallery-icon portrait'>\n\t\t\t\t\t<a class=\"rollover rollover-zoom dt-pswp-item\" title=\"7eedab74-598e-405d-81b8-059019340512\" data-dt-img-description=\"\" data-large_image_width=\"1436\" data-large_image_height=\"1843\"href='https:\/\/www.radiopiu.net\/wordpress\/wp-content\/uploads\/2025\/04\/7eedab74-598e-405d-81b8-059019340512.jpg'><img loading=\"lazy\" decoding=\"async\" width=\"150\" height=\"150\" src=\"https:\/\/www.radiopiu.net\/wordpress\/wp-content\/uploads\/2025\/04\/7eedab74-598e-405d-81b8-059019340512-150x150.jpg\" class=\"attachment-thumbnail size-thumbnail\" alt=\"\" \/><\/a>\n\t\t\t\t<\/dt><\/dl><br style=\"clear: both\" \/><dl class='gallery-item'>\n\t\t\t\t<dt class='gallery-icon portrait'>\n\t\t\t\t\t<a class=\"rollover rollover-zoom dt-pswp-item\" title=\"1f83b1fc-f0fe-4a1f-8ac7-2b1d1645104a\" data-dt-img-description=\"\" data-large_image_width=\"1200\" data-large_image_height=\"1714\"href='https:\/\/www.radiopiu.net\/wordpress\/wp-content\/uploads\/2025\/04\/1f83b1fc-f0fe-4a1f-8ac7-2b1d1645104a.jpg'><img loading=\"lazy\" decoding=\"async\" width=\"150\" height=\"150\" src=\"https:\/\/www.radiopiu.net\/wordpress\/wp-content\/uploads\/2025\/04\/1f83b1fc-f0fe-4a1f-8ac7-2b1d1645104a-150x150.jpg\" class=\"attachment-thumbnail size-thumbnail\" alt=\"\" \/><\/a>\n\t\t\t\t<\/dt><\/dl><dl class='gallery-item'>\n\t\t\t\t<dt class='gallery-icon landscape'>\n\t\t\t\t\t<a class=\"rollover rollover-zoom dt-pswp-item\" title=\"41980ccb-77b7-414d-8bd1-c41345a4f568\" data-dt-img-description=\"\" data-large_image_width=\"1539\" data-large_image_height=\"1078\"href='https:\/\/www.radiopiu.net\/wordpress\/wp-content\/uploads\/2025\/04\/41980ccb-77b7-414d-8bd1-c41345a4f568.jpg'><img loading=\"lazy\" decoding=\"async\" width=\"150\" height=\"150\" src=\"https:\/\/www.radiopiu.net\/wordpress\/wp-content\/uploads\/2025\/04\/41980ccb-77b7-414d-8bd1-c41345a4f568-150x150.jpg\" class=\"attachment-thumbnail size-thumbnail\" alt=\"\" \/><\/a>\n\t\t\t\t<\/dt><\/dl>\n\t\t\t\t<br style='clear: both' \/>\n\t\t\t<\/div>\n\n<p>&nbsp;<\/p>\n<hr \/>\n<p>&nbsp;<\/p>\n<blockquote>\n<h2>LA SAGRA DE PASCA DI TAIBON<\/h2>\n<\/blockquote>\n<p><strong><a class=\"dt-pswp-item\" href=\"https:\/\/www.radiopiu.net\/wordpress\/wp-content\/uploads\/2025\/04\/images.jpg\" data-dt-img-description=\"\" data-large_image_width=\"320\" data-large_image_height=\"158\"><img loading=\"lazy\" decoding=\"async\" class=\" wp-image-444247 alignleft\" src=\"https:\/\/www.radiopiu.net\/wordpress\/wp-content\/uploads\/2025\/04\/images-300x148.jpg\" alt=\"\" width=\"213\" height=\"105\" srcset=\"https:\/\/www.radiopiu.net\/wordpress\/wp-content\/uploads\/2025\/04\/images-300x148.jpg 300w, https:\/\/www.radiopiu.net\/wordpress\/wp-content\/uploads\/2025\/04\/images.jpg 320w\" sizes=\"auto, (max-width: 213px) 100vw, 213px\" \/><\/a>TAIBON<\/strong><\/p>\n<p><strong>DI DENIS BAIOLLA<\/strong><\/p>\n<audio class=\"wp-audio-shortcode\" id=\"audio-445199-11\" preload=\"none\" style=\"width: 100%;\" controls=\"controls\"><source type=\"audio\/mpeg\" src=\"https:\/\/www.radiopiu.net\/wordpress\/wp-content\/uploads\/2025\/04\/BAIOLLA-SAGRA-DE-PASCA.mp3?_=11\" \/><a href=\"https:\/\/www.radiopiu.net\/wordpress\/wp-content\/uploads\/2025\/04\/BAIOLLA-SAGRA-DE-PASCA.mp3\">https:\/\/www.radiopiu.net\/wordpress\/wp-content\/uploads\/2025\/04\/BAIOLLA-SAGRA-DE-PASCA.mp3<\/a><\/audio>\n<p>&nbsp;<\/p>\n<p>&nbsp;<\/p>\n<p>&nbsp;<\/p>\n<hr \/>\n<p>&nbsp;<\/p>\n<\/div>\n<\/div>\n<\/div>\n<\/div>\n<\/article>\n<article class=\"w-full text-token-text-primary\" dir=\"auto\" data-testid=\"conversation-turn-4\" data-scroll-anchor=\"true\">\n<div class=\"text-base my-auto mx-auto py-5 px-6\">\n<div class=\"mx-auto flex flex-1 text-base gap-4 md:gap-5 lg:gap-6 md:max-w-3xl group\/turn-messages focus-visible:outline-none\" tabindex=\"-1\">\n<div class=\"group\/conversation-turn relative flex w-full min-w-0 flex-col agent-turn @xs\/thread:px-0 @sm\/thread:px-1.5 @md\/thread:px-4\">\n<div class=\"absolute\">\n<blockquote>\n<h3>TORNA LA FESTA DE L&#8217;OM SALVARECH A LA VALLE<\/h3>\n<\/blockquote>\n<p><strong>LA VALLE AGORDINA<\/strong> La Festa de l\u2019Om Salv\u00e0rech 2025 si terr\u00e0 il 25 e 26 aprile a La Valle Agordina. Venerd\u00ec 25 si apre con il mercatino artigianale e la corsa non competitiva &#8220;Su e do per i coi&#8221;. Segue l\u2019apertura dello stand gastronomico e la preparazione del pupazzo dell\u2019Om Salv\u00e0rech. Nel pomeriggio: mostra dei bambini, balli popolari, sfilata, aperitivo e cena tipica. La serata continua con la lettura del testamento, il fal\u00f2 e musica dal vivo. Sabato 26: aperitivo musicale alle 17:00, cena con piatti tradizionali dalle 19:00, serata danzante con la Spritz Band e chiusura a mezzanotte con Disco-Tek. Due giorni di folklore, tradizione e divertimento per tutte le et\u00e0.<\/p>\n\n\t\t\t<style type='text\/css'>\n\t\t\t\t#gallery-3 {\n\t\t\t\t\tmargin: auto;\n\t\t\t\t}\n\t\t\t\t#gallery-3 .gallery-item {\n\t\t\t\t\tfloat: left;\n\t\t\t\t\tmargin-top: 10px;\n\t\t\t\t\ttext-align: center;\n\t\t\t\t\twidth: 33%;\n\t\t\t\t}\n\t\t\t\t#gallery-3 img {\n\t\t\t\t\tborder: 2px solid #cfcfcf;\n\t\t\t\t}\n\t\t\t\t#gallery-3 .gallery-caption {\n\t\t\t\t\tmargin-left: 0;\n\t\t\t\t}\n\t\t\t\t\/* see gallery_shortcode() in wp-includes\/media.php *\/\n\t\t\t<\/style>\n\t\t<div id='gallery-3' class='dt-gallery-container gallery galleryid-445199 gallery-columns-3 gallery-size-medium'><dl class='gallery-item'>\n\t\t\t\t<dt class='gallery-icon portrait'>\n\t\t\t\t\t<a class=\"rollover rollover-zoom dt-pswp-item\" title=\"f3e65057-0581-465d-ba75-4eef70aca537\" data-dt-img-description=\"\" data-large_image_width=\"480\" data-large_image_height=\"600\"href='https:\/\/www.radiopiu.net\/wordpress\/wp-content\/uploads\/2025\/04\/f3e65057-0581-465d-ba75-4eef70aca537.jpg'><img loading=\"lazy\" decoding=\"async\" width=\"240\" height=\"300\" src=\"https:\/\/www.radiopiu.net\/wordpress\/wp-content\/uploads\/2025\/04\/f3e65057-0581-465d-ba75-4eef70aca537-240x300.jpg\" class=\"attachment-medium size-medium\" alt=\"\" srcset=\"https:\/\/www.radiopiu.net\/wordpress\/wp-content\/uploads\/2025\/04\/f3e65057-0581-465d-ba75-4eef70aca537-240x300.jpg 240w, https:\/\/www.radiopiu.net\/wordpress\/wp-content\/uploads\/2025\/04\/f3e65057-0581-465d-ba75-4eef70aca537.jpg 480w\" sizes=\"auto, (max-width: 240px) 100vw, 240px\" \/><\/a>\n\t\t\t\t<\/dt><\/dl><dl class='gallery-item'>\n\t\t\t\t<dt class='gallery-icon portrait'>\n\t\t\t\t\t<a class=\"rollover rollover-zoom dt-pswp-item\" title=\"14979f5d-ac72-4e65-9053-60a5906e7025\" data-dt-img-description=\"\" data-large_image_width=\"480\" data-large_image_height=\"600\"href='https:\/\/www.radiopiu.net\/wordpress\/wp-content\/uploads\/2025\/04\/14979f5d-ac72-4e65-9053-60a5906e7025.jpg'><img loading=\"lazy\" decoding=\"async\" width=\"240\" height=\"300\" src=\"https:\/\/www.radiopiu.net\/wordpress\/wp-content\/uploads\/2025\/04\/14979f5d-ac72-4e65-9053-60a5906e7025-240x300.jpg\" class=\"attachment-medium size-medium\" alt=\"\" srcset=\"https:\/\/www.radiopiu.net\/wordpress\/wp-content\/uploads\/2025\/04\/14979f5d-ac72-4e65-9053-60a5906e7025-240x300.jpg 240w, https:\/\/www.radiopiu.net\/wordpress\/wp-content\/uploads\/2025\/04\/14979f5d-ac72-4e65-9053-60a5906e7025.jpg 480w\" sizes=\"auto, (max-width: 240px) 100vw, 240px\" \/><\/a>\n\t\t\t\t<\/dt><\/dl><dl class='gallery-item'>\n\t\t\t\t<dt class='gallery-icon portrait'>\n\t\t\t\t\t<a class=\"rollover rollover-zoom dt-pswp-item\" title=\"e96a9d1e-5eb1-4bcd-bfdc-de52bcf09b95\" data-dt-img-description=\"\" data-large_image_width=\"480\" data-large_image_height=\"600\"href='https:\/\/www.radiopiu.net\/wordpress\/wp-content\/uploads\/2025\/04\/e96a9d1e-5eb1-4bcd-bfdc-de52bcf09b95.jpg'><img loading=\"lazy\" decoding=\"async\" width=\"240\" height=\"300\" src=\"https:\/\/www.radiopiu.net\/wordpress\/wp-content\/uploads\/2025\/04\/e96a9d1e-5eb1-4bcd-bfdc-de52bcf09b95-240x300.jpg\" class=\"attachment-medium size-medium\" alt=\"\" srcset=\"https:\/\/www.radiopiu.net\/wordpress\/wp-content\/uploads\/2025\/04\/e96a9d1e-5eb1-4bcd-bfdc-de52bcf09b95-240x300.jpg 240w, https:\/\/www.radiopiu.net\/wordpress\/wp-content\/uploads\/2025\/04\/e96a9d1e-5eb1-4bcd-bfdc-de52bcf09b95.jpg 480w\" sizes=\"auto, (max-width: 240px) 100vw, 240px\" \/><\/a>\n\t\t\t\t<\/dt><\/dl><br style=\"clear: both\" \/>\n\t\t\t<\/div>\n\n<\/div>\n<\/div>\n<\/div>\n<\/div>\n<\/article>\n<p>&nbsp;<\/p>\n<hr \/>\n<p>&nbsp;<\/p>\n<blockquote>\n<h3><a class=\"dt-pswp-item\" href=\"https:\/\/www.radiopiu.net\/wordpress\/wp-content\/uploads\/2025\/04\/0.png\" data-dt-img-description=\"\" data-large_image_width=\"623\" data-large_image_height=\"896\"><img loading=\"lazy\" decoding=\"async\" class=\"wp-image-444920 alignleft\" src=\"https:\/\/www.radiopiu.net\/wordpress\/wp-content\/uploads\/2025\/04\/0-209x300.png\" alt=\"\" width=\"93\" height=\"134\" srcset=\"https:\/\/www.radiopiu.net\/wordpress\/wp-content\/uploads\/2025\/04\/0-209x300.png 209w, https:\/\/www.radiopiu.net\/wordpress\/wp-content\/uploads\/2025\/04\/0.png 623w\" sizes=\"auto, (max-width: 93px) 100vw, 93px\" \/><\/a>80ESIMO ANNIVERSARIO DELLE LIBERAZIONE A PIEVE DI CADORE<\/h3>\n<\/blockquote>\n<p><strong>PIEVE DI CADORE<\/strong> In occasione dell\u201980\u00b0 anniversario della Liberazione, Isbrec, il Comune di Pieve di Cadore e l\u2019Anpi-Sezione Cadore \u201cGiovanna Zangrandi\u201d organizzano la presentazione del libro <em data-start=\"175\" data-end=\"202\">Il coraggio e la passione<\/em>. Il volume, curato da Franco e Silvia Comin, raccoglie le storie di partigiani e patrioti bellunesi, compresi i militari riconosciuti come partigiani all\u2019estero. L\u2019incontro si terr\u00e0 mercoled\u00ec 16 aprile alle 18.30 nella Sala Consiliare di Pieve di Cadore, con interventi dei curatori e dei coordinatori scientifici.<\/p>\n<p>&nbsp;<\/p>\n<p>&nbsp;<\/p>\n<hr \/>\n<p>&nbsp;<\/p>\n<h1><span style=\"color: #ff6600;\">IERI ALLA RADIO<\/span><\/h1>\n<h2><span style=\"color: #ff0000;\">LIBER DI LIANA CAVALLET<\/span><\/h2>\n<p><strong>PUNTATA 31 16 APRILE 2025 &#8220;LA SECONDA VENUTA DI HILDA BUSTAMANTE&#8221; SALOME&#8217; ESPER<\/strong><\/p>\n<audio class=\"wp-audio-shortcode\" id=\"audio-445199-12\" preload=\"none\" style=\"width: 100%;\" controls=\"controls\"><source type=\"audio\/mpeg\" src=\"https:\/\/www.radiopiu.net\/wordpress\/wp-content\/uploads\/2025\/04\/LIANA-1.mp3?_=12\" \/><a href=\"https:\/\/www.radiopiu.net\/wordpress\/wp-content\/uploads\/2025\/04\/LIANA-1.mp3\">https:\/\/www.radiopiu.net\/wordpress\/wp-content\/uploads\/2025\/04\/LIANA-1.mp3<\/a><\/audio>\n<p>&nbsp;<\/p>\n<p><a class=\"dt-pswp-item\" href=\"https:\/\/www.radiopiu.net\/wordpress\/wp-content\/uploads\/2025\/04\/2cdf0c46-7868-466d-8aba-d0e4dc69b2db.jpg\" data-dt-img-description=\"\" data-large_image_width=\"454\" data-large_image_height=\"704\"><img loading=\"lazy\" decoding=\"async\" class=\"size-medium wp-image-445132 aligncenter\" src=\"https:\/\/www.radiopiu.net\/wordpress\/wp-content\/uploads\/2025\/04\/2cdf0c46-7868-466d-8aba-d0e4dc69b2db-193x300.jpg\" alt=\"\" width=\"193\" height=\"300\" srcset=\"https:\/\/www.radiopiu.net\/wordpress\/wp-content\/uploads\/2025\/04\/2cdf0c46-7868-466d-8aba-d0e4dc69b2db-193x300.jpg 193w, https:\/\/www.radiopiu.net\/wordpress\/wp-content\/uploads\/2025\/04\/2cdf0c46-7868-466d-8aba-d0e4dc69b2db.jpg 454w\" sizes=\"auto, (max-width: 193px) 100vw, 193px\" \/><\/a><\/p>\n<p>&nbsp;<\/p>\n<p>&nbsp;<\/p>\n<p><strong>LA RACCOLTA COMPLETA <a href=\"https:\/\/www.radiopiu.net\/wordpress\/liber-di-liana-cavallet-raccolta-2023-2024\/\"><span style=\"color: #3366ff;\">CLICCA QUI<\/span><\/a><\/strong><\/p>\n<p>&nbsp;<\/p>\n<hr \/>\n<p>&nbsp;<\/p>\n<h2><span style=\"color: #00ccff;\"><a class=\"dt-pswp-item\" href=\"https:\/\/www.radiopiu.net\/wordpress\/wp-content\/uploads\/2022\/11\/scuola-zaino.jpeg\" data-dt-img-description=\"\" data-large_image_width=\"626\" data-large_image_height=\"417\"><img loading=\"lazy\" decoding=\"async\" class=\" wp-image-306830 alignleft\" src=\"https:\/\/www.radiopiu.net\/wordpress\/wp-content\/uploads\/2022\/11\/scuola-zaino-300x200.jpeg\" alt=\"\" width=\"167\" height=\"111\" srcset=\"https:\/\/www.radiopiu.net\/wordpress\/wp-content\/uploads\/2022\/11\/scuola-zaino-300x200.jpeg 300w, https:\/\/www.radiopiu.net\/wordpress\/wp-content\/uploads\/2022\/11\/scuola-zaino.jpeg 626w\" sizes=\"auto, (max-width: 167px) 100vw, 167px\" \/><\/a>SE NON LA SMETTI TI MANDO DAL PRESIDE<\/span><\/h2>\n<p><strong>PUNTATA DEL 16 APRILE 2025<\/strong><\/p>\n<p>DI MIRKO MEZZACASA<\/p>\n<p>CON MARIA ROSA SALMAZO<\/p>\n<audio class=\"wp-audio-shortcode\" id=\"audio-445199-13\" preload=\"none\" style=\"width: 100%;\" controls=\"controls\"><source type=\"audio\/mpeg\" src=\"https:\/\/www.radiopiu.net\/wordpress\/wp-content\/uploads\/2025\/04\/PRESIDE-2.mp3?_=13\" \/><a href=\"https:\/\/www.radiopiu.net\/wordpress\/wp-content\/uploads\/2025\/04\/PRESIDE-2.mp3\">https:\/\/www.radiopiu.net\/wordpress\/wp-content\/uploads\/2025\/04\/PRESIDE-2.mp3<\/a><\/audio>\n<p>&nbsp;<\/p>\n<hr \/>\n<p>&nbsp;<\/p>\n<h2><span style=\"color: #008000;\">CISL E FEMCA CISL LA VOCE PER I LAVORATORI<\/span><\/h2>\n<p><a class=\"dt-pswp-item\" href=\"https:\/\/www.radiopiu.net\/wordpress\/wp-content\/uploads\/2023\/10\/Senza-nome-7.png\" data-dt-img-description=\"\" data-large_image_width=\"235\" data-large_image_height=\"378\"><img loading=\"lazy\" decoding=\"async\" class=\"wp-image-355326 alignleft\" src=\"https:\/\/www.radiopiu.net\/wordpress\/wp-content\/uploads\/2023\/10\/Senza-nome-7-187x300.png\" alt=\"\" width=\"92\" height=\"148\" srcset=\"https:\/\/www.radiopiu.net\/wordpress\/wp-content\/uploads\/2023\/10\/Senza-nome-7-187x300.png 187w, https:\/\/www.radiopiu.net\/wordpress\/wp-content\/uploads\/2023\/10\/Senza-nome-7.png 235w\" sizes=\"auto, (max-width: 92px) 100vw, 92px\" \/><\/a>puntata del 16 APRILE 2025<\/p>\n<p><strong>OSPITE ALESSIO PICCOLI<\/strong><\/p>\n<audio class=\"wp-audio-shortcode\" id=\"audio-445199-14\" preload=\"none\" style=\"width: 100%;\" controls=\"controls\"><source type=\"audio\/mpeg\" src=\"https:\/\/www.radiopiu.net\/wordpress\/wp-content\/uploads\/2025\/04\/FEMCA-CISL.mp3?_=14\" \/><a href=\"https:\/\/www.radiopiu.net\/wordpress\/wp-content\/uploads\/2025\/04\/FEMCA-CISL.mp3\">https:\/\/www.radiopiu.net\/wordpress\/wp-content\/uploads\/2025\/04\/FEMCA-CISL.mp3<\/a><\/audio>\n<p>&nbsp;<\/p>\n<p><strong>LA RACCOLTA COMPLETA <a href=\"https:\/\/www.radiopiu.net\/wordpress\/cisl-e-femca-cisl-la-vocef\/\"><span style=\"color: #3366ff;\">CLICCA QUI<\/span><\/a><\/strong><\/p>\n<p>&nbsp;<\/p>\n<hr \/>\n<p>&nbsp;<\/p>\n<h2><span style=\"color: #ff00ff;\">AMAZING CALENDAR, CON MICHELA E MARINA<\/span><\/h2>\n<p><span style=\"color: #0000ff;\"><strong><a class=\"dt-pswp-item\" href=\"https:\/\/www.radiopiu.net\/wordpress\/wp-content\/uploads\/2025\/04\/VALIGIA.jpg\" data-dt-img-description=\"\" data-large_image_width=\"1280\" data-large_image_height=\"823\"><img loading=\"lazy\" decoding=\"async\" class=\" wp-image-445355 alignleft\" src=\"https:\/\/www.radiopiu.net\/wordpress\/wp-content\/uploads\/2025\/04\/VALIGIA-300x193.jpg\" alt=\"\" width=\"176\" height=\"113\" srcset=\"https:\/\/www.radiopiu.net\/wordpress\/wp-content\/uploads\/2025\/04\/VALIGIA-300x193.jpg 300w, https:\/\/www.radiopiu.net\/wordpress\/wp-content\/uploads\/2025\/04\/VALIGIA-1024x658.jpg 1024w, https:\/\/www.radiopiu.net\/wordpress\/wp-content\/uploads\/2025\/04\/VALIGIA-768x494.jpg 768w, https:\/\/www.radiopiu.net\/wordpress\/wp-content\/uploads\/2025\/04\/VALIGIA.jpg 1280w\" sizes=\"auto, (max-width: 176px) 100vw, 176px\" \/><\/a>13A PUNTATA &#8211; PARTE UNO<\/strong><\/span><\/p>\n<audio class=\"wp-audio-shortcode\" id=\"audio-445199-15\" preload=\"none\" style=\"width: 100%;\" controls=\"controls\"><source type=\"audio\/mpeg\" src=\"https:\/\/www.radiopiu.net\/wordpress\/wp-content\/uploads\/2025\/04\/AMAZING-CALENDAR-TREDICESIMA-PUNTATA-1.mp3?_=15\" \/><a href=\"https:\/\/www.radiopiu.net\/wordpress\/wp-content\/uploads\/2025\/04\/AMAZING-CALENDAR-TREDICESIMA-PUNTATA-1.mp3\">https:\/\/www.radiopiu.net\/wordpress\/wp-content\/uploads\/2025\/04\/AMAZING-CALENDAR-TREDICESIMA-PUNTATA-1.mp3<\/a><\/audio>\n<p><span style=\"color: #0000ff;\">\u00a0<\/span><\/p>\n<p><span style=\"color: #0000ff;\"><strong>PARTE DUE<\/strong><\/span><\/p>\n<audio class=\"wp-audio-shortcode\" id=\"audio-445199-16\" preload=\"none\" style=\"width: 100%;\" controls=\"controls\"><source type=\"audio\/mpeg\" src=\"https:\/\/www.radiopiu.net\/wordpress\/wp-content\/uploads\/2025\/04\/AMAZING-CALENDAR-TREDICESIMA-PUNTATA-2.mp3?_=16\" \/><a href=\"https:\/\/www.radiopiu.net\/wordpress\/wp-content\/uploads\/2025\/04\/AMAZING-CALENDAR-TREDICESIMA-PUNTATA-2.mp3\">https:\/\/www.radiopiu.net\/wordpress\/wp-content\/uploads\/2025\/04\/AMAZING-CALENDAR-TREDICESIMA-PUNTATA-2.mp3<\/a><\/audio>\n<p><span style=\"color: #0000ff;\">\u00a0<\/span><\/p>\n<p><span style=\"color: #0000ff;\"><strong>PARTE TRE<\/strong><\/span><\/p>\n<audio class=\"wp-audio-shortcode\" id=\"audio-445199-17\" preload=\"none\" style=\"width: 100%;\" controls=\"controls\"><source type=\"audio\/mpeg\" src=\"https:\/\/www.radiopiu.net\/wordpress\/wp-content\/uploads\/2025\/04\/AMAZING-CALENDAR-TREDICESIMA-PUNTATA-3.mp3?_=17\" \/><a href=\"https:\/\/www.radiopiu.net\/wordpress\/wp-content\/uploads\/2025\/04\/AMAZING-CALENDAR-TREDICESIMA-PUNTATA-3.mp3\">https:\/\/www.radiopiu.net\/wordpress\/wp-content\/uploads\/2025\/04\/AMAZING-CALENDAR-TREDICESIMA-PUNTATA-3.mp3<\/a><\/audio>\n<p><span style=\"color: #0000ff;\">\u00a0\u00a0<\/span><\/p>\n<p><strong>LA RACCOLTA COMPLETA <a href=\"https:\/\/www.radiopiu.net\/wordpress\/amazing-calendar-con-michela-e-marina-la-raccolta\/\"><span style=\"color: #3366ff;\">CLICCA QUI<\/span><\/a><\/strong><\/p>\n<p>&nbsp;<\/p>\n<hr \/>\n<p>&nbsp;<\/p>\n<blockquote class=\"wp-embedded-content\" data-secret=\"6m03eMR8cb\"><p><a href=\"https:\/\/www.radiopiu.net\/wordpress\/agordo-baleno-2013-una-raccolta-fotografica-che-celebra-vita-e-colori\/\">AGORDO BALENO 2013: UNA RACCOLTA FOTOGRAFICA CHE CELEBRA  VITA E COLORI<\/a><\/p><\/blockquote>\n<p><iframe loading=\"lazy\" class=\"wp-embedded-content\" sandbox=\"allow-scripts\" security=\"restricted\" style=\"position: absolute; visibility: hidden;\" title=\"&#8220;AGORDO BALENO 2013: UNA RACCOLTA FOTOGRAFICA CHE CELEBRA  VITA E COLORI&#8221; &#8212; Radio Pi\u00f9\" src=\"https:\/\/www.radiopiu.net\/wordpress\/agordo-baleno-2013-una-raccolta-fotografica-che-celebra-vita-e-colori\/embed\/#?secret=INOknl3z12#?secret=6m03eMR8cb\" data-secret=\"6m03eMR8cb\" width=\"600\" height=\"338\" frameborder=\"0\" marginwidth=\"0\" marginheight=\"0\" scrolling=\"no\"><\/iframe><\/p>\n<hr \/>\n<p>&nbsp;<\/p>\n<h2><span style=\"color: #ff0000;\"><a class=\"dt-pswp-item\" href=\"https:\/\/www.radiopiu.net\/wordpress\/wp-content\/uploads\/2018\/09\/appuntamenti.jpeg\" data-dt-img-description=\"\" data-large_image_width=\"800\" data-large_image_height=\"100\"><img loading=\"lazy\" decoding=\"async\" class=\"wp-image-61958 size-full aligncenter\" src=\"https:\/\/www.radiopiu.net\/wordpress\/wp-content\/uploads\/2018\/09\/appuntamenti.jpeg\" alt=\"\" width=\"800\" height=\"100\" srcset=\"https:\/\/www.radiopiu.net\/wordpress\/wp-content\/uploads\/2018\/09\/appuntamenti.jpeg 800w, https:\/\/www.radiopiu.net\/wordpress\/wp-content\/uploads\/2018\/09\/appuntamenti-300x38.jpeg 300w, https:\/\/www.radiopiu.net\/wordpress\/wp-content\/uploads\/2018\/09\/appuntamenti-768x96.jpeg 768w\" sizes=\"auto, (max-width: 800px) 100vw, 800px\" \/><\/a><\/span><\/h2>\n<h2><span style=\"color: #ffcc00;\">BIANCANEVE&#8230;AL CINEMA DOLOMITI DI FALCADE NEL FINE SETTIMANA DI PASQUA<\/span><\/h2>\n<p><a class=\"dt-pswp-item\" href=\"https:\/\/www.radiopiu.net\/wordpress\/wp-content\/uploads\/2025\/04\/locandina.jpg\" data-dt-img-description=\"\" data-large_image_width=\"420\" data-large_image_height=\"600\"><img loading=\"lazy\" decoding=\"async\" class=\" wp-image-445194 alignleft\" src=\"https:\/\/www.radiopiu.net\/wordpress\/wp-content\/uploads\/2025\/04\/locandina-210x300.jpg\" alt=\"\" width=\"135\" height=\"193\" srcset=\"https:\/\/www.radiopiu.net\/wordpress\/wp-content\/uploads\/2025\/04\/locandina-210x300.jpg 210w, https:\/\/www.radiopiu.net\/wordpress\/wp-content\/uploads\/2025\/04\/locandina.jpg 420w\" sizes=\"auto, (max-width: 135px) 100vw, 135px\" \/><\/a>Il remake live action Disney di <em data-start=\"32\" data-end=\"59\">Biancaneve e i sette nani<\/em> riprende la celebre fiaba dei fratelli Grimm con nuove sfumature. In un regno pacifico, Biancaneve cresce con i valori dell\u2019onest\u00e0 e della giustizia. Alla morte della madre, il re sposa una donna straniera che si rivela malvagia. Dopo la scomparsa del re, il regno cade in rovina sotto la tirannia della nuova regina. Biancaneve, ridotta a sguattera, scopre la verit\u00e0 sul suo destino grazie a un cacciatore che disobbedisce agli ordini della regina. Rifugiatasi nella foresta, trova rifugio presso sette creature magiche. La regina, invidiosa, la inganna con una mela avvelenata. Ma grazie al bacio di Jonathan, un bandito dal cuore nobile, Biancaneve si risveglia. Insieme ai sette e al popolo, sconfigge la regina. Lo Specchio rivela che la vera bellezza risiede nella bont\u00e0. La regina viene distrutta dal suo stesso potere. Biancaneve viene incoronata sovrana e il regno rinasce sotto la sua guida, giusta e compassionevole, accanto a Jonathan.<\/p>\n<p><span style=\"color: #ff0000;\"><strong>AL CINEMA DOLOMITI DI FALCADE SABATO (ORE 21), DOMENICA (17 E 21) E LUNEDI (17)<\/strong><\/span><\/p>\n<p><strong>LA PRESENTAZIONE A CURA DI PAOLA LANCIATO<\/strong><\/p>\n<audio class=\"wp-audio-shortcode\" id=\"audio-445199-18\" preload=\"none\" style=\"width: 100%;\" controls=\"controls\"><source type=\"audio\/mpeg\" src=\"https:\/\/www.radiopiu.net\/wordpress\/wp-content\/uploads\/2025\/04\/PAOLA-CINEMA-FALCADE-BIANCANEVE.mp3?_=18\" \/><a href=\"https:\/\/www.radiopiu.net\/wordpress\/wp-content\/uploads\/2025\/04\/PAOLA-CINEMA-FALCADE-BIANCANEVE.mp3\">https:\/\/www.radiopiu.net\/wordpress\/wp-content\/uploads\/2025\/04\/PAOLA-CINEMA-FALCADE-BIANCANEVE.mp3<\/a><\/audio>\n<p>&nbsp;<\/p>\n<p><strong>IL TRAILER DEL FILM<\/strong><\/p>\n<p><iframe loading=\"lazy\" title=\"Biancaneve | Trailer Ufficiale | Dal 20 Marzo al Cinema\" width=\"1200\" height=\"675\" src=\"https:\/\/www.youtube.com\/embed\/xy1OUmIf9dE?feature=oembed\" frameborder=\"0\" allow=\"accelerometer; autoplay; clipboard-write; encrypted-media; gyroscope; picture-in-picture; web-share\" referrerpolicy=\"strict-origin-when-cross-origin\" allowfullscreen><\/iframe><\/p>\n<p>&nbsp;<\/p>\n<div>\n<div class=\"\" dir=\"auto\">\n<div id=\":r9h:\" class=\"x1iorvi4 x1pi30zi x1l90r2v x1swvt13\" data-ad-comet-preview=\"message\" data-ad-preview=\"message\">\n<div class=\"\" dir=\"auto\">\n<div id=\":r9h:\" class=\"x1iorvi4 x1pi30zi x1l90r2v x1swvt13\" data-ad-comet-preview=\"message\" data-ad-preview=\"message\">\n<div class=\"\" dir=\"auto\">\n<div id=\":r9h:\" class=\"x1iorvi4 x1pi30zi x1l90r2v x1swvt13\" data-ad-comet-preview=\"message\" data-ad-preview=\"message\">\n<div class=\"\" dir=\"auto\">\n<div id=\":r9h:\" class=\"x1iorvi4 x1pi30zi x1l90r2v x1swvt13\" data-ad-comet-preview=\"message\" data-ad-preview=\"message\">\n<div>\n<div class=\"\" dir=\"auto\">\n<div id=\":r9h:\" class=\"x1iorvi4 x1pi30zi x1l90r2v x1swvt13\" data-ad-comet-preview=\"message\" data-ad-preview=\"message\">\n<div>\n<div class=\"\" dir=\"auto\">\n<div id=\":r9h:\" class=\"x1iorvi4 x1pi30zi x1l90r2v x1swvt13\" data-ad-comet-preview=\"message\" data-ad-preview=\"message\">\n<div class=\"xdj266r x11i5rnm xat24cr x1mh8g0r x1vvkbs x126k92a\">\n<div dir=\"auto\"><\/div>\n<\/div>\n<div>\n<div class=\"\" dir=\"auto\">\n<div id=\":r9h:\" class=\"x1iorvi4 x1pi30zi x1l90r2v x1swvt13\" data-ad-comet-preview=\"message\" data-ad-preview=\"message\">\n<div>\n<div class=\"\" dir=\"auto\">\n<div id=\":r9h:\" class=\"x1iorvi4 x1pi30zi x1l90r2v x1swvt13\" data-ad-comet-preview=\"message\" data-ad-preview=\"message\">\n\n\t\t\t<style type='text\/css'>\n\t\t\t\t#gallery-4 {\n\t\t\t\t\tmargin: auto;\n\t\t\t\t}\n\t\t\t\t#gallery-4 .gallery-item {\n\t\t\t\t\tfloat: left;\n\t\t\t\t\tmargin-top: 10px;\n\t\t\t\t\ttext-align: center;\n\t\t\t\t\twidth: 25%;\n\t\t\t\t}\n\t\t\t\t#gallery-4 img {\n\t\t\t\t\tborder: 2px solid #cfcfcf;\n\t\t\t\t}\n\t\t\t\t#gallery-4 .gallery-caption {\n\t\t\t\t\tmargin-left: 0;\n\t\t\t\t}\n\t\t\t\t\/* see gallery_shortcode() in wp-includes\/media.php *\/\n\t\t\t<\/style>\n\t\t<div id='gallery-4' class='dt-gallery-container gallery galleryid-445199 gallery-columns-4 gallery-size-thumbnail'><dl class='gallery-item'>\n\t\t\t\t<dt class='gallery-icon portrait'>\n\t\t\t\t\t<a class=\"rollover rollover-zoom dt-pswp-item\" title=\"78a43ce6-efb6-4993-9a04-04f9ef8bc10e\" data-dt-img-description=\"\" data-large_image_width=\"1131\" data-large_image_height=\"1600\"href='https:\/\/www.radiopiu.net\/wordpress\/wp-content\/uploads\/2025\/04\/78a43ce6-efb6-4993-9a04-04f9ef8bc10e.jpg'><img loading=\"lazy\" decoding=\"async\" width=\"150\" height=\"150\" src=\"https:\/\/www.radiopiu.net\/wordpress\/wp-content\/uploads\/2025\/04\/78a43ce6-efb6-4993-9a04-04f9ef8bc10e-150x150.jpg\" class=\"attachment-thumbnail size-thumbnail\" alt=\"\" \/><\/a>\n\t\t\t\t<\/dt><\/dl><dl class='gallery-item'>\n\t\t\t\t<dt class='gallery-icon portrait'>\n\t\t\t\t\t<a class=\"rollover rollover-zoom dt-pswp-item\" title=\"487363836_1154705959687690_3035271110389443223_n\" data-dt-img-description=\"\" data-large_image_width=\"979\" data-large_image_height=\"1411\"href='https:\/\/www.radiopiu.net\/wordpress\/wp-content\/uploads\/2025\/04\/487363836_1154705959687690_3035271110389443223_n.jpg'><img loading=\"lazy\" decoding=\"async\" width=\"150\" height=\"150\" src=\"https:\/\/www.radiopiu.net\/wordpress\/wp-content\/uploads\/2025\/04\/487363836_1154705959687690_3035271110389443223_n-150x150.jpg\" class=\"attachment-thumbnail size-thumbnail\" alt=\"\" \/><\/a>\n\t\t\t\t<\/dt><\/dl><dl class='gallery-item'>\n\t\t\t\t<dt class='gallery-icon landscape'>\n\t\t\t\t\t<a class=\"rollover rollover-zoom dt-pswp-item\" title=\"Immagine 2025-04-11 072741\" data-dt-img-description=\"\" data-large_image_width=\"542\" data-large_image_height=\"367\"href='https:\/\/www.radiopiu.net\/wordpress\/wp-content\/uploads\/2025\/04\/Immagine-2025-04-11-072741-e1744349278251.jpg'><img loading=\"lazy\" decoding=\"async\" width=\"150\" height=\"150\" src=\"https:\/\/www.radiopiu.net\/wordpress\/wp-content\/uploads\/2025\/04\/Immagine-2025-04-11-072741-e1744349278251-150x150.jpg\" class=\"attachment-thumbnail size-thumbnail\" alt=\"\" \/><\/a>\n\t\t\t\t<\/dt><\/dl><dl class='gallery-item'>\n\t\t\t\t<dt class='gallery-icon portrait'>\n\t\t\t\t\t<a class=\"rollover rollover-zoom dt-pswp-item\" title=\"Senza nome\" data-dt-img-description=\"\" data-large_image_width=\"569\" data-large_image_height=\"801\"href='https:\/\/www.radiopiu.net\/wordpress\/wp-content\/uploads\/2025\/02\/Senza-nome-23.png'><img loading=\"lazy\" decoding=\"async\" width=\"150\" height=\"150\" src=\"https:\/\/www.radiopiu.net\/wordpress\/wp-content\/uploads\/2025\/02\/Senza-nome-23-150x150.png\" class=\"attachment-thumbnail size-thumbnail\" alt=\"\" \/><\/a>\n\t\t\t\t<\/dt><\/dl><br style=\"clear: both\" \/><dl class='gallery-item'>\n\t\t\t\t<dt class='gallery-icon portrait'>\n\t\t\t\t\t<a class=\"rollover rollover-zoom dt-pswp-item\" title=\"Aprile\" data-dt-img-description=\"\" data-large_image_width=\"841\" data-large_image_height=\"1190\"href='https:\/\/www.radiopiu.net\/wordpress\/wp-content\/uploads\/2025\/03\/Aprile.jpg'><img loading=\"lazy\" decoding=\"async\" width=\"150\" height=\"150\" src=\"https:\/\/www.radiopiu.net\/wordpress\/wp-content\/uploads\/2025\/03\/Aprile-150x150.jpg\" class=\"attachment-thumbnail size-thumbnail\" alt=\"\" \/><\/a>\n\t\t\t\t<\/dt><\/dl><dl class='gallery-item'>\n\t\t\t\t<dt class='gallery-icon portrait'>\n\t\t\t\t\t<a class=\"rollover rollover-zoom dt-pswp-item\" title=\"Locandina posturale primavera 2025\" data-dt-img-description=\"\" data-large_image_width=\"1132\" data-large_image_height=\"1600\"href='https:\/\/www.radiopiu.net\/wordpress\/wp-content\/uploads\/2025\/03\/Locandina-posturale-primavera-2025.jpeg'><img loading=\"lazy\" decoding=\"async\" width=\"150\" height=\"150\" src=\"https:\/\/www.radiopiu.net\/wordpress\/wp-content\/uploads\/2025\/03\/Locandina-posturale-primavera-2025-150x150.jpeg\" class=\"attachment-thumbnail size-thumbnail\" alt=\"\" \/><\/a>\n\t\t\t\t<\/dt><\/dl><dl class='gallery-item'>\n\t\t\t\t<dt class='gallery-icon portrait'>\n\t\t\t\t\t<a class=\"rollover rollover-zoom dt-pswp-item\" title=\"Locandina Gardaland 19.05.2025\" data-dt-img-description=\"\" data-large_image_width=\"1131\" data-large_image_height=\"1600\"href='https:\/\/www.radiopiu.net\/wordpress\/wp-content\/uploads\/2025\/03\/Locandina-Gardaland-19.05.2025.jpeg'><img loading=\"lazy\" decoding=\"async\" width=\"150\" height=\"150\" src=\"https:\/\/www.radiopiu.net\/wordpress\/wp-content\/uploads\/2025\/03\/Locandina-Gardaland-19.05.2025-150x150.jpeg\" class=\"attachment-thumbnail size-thumbnail\" alt=\"\" \/><\/a>\n\t\t\t\t<\/dt><\/dl><dl class='gallery-item'>\n\t\t\t\t<dt class='gallery-icon landscape'>\n\t\t\t\t\t<a class=\"rollover rollover-zoom dt-pswp-item\" title=\"Senza nome\" data-dt-img-description=\"\" data-large_image_width=\"753\" data-large_image_height=\"334\"href='https:\/\/www.radiopiu.net\/wordpress\/wp-content\/uploads\/2025\/04\/Senza-nome-2.png'><img loading=\"lazy\" decoding=\"async\" width=\"150\" height=\"150\" src=\"https:\/\/www.radiopiu.net\/wordpress\/wp-content\/uploads\/2025\/04\/Senza-nome-2-150x150.png\" class=\"attachment-thumbnail size-thumbnail\" alt=\"\" \/><\/a>\n\t\t\t\t<\/dt><\/dl><br style=\"clear: both\" \/><dl class='gallery-item'>\n\t\t\t\t<dt class='gallery-icon portrait'>\n\t\t\t\t\t<a class=\"rollover rollover-zoom dt-pswp-item\" title=\"488508424_18408367480096744_440585597055027067_n\" data-dt-img-description=\"\" data-large_image_width=\"1440\" data-large_image_height=\"1799\"href='https:\/\/www.radiopiu.net\/wordpress\/wp-content\/uploads\/2025\/04\/488508424_18408367480096744_440585597055027067_n.jpg'><img loading=\"lazy\" decoding=\"async\" width=\"150\" height=\"150\" src=\"https:\/\/www.radiopiu.net\/wordpress\/wp-content\/uploads\/2025\/04\/488508424_18408367480096744_440585597055027067_n-150x150.jpg\" class=\"attachment-thumbnail size-thumbnail\" alt=\"\" \/><\/a>\n\t\t\t\t<\/dt><\/dl><dl class='gallery-item'>\n\t\t\t\t<dt class='gallery-icon portrait'>\n\t\t\t\t\t<a class=\"rollover rollover-zoom dt-pswp-item\" title=\"17edc79b-2729-450a-991a-37c9461b86b0\" data-dt-img-description=\"\" data-large_image_width=\"1536\" data-large_image_height=\"2048\"href='https:\/\/www.radiopiu.net\/wordpress\/wp-content\/uploads\/2025\/04\/17edc79b-2729-450a-991a-37c9461b86b0.jpg'><img loading=\"lazy\" decoding=\"async\" width=\"150\" height=\"150\" src=\"https:\/\/www.radiopiu.net\/wordpress\/wp-content\/uploads\/2025\/04\/17edc79b-2729-450a-991a-37c9461b86b0-150x150.jpg\" class=\"attachment-thumbnail size-thumbnail\" alt=\"\" \/><\/a>\n\t\t\t\t<\/dt><\/dl><dl class='gallery-item'>\n\t\t\t\t<dt class='gallery-icon portrait'>\n\t\t\t\t\t<a class=\"rollover rollover-zoom dt-pswp-item\" title=\"Locandina Open day 26 e 27 aprile 2025\" data-dt-img-description=\"\" data-large_image_width=\"1240\" data-large_image_height=\"1754\"href='https:\/\/www.radiopiu.net\/wordpress\/wp-content\/uploads\/2025\/04\/Locandina-Open-day-26-e-27-aprile-2025.jpg'><img loading=\"lazy\" decoding=\"async\" width=\"150\" height=\"150\" src=\"https:\/\/www.radiopiu.net\/wordpress\/wp-content\/uploads\/2025\/04\/Locandina-Open-day-26-e-27-aprile-2025-150x150.jpg\" class=\"attachment-thumbnail size-thumbnail\" alt=\"\" \/><\/a>\n\t\t\t\t<\/dt><\/dl>\n\t\t\t\t<br style='clear: both' \/>\n\t\t\t<\/div>\n\n<p>&nbsp;<\/p>\n<\/div>\n<\/div>\n<\/div>\n<\/div>\n<\/div>\n<\/div>\n<\/div>\n<\/div>\n<\/div>\n<\/div>\n<\/div>\n<\/div>\n<\/div>\n<\/div>\n<\/div>\n<\/div>\n<\/div>\n<\/div>\n<\/div>\n<\/div>\n<\/div>\n<div>\n<div class=\"\" dir=\"auto\">\n<div id=\":r9h:\" class=\"x1iorvi4 x1pi30zi x1l90r2v x1swvt13\" data-ad-comet-preview=\"message\" data-ad-preview=\"message\">\n<div class=\"\" dir=\"auto\">\n<div id=\":r9h:\" class=\"x1iorvi4 x1pi30zi x1l90r2v x1swvt13\" data-ad-comet-preview=\"message\" data-ad-preview=\"message\">\n<div class=\"\" dir=\"auto\">\n<div id=\":r9h:\" class=\"x1iorvi4 x1pi30zi x1l90r2v x1swvt13\" data-ad-comet-preview=\"message\" data-ad-preview=\"message\">\n<div class=\"\" dir=\"auto\">\n<div id=\":r9h:\" class=\"x1iorvi4 x1pi30zi x1l90r2v x1swvt13\" data-ad-comet-preview=\"message\" data-ad-preview=\"message\">\n<div>\n<div class=\"\" dir=\"auto\">\n<div id=\":r9h:\" class=\"x1iorvi4 x1pi30zi x1l90r2v x1swvt13\" data-ad-comet-preview=\"message\" data-ad-preview=\"message\">\n<div>\n<div class=\"\" dir=\"auto\">\n<div id=\":r9h:\" class=\"x1iorvi4 x1pi30zi x1l90r2v x1swvt13\" data-ad-comet-preview=\"message\" data-ad-preview=\"message\">\n<div class=\"xdj266r x11i5rnm xat24cr x1mh8g0r x1vvkbs x126k92a\">\n<div dir=\"auto\"><\/div>\n<\/div>\n<div>\n<div class=\"\" dir=\"auto\">\n<div id=\":r9h:\" class=\"x1iorvi4 x1pi30zi x1l90r2v x1swvt13\" data-ad-comet-preview=\"message\" data-ad-preview=\"message\">\n<div>\n<div class=\"\" dir=\"auto\">\n<div id=\":r9h:\" class=\"x1iorvi4 x1pi30zi x1l90r2v x1swvt13\" data-ad-comet-preview=\"message\" data-ad-preview=\"message\">\n<p>&nbsp;<\/p>\n<hr \/>\n<p>&nbsp;<\/p>\n<\/div>\n<\/div>\n<\/div>\n<\/div>\n<\/div>\n<\/div>\n<\/div>\n<\/div>\n<\/div>\n<\/div>\n<\/div>\n<\/div>\n<\/div>\n<\/div>\n<\/div>\n<\/div>\n<\/div>\n<\/div>\n<\/div>\n<\/div>\n<\/div>\n<p class=\"mceTemp\"><a class=\"dt-pswp-item\" href=\"https:\/\/www.radiopiu.net\/wordpress\/wp-content\/uploads\/2018\/09\/WhatsApp-Image-2018-09-20-at-16.04.06.jpeg\" data-dt-img-description=\"\" data-large_image_width=\"800\" data-large_image_height=\"100\"><img loading=\"lazy\" decoding=\"async\" class=\"wp-image-61378 size-full aligncenter\" src=\"https:\/\/www.radiopiu.net\/wordpress\/wp-content\/uploads\/2018\/09\/WhatsApp-Image-2018-09-20-at-16.04.06.jpeg\" alt=\"\" width=\"800\" height=\"100\" srcset=\"https:\/\/www.radiopiu.net\/wordpress\/wp-content\/uploads\/2018\/09\/WhatsApp-Image-2018-09-20-at-16.04.06.jpeg 800w, https:\/\/www.radiopiu.net\/wordpress\/wp-content\/uploads\/2018\/09\/WhatsApp-Image-2018-09-20-at-16.04.06-300x38.jpeg 300w, https:\/\/www.radiopiu.net\/wordpress\/wp-content\/uploads\/2018\/09\/WhatsApp-Image-2018-09-20-at-16.04.06-768x96.jpeg 768w\" sizes=\"auto, (max-width: 800px) 100vw, 800px\" \/><\/a><\/p>\n<p><center><\/center><center><\/center>&nbsp;<\/p>\n<p><center><b>OGGI<\/b><\/center>Molto nuvoloso o coperto.<br \/>\n<b>Precipitazioni: <\/b>Probabilit\u00e0 alta di precipitazioni diffuse e abbondanti, anche con forti rovesci tra le ore centrali e nel pomeriggio. Limite neve in calo attorno a 1800-2000 m su Dolomiti durante i rovesci pi\u00f9 intensi e verso sera, su Prealpi a tratti sulle cime delle vette pi\u00f9 elevate.<br \/>\nTemperature in calo in quota.<\/p>\n<hr \/>\n<p><center><b>DOMANI<\/b><\/center>Al mattino nuvoloso con qualche irregolare schiarita su Dolomiti, nel pomeriggio irregolarmente nuvoloso con annuvolamenti e schiarite via via pi\u00f9 ampie verso sera.<br \/>\n<b>Precipitazioni: <\/b>Possibile qualche piovasco o rovescio qua e l\u00e0 specie su Prealpi gi\u00e0 al mattino e poi nel pomeriggio, poco probabile ma non escluso anche su su Dolomiti. Qualche fiocco oltre i 2000 m.<br \/>\nTemperature minime in calo, massime in aumento.<\/p>\n<hr \/>\n<p><center><b>SABATO<\/b><\/center>Cielo per lo pi\u00f9 nuvoloso con irregolari schiarite specie al mattino e in quota e nubi basse nelle valli. Nel pomeriggio generale aumento delle nubi fino a molto nuvoloso. Precipitazioni: non escluso qua e l\u00e0 qualche breve piovasco. Temperature in aumento.<\/p>\n<p>&nbsp;<\/p>\n<hr \/>\n<p><center><b>DOMENICA<\/b><\/center>Parzialmente nuvoloso con qualche schiarita a tratti un p\u00f2 pi\u00f9 probabile specie al mattino e su Dolomiti. Verso sera nubi in aumento con deboli piogge a partire da Prealpi ovest. Temperature in aumento.<\/p>\n<p>&nbsp;<\/p>\n<hr \/>\n<p>&nbsp;<\/p>\n<p class=\"mceTemp\"><a class=\"dt-pswp-item\" href=\"https:\/\/www.radiopiu.net\/wordpress\/wp-content\/uploads\/2018\/09\/sport.jpg\" data-dt-img-description=\"\" data-large_image_width=\"800\" data-large_image_height=\"100\"><img loading=\"lazy\" decoding=\"async\" class=\"aligncenter wp-image-60761 size-full\" src=\"https:\/\/www.radiopiu.net\/wordpress\/wp-content\/uploads\/2018\/09\/sport.jpg\" alt=\"\" width=\"800\" height=\"100\" srcset=\"https:\/\/www.radiopiu.net\/wordpress\/wp-content\/uploads\/2018\/09\/sport.jpg 800w, https:\/\/www.radiopiu.net\/wordpress\/wp-content\/uploads\/2018\/09\/sport-300x38.jpg 300w, https:\/\/www.radiopiu.net\/wordpress\/wp-content\/uploads\/2018\/09\/sport-768x96.jpg 768w\" sizes=\"auto, (max-width: 800px) 100vw, 800px\" \/> <\/a><\/p>\n<p class=\"mceTemp\"><span style=\"color: #0000ff;\"><strong>\u00a0 \u00a0 \u00a0 \u00a0 \u00a0 \u00a0<\/strong><\/span><\/p>\n<p><span style=\"color: #0000ff;\"><strong>PALLAVOLO<\/strong><\/span><\/p>\n<blockquote>\n<h3>BELLUNO VOLLEY IN FINALE: IMPRESA STORICA AL TIE-BREAK CONTRO GIOIA DEL COLLE<\/h3>\n<\/blockquote>\n<p><b><a class=\"dt-pswp-item\" href=\"https:\/\/www.radiopiu.net\/wordpress\/wp-content\/uploads\/2025\/04\/Festa_bellunese.jpg\" data-dt-img-description=\"\" data-large_image_width=\"1555\" data-large_image_height=\"875\"><img loading=\"lazy\" decoding=\"async\" class=\"size-medium wp-image-445395 alignleft\" src=\"https:\/\/www.radiopiu.net\/wordpress\/wp-content\/uploads\/2025\/04\/Festa_bellunese-300x169.jpg\" alt=\"\" width=\"300\" height=\"169\" srcset=\"https:\/\/www.radiopiu.net\/wordpress\/wp-content\/uploads\/2025\/04\/Festa_bellunese-300x169.jpg 300w, https:\/\/www.radiopiu.net\/wordpress\/wp-content\/uploads\/2025\/04\/Festa_bellunese-1024x576.jpg 1024w, https:\/\/www.radiopiu.net\/wordpress\/wp-content\/uploads\/2025\/04\/Festa_bellunese-768x432.jpg 768w, https:\/\/www.radiopiu.net\/wordpress\/wp-content\/uploads\/2025\/04\/Festa_bellunese-1536x864.jpg 1536w, https:\/\/www.radiopiu.net\/wordpress\/wp-content\/uploads\/2025\/04\/Festa_bellunese.jpg 1555w\" sizes=\"auto, (max-width: 300px) 100vw, 300px\" \/><\/a>Cinque set, mille emozioni: il Belluno Volley \u00e8 in finale<\/b><\/p>\n<p><b>BELLUNO VOLLEY-JV GIOIA DEL COLLE 3-2 <\/b><b>PARZIALI: <\/b>25-18, 20-25, 18-25, 25-21, 15-12.<span class=\"gmail-Apple-converted-space\">\u00a0<\/span><\/p>\n<p><b>BELLUNO VOLLEY:<\/b> Ferrato 3, Mian 15, Basso 6, Mozzato 6, Berger 21, Loglisci 15; Martinez (L), Guizzardi, Schiro 2, Bisi, Bassanello (L), Cengia. N.e. Luisetto, Saibene. Allenatore: M. Marzola.<\/p>\n<article class=\"text-token-text-primary w-full\" dir=\"auto\" data-testid=\"conversation-turn-14\" data-scroll-anchor=\"true\">\n<div class=\"text-base my-auto mx-auto py-5 [--thread-content-margin:--spacing(4)] @[37rem]:[--thread-content-margin:--spacing(6)] @[70rem]:[--thread-content-margin:--spacing(12)] px-(--thread-content-margin)\">\n<div class=\"[--thread-content-max-width:32rem] @[34rem]:[--thread-content-max-width:40rem] @[64rem]:[--thread-content-max-width:48rem] mx-auto flex max-w-(--thread-content-max-width) flex-1 text-base gap-4 md:gap-5 lg:gap-6 group\/turn-messages focus-visible:outline-hidden\" tabindex=\"-1\">\n<div class=\"group\/conversation-turn relative flex w-full min-w-0 flex-col agent-turn\">\n<div class=\"relative flex-col gap-1 md:gap-3\">\n<div class=\"flex max-w-full flex-col grow\">\n<div class=\"min-h-8 text-message relative flex w-full flex-col items-end gap-2 text-start break-words whitespace-normal [.text-message+&amp;]:mt-5\" dir=\"auto\" data-message-author-role=\"assistant\" data-message-id=\"4bd02bd1-e3ad-4ff2-8e77-4ed4678752dd\" data-message-model-slug=\"gpt-4o\">\n<div class=\"flex w-full flex-col gap-1 empty:hidden first:pt-[3px]\">\n<div class=\"markdown prose dark:prose-invert w-full break-words dark\">\n<p class=\"\" data-start=\"83\" data-end=\"630\">Una serata epica alla VHV Arena: il Belluno Volley conquista per la prima volta la finale dei playoff di Serie A3, battendo 3-2 una coriacea Gioia del Colle dopo cinque set infuocati. Davanti a un pubblico straordinario, i ragazzi di coach Marzola dimostrano cuore, grinta e sangue freddo, trascinati dai 21 punti di Berger e dai colpi decisivi di Loglisci e Mian. Dopo una partenza sprint e due set persi, i biancobl\u00f9 reagiscono con carattere e chiudono al tie-break con un urlo liberatorio. Ora li attende l\u2019ultimo atto contro la Romeo Sorrento.<\/p>\n<blockquote><p>\u00ab\u00c8 stata una vera battaglia &#8211; commenta coach Marco Marzola -. Dopo un primo set fin troppo facile, si \u00e8 ribaltato tutto. Loro hanno giocato benissimo, ma noi siamo stati semplicemente pi\u00f9 bravi. L\u2019abbiamo vinta sulle piccole cose: siamo riusciti a imbrigliare i pugliesi in un paio di situazioni e a fare due, tre difese importanti. Ho dei ragazzi fantastici: sono sicuro che non mi deluderanno mai\u00bb.<\/p><\/blockquote>\n<\/div>\n<\/div>\n<\/div>\n<\/div>\n<\/div>\n<\/div>\n<\/div>\n<\/div>\n<\/article>\n<p>&nbsp;<\/p>\n<p><span style=\"color: #0000ff;\"><strong>NUOTO<\/strong><\/span><\/p>\n<blockquote>\n<h3>SPORTIVAMENTE BELLUNO BRILLA NEL SINCRO: ORO E PODI A BREMBATE DI SOPRA<\/h3>\n<\/blockquote>\n<p><strong><a class=\"dt-pswp-item\" href=\"https:\/\/www.radiopiu.net\/wordpress\/wp-content\/uploads\/2025\/04\/Sincronette_a_Brembate_di_Sopra.jpeg\" data-dt-img-description=\"\" data-large_image_width=\"1093\" data-large_image_height=\"706\"><img loading=\"lazy\" decoding=\"async\" class=\"size-medium wp-image-445260 alignleft\" src=\"https:\/\/www.radiopiu.net\/wordpress\/wp-content\/uploads\/2025\/04\/Sincronette_a_Brembate_di_Sopra-300x194.jpeg\" alt=\"\" width=\"300\" height=\"194\" srcset=\"https:\/\/www.radiopiu.net\/wordpress\/wp-content\/uploads\/2025\/04\/Sincronette_a_Brembate_di_Sopra-300x194.jpeg 300w, https:\/\/www.radiopiu.net\/wordpress\/wp-content\/uploads\/2025\/04\/Sincronette_a_Brembate_di_Sopra-1024x661.jpeg 1024w, https:\/\/www.radiopiu.net\/wordpress\/wp-content\/uploads\/2025\/04\/Sincronette_a_Brembate_di_Sopra-768x496.jpeg 768w, https:\/\/www.radiopiu.net\/wordpress\/wp-content\/uploads\/2025\/04\/Sincronette_a_Brembate_di_Sopra.jpeg 1093w\" sizes=\"auto, (max-width: 300px) 100vw, 300px\" \/><\/a>BELLUNO<\/strong><\/p>\n<p class=\"\" data-start=\"41\" data-end=\"272\">Le atlete della Sportivamente Belluno hanno ottenuto straordinari risultati alla terza manifestazione interregionale di nuoto sincronizzato \u201cBalletti Liberi\u201d, svoltasi a Brembate di Sopra (Bergamo). In gara oltre mille atleti da Lombardia, Emilia Romagna e Veneto, con 540 coreografie suddivise tra Solo, Duo, Trio e Squadra. Le Ragazze 3 hanno brillato con un bronzo per la coppia De Luca-Pol e un argento per Artusi-Nenz nel Duo. Oro per la squadra composta da Artusi, Nenz, Pol, De Luca, Bressan, Trentin, Lo Re e Susanna, con un punteggio di 60,867. Ilaria Susanna ha ottenuto l&#8217;ottavo posto nel Solo, mentre Lo Re-Trentin sono arrivati sesti. Per la categoria Juniores, Rubinetto-Bonotto e Barp-De Castello hanno conquistato il secondo posto nel Duo, mentre il Trio Funes, Ponti e De Barba ha ottenuto il terzo posto. La squadra Junior 2 \u2014 Barp, De Castello, Zanivan, De Barba, Ponti, Iudica, Caputo e Bernard \u2014 ha vinto con un punteggio di 61.900. La Sportivamente Belluno torna a casa con medaglie e grande entusiasmo, consolidando il suo successo.<\/p>\n<p>&nbsp;<\/p>\n<p><span style=\"color: #0000ff;\"><strong>BOB<\/strong><\/span><\/p>\n<blockquote>\n<h3><a class=\"dt-pswp-item\" href=\"https:\/\/www.radiopiu.net\/wordpress\/wp-content\/uploads\/2023\/10\/PISTA-BOB-CORTINA.jpg\" data-dt-img-description=\"\" data-large_image_width=\"800\" data-large_image_height=\"600\"><img loading=\"lazy\" decoding=\"async\" class=\" wp-image-357136 alignleft\" src=\"https:\/\/www.radiopiu.net\/wordpress\/wp-content\/uploads\/2023\/10\/PISTA-BOB-CORTINA-300x225.jpg\" alt=\"\" width=\"155\" height=\"116\" srcset=\"https:\/\/www.radiopiu.net\/wordpress\/wp-content\/uploads\/2023\/10\/PISTA-BOB-CORTINA-300x225.jpg 300w, https:\/\/www.radiopiu.net\/wordpress\/wp-content\/uploads\/2023\/10\/PISTA-BOB-CORTINA-768x576.jpg 768w, https:\/\/www.radiopiu.net\/wordpress\/wp-content\/uploads\/2023\/10\/PISTA-BOB-CORTINA.jpg 800w\" sizes=\"auto, (max-width: 155px) 100vw, 155px\" \/><\/a>DOPO LA PRE OMOLOGAZIONE DELLA PISTA DA BOB A CORTINA, LE SENSAZIONI DI SIMONE BERTAZZO<\/h3>\n<\/blockquote>\n<p><strong>DI BARBARA PAOLAZZI<\/strong><\/p>\n<audio class=\"wp-audio-shortcode\" id=\"audio-445199-19\" preload=\"none\" style=\"width: 100%;\" controls=\"controls\"><source type=\"audio\/mpeg\" src=\"https:\/\/www.radiopiu.net\/wordpress\/wp-content\/uploads\/2025\/04\/PAOLAZZI-PISTA-DA-BOB-BERTAZZO.mp3?_=19\" \/><a href=\"https:\/\/www.radiopiu.net\/wordpress\/wp-content\/uploads\/2025\/04\/PAOLAZZI-PISTA-DA-BOB-BERTAZZO.mp3\">https:\/\/www.radiopiu.net\/wordpress\/wp-content\/uploads\/2025\/04\/PAOLAZZI-PISTA-DA-BOB-BERTAZZO.mp3<\/a><\/audio>\n<p>&nbsp;<\/p>\n<p>&nbsp;<\/p>\n<p>&nbsp;<\/p>\n<p>&nbsp;<\/p>\n<p>&nbsp;<\/p>\n<p>&nbsp;<\/p>\n","protected":false},"excerpt":{"rendered":"<p>****** &nbsp; &nbsp; LA\u00a0 APP PER IOS-IPHONE di Nicola Vettorello https:\/\/apps.apple.com\/it\/app\/radio-pi%C3%B9-emittente-agordina\/id1515939845 LA\u00a0 APP RADIO\u00a0 PER ANDROID di Nicola Vettorello https:\/\/play.google.com\/store\/apps\/details?id=net.radiopiu.iniko\u00a0\u00a0\u00a0\u00a0 &nbsp; &nbsp; \u00a0 &nbsp; OGGI SU RADIOPI\u00d9: MUSICA, GIOVANI E DIRETTE DAGLI EVENTI Giornata ricca di appuntamenti su RadioPi\u00f9! Si parte alle 09.00 con la musica country di Alex Nascinben, seguita alle 10.10 da \u201cSei&hellip;<\/p>\n","protected":false},"author":4,"featured_media":445408,"comment_status":"closed","ping_status":"closed","sticky":false,"template":"","format":"standard","meta":{"_monsterinsights_skip_tracking":false,"_monsterinsights_sitenote_active":false,"_monsterinsights_sitenote_note":"","_monsterinsights_sitenote_category":0,"footnotes":""},"categories":[51,86,49],"tags":[],"class_list":["post-445199","post","type-post","status-publish","format-standard","has-post-thumbnail","hentry","category-evidenza-top","category-gr","category-news-18","category-51","category-86","category-49","description-off"],"img_url":"https:\/\/www.radiopiu.net\/wordpress\/wp-content\/uploads\/2025\/04\/1c2694a6-e01f-477a-841d-d0792a44041d.png","_links":{"self":[{"href":"https:\/\/www.radiopiu.net\/wordpress\/wp-json\/wp\/v2\/posts\/445199","targetHints":{"allow":["GET"]}}],"collection":[{"href":"https:\/\/www.radiopiu.net\/wordpress\/wp-json\/wp\/v2\/posts"}],"about":[{"href":"https:\/\/www.radiopiu.net\/wordpress\/wp-json\/wp\/v2\/types\/post"}],"author":[{"embeddable":true,"href":"https:\/\/www.radiopiu.net\/wordpress\/wp-json\/wp\/v2\/users\/4"}],"replies":[{"embeddable":true,"href":"https:\/\/www.radiopiu.net\/wordpress\/wp-json\/wp\/v2\/comments?post=445199"}],"version-history":[{"count":30,"href":"https:\/\/www.radiopiu.net\/wordpress\/wp-json\/wp\/v2\/posts\/445199\/revisions"}],"predecessor-version":[{"id":445420,"href":"https:\/\/www.radiopiu.net\/wordpress\/wp-json\/wp\/v2\/posts\/445199\/revisions\/445420"}],"wp:featuredmedia":[{"embeddable":true,"href":"https:\/\/www.radiopiu.net\/wordpress\/wp-json\/wp\/v2\/media\/445408"}],"wp:attachment":[{"href":"https:\/\/www.radiopiu.net\/wordpress\/wp-json\/wp\/v2\/media?parent=445199"}],"wp:term":[{"taxonomy":"category","embeddable":true,"href":"https:\/\/www.radiopiu.net\/wordpress\/wp-json\/wp\/v2\/categories?post=445199"},{"taxonomy":"post_tag","embeddable":true,"href":"https:\/\/www.radiopiu.net\/wordpress\/wp-json\/wp\/v2\/tags?post=445199"}],"curies":[{"name":"wp","href":"https:\/\/api.w.org\/{rel}","templated":true}]}}