{"id":445218,"date":"2025-04-16T05:44:01","date_gmt":"2025-04-16T03:44:01","guid":{"rendered":"https:\/\/www.radiopiu.net\/wordpress\/?p=445218"},"modified":"2025-04-16T07:45:58","modified_gmt":"2025-04-16T05:45:58","slug":"cortina-nessun-sabota","status":"publish","type":"post","link":"https:\/\/www.radiopiu.net\/wordpress\/cortina-nessun-sabota\/","title":{"rendered":"CORTINA, NESSUN SABOTAGGIO: IL TUBO \u00c8 ROTOLATO DA SOLO."},"content":{"rendered":"<p>**<\/p>\n<blockquote>\n<p class=\"\" data-start=\"0\" data-end=\"58\"><strong data-start=\"0\" data-end=\"58\"><img decoding=\"async\" class=\"alignleft\" src=\"https:\/\/www.radiopiu.net\/wordpress\/wp-content\/uploads\/2025\/04\/Senza-nome-67-300x159-1.png\" \/><\/strong><\/p>\n<\/blockquote>\n<p class=\"\" data-start=\"60\" data-end=\"283\"><strong>CORTINA<\/strong> \u2013 Nessun sabotaggio, n\u00e9 terrorismo: il tubo di refrigerazione finito sulla strada accanto al cantiere della pista da bob a Cortina sarebbe semplicemente rotolato da solo, senza l&#8217;intervento di alcuna \u201cmanina\u201d. \u00c8 questa la conclusione a cui \u00e8 giunta la Procura di Belluno, che ha chiesto l\u2019archiviazione per \u201cinsussistenza del fatto\u201d dopo l\u2019indagine avviata lo scorso febbraio. I carabinieri, dopo accertamenti e testimonianze, non hanno trovato tracce di dolo n\u00e9 segni di incursioni nel cantiere. Non serviva dunque una squadra di sabotatori per muovere un tubo da 800 chili: \u00e8 stato un episodio accidentale, simile ad altri gi\u00e0 avvenuti. A dispetto degli allarmi iniziali lanciati anche da Simico, la pista da bob non \u00e8 stata oggetto di danneggiamento volontario.<\/p>\n<p>&nbsp;<\/p>\n<p><strong>ARCHIVIO RADIOPIU 22 FEBBRAIO 2025<\/strong><\/p>\n<blockquote>\n<h3>Cortina, sabotaggio alla pista di bob: tubo staccato e strada bloccata<\/h3>\n<\/blockquote>\n<p data-start=\"82\" data-end=\"312\"><strong><a class=\"dt-pswp-item\" href=\"https:\/\/www.radiopiu.net\/wordpress\/wp-content\/uploads\/2025\/02\/Senza-nome-67.png\" data-dt-img-description=\"\" data-large_image_width=\"430\" data-large_image_height=\"228\"><img loading=\"lazy\" decoding=\"async\" class=\"size-medium wp-image-435944 alignleft\" src=\"https:\/\/www.radiopiu.net\/wordpress\/wp-content\/uploads\/2025\/02\/Senza-nome-67-300x159.png\" alt=\"\" width=\"300\" height=\"159\" srcset=\"https:\/\/www.radiopiu.net\/wordpress\/wp-content\/uploads\/2025\/02\/Senza-nome-67-300x159.png 300w, https:\/\/www.radiopiu.net\/wordpress\/wp-content\/uploads\/2025\/02\/Senza-nome-67.png 430w\" sizes=\"auto, (max-width: 300px) 100vw, 300px\" \/><\/a>CORTINA D\u2019AMPEZZO<\/strong> \u2013 Un atto di sabotaggio ha colpito l&#8217;altra notte il cantiere della pista di bob, skeleton e slittino di Cortina d\u2019Ampezzo, struttura chiave per i Giochi Olimpici e Paralimpici Milano Cortina 2026. Un tubo di refrigerazione \u00e8 stato staccato e abbandonato in mezzo alla strada, causando disagi alla viabilit\u00e0 e rallentando i lavori in vista del sopralluogo del CIO previsto il 24 febbraio. L\u2019episodio \u00e8 stato denunciato alle autorit\u00e0 competenti dal Commissario di Governo, Architetto Fabio Saldini, che ha definito il gesto \u201cun atto irrispettoso che mette in difficolt\u00e0 chi lavora giorno e notte\u201d. Indagini in corso per individuare i responsabili.<\/p>\n<blockquote>\n<p data-start=\"82\" data-end=\"312\"><em>\u201cNel corso della giornata ho avuto modo di confrontarmi con gli inquirenti e con il Prefetto di Belluno che infatti domani ha convocato il Comitato di Ordine e Sicurezza. Da quanto emerso non c\u2019\u00e8 dubbio che si tratti di un atto doloso, come anche evidenziato dal sopralluogo tenutosi oggi in cantiere dai tecnici della ditta che produce i tubi di refrigerazione. Oggi tubo pesa 500 chili all\u2019uno ed era stabilmente agganciato e fissato all\u2019interno del cantiere\u201d. <\/em>Lo dichiara il Commissario Arch. Fabio Saldini in merito al sabotaggio della pista di bob di Cortina.<\/p>\n<\/blockquote>\n","protected":false},"excerpt":{"rendered":"<p>** CORTINA \u2013 Nessun sabotaggio, n\u00e9 terrorismo: il tubo di refrigerazione finito sulla strada accanto al cantiere della pista da bob a Cortina sarebbe semplicemente rotolato da solo, senza l&#8217;intervento di alcuna \u201cmanina\u201d. \u00c8 questa la conclusione a cui \u00e8 giunta la Procura di Belluno, che ha chiesto l\u2019archiviazione per \u201cinsussistenza del fatto\u201d dopo l\u2019indagine&hellip;<\/p>\n","protected":false},"author":4,"featured_media":445219,"comment_status":"closed","ping_status":"closed","sticky":false,"template":"","format":"standard","meta":{"_monsterinsights_skip_tracking":false,"_monsterinsights_sitenote_active":false,"_monsterinsights_sitenote_note":"","_monsterinsights_sitenote_category":0,"footnotes":""},"categories":[51,49],"tags":[],"class_list":["post-445218","post","type-post","status-publish","format-standard","has-post-thumbnail","hentry","category-evidenza-top","category-news-18","category-51","category-49","description-off"],"img_url":"https:\/\/www.radiopiu.net\/wordpress\/wp-content\/uploads\/2025\/04\/Senza-nome-67-300x159-1.png","_links":{"self":[{"href":"https:\/\/www.radiopiu.net\/wordpress\/wp-json\/wp\/v2\/posts\/445218","targetHints":{"allow":["GET"]}}],"collection":[{"href":"https:\/\/www.radiopiu.net\/wordpress\/wp-json\/wp\/v2\/posts"}],"about":[{"href":"https:\/\/www.radiopiu.net\/wordpress\/wp-json\/wp\/v2\/types\/post"}],"author":[{"embeddable":true,"href":"https:\/\/www.radiopiu.net\/wordpress\/wp-json\/wp\/v2\/users\/4"}],"replies":[{"embeddable":true,"href":"https:\/\/www.radiopiu.net\/wordpress\/wp-json\/wp\/v2\/comments?post=445218"}],"version-history":[{"count":2,"href":"https:\/\/www.radiopiu.net\/wordpress\/wp-json\/wp\/v2\/posts\/445218\/revisions"}],"predecessor-version":[{"id":445244,"href":"https:\/\/www.radiopiu.net\/wordpress\/wp-json\/wp\/v2\/posts\/445218\/revisions\/445244"}],"wp:featuredmedia":[{"embeddable":true,"href":"https:\/\/www.radiopiu.net\/wordpress\/wp-json\/wp\/v2\/media\/445219"}],"wp:attachment":[{"href":"https:\/\/www.radiopiu.net\/wordpress\/wp-json\/wp\/v2\/media?parent=445218"}],"wp:term":[{"taxonomy":"category","embeddable":true,"href":"https:\/\/www.radiopiu.net\/wordpress\/wp-json\/wp\/v2\/categories?post=445218"},{"taxonomy":"post_tag","embeddable":true,"href":"https:\/\/www.radiopiu.net\/wordpress\/wp-json\/wp\/v2\/tags?post=445218"}],"curies":[{"name":"wp","href":"https:\/\/api.w.org\/{rel}","templated":true}]}}