{"id":445234,"date":"2025-04-16T05:57:11","date_gmt":"2025-04-16T03:57:11","guid":{"rendered":"https:\/\/www.radiopiu.net\/wordpress\/?p=445234"},"modified":"2025-04-16T05:57:11","modified_gmt":"2025-04-16T03:57:11","slug":"strada-facendo-lavori-aperti-cantiere-di-primavera-nel-bellunese","status":"publish","type":"post","link":"https:\/\/www.radiopiu.net\/wordpress\/strada-facendo-lavori-aperti-cantiere-di-primavera-nel-bellunese\/","title":{"rendered":"STRADA FACENDO: LAVORI APERTI, CANTIERE DI PRIMAVERA NEL BELLUNESE"},"content":{"rendered":"<p>**<\/p>\n<article class=\"text-token-text-primary w-full\" dir=\"auto\" data-testid=\"conversation-turn-46\" data-scroll-anchor=\"true\">\n<div class=\"text-base my-auto mx-auto py-5 [--thread-content-margin:--spacing(4)] @[37rem]:[--thread-content-margin:--spacing(6)] @[70rem]:[--thread-content-margin:--spacing(12)] px-(--thread-content-margin)\">\n<div class=\"[--thread-content-max-width:32rem] @[34rem]:[--thread-content-max-width:40rem] @[64rem]:[--thread-content-max-width:48rem] mx-auto flex max-w-(--thread-content-max-width) flex-1 text-base gap-4 md:gap-5 lg:gap-6 group\/turn-messages focus-visible:outline-hidden\" tabindex=\"-1\">\n<div class=\"group\/conversation-turn relative flex w-full min-w-0 flex-col agent-turn\">\n<div class=\"relative flex-col gap-1 md:gap-3\">\n<div class=\"flex max-w-full flex-col grow\">\n<div class=\"min-h-8 text-message relative flex w-full flex-col items-end gap-2 text-start break-words whitespace-normal [.text-message+&amp;]:mt-5\" dir=\"auto\" data-message-author-role=\"assistant\" data-message-id=\"0a521f34-006a-4232-bfdc-e2d601aecad9\" data-message-model-slug=\"gpt-4o\">\n<div class=\"flex w-full flex-col gap-1 empty:hidden first:pt-[3px]\">\n<div class=\"markdown prose dark:prose-invert w-full break-words dark\">\n<p class=\"\" data-start=\"71\" data-end=\"219\"><img loading=\"lazy\" decoding=\"async\" class=\"alignleft\" src=\"https:\/\/www.radiopiu.net\/wordpress\/wp-content\/uploads\/2019\/02\/558x312xcasello-autostrada-A27-dolomiti.jpg.pagespeed.ic_.AUYLIYSelj.jpg\" width=\"268\" height=\"150\" \/>Primavera movimentata per la viabilit\u00e0 in provincia di Belluno: tra chiusure, deviazioni e lavori, \u00e8 tempo di pazientare e riorganizzare i percorsi.<\/p>\n<p class=\"\" data-start=\"221\" data-end=\"476\">A <strong data-start=\"223\" data-end=\"244\">Colle Santa Lucia<\/strong>, la <strong data-start=\"249\" data-end=\"268\">SR 203 Agordina<\/strong> \u00e8 chiusa al traffico dalle <strong data-start=\"296\" data-end=\"312\">8 alle 17.30<\/strong>, fino al <strong data-start=\"322\" data-end=\"335\">30 aprile<\/strong> (esclusi sabato, domenica e festivi) nel tratto <strong data-start=\"384\" data-end=\"414\">bivio Rovei \u2013 bivio Rucav\u00e0<\/strong>. Motivo: lavori di messa in sicurezza contro la caduta massi.<\/p>\n<p class=\"\" data-start=\"478\" data-end=\"777\">In <strong data-start=\"481\" data-end=\"497\">Val di Zoldo<\/strong>, sulla <strong data-start=\"505\" data-end=\"540\">SP 347 del Passo Cereda e Duran<\/strong>, stop al traffico dalle <strong data-start=\"565\" data-end=\"578\">8 alle 17<\/strong> fino al <strong data-start=\"587\" data-end=\"600\">16 maggio<\/strong>, nella zona di <strong data-start=\"616\" data-end=\"630\">Fornesighe<\/strong>. La chiusura, necessaria per lavori su acquedotto e fognatura, vale solo nei feriali. I veicoli larghi meno di 1,80 metri saranno deviati in loco.<\/p>\n<p class=\"\" data-start=\"779\" data-end=\"1081\">Anche l\u2019<strong data-start=\"787\" data-end=\"810\">A27 Venezia-Belluno<\/strong> si rif\u00e0 il look: il tratto <strong data-start=\"838\" data-end=\"874\">Belluno\u2013Fadalto\/Lago Santa Croce<\/strong>, in direzione Venezia, sar\u00e0 chiuso di notte (dalle <strong data-start=\"926\" data-end=\"945\">22:00 alle 6:00<\/strong>) dal <strong data-start=\"951\" data-end=\"970\">15 al 17 aprile<\/strong>. Entrata consigliata verso Venezia: <strong data-start=\"1007\" data-end=\"1018\">Fadalto<\/strong>; uscita consigliata dalla SS51 Alemagna: <strong data-start=\"1060\" data-end=\"1080\">Belluno svincolo<\/strong>.<\/p>\n<p class=\"\" data-start=\"1083\" data-end=\"1372\">Sospensione momentanea, invece, per i lavori nella <strong data-start=\"1134\" data-end=\"1155\">galleria Comelico<\/strong>, lungo la <strong data-start=\"1166\" data-end=\"1182\">SS52 Carnica<\/strong>: aperta di notte tra il <strong data-start=\"1207\" data-end=\"1228\">18 e il 22 aprile<\/strong> per le festivit\u00e0 pasquali. Da <strong data-start=\"1259\" data-end=\"1275\">mercoled\u00ec 23<\/strong>, riprendono le chiusure notturne, senza ulteriori pause per il <strong data-start=\"1339\" data-end=\"1352\">25 aprile<\/strong> o il <strong data-start=\"1358\" data-end=\"1371\">1\u00b0 maggio<\/strong>.<\/p>\n<p class=\"\" data-start=\"1374\" data-end=\"1638\">Infine, nel <strong data-start=\"1386\" data-end=\"1398\">Feltrino<\/strong>, la <strong data-start=\"1403\" data-end=\"1413\">SP 148<\/strong> sar\u00e0 chiusa per rifare l\u2019asfalto in vista del <strong data-start=\"1460\" data-end=\"1477\">Giro d\u2019Italia<\/strong>. Dal <strong data-start=\"1483\" data-end=\"1509\">22 aprile al 15 maggio<\/strong>, interruzione tra <strong data-start=\"1528\" data-end=\"1546\">Menaor e Caupo<\/strong>, toccando <strong data-start=\"1557\" data-end=\"1568\">Fonzaso<\/strong> e <strong data-start=\"1571\" data-end=\"1580\">Arsi\u00e8<\/strong>, dalle <strong data-start=\"1588\" data-end=\"1601\">8 alle 12<\/strong> e <strong data-start=\"1604\" data-end=\"1618\">13 alle 17<\/strong>, esclusi i festivi.<\/p>\n<p class=\"\" data-start=\"1640\" data-end=\"1710\">Chi guida tenga gli occhi sulla strada\u2026 e sul calendario dei cantieri.<\/p>\n<\/div>\n<\/div>\n<\/div>\n<\/div>\n<\/div>\n<\/div>\n<\/div>\n<\/div>\n<\/article>\n<div class=\"touch:-me-2 touch:-ms-3.5 -ms-2.5 -me-1 flex items-center p-1 select-none -mt-1 duration-[1.5s] focus-within:transition-none hover:transition-none pointer-events-none [mask-image:linear-gradient(to_right,black_33%,transparent_66%)] [mask-position:100%_0%] [mask-size:300%_100%] motion-safe:transition-[mask-position] group-hover\/turn-messages:pointer-events-auto group-hover\/turn-messages:[mask-position:0_0] group-focus-within\/turn-messages:pointer-events-auto group-focus-within\/turn-messages:[mask-position:0_0] has-data-[state=open]:pointer-events-auto has-data-[state=open]:[mask-position:0_0]\"><\/div>\n<div><\/div>\n<div><\/div>\n<div>\n<hr \/>\n<\/div>\n<article class=\"text-token-text-primary w-full\" dir=\"auto\" data-testid=\"conversation-turn-46\" data-scroll-anchor=\"true\">\n<div class=\"text-base my-auto mx-auto py-5 [--thread-content-margin:--spacing(4)] @[37rem]:[--thread-content-margin:--spacing(6)] @[70rem]:[--thread-content-margin:--spacing(12)] px-(--thread-content-margin)\">\n<div class=\"[--thread-content-max-width:32rem] @[34rem]:[--thread-content-max-width:40rem] @[64rem]:[--thread-content-max-width:48rem] mx-auto flex max-w-(--thread-content-max-width) flex-1 text-base gap-4 md:gap-5 lg:gap-6 group\/turn-messages focus-visible:outline-hidden\" tabindex=\"-1\">\n<div class=\"group\/conversation-turn relative flex w-full min-w-0 flex-col agent-turn\">\n<div class=\"relative flex-col gap-1 md:gap-3\">\n<div class=\"mt-3 w-full empty:hidden\">\n<div class=\"text-center\"><\/div>\n<\/div>\n<\/div>\n<div class=\"absolute\">\n<div class=\"flex items-center justify-center\"><\/div>\n<\/div>\n<\/div>\n<\/div>\n<\/div>\n<\/article>\n<div class=\"pointer-events-none h-px w-px\" aria-hidden=\"true\" data-edge=\"true\"><\/div>\n","protected":false},"excerpt":{"rendered":"<p>** Primavera movimentata per la viabilit\u00e0 in provincia di Belluno: tra chiusure, deviazioni e lavori, \u00e8 tempo di pazientare e riorganizzare i percorsi. A Colle Santa Lucia, la SR 203 Agordina \u00e8 chiusa al traffico dalle 8 alle 17.30, fino al 30 aprile (esclusi sabato, domenica e festivi) nel tratto bivio Rovei \u2013 bivio Rucav\u00e0.&hellip;<\/p>\n","protected":false},"author":4,"featured_media":75528,"comment_status":"closed","ping_status":"closed","sticky":false,"template":"","format":"standard","meta":{"_monsterinsights_skip_tracking":false,"_monsterinsights_sitenote_active":false,"_monsterinsights_sitenote_note":"","_monsterinsights_sitenote_category":0,"footnotes":""},"categories":[49],"tags":[],"class_list":["post-445234","post","type-post","status-publish","format-standard","has-post-thumbnail","hentry","category-news-18","category-49","description-off"],"img_url":"https:\/\/www.radiopiu.net\/wordpress\/wp-content\/uploads\/2019\/02\/558x312xcasello-autostrada-A27-dolomiti.jpg.pagespeed.ic_.AUYLIYSelj.jpg","_links":{"self":[{"href":"https:\/\/www.radiopiu.net\/wordpress\/wp-json\/wp\/v2\/posts\/445234","targetHints":{"allow":["GET"]}}],"collection":[{"href":"https:\/\/www.radiopiu.net\/wordpress\/wp-json\/wp\/v2\/posts"}],"about":[{"href":"https:\/\/www.radiopiu.net\/wordpress\/wp-json\/wp\/v2\/types\/post"}],"author":[{"embeddable":true,"href":"https:\/\/www.radiopiu.net\/wordpress\/wp-json\/wp\/v2\/users\/4"}],"replies":[{"embeddable":true,"href":"https:\/\/www.radiopiu.net\/wordpress\/wp-json\/wp\/v2\/comments?post=445234"}],"version-history":[{"count":1,"href":"https:\/\/www.radiopiu.net\/wordpress\/wp-json\/wp\/v2\/posts\/445234\/revisions"}],"predecessor-version":[{"id":445235,"href":"https:\/\/www.radiopiu.net\/wordpress\/wp-json\/wp\/v2\/posts\/445234\/revisions\/445235"}],"wp:featuredmedia":[{"embeddable":true,"href":"https:\/\/www.radiopiu.net\/wordpress\/wp-json\/wp\/v2\/media\/75528"}],"wp:attachment":[{"href":"https:\/\/www.radiopiu.net\/wordpress\/wp-json\/wp\/v2\/media?parent=445234"}],"wp:term":[{"taxonomy":"category","embeddable":true,"href":"https:\/\/www.radiopiu.net\/wordpress\/wp-json\/wp\/v2\/categories?post=445234"},{"taxonomy":"post_tag","embeddable":true,"href":"https:\/\/www.radiopiu.net\/wordpress\/wp-json\/wp\/v2\/tags?post=445234"}],"curies":[{"name":"wp","href":"https:\/\/api.w.org\/{rel}","templated":true}]}}