{"id":445248,"date":"2025-04-17T05:20:30","date_gmt":"2025-04-17T03:20:30","guid":{"rendered":"https:\/\/www.radiopiu.net\/wordpress\/?p=445248"},"modified":"2025-04-17T05:45:23","modified_gmt":"2025-04-17T03:45:23","slug":"estintore-azionato-da-un-bambino-sullo-scuolabus-panico-e-polemiche-a-livinallongo","status":"publish","type":"post","link":"https:\/\/www.radiopiu.net\/wordpress\/estintore-azionato-da-un-bambino-sullo-scuolabus-panico-e-polemiche-a-livinallongo\/","title":{"rendered":"&#8220;ESTINTORE AZIONATO DA UN BAMBINO SULLO SCUOLABUS: PANICO E POLEMICHE A LIVINALLONGO&#8221;"},"content":{"rendered":"<p>**<\/p>\n<blockquote><p><em><a class=\"dt-pswp-item\" href=\"https:\/\/www.radiopiu.net\/wordpress\/wp-content\/uploads\/2025\/04\/Immagine-2025-04-16-142334.jpg\" data-dt-img-description=\"\" data-large_image_width=\"490\" data-large_image_height=\"531\"><img loading=\"lazy\" decoding=\"async\" class=\"wp-image-445328 alignleft\" src=\"https:\/\/www.radiopiu.net\/wordpress\/wp-content\/uploads\/2025\/04\/Immagine-2025-04-16-142334-277x300.jpg\" alt=\"\" width=\"133\" height=\"144\" srcset=\"https:\/\/www.radiopiu.net\/wordpress\/wp-content\/uploads\/2025\/04\/Immagine-2025-04-16-142334-277x300.jpg 277w, https:\/\/www.radiopiu.net\/wordpress\/wp-content\/uploads\/2025\/04\/Immagine-2025-04-16-142334.jpg 490w\" sizes=\"auto, (max-width: 133px) 100vw, 133px\" \/><\/a>A Livinallongo, un incidente ha coinvolto un bambino che ha accidentalmente azionato un estintore a polvere all&#8217;interno dello scuolabus, creando panico tra i compagni e irritazione alla gola. Il consigliere comunale Leandro Grones ha criticato la gestione dell&#8217;emergenza, evidenziando la mancanza di comunicazione con i genitori. Il sindaco Oscar Nagler ha risposto, precisando che l&#8217;estintore era posizionato come previsto dal costruttore e che non vi erano motivi per polemiche ulteriori. Nonostante la paura, l&#8217;incidente non ha avuto gravi conseguenze.<\/em><\/p><\/blockquote>\n<p>&nbsp;<\/p>\n<p>&nbsp;<\/p>\n<p><strong>DALL&#8217;ESTINTORE E&#8217; USCITO UNO &#8220;SBUFFO&#8221;, CHE GRONES SI INFORMI PRIMA DI CREARE CONFUSIONE<\/strong><\/p>\n<blockquote>\n<h3><img loading=\"lazy\" decoding=\"async\" class=\"alignleft\" src=\"https:\/\/www.radiopiu.net\/wordpress\/wp-content\/uploads\/2023\/09\/nagler.png\" width=\"171\" height=\"96\" \/>&#8220;.. e avendo altro a cui pensare non daremo seguito a ulteriori sterili polemiche&#8221;<\/h3>\n<\/blockquote>\n<p><strong>LIVINALLONGO\u00a0<\/strong> Stamane ci siamo occupati della vicenda a Livinallongo (vedi articolo che segue), alle critiche del consigliere comunale Leandro Grones arriva la pronta risposta del sindaco Oscar Nagler.<\/p>\n<blockquote><p><em>&#8220;Estintore a portata di bambino? Esattamente dove previsto dal costruttore&#8221;<\/em><\/p><\/blockquote>\n<p><strong>AUDIO\u00a0\u00a0<\/strong><\/p>\n<audio class=\"wp-audio-shortcode\" id=\"audio-445248-1\" preload=\"none\" style=\"width: 100%;\" controls=\"controls\"><source type=\"audio\/mpeg\" src=\"https:\/\/www.radiopiu.net\/wordpress\/wp-content\/uploads\/2025\/04\/NAGLER-1.mp3?_=1\" \/><a href=\"https:\/\/www.radiopiu.net\/wordpress\/wp-content\/uploads\/2025\/04\/NAGLER-1.mp3\">https:\/\/www.radiopiu.net\/wordpress\/wp-content\/uploads\/2025\/04\/NAGLER-1.mp3<\/a><\/audio>\n<p>&nbsp;<\/p>\n<p>&nbsp;<\/p>\n<article class=\"text-token-text-primary w-full\" dir=\"auto\" data-testid=\"conversation-turn-8\" data-scroll-anchor=\"true\">\n<div class=\"text-base my-auto mx-auto py-5 [--thread-content-margin:--spacing(4)] @[37rem]:[--thread-content-margin:--spacing(6)] @[70rem]:[--thread-content-margin:--spacing(12)] px-(--thread-content-margin)\">\n<div class=\"[--thread-content-max-width:32rem] @[34rem]:[--thread-content-max-width:40rem] @[64rem]:[--thread-content-max-width:48rem] mx-auto flex max-w-(--thread-content-max-width) flex-1 text-base gap-4 md:gap-5 lg:gap-6 group\/turn-messages focus-visible:outline-hidden\" tabindex=\"-1\">\n<div class=\"group\/conversation-turn relative flex w-full min-w-0 flex-col agent-turn\">\n<div class=\"relative flex-col gap-1 md:gap-3\">\n<div class=\"flex max-w-full flex-col grow\">\n<div class=\"min-h-8 text-message relative flex w-full flex-col items-end gap-2 text-start break-words whitespace-normal [.text-message+&amp;]:mt-5\" dir=\"auto\" data-message-author-role=\"assistant\" data-message-id=\"e403315f-e450-4dca-b90f-f612ddd32cd9\" data-message-model-slug=\"gpt-4o\">\n<div class=\"flex w-full flex-col gap-1 empty:hidden first:pt-[3px]\">\n<div class=\"markdown prose dark:prose-invert w-full break-words dark\"><\/div>\n<\/div>\n<\/div>\n<\/div>\n<blockquote>\n<h2 class=\"flex justify-start\">BIMBO AZIONA L\u2019ESTINTORE SULLO SCUOLABUS: PAURA TRA I BAMBINI E POLEMICHE DEI GENITORI<\/h2>\n<\/blockquote>\n<div class=\"mt-3 w-full empty:hidden\">\n<div class=\"text-center\">\n<p><strong>LIVINALLONGO<\/strong><\/p>\n<p class=\"\" data-start=\"0\" data-end=\"537\"><strong>LIVINALLONGO<\/strong> Momenti di tensione marted\u00ec 8 aprile a Livinallongo, quando un bambino della scuola dell\u2019infanzia ha accidentalmente azionato un estintore a polvere all\u2019interno dello scuolabus che lo stava riportando a casa insieme ad altri compagni. Il piccolo, secondo quanto emerso, \u00e8 riuscito a togliere la sicura e a scaricare il contenuto dell\u2019estintore, riempiendo il mezzo di una densa nube bianca di polvere chimica. L\u2019autista, notata la situazione, ha subito accostato il mezzo e fatto scendere tutti i bambini per garantire la loro sicurezza.<\/p>\n<p class=\"\" data-start=\"539\" data-end=\"1096\">L\u2019episodio, inizialmente rimasto sotto silenzio, \u00e8 venuto alla luce solo in questi giorni a seguito di una lettera inviata al Comune da un gruppo di <a class=\"dt-pswp-item\" href=\"https:\/\/www.radiopiu.net\/wordpress\/wp-content\/uploads\/2025\/04\/admin-ajax.png\" data-dt-img-description=\"\" data-large_image_width=\"600\" data-large_image_height=\"348\"><img loading=\"lazy\" decoding=\"async\" class=\"size-medium wp-image-445311 alignleft\" src=\"https:\/\/www.radiopiu.net\/wordpress\/wp-content\/uploads\/2025\/04\/admin-ajax-300x174.png\" alt=\"\" width=\"300\" height=\"174\" srcset=\"https:\/\/www.radiopiu.net\/wordpress\/wp-content\/uploads\/2025\/04\/admin-ajax-300x174.png 300w, https:\/\/www.radiopiu.net\/wordpress\/wp-content\/uploads\/2025\/04\/admin-ajax.png 600w\" sizes=\"auto, (max-width: 300px) 100vw, 300px\" \/><\/a>genitori visibilmente preoccupati. Nella nota, dal tono molto critico, si denuncia la totale mancanza di comunicazione ai familiari rispetto all\u2019accaduto, che ha provocato a diversi bambini bruciore alla gola e tosse. I genitori denunciano un fatto grave e\u00a0 una gestione dell\u2019emergenza non adeguata senza aver contattato le autorit\u00e0 sanitarie per verificare lo stato di salute dei bambini. La richiesta \u00e8 quella di fare piena chiarezza su quanto accaduto, accertando eventuali responsabilit\u00e0 e, soprattutto, attivando misure per garantire maggiore sicurezza e informazione<\/p>\n<p data-start=\"1098\" data-end=\"1524\"><em>&#8220;Totale mancanza di programmazione dei mezzi comunali, con estintore a portata di bambino, peraltro a polvere finissime. E&#8217; questa la totale informazione? Episodio senza conseguenze ma gestito male&#8221;<\/em><\/p>\n<p class=\"\" data-start=\"1098\" data-end=\"1524\"><strong>IL CONSIGLIERE COMUNALE LEANDRO GRONES<\/strong><\/p>\n<\/div>\n<\/div>\n<\/div>\n<div class=\"absolute\">\n<div class=\"flex items-center justify-center\">\n<audio class=\"wp-audio-shortcode\" id=\"audio-445248-2\" preload=\"none\" style=\"width: 100%;\" controls=\"controls\"><source type=\"audio\/mpeg\" src=\"https:\/\/www.radiopiu.net\/wordpress\/wp-content\/uploads\/2025\/04\/WhatsApp-Audio-2025-04-16-at-07.13.23.mp3?_=2\" \/><a href=\"https:\/\/www.radiopiu.net\/wordpress\/wp-content\/uploads\/2025\/04\/WhatsApp-Audio-2025-04-16-at-07.13.23.mp3\">https:\/\/www.radiopiu.net\/wordpress\/wp-content\/uploads\/2025\/04\/WhatsApp-Audio-2025-04-16-at-07.13.23.mp3<\/a><\/audio>\n<\/div>\n<\/div>\n<\/div>\n<\/div>\n<\/div>\n<\/article>\n<p>___<\/p>\n","protected":false},"excerpt":{"rendered":"<p>** A Livinallongo, un incidente ha coinvolto un bambino che ha accidentalmente azionato un estintore a polvere all&#8217;interno dello scuolabus, creando panico tra i compagni e irritazione alla gola. Il consigliere comunale Leandro Grones ha criticato la gestione dell&#8217;emergenza, evidenziando la mancanza di comunicazione con i genitori. Il sindaco Oscar Nagler ha risposto, precisando che&hellip;<\/p>\n","protected":false},"author":4,"featured_media":445328,"comment_status":"closed","ping_status":"closed","sticky":false,"template":"","format":"standard","meta":{"_monsterinsights_skip_tracking":false,"_monsterinsights_sitenote_active":false,"_monsterinsights_sitenote_note":"","_monsterinsights_sitenote_category":0,"footnotes":""},"categories":[104,49],"tags":[],"class_list":["post-445248","post","type-post","status-publish","format-standard","has-post-thumbnail","hentry","category-evidenza_3","category-news-18","category-104","category-49","description-off"],"img_url":"https:\/\/www.radiopiu.net\/wordpress\/wp-content\/uploads\/2025\/04\/Immagine-2025-04-16-142334.jpg","_links":{"self":[{"href":"https:\/\/www.radiopiu.net\/wordpress\/wp-json\/wp\/v2\/posts\/445248","targetHints":{"allow":["GET"]}}],"collection":[{"href":"https:\/\/www.radiopiu.net\/wordpress\/wp-json\/wp\/v2\/posts"}],"about":[{"href":"https:\/\/www.radiopiu.net\/wordpress\/wp-json\/wp\/v2\/types\/post"}],"author":[{"embeddable":true,"href":"https:\/\/www.radiopiu.net\/wordpress\/wp-json\/wp\/v2\/users\/4"}],"replies":[{"embeddable":true,"href":"https:\/\/www.radiopiu.net\/wordpress\/wp-json\/wp\/v2\/comments?post=445248"}],"version-history":[{"count":14,"href":"https:\/\/www.radiopiu.net\/wordpress\/wp-json\/wp\/v2\/posts\/445248\/revisions"}],"predecessor-version":[{"id":445330,"href":"https:\/\/www.radiopiu.net\/wordpress\/wp-json\/wp\/v2\/posts\/445248\/revisions\/445330"}],"wp:featuredmedia":[{"embeddable":true,"href":"https:\/\/www.radiopiu.net\/wordpress\/wp-json\/wp\/v2\/media\/445328"}],"wp:attachment":[{"href":"https:\/\/www.radiopiu.net\/wordpress\/wp-json\/wp\/v2\/media?parent=445248"}],"wp:term":[{"taxonomy":"category","embeddable":true,"href":"https:\/\/www.radiopiu.net\/wordpress\/wp-json\/wp\/v2\/categories?post=445248"},{"taxonomy":"post_tag","embeddable":true,"href":"https:\/\/www.radiopiu.net\/wordpress\/wp-json\/wp\/v2\/tags?post=445248"}],"curies":[{"name":"wp","href":"https:\/\/api.w.org\/{rel}","templated":true}]}}