{"id":445292,"date":"2025-04-17T05:32:41","date_gmt":"2025-04-17T03:32:41","guid":{"rendered":"https:\/\/www.radiopiu.net\/wordpress\/?p=445292"},"modified":"2025-04-17T05:42:47","modified_gmt":"2025-04-17T03:42:47","slug":"museo-maschere-dolomitiche-oltre-3000-visitatori-ma-il-futuro-e-a-rischio","status":"publish","type":"post","link":"https:\/\/www.radiopiu.net\/wordpress\/museo-maschere-dolomitiche-oltre-3000-visitatori-ma-il-futuro-e-a-rischio\/","title":{"rendered":"MUSEO MASCHERE DOLOMITICHE: OLTRE 3000 VISITATORI, MA IL FUTURO \u00c8 A RISCHIO"},"content":{"rendered":"<p>**<\/p>\n<blockquote>\n<p class=\"\" data-start=\"0\" data-end=\"79\"><strong data-start=\"0\" data-end=\"77\"><a class=\"dt-pswp-item\" href=\"https:\/\/www.radiopiu.net\/wordpress\/wp-content\/uploads\/2025\/04\/Immagine-2025-01-28-ore-19.33.03_60d73f6b.jpg\" data-dt-img-description=\"\" data-large_image_width=\"1199\" data-large_image_height=\"1600\"><img loading=\"lazy\" decoding=\"async\" class=\"size-medium wp-image-445296 alignleft\" src=\"https:\/\/www.radiopiu.net\/wordpress\/wp-content\/uploads\/2025\/04\/Immagine-2025-01-28-ore-19.33.03_60d73f6b-225x300.jpg\" alt=\"\" width=\"225\" height=\"300\" srcset=\"https:\/\/www.radiopiu.net\/wordpress\/wp-content\/uploads\/2025\/04\/Immagine-2025-01-28-ore-19.33.03_60d73f6b-225x300.jpg 225w, https:\/\/www.radiopiu.net\/wordpress\/wp-content\/uploads\/2025\/04\/Immagine-2025-01-28-ore-19.33.03_60d73f6b-767x1024.jpg 767w, https:\/\/www.radiopiu.net\/wordpress\/wp-content\/uploads\/2025\/04\/Immagine-2025-01-28-ore-19.33.03_60d73f6b-768x1025.jpg 768w, https:\/\/www.radiopiu.net\/wordpress\/wp-content\/uploads\/2025\/04\/Immagine-2025-01-28-ore-19.33.03_60d73f6b-1151x1536.jpg 1151w, https:\/\/www.radiopiu.net\/wordpress\/wp-content\/uploads\/2025\/04\/Immagine-2025-01-28-ore-19.33.03_60d73f6b.jpg 1199w\" sizes=\"auto, (max-width: 225px) 100vw, 225px\" \/><\/a>MUSEO MASCHERE DOLOMITICHE SI PUNTA ALL\u2019UNESCO<\/strong><\/p>\n<\/blockquote>\n<p class=\"\" data-start=\"81\" data-end=\"652\">A un anno e mezzo dall\u2019apertura, il Museo Maschere Dolomitiche di Gianluigi Secco ha superato i 3000 visitatori, provenienti da tutto il mondo. I commenti nel libro firme evidenziano l\u2019apprezzamento per l\u2019esperienza immersiva nei riti delle vallate bellunesi, guidata con passione dai volontari. Il museo, che ha accolto anche oltre 400 alunni delle scuole locali, \u00e8 centro di riferimento per 14 comunit\u00e0 dolomitiche unite nella Rete delle Mascherate Arcaiche. Proprio qui \u00e8 nata la proposta di candidatura delle mascherate dolomitiche come patrimonio immateriale UNESCO.<\/p>\n<blockquote>\n<h3 data-start=\"81\" data-end=\"652\">SERVE UN\u2019AZIONE CONDIVISA PER SALVARLO<\/h3>\n<\/blockquote>\n<p>Il Museo Maschere Dolomitiche ha sede in un palazzo storico concesso in comodato d\u2019uso, ma di propriet\u00e0 privata. Ora, la possibile vendita dell\u2019immobile da parte della societ\u00e0 proprietaria mette a rischio la sopravvivenza del museo, diventato punto di riferimento per 14 comunit\u00e0 dolomitiche. L\u2019associazione Borgo Piave ETC aps lancia un appello a cittadini, imprenditori e istituzioni per trovare una soluzione concreta che eviti la dispersione di un patrimonio culturale unico, magari individuando un\u2019alternativa stabile proprio a Borgo Piave, dove il progetto \u00e8 rinato.<\/p>\n<p>&nbsp;<\/p>\n<hr \/>\n<p>&nbsp;<\/p>\n","protected":false},"excerpt":{"rendered":"<p>** MUSEO MASCHERE DOLOMITICHE SI PUNTA ALL\u2019UNESCO A un anno e mezzo dall\u2019apertura, il Museo Maschere Dolomitiche di Gianluigi Secco ha superato i 3000 visitatori, provenienti da tutto il mondo. I commenti nel libro firme evidenziano l\u2019apprezzamento per l\u2019esperienza immersiva nei riti delle vallate bellunesi, guidata con passione dai volontari. Il museo, che ha accolto&hellip;<\/p>\n","protected":false},"author":4,"featured_media":445293,"comment_status":"closed","ping_status":"closed","sticky":false,"template":"","format":"standard","meta":{"_monsterinsights_skip_tracking":false,"_monsterinsights_sitenote_active":false,"_monsterinsights_sitenote_note":"","_monsterinsights_sitenote_category":0,"footnotes":""},"categories":[51,49],"tags":[],"class_list":["post-445292","post","type-post","status-publish","format-standard","has-post-thumbnail","hentry","category-evidenza-top","category-news-18","category-51","category-49","description-off"],"img_url":"https:\/\/www.radiopiu.net\/wordpress\/wp-content\/uploads\/2025\/04\/Immagine-2025-01-28-ore-19.27.56_5c6d5e4f.jpg","_links":{"self":[{"href":"https:\/\/www.radiopiu.net\/wordpress\/wp-json\/wp\/v2\/posts\/445292","targetHints":{"allow":["GET"]}}],"collection":[{"href":"https:\/\/www.radiopiu.net\/wordpress\/wp-json\/wp\/v2\/posts"}],"about":[{"href":"https:\/\/www.radiopiu.net\/wordpress\/wp-json\/wp\/v2\/types\/post"}],"author":[{"embeddable":true,"href":"https:\/\/www.radiopiu.net\/wordpress\/wp-json\/wp\/v2\/users\/4"}],"replies":[{"embeddable":true,"href":"https:\/\/www.radiopiu.net\/wordpress\/wp-json\/wp\/v2\/comments?post=445292"}],"version-history":[{"count":1,"href":"https:\/\/www.radiopiu.net\/wordpress\/wp-json\/wp\/v2\/posts\/445292\/revisions"}],"predecessor-version":[{"id":445297,"href":"https:\/\/www.radiopiu.net\/wordpress\/wp-json\/wp\/v2\/posts\/445292\/revisions\/445297"}],"wp:featuredmedia":[{"embeddable":true,"href":"https:\/\/www.radiopiu.net\/wordpress\/wp-json\/wp\/v2\/media\/445293"}],"wp:attachment":[{"href":"https:\/\/www.radiopiu.net\/wordpress\/wp-json\/wp\/v2\/media?parent=445292"}],"wp:term":[{"taxonomy":"category","embeddable":true,"href":"https:\/\/www.radiopiu.net\/wordpress\/wp-json\/wp\/v2\/categories?post=445292"},{"taxonomy":"post_tag","embeddable":true,"href":"https:\/\/www.radiopiu.net\/wordpress\/wp-json\/wp\/v2\/tags?post=445292"}],"curies":[{"name":"wp","href":"https:\/\/api.w.org\/{rel}","templated":true}]}}