{"id":445370,"date":"2025-04-17T05:33:05","date_gmt":"2025-04-17T03:33:05","guid":{"rendered":"https:\/\/www.radiopiu.net\/wordpress\/?p=445370"},"modified":"2025-04-17T05:42:12","modified_gmt":"2025-04-17T03:42:12","slug":"scuole-chiuse-per-le-olimpiadi-i-sindacati-lanciano-lallarme-non-si-sacrifichino-studenti-e-famiglie","status":"publish","type":"post","link":"https:\/\/www.radiopiu.net\/wordpress\/scuole-chiuse-per-le-olimpiadi-i-sindacati-lanciano-lallarme-non-si-sacrifichino-studenti-e-famiglie\/","title":{"rendered":"SCUOLE CHIUSE PER LE OLIMPIADI? I SINDACATI LANCIANO L\u2019ALLARME: \u201cNON SI SACRIFICHINO STUDENTI E FAMIGLIE&#8221;"},"content":{"rendered":"<p>*******<\/p>\n<p>&nbsp;<\/p>\n<p><strong><a class=\"dt-pswp-item\" href=\"https:\/\/www.radiopiu.net\/wordpress\/wp-content\/uploads\/2024\/09\/SINDACATI-300x300-1.jpg\" data-dt-img-description=\"\" data-large_image_width=\"300\" data-large_image_height=\"300\"><img loading=\"lazy\" decoding=\"async\" class=\" wp-image-408996 alignleft\" src=\"https:\/\/www.radiopiu.net\/wordpress\/wp-content\/uploads\/2024\/09\/SINDACATI-300x300-1.jpg\" alt=\"\" width=\"194\" height=\"194\" srcset=\"https:\/\/www.radiopiu.net\/wordpress\/wp-content\/uploads\/2024\/09\/SINDACATI-300x300-1.jpg 300w, https:\/\/www.radiopiu.net\/wordpress\/wp-content\/uploads\/2024\/09\/SINDACATI-300x300-1-150x150.jpg 150w\" sizes=\"auto, (max-width: 194px) 100vw, 194px\" \/><\/a>BELLUNO <\/strong>Non sia la scuola a dover risolvere il problema legato alla mobilit\u00e0 durante i Giochi Olimpici, e non siano, soprattutto, ragazzi e ragazze, insegnanti e famiglie a pagare il prezzo della mancata programmazione sulla mobilit\u00e0 provinciale in occasione dell\u2019evento. I sindacati confederali esprimono le proprie preoccupazioni e raccomandazioni in una nota congiunta. \u201cChe si stia discutendo di chiudere le scuole della provincia per due settimane in occasione delle prossime Olimpiadi \u00e8 incredibile e fa davvero indignare\u201d, dichiara Denise Casanova, segretaria della CGIL di Belluno. \u201cSi sta affermando il principio che l\u2019istruzione dei ragazzi sia sacrificabile\u201d, prosegue Casanova, \u201cperch\u00e9 \u2013 vista la carenza di autisti \u2013 sar\u00e0 privilegiato il trasporto dei turisti, ben paganti, che arriveranno nel Bellunese per assistere alle gare. Non si considerano affatto le gravi ripercussioni sulle famiglie, che dovranno restare a casa con i minori, ai quali sar\u00e0 probabilmente proposta la tanto \u2013 e giustamente \u2013 vituperata didattica a distanza. \u00c8 evidente che molte imprese dovranno fare a meno dei lavoratori, impegnati ad accudire i propri figli\u201d. Casanova sottolinea un aspetto centrale: \u201cCome spesso accade quando si parla di Olimpiadi, tutto \u00e8 stato deciso senza coinvolgere le parti sociali n\u00e9 le rappresentanze dei cittadini. Il problema dei trasporti, irrisolto da anni in provincia, ha gi\u00e0 causato disservizi a studenti e cittadini, nel silenzio assordante delle istituzioni. Molte famiglie \u2013 un numero in costante aumento \u2013 stanno trasferendo i propri figli in Alto Adige, dove i servizi sono efficienti e rispondono ai bisogni delle persone. Chiudere gli occhi di fronte a questa realt\u00e0, continuando a lamentarsi dello spopolamento del Bellunese senza agire, coster\u00e0 caro a chi, nonostante tutto, continua a credere nel futuro delle nostre terre. E coster\u00e0 anche a chi dimostrer\u00e0 di non saper rappresentare i legittimi interessi di queste comunit\u00e0\u201d. \u201cL\u2019ipotesi di chiudere le scuole nel periodo olimpico merita un confronto serio e approfondito, che coinvolga anche le organizzazioni sindacali\u201d, afferma Francesco Orr\u00f9, segretario generale della CISL Belluno-Treviso. \u201cNon possiamo accettare che, per far fronte alle esigenze logistiche dell\u2019evento, si scarichino disagi su studenti, famiglie e lavoratori. I ragazzi non devono essere penalizzati nel loro percorso educativo, n\u00e9 le famiglie lasciate senza soluzioni. Preoccupa anche l\u2019idea che il trasporto pubblico venga in larga parte dirottato per garantire la mobilit\u00e0 olimpica, lasciando a piedi centinaia di lavoratori e lavoratrici\u201d. \u201cComprendiamo e condividiamo l\u2019importanza e l\u2019unicit\u00e0 delle Olimpiadi\u201d, prosegue Orr\u00f9, \u201cma il benessere delle comunit\u00e0 locali non pu\u00f2 essere messo in secondo piano. L\u2019eccezionalit\u00e0 dell\u2019evento non deve diventare un alibi per sacrificare i diritti di chi vive, studia e lavora sul territorio\u201d. Cgil, Cisl e Uil di Belluno hanno chiesto un incontro urgente alla Provincia per ottenere trasparenza sulle ipotesi in campo, avanzare proposte concrete e individuare soluzioni condivise, che sappiano coniugare le esigenze dell\u2019evento con quelle dei cittadini. Sonia Bridda, coordinatrice Uil Veneto Belluno, ribadisce: \u201cChiudere le scuole durante le Olimpiadi Invernali potrebbe creare notevoli disagi agli studenti e alle famiglie. La preoccupazione principale riguarda il trasporto pubblico: l\u2019utilizzo esclusivo dei mezzi e degli autisti di Dolomitibus per i Giochi rischia di compromettere il servizio casa-scuola e casa-lavoro. La didattica a distanza, come ci ha insegnato l\u2019esperienza del Covid, non \u00e8 una soluzione valida. \u00c8 pi\u00f9 costruttivo rivedere di qualche giorno le festivit\u00e0 annuali o l\u2019inizio e la fine dell\u2019anno scolastico, prevedendo al massimo due giornate di didattica a distanza. Parallelamente, \u00e8 essenziale lavorare sul reclutamento di autisti e sull\u2019integrazione dei mezzi\u201d. Uil Veneto Belluno propone anche altre soluzioni per mitigare i disagi: ad esempio, accordi con i servizi di trasporto pubblico e privato di Treviso o di regioni vicine, per non sovraccaricare Dolomitibus. Se verranno attivati stage di alternanza scuola-lavoro durante i Giochi, sar\u00e0 fondamentale garantire sicurezza, formazione e tutele adeguate agli studenti. Infine, la mancata convocazione dei sindacati al tavolo di coordinamento rappresenta un\u2019occasione persa di dialogo. Tuttavia, Uil Veneto Belluno si dichiara disponibile a contribuire con idee e proposte, con l\u2019obiettivo comune di creare il minor disagio possibile per popolazione, turisti e sportivi, assicurando il successo dell\u2019evento e valorizzando il territorio.<\/p>\n<p>&nbsp;<\/p>\n<p>&nbsp;<\/p>\n<p>&nbsp;<\/p>\n<p>**********<\/p>\n","protected":false},"excerpt":{"rendered":"<p>******* &nbsp; BELLUNO Non sia la scuola a dover risolvere il problema legato alla mobilit\u00e0 durante i Giochi Olimpici, e non siano, soprattutto, ragazzi e ragazze, insegnanti e famiglie a pagare il prezzo della mancata programmazione sulla mobilit\u00e0 provinciale in occasione dell\u2019evento. I sindacati confederali esprimono le proprie preoccupazioni e raccomandazioni in una nota congiunta.&hellip;<\/p>\n","protected":false},"author":4,"featured_media":389043,"comment_status":"closed","ping_status":"closed","sticky":false,"template":"","format":"standard","meta":{"_monsterinsights_skip_tracking":false,"_monsterinsights_sitenote_active":false,"_monsterinsights_sitenote_note":"","_monsterinsights_sitenote_category":0,"footnotes":""},"categories":[51,49],"tags":[],"class_list":["post-445370","post","type-post","status-publish","format-standard","has-post-thumbnail","hentry","category-evidenza-top","category-news-18","category-51","category-49","description-off"],"img_url":"https:\/\/www.radiopiu.net\/wordpress\/wp-content\/uploads\/2024\/05\/CS_Dolomitibus.png","_links":{"self":[{"href":"https:\/\/www.radiopiu.net\/wordpress\/wp-json\/wp\/v2\/posts\/445370","targetHints":{"allow":["GET"]}}],"collection":[{"href":"https:\/\/www.radiopiu.net\/wordpress\/wp-json\/wp\/v2\/posts"}],"about":[{"href":"https:\/\/www.radiopiu.net\/wordpress\/wp-json\/wp\/v2\/types\/post"}],"author":[{"embeddable":true,"href":"https:\/\/www.radiopiu.net\/wordpress\/wp-json\/wp\/v2\/users\/4"}],"replies":[{"embeddable":true,"href":"https:\/\/www.radiopiu.net\/wordpress\/wp-json\/wp\/v2\/comments?post=445370"}],"version-history":[{"count":1,"href":"https:\/\/www.radiopiu.net\/wordpress\/wp-json\/wp\/v2\/posts\/445370\/revisions"}],"predecessor-version":[{"id":445371,"href":"https:\/\/www.radiopiu.net\/wordpress\/wp-json\/wp\/v2\/posts\/445370\/revisions\/445371"}],"wp:featuredmedia":[{"embeddable":true,"href":"https:\/\/www.radiopiu.net\/wordpress\/wp-json\/wp\/v2\/media\/389043"}],"wp:attachment":[{"href":"https:\/\/www.radiopiu.net\/wordpress\/wp-json\/wp\/v2\/media?parent=445370"}],"wp:term":[{"taxonomy":"category","embeddable":true,"href":"https:\/\/www.radiopiu.net\/wordpress\/wp-json\/wp\/v2\/categories?post=445370"},{"taxonomy":"post_tag","embeddable":true,"href":"https:\/\/www.radiopiu.net\/wordpress\/wp-json\/wp\/v2\/tags?post=445370"}],"curies":[{"name":"wp","href":"https:\/\/api.w.org\/{rel}","templated":true}]}}