{"id":445373,"date":"2025-04-17T05:35:48","date_gmt":"2025-04-17T03:35:48","guid":{"rendered":"https:\/\/www.radiopiu.net\/wordpress\/?p=445373"},"modified":"2025-04-17T05:38:36","modified_gmt":"2025-04-17T03:38:36","slug":"addio-a-sante-comel-il-ricordo-dellassociazione-bellunesi-nel-mondo","status":"publish","type":"post","link":"https:\/\/www.radiopiu.net\/wordpress\/addio-a-sante-comel-il-ricordo-dellassociazione-bellunesi-nel-mondo\/","title":{"rendered":"ADDIO A SANTE COMEL. IL RICORDO DELL&#8217;ASSOCIAZIONE BELLUNESI NEL MONDO"},"content":{"rendered":"<p>*******<\/p>\n<p>&nbsp;<\/p>\n<p><strong><a class=\"dt-pswp-item\" href=\"https:\/\/www.radiopiu.net\/wordpress\/wp-content\/uploads\/2025\/04\/sante_comel.jpg\" data-dt-img-description=\"\" data-large_image_width=\"1280\" data-large_image_height=\"640\"><img loading=\"lazy\" decoding=\"async\" class=\"size-medium wp-image-445374 alignleft\" src=\"https:\/\/www.radiopiu.net\/wordpress\/wp-content\/uploads\/2025\/04\/sante_comel-300x150.jpg\" alt=\"\" width=\"300\" height=\"150\" srcset=\"https:\/\/www.radiopiu.net\/wordpress\/wp-content\/uploads\/2025\/04\/sante_comel-300x150.jpg 300w, https:\/\/www.radiopiu.net\/wordpress\/wp-content\/uploads\/2025\/04\/sante_comel-1024x512.jpg 1024w, https:\/\/www.radiopiu.net\/wordpress\/wp-content\/uploads\/2025\/04\/sante_comel-768x384.jpg 768w, https:\/\/www.radiopiu.net\/wordpress\/wp-content\/uploads\/2025\/04\/sante_comel.jpg 1280w\" sizes=\"auto, (max-width: 300px) 100vw, 300px\" \/><\/a>BELLUNO <\/strong>Domenica 13 aprile 2025 \u00e8 venuto a mancare a Liegi, all\u2019et\u00e0 di 85 anni, Sante Comel, originario di Carve, frazione del Comune di Borgo Valbelluna, gi\u00e0 presidente della Famiglia Bellunese di Liegi. L\u2019Associazione Bellunesi nel Mondo si unisce al dolore della moglie Marcelle e dei figli Fr\u00e9d\u00e9ric, Isabelle e Laurence, ricordando un uomo che ha saputo rappresentare con dignit\u00e0 e orgoglio la comunit\u00e0 bellunese all\u2019estero. I funerali si terranno sabato 19 aprile alle ore 10:00 nella chiesa di Saint-Joseph d\u2019Ivoz Ramet, a Liegi. La sua figura va ben oltre l\u2019impegno associativo: Sante Comel \u00e8 stato infatti uno degli ingegneri coinvolti nella costruzione del CERN, il Conseil Europ\u00e9en pour la Recherche Nucl\u00e9aire, oggi il pi\u00f9 grande laboratorio di fisica delle particelle al mondo. Comel, figlio di un emigrante trasferitosi a Liegi, si laure\u00f2 in ingegneria e fu assunto in un\u2019importante acciaieria specializzata in leghe particolari. Questa industria fu selezionata per fornire l\u2019acciaio destinato alla realizzazione del primo grande acceleratore di particelle circolare del CERN. I materiali dovevano soddisfare requisiti tecnici molto stringenti: acciai magnetici, sagomati e curvati con precisione, lavorati attraverso prove e sperimentazioni complesse. L\u2019acciaieria, che impiegava oltre 30.000 persone, si dimostr\u00f2 all\u2019altezza della sfida.Comel stesso ricordava con orgoglio gli anni trascorsi in quel progetto: \u00abFurono anni entusiasmanti. I problemi erano tanti, soprattutto nella lavorazione e curvatura delle grandi lastre d\u2019acciaio, ma riuscimmo a realizzare un prodotto all\u2019altezza delle aspettative\u00bb. Il suo contributo si estese anche agli ampliamenti successivi del laboratorio, fino agli anni 2000. La figura di Sante Comel si inserisce in una lunga storia di emigrazione bellunese fatta di sacrificio, competenza e integrazione. Se molti emigranti del passato trovarono impiego come minatori in condizioni difficili, Comel rappresenta la seconda generazione che, attraverso studio e lavoro, ha saputo contribuire a progetti scientifici di portata globale.Il commento di Oscar De Bona, presidente dell\u2019Associazione Bellunesi nel Mondo: <em>\u00abCon la scomparsa di Sante Comel perdiamo non solo un presidente appassionato, ma un esempio concreto di come l\u2019emigrazione bellunese abbia saputo dare un contributo fondamentale allo sviluppo scientifico internazionale. Il suo impegno professionale e associativo rappresenta l\u2019essenza dei valori che l\u2019Abm promuove da sempre: identit\u00e0, dedizione e orgoglio delle proprie radici. Alla sua famiglia va il nostro pi\u00f9 sentito cordoglio\u00bb. <\/em>Il ricordo della sua opera e del suo impegno umano e professionale rimane un esempio per le nuove generazioni, simbolo della capacit\u00e0 bellunese di farsi strada nel mondo, con umilt\u00e0 e competenza.<\/p>\n<p>&nbsp;<\/p>\n<p>&nbsp;<\/p>\n<p>&nbsp;<\/p>\n<p>&nbsp;<\/p>\n<p>&nbsp;<\/p>\n","protected":false},"excerpt":{"rendered":"<p>******* &nbsp; BELLUNO Domenica 13 aprile 2025 \u00e8 venuto a mancare a Liegi, all\u2019et\u00e0 di 85 anni, Sante Comel, originario di Carve, frazione del Comune di Borgo Valbelluna, gi\u00e0 presidente della Famiglia Bellunese di Liegi. L\u2019Associazione Bellunesi nel Mondo si unisce al dolore della moglie Marcelle e dei figli Fr\u00e9d\u00e9ric, Isabelle e Laurence, ricordando un&hellip;<\/p>\n","protected":false},"author":4,"featured_media":445374,"comment_status":"closed","ping_status":"closed","sticky":false,"template":"","format":"standard","meta":{"_monsterinsights_skip_tracking":false,"_monsterinsights_sitenote_active":false,"_monsterinsights_sitenote_note":"","_monsterinsights_sitenote_category":0,"footnotes":""},"categories":[51,49],"tags":[],"class_list":["post-445373","post","type-post","status-publish","format-standard","has-post-thumbnail","hentry","category-evidenza-top","category-news-18","category-51","category-49","description-off"],"img_url":"https:\/\/www.radiopiu.net\/wordpress\/wp-content\/uploads\/2025\/04\/sante_comel.jpg","_links":{"self":[{"href":"https:\/\/www.radiopiu.net\/wordpress\/wp-json\/wp\/v2\/posts\/445373","targetHints":{"allow":["GET"]}}],"collection":[{"href":"https:\/\/www.radiopiu.net\/wordpress\/wp-json\/wp\/v2\/posts"}],"about":[{"href":"https:\/\/www.radiopiu.net\/wordpress\/wp-json\/wp\/v2\/types\/post"}],"author":[{"embeddable":true,"href":"https:\/\/www.radiopiu.net\/wordpress\/wp-json\/wp\/v2\/users\/4"}],"replies":[{"embeddable":true,"href":"https:\/\/www.radiopiu.net\/wordpress\/wp-json\/wp\/v2\/comments?post=445373"}],"version-history":[{"count":1,"href":"https:\/\/www.radiopiu.net\/wordpress\/wp-json\/wp\/v2\/posts\/445373\/revisions"}],"predecessor-version":[{"id":445375,"href":"https:\/\/www.radiopiu.net\/wordpress\/wp-json\/wp\/v2\/posts\/445373\/revisions\/445375"}],"wp:featuredmedia":[{"embeddable":true,"href":"https:\/\/www.radiopiu.net\/wordpress\/wp-json\/wp\/v2\/media\/445374"}],"wp:attachment":[{"href":"https:\/\/www.radiopiu.net\/wordpress\/wp-json\/wp\/v2\/media?parent=445373"}],"wp:term":[{"taxonomy":"category","embeddable":true,"href":"https:\/\/www.radiopiu.net\/wordpress\/wp-json\/wp\/v2\/categories?post=445373"},{"taxonomy":"post_tag","embeddable":true,"href":"https:\/\/www.radiopiu.net\/wordpress\/wp-json\/wp\/v2\/tags?post=445373"}],"curies":[{"name":"wp","href":"https:\/\/api.w.org\/{rel}","templated":true}]}}