{"id":445380,"date":"2025-04-17T05:23:42","date_gmt":"2025-04-17T03:23:42","guid":{"rendered":"https:\/\/www.radiopiu.net\/wordpress\/?p=445380"},"modified":"2025-04-17T05:45:16","modified_gmt":"2025-04-17T03:45:16","slug":"dillo-a-radio-piu-scuolabus-a-livinallongo-sicurezza-dei-bambini-prima-di-tutto","status":"publish","type":"post","link":"https:\/\/www.radiopiu.net\/wordpress\/dillo-a-radio-piu-scuolabus-a-livinallongo-sicurezza-dei-bambini-prima-di-tutto\/","title":{"rendered":"DILLO A RADIO PIU&#8217;&#8230;SCUOLABUS A LIVINALLONGO: SICUREZZA DEI BAMBINI PRIMA DI TUTTO"},"content":{"rendered":"<p>*****<\/p>\n<p>&nbsp;<\/p>\n<p><strong><a class=\"dt-pswp-item\" href=\"https:\/\/www.radiopiu.net\/wordpress\/wp-content\/uploads\/2020\/10\/mani-bambini.jpg\" data-dt-img-description=\"\" data-large_image_width=\"1920\" data-large_image_height=\"1280\"><img loading=\"lazy\" decoding=\"async\" class=\" wp-image-164891 alignleft\" src=\"https:\/\/www.radiopiu.net\/wordpress\/wp-content\/uploads\/2020\/10\/mani-bambini-300x200.jpg\" alt=\"\" width=\"209\" height=\"139\" srcset=\"https:\/\/www.radiopiu.net\/wordpress\/wp-content\/uploads\/2020\/10\/mani-bambini-300x200.jpg 300w, https:\/\/www.radiopiu.net\/wordpress\/wp-content\/uploads\/2020\/10\/mani-bambini-1024x683.jpg 1024w, https:\/\/www.radiopiu.net\/wordpress\/wp-content\/uploads\/2020\/10\/mani-bambini-768x512.jpg 768w, https:\/\/www.radiopiu.net\/wordpress\/wp-content\/uploads\/2020\/10\/mani-bambini-1536x1024.jpg 1536w, https:\/\/www.radiopiu.net\/wordpress\/wp-content\/uploads\/2020\/10\/mani-bambini.jpg 1920w\" sizes=\"auto, (max-width: 209px) 100vw, 209px\" \/><\/a>RICEVIAMO E PUBBLICHIAMO<\/strong><\/p>\n<p>Vorrei portare il mio contributo in merito alla vicenda accaduta sullo scuolabus a Livinallongo. Sui social, dove \u00e8 apparsa la notizia, si sono susseguiti molti commenti. Ritengo quindi opportuno fare un po\u2019 di chiarezza. Innanzitutto, \u00e8 doveroso precisare che si parla di bambini della scuola materna. I punti centrali di questa spiacevole vicenda sono tre: La presenza a bordo di un estintore a polvere chimica, non idoneo per ambienti frequentati da bambini. Che si sia trattato di un semplice &#8220;sbuffo&#8221;, come riportato nella nota del Sindaco Nagler, o che l\u2019estintore sia stato completamente scaricato, poco cambia: quell\u2019estintore non avrebbe dovuto trovarsi l\u00ec. I bambini, infatti, hanno inalato parte del contenuto espulso. I genitori non sono stati informati, n\u00e9 all\u2019arrivo dei bambini alla fermata, n\u00e9 nei giorni successivi all\u2019accaduto. Questo silenzio \u00e8 inaccettabile. Nessuno dell\u2019amministrazione comunale si \u00e8 premurato di verificare lo stato di salute dei bambini o di porgere delle scuse ufficiali. Sarebbe bastata una telefonata del Sindaco, o almeno una comunicazione per manifestare l\u2019intenzione di approfondire l\u2019accaduto. Da genitore, trovo estremamente doloroso sentire il primo cittadino affermare: <em data-start=\"1430\" data-end=\"1477\">&#8220;Abbiamo altre cose importanti a cui pensare&#8221;<\/em>. Qui non si tratta di polemica, ma di sicurezza: parliamo di bambini piccoli, del nostro futuro, in un&#8217;epoca in cui la denatalit\u00e0 \u00e8 gi\u00e0 un grave problema. Mi unisco infine alla lettera inviata alla redazione di Radio Pi\u00f9 da un altro genitore: perch\u00e9 dobbiamo sempre aspettare che accada il peggio prima di intervenire? A questo proposito, mi chiedo: le cinture di sicurezza ci sono? Sono obbligatorie? Sono utilizzate? Perch\u00e9 in un paese civile, nessuno dovrebbe essere accusato di &#8220;eccesso di zelo&#8221; quando si parla di sicurezza dei bambini. Concludo con un\u2019ultima, importante riflessione: i bambini sono adeguatamente sorvegliati durante il tragitto?<\/p>\n<p>Un altro genitore, seriamente preoccupato.<\/p>\n<p>&nbsp;<\/p>\n<p>&nbsp;<\/p>\n<p>&nbsp;<\/p>\n<p>&nbsp;<\/p>\n<p data-start=\"174\" data-end=\"274\">*******<\/p>\n","protected":false},"excerpt":{"rendered":"<p>***** &nbsp; RICEVIAMO E PUBBLICHIAMO Vorrei portare il mio contributo in merito alla vicenda accaduta sullo scuolabus a Livinallongo. Sui social, dove \u00e8 apparsa la notizia, si sono susseguiti molti commenti. Ritengo quindi opportuno fare un po\u2019 di chiarezza. Innanzitutto, \u00e8 doveroso precisare che si parla di bambini della scuola materna. I punti centrali di&hellip;<\/p>\n","protected":false},"author":4,"featured_media":164891,"comment_status":"closed","ping_status":"closed","sticky":false,"template":"","format":"standard","meta":{"_monsterinsights_skip_tracking":false,"_monsterinsights_sitenote_active":false,"_monsterinsights_sitenote_note":"","_monsterinsights_sitenote_category":0,"footnotes":""},"categories":[104,49],"tags":[],"class_list":["post-445380","post","type-post","status-publish","format-standard","has-post-thumbnail","hentry","category-evidenza_3","category-news-18","category-104","category-49","description-off"],"img_url":"https:\/\/www.radiopiu.net\/wordpress\/wp-content\/uploads\/2020\/10\/mani-bambini.jpg","_links":{"self":[{"href":"https:\/\/www.radiopiu.net\/wordpress\/wp-json\/wp\/v2\/posts\/445380","targetHints":{"allow":["GET"]}}],"collection":[{"href":"https:\/\/www.radiopiu.net\/wordpress\/wp-json\/wp\/v2\/posts"}],"about":[{"href":"https:\/\/www.radiopiu.net\/wordpress\/wp-json\/wp\/v2\/types\/post"}],"author":[{"embeddable":true,"href":"https:\/\/www.radiopiu.net\/wordpress\/wp-json\/wp\/v2\/users\/4"}],"replies":[{"embeddable":true,"href":"https:\/\/www.radiopiu.net\/wordpress\/wp-json\/wp\/v2\/comments?post=445380"}],"version-history":[{"count":3,"href":"https:\/\/www.radiopiu.net\/wordpress\/wp-json\/wp\/v2\/posts\/445380\/revisions"}],"predecessor-version":[{"id":445388,"href":"https:\/\/www.radiopiu.net\/wordpress\/wp-json\/wp\/v2\/posts\/445380\/revisions\/445388"}],"wp:featuredmedia":[{"embeddable":true,"href":"https:\/\/www.radiopiu.net\/wordpress\/wp-json\/wp\/v2\/media\/164891"}],"wp:attachment":[{"href":"https:\/\/www.radiopiu.net\/wordpress\/wp-json\/wp\/v2\/media?parent=445380"}],"wp:term":[{"taxonomy":"category","embeddable":true,"href":"https:\/\/www.radiopiu.net\/wordpress\/wp-json\/wp\/v2\/categories?post=445380"},{"taxonomy":"post_tag","embeddable":true,"href":"https:\/\/www.radiopiu.net\/wordpress\/wp-json\/wp\/v2\/tags?post=445380"}],"curies":[{"name":"wp","href":"https:\/\/api.w.org\/{rel}","templated":true}]}}