{"id":445422,"date":"2025-04-17T07:50:47","date_gmt":"2025-04-17T05:50:47","guid":{"rendered":"https:\/\/www.radiopiu.net\/wordpress\/?p=445422"},"modified":"2025-04-17T07:50:47","modified_gmt":"2025-04-17T05:50:47","slug":"le-tre-cime-di-lavaredo-assediate-dalle-auto-oltre-150-persone-ad-auronzo-per-discutere-soluzioni-sostenibili","status":"publish","type":"post","link":"https:\/\/www.radiopiu.net\/wordpress\/le-tre-cime-di-lavaredo-assediate-dalle-auto-oltre-150-persone-ad-auronzo-per-discutere-soluzioni-sostenibili\/","title":{"rendered":"LE TRE CIME DI LAVAREDO ASSEDIATE DALLE AUTO: OLTRE 150 PERSONE AD AURONZO PER DISCUTERE SOLUZIONI SOSTENIBILI"},"content":{"rendered":"<p>**<\/p>\n<p><img loading=\"lazy\" decoding=\"async\" class=\"alignleft\" src=\"https:\/\/www.radiopiu.net\/wordpress\/wp-content\/uploads\/2020\/11\/Tre-Cime-di-Lavaredo_ph.MorenoGeremetta.jpg\" width=\"190\" height=\"107\" \/>Sabato 29 marzo si \u00e8 tenuta ad Auronzo di Cadore una partecipata tavola rotonda dal titolo <em data-start=\"123\" data-end=\"205\">&#8220;La lunga visione di Dino Buzzati: Le Tre Cime di Lavaredo assediate dalle auto&#8221;<\/em>, promossa da numerose associazioni ambientaliste. Oltre 150 i presenti, tra cittadini, associazioni e imprenditori del territorio. Al centro del dibattito, la crescente insostenibilit\u00e0 dell\u2019accesso veicolare alle Tre Cime e la necessit\u00e0 di soluzioni condivise. Diversi relatori, tra cui rappresentanti del CAI e di Mountain Wilderness Italia, hanno ribadito l\u2019urgenza di un cambiamento. L\u2019incontro \u00e8 stato il primo passo di un percorso partecipativo: \u00e8 in fase di redazione un documento che raccoglier\u00e0 riflessioni e proposte. I cittadini possono ancora inviare contributi scrivendo a <a rel=\"noopener\" data-start=\"791\" data-end=\"822\">peraltrestrade.cadore@gmail.com<\/a>.<\/p>\n<p>&nbsp;<\/p>\n<hr \/>\n<p>&nbsp;<\/p>\n<a href=\"https:\/\/www.radiopiu.net\/wordpress\/wp-content\/uploads\/2025\/04\/Dino-Buzzati-1952-SALVARE-DALLE-MACCHINE-LE-TRE-CIME-DI-LAVAREDO.pdf\" class=\"pdfemb-viewer\" style=\"\" data-width=\"max\" data-height=\"max\" data-toolbar=\"top\" data-toolbar-fixed=\"on\">Dino Buzzati 1952 SALVARE DALLE MACCHINE LE TRE CIME DI LAVAREDO<\/a>\n","protected":false},"excerpt":{"rendered":"<p>** Sabato 29 marzo si \u00e8 tenuta ad Auronzo di Cadore una partecipata tavola rotonda dal titolo &#8220;La lunga visione di Dino Buzzati: Le Tre Cime di Lavaredo assediate dalle auto&#8221;, promossa da numerose associazioni ambientaliste. Oltre 150 i presenti, tra cittadini, associazioni e imprenditori del territorio. Al centro del dibattito, la crescente insostenibilit\u00e0 dell\u2019accesso&hellip;<\/p>\n","protected":false},"author":4,"featured_media":173258,"comment_status":"closed","ping_status":"closed","sticky":false,"template":"","format":"standard","meta":{"_monsterinsights_skip_tracking":false,"_monsterinsights_sitenote_active":false,"_monsterinsights_sitenote_note":"","_monsterinsights_sitenote_category":0,"footnotes":""},"categories":[49],"tags":[],"class_list":["post-445422","post","type-post","status-publish","format-standard","has-post-thumbnail","hentry","category-news-18","category-49","description-off"],"img_url":"https:\/\/www.radiopiu.net\/wordpress\/wp-content\/uploads\/2020\/11\/Tre-Cime-di-Lavaredo_ph.MorenoGeremetta.jpg","_links":{"self":[{"href":"https:\/\/www.radiopiu.net\/wordpress\/wp-json\/wp\/v2\/posts\/445422","targetHints":{"allow":["GET"]}}],"collection":[{"href":"https:\/\/www.radiopiu.net\/wordpress\/wp-json\/wp\/v2\/posts"}],"about":[{"href":"https:\/\/www.radiopiu.net\/wordpress\/wp-json\/wp\/v2\/types\/post"}],"author":[{"embeddable":true,"href":"https:\/\/www.radiopiu.net\/wordpress\/wp-json\/wp\/v2\/users\/4"}],"replies":[{"embeddable":true,"href":"https:\/\/www.radiopiu.net\/wordpress\/wp-json\/wp\/v2\/comments?post=445422"}],"version-history":[{"count":1,"href":"https:\/\/www.radiopiu.net\/wordpress\/wp-json\/wp\/v2\/posts\/445422\/revisions"}],"predecessor-version":[{"id":445424,"href":"https:\/\/www.radiopiu.net\/wordpress\/wp-json\/wp\/v2\/posts\/445422\/revisions\/445424"}],"wp:featuredmedia":[{"embeddable":true,"href":"https:\/\/www.radiopiu.net\/wordpress\/wp-json\/wp\/v2\/media\/173258"}],"wp:attachment":[{"href":"https:\/\/www.radiopiu.net\/wordpress\/wp-json\/wp\/v2\/media?parent=445422"}],"wp:term":[{"taxonomy":"category","embeddable":true,"href":"https:\/\/www.radiopiu.net\/wordpress\/wp-json\/wp\/v2\/categories?post=445422"},{"taxonomy":"post_tag","embeddable":true,"href":"https:\/\/www.radiopiu.net\/wordpress\/wp-json\/wp\/v2\/tags?post=445422"}],"curies":[{"name":"wp","href":"https:\/\/api.w.org\/{rel}","templated":true}]}}