{"id":445432,"date":"2025-04-18T05:31:55","date_gmt":"2025-04-18T03:31:55","guid":{"rendered":"https:\/\/www.radiopiu.net\/wordpress\/?p=445432"},"modified":"2025-04-18T05:45:07","modified_gmt":"2025-04-18T03:45:07","slug":"no-al-nuovo-supermercato-vogliamo-spazi-pubblici-per-il-quartiere","status":"publish","type":"post","link":"https:\/\/www.radiopiu.net\/wordpress\/no-al-nuovo-supermercato-vogliamo-spazi-pubblici-per-il-quartiere\/","title":{"rendered":"NO AL NUOVO SUPERMERCATO: \u00abVOGLIAMO SPAZI PUBBLICI PER IL QUARTIERE\u00bb"},"content":{"rendered":"<p>**<\/p>\n<article class=\"text-token-text-primary w-full\" dir=\"auto\" data-testid=\"conversation-turn-54\" data-scroll-anchor=\"true\">\n<div class=\"text-base my-auto mx-auto py-5 [--thread-content-margin:--spacing(4)] @[37rem]:[--thread-content-margin:--spacing(6)] @[70rem]:[--thread-content-margin:--spacing(12)] px-(--thread-content-margin)\">\n<div class=\"[--thread-content-max-width:32rem] @[34rem]:[--thread-content-max-width:40rem] @[64rem]:[--thread-content-max-width:48rem] mx-auto flex max-w-(--thread-content-max-width) flex-1 text-base gap-4 md:gap-5 lg:gap-6 group\/turn-messages focus-visible:outline-hidden\" tabindex=\"-1\">\n<div class=\"group\/conversation-turn relative flex w-full min-w-0 flex-col agent-turn\">\n<div class=\"relative flex-col gap-1 md:gap-3\">\n<div class=\"flex max-w-full flex-col grow\">\n<div class=\"min-h-8 text-message relative flex w-full flex-col items-end gap-2 text-start break-words whitespace-normal [.text-message+&amp;]:mt-5\" dir=\"auto\" data-message-author-role=\"assistant\" data-message-id=\"eb0d42df-159b-46a9-ae3f-2791ad97ca56\" data-message-model-slug=\"gpt-4o\">\n<div class=\"flex w-full flex-col gap-1 empty:hidden first:pt-[3px]\">\n<div class=\"markdown prose dark:prose-invert w-full break-words dark\">\n<p class=\"\" data-start=\"103\" data-end=\"453\"><strong>BELLUNO<\/strong> \u2013 Continua la mobilitazione contro la variante urbanistica che prevede la costruzione di un supermercato nell\u2019area ex AGIP, tra via Vittorio Veneto e piazzale della Resistenza. Il Comitato di quartiere Baldenich24 rilancia la protesta con un banchetto informativo sabato 19 aprile al Parco Millennium, dove proseguir\u00e0 anche la raccolta firme.<em>\u00abSi tratta di una scelta imposta dall\u2019alto\u00bb,<\/em> denuncia Luigi Filippo Daniele, portavoce del Comitato, che propone invece un utilizzo pubblico dell\u2019area: un parco, un centro civico o uno spazio culturale. Gi\u00e0 oltre 700 le firme raccolte per dire no a nuova cementificazione e s\u00ec a un quartiere pi\u00f9 vivibile. Durante l\u2019incontro verr\u00e0 distribuito il libro <em data-start=\"808\" data-end=\"862\">La questione Ex Area AGIP. Area verde o commerciale?<\/em>, scritto dallo stesso Daniele, che ricostruisce il valore storico e culturale del sito. Marted\u00ec 22 aprile la petizione approder\u00e0 alla Conferenza dei Presidenti del Consiglio Comunale. Se approvata, sar\u00e0 discussa e votata dal Consiglio. L\u2019obiettivo del Comitato \u00e8 chiaro: tutelare l\u2019area come <em data-start=\"1156\" data-end=\"1183\">Verde Pubblico Attrezzato<\/em>.<\/p>\n<p data-start=\"103\" data-end=\"453\">\n<\/div>\n<\/div>\n<\/div>\n<\/div>\n<\/div>\n<div class=\"absolute\">\n<div class=\"flex items-center justify-center\"><a class=\"dt-pswp-item\" href=\"https:\/\/www.radiopiu.net\/wordpress\/wp-content\/uploads\/2025\/04\/1000095249.jpg\" data-dt-img-description=\"\" data-large_image_width=\"1080\" data-large_image_height=\"1080\"><img loading=\"lazy\" decoding=\"async\" class=\"alignnone size-medium wp-image-445433\" src=\"https:\/\/www.radiopiu.net\/wordpress\/wp-content\/uploads\/2025\/04\/1000095249-300x300.jpg\" alt=\"\" width=\"300\" height=\"300\" srcset=\"https:\/\/www.radiopiu.net\/wordpress\/wp-content\/uploads\/2025\/04\/1000095249-300x300.jpg 300w, https:\/\/www.radiopiu.net\/wordpress\/wp-content\/uploads\/2025\/04\/1000095249-1024x1024.jpg 1024w, https:\/\/www.radiopiu.net\/wordpress\/wp-content\/uploads\/2025\/04\/1000095249-150x150.jpg 150w, https:\/\/www.radiopiu.net\/wordpress\/wp-content\/uploads\/2025\/04\/1000095249-768x768.jpg 768w, https:\/\/www.radiopiu.net\/wordpress\/wp-content\/uploads\/2025\/04\/1000095249.jpg 1080w\" sizes=\"auto, (max-width: 300px) 100vw, 300px\" \/><\/a><a class=\"dt-pswp-item\" href=\"https:\/\/www.radiopiu.net\/wordpress\/wp-content\/uploads\/2025\/04\/1000143115.jpg\" data-dt-img-description=\"\" data-large_image_width=\"1600\" data-large_image_height=\"1200\"><img loading=\"lazy\" decoding=\"async\" class=\"alignnone size-medium wp-image-445434\" src=\"https:\/\/www.radiopiu.net\/wordpress\/wp-content\/uploads\/2025\/04\/1000143115-300x225.jpg\" alt=\"\" width=\"300\" height=\"225\" srcset=\"https:\/\/www.radiopiu.net\/wordpress\/wp-content\/uploads\/2025\/04\/1000143115-300x225.jpg 300w, https:\/\/www.radiopiu.net\/wordpress\/wp-content\/uploads\/2025\/04\/1000143115-1024x768.jpg 1024w, https:\/\/www.radiopiu.net\/wordpress\/wp-content\/uploads\/2025\/04\/1000143115-768x576.jpg 768w, https:\/\/www.radiopiu.net\/wordpress\/wp-content\/uploads\/2025\/04\/1000143115-1536x1152.jpg 1536w, https:\/\/www.radiopiu.net\/wordpress\/wp-content\/uploads\/2025\/04\/1000143115.jpg 1600w\" sizes=\"auto, (max-width: 300px) 100vw, 300px\" \/><\/a><\/div>\n<\/div>\n<\/div>\n<\/div>\n<\/div>\n<\/article>\n<div><\/div>\n<div><\/div>\n<div><\/div>\n<div>\n<hr \/>\n<\/div>\n<div class=\"pointer-events-none h-px w-px\" aria-hidden=\"true\" data-edge=\"true\"><\/div>\n","protected":false},"excerpt":{"rendered":"<p>** BELLUNO \u2013 Continua la mobilitazione contro la variante urbanistica che prevede la costruzione di un supermercato nell\u2019area ex AGIP, tra via Vittorio Veneto e piazzale della Resistenza. Il Comitato di quartiere Baldenich24 rilancia la protesta con un banchetto informativo sabato 19 aprile al Parco Millennium, dove proseguir\u00e0 anche la raccolta firme.\u00abSi tratta di una&hellip;<\/p>\n","protected":false},"author":4,"featured_media":445433,"comment_status":"closed","ping_status":"closed","sticky":false,"template":"","format":"standard","meta":{"_monsterinsights_skip_tracking":false,"_monsterinsights_sitenote_active":false,"_monsterinsights_sitenote_note":"","_monsterinsights_sitenote_category":0,"footnotes":""},"categories":[51,49],"tags":[],"class_list":["post-445432","post","type-post","status-publish","format-standard","has-post-thumbnail","hentry","category-evidenza-top","category-news-18","category-51","category-49","description-off"],"img_url":"https:\/\/www.radiopiu.net\/wordpress\/wp-content\/uploads\/2025\/04\/1000095249.jpg","_links":{"self":[{"href":"https:\/\/www.radiopiu.net\/wordpress\/wp-json\/wp\/v2\/posts\/445432","targetHints":{"allow":["GET"]}}],"collection":[{"href":"https:\/\/www.radiopiu.net\/wordpress\/wp-json\/wp\/v2\/posts"}],"about":[{"href":"https:\/\/www.radiopiu.net\/wordpress\/wp-json\/wp\/v2\/types\/post"}],"author":[{"embeddable":true,"href":"https:\/\/www.radiopiu.net\/wordpress\/wp-json\/wp\/v2\/users\/4"}],"replies":[{"embeddable":true,"href":"https:\/\/www.radiopiu.net\/wordpress\/wp-json\/wp\/v2\/comments?post=445432"}],"version-history":[{"count":1,"href":"https:\/\/www.radiopiu.net\/wordpress\/wp-json\/wp\/v2\/posts\/445432\/revisions"}],"predecessor-version":[{"id":445435,"href":"https:\/\/www.radiopiu.net\/wordpress\/wp-json\/wp\/v2\/posts\/445432\/revisions\/445435"}],"wp:featuredmedia":[{"embeddable":true,"href":"https:\/\/www.radiopiu.net\/wordpress\/wp-json\/wp\/v2\/media\/445433"}],"wp:attachment":[{"href":"https:\/\/www.radiopiu.net\/wordpress\/wp-json\/wp\/v2\/media?parent=445432"}],"wp:term":[{"taxonomy":"category","embeddable":true,"href":"https:\/\/www.radiopiu.net\/wordpress\/wp-json\/wp\/v2\/categories?post=445432"},{"taxonomy":"post_tag","embeddable":true,"href":"https:\/\/www.radiopiu.net\/wordpress\/wp-json\/wp\/v2\/tags?post=445432"}],"curies":[{"name":"wp","href":"https:\/\/api.w.org\/{rel}","templated":true}]}}