{"id":445436,"date":"2025-04-18T05:39:40","date_gmt":"2025-04-18T03:39:40","guid":{"rendered":"https:\/\/www.radiopiu.net\/wordpress\/?p=445436"},"modified":"2025-04-18T07:56:09","modified_gmt":"2025-04-18T05:56:09","slug":"giornale-radiopiu-18-aprile-2025-direttore-mirko-mezzacasa","status":"publish","type":"post","link":"https:\/\/www.radiopiu.net\/wordpress\/giornale-radiopiu-18-aprile-2025-direttore-mirko-mezzacasa\/","title":{"rendered":"GIORNALE RADIOPIU 18 APRILE 2025 DIRETTORE MIRKO MEZZACASA"},"content":{"rendered":"<p>******<\/p>\n<p>&nbsp;<\/p>\n<p>&nbsp;<\/p>\n<p><em><span style=\"color: #ff0000;\"><a class=\"dt-pswp-item\" href=\"https:\/\/www.radiopiu.net\/wordpress\/wp-content\/uploads\/2024\/10\/Senza-nome-8.png\" data-dt-img-description=\"\" data-large_image_width=\"343\" data-large_image_height=\"303\"><img loading=\"lazy\" decoding=\"async\" class=\"wp-image-412130 alignleft\" src=\"https:\/\/www.radiopiu.net\/wordpress\/wp-content\/uploads\/2024\/10\/Senza-nome-8-300x265.png\" alt=\"\" width=\"105\" height=\"93\" srcset=\"https:\/\/www.radiopiu.net\/wordpress\/wp-content\/uploads\/2024\/10\/Senza-nome-8-300x265.png 300w, https:\/\/www.radiopiu.net\/wordpress\/wp-content\/uploads\/2024\/10\/Senza-nome-8.png 343w\" sizes=\"auto, (max-width: 105px) 100vw, 105px\" \/><\/a><\/span><\/em><strong><em><span style=\"color: #ff0000;\"> LA\u00a0 APP PER IOS-IPHONE di Nicola Vettorello<\/span><\/em><\/strong><\/p>\n<p><strong><span style=\"color: #0000ff;\"><a style=\"color: #0000ff;\" href=\"https:\/\/apps.apple.com\/it\/app\/radio-pi%C3%B9-emittente-agordina\/id1515939845\">https:\/\/apps.apple.com\/it\/app\/radio-pi%C3%B9-emittente-agordina\/id1515939845<\/a><\/span><\/strong><\/p>\n<p><strong><em style=\"color: #ff0000;\">LA\u00a0 APP RADIO\u00a0 PER ANDROID di Nicola Vettorello<\/em><\/strong><\/p>\n<p><strong><span style=\"color: #0000ff;\"><a style=\"color: #0000ff;\" href=\"https:\/\/play.google.com\/store\/apps\/details?id=net.radiopiu.iniko\" target=\"_blank\" rel=\"noopener noreferrer\">https:\/\/<\/a><a style=\"color: #0000ff;\" href=\"https:\/\/play.google.com\/store\/apps\/details?id=net.radiopiu.iniko\" target=\"_blank\" rel=\"noopener noreferrer\">play.google.com\/store\/apps\/details?id=net.radiopiu.iniko\u00a0\u00a0\u00a0\u00a0<\/a><\/span><\/strong><\/p>\n<p>&nbsp;<\/p>\n<p>&nbsp;<\/p>\n<hr \/>\n<p><span style=\"color: #0000ff;\">\u00a0<\/span><\/p>\n<p>&nbsp;<\/p>\n<blockquote>\n<h1 data-start=\"0\" data-end=\"60\"><strong data-start=\"0\" data-end=\"60\">OGGI SU RADIOPI\u00d9: MUSICA, informazione\u00a0 e dirette\u00a0<\/strong><\/h1>\n<\/blockquote>\n<p class=\"\" data-start=\"62\" data-end=\"463\"><a class=\"dt-pswp-item\" href=\"https:\/\/www.radiopiu.net\/wordpress\/wp-content\/uploads\/2025\/04\/012f76d4-7b89-4d9c-b971-f0d6d6718832.jpg\" data-dt-img-description=\"\" data-large_image_width=\"2048\" data-large_image_height=\"1152\"><img loading=\"lazy\" decoding=\"async\" class=\" wp-image-445565 alignleft\" src=\"https:\/\/www.radiopiu.net\/wordpress\/wp-content\/uploads\/2025\/04\/012f76d4-7b89-4d9c-b971-f0d6d6718832-300x169.jpg\" alt=\"\" width=\"264\" height=\"149\" srcset=\"https:\/\/www.radiopiu.net\/wordpress\/wp-content\/uploads\/2025\/04\/012f76d4-7b89-4d9c-b971-f0d6d6718832-300x169.jpg 300w, https:\/\/www.radiopiu.net\/wordpress\/wp-content\/uploads\/2025\/04\/012f76d4-7b89-4d9c-b971-f0d6d6718832-1024x576.jpg 1024w, https:\/\/www.radiopiu.net\/wordpress\/wp-content\/uploads\/2025\/04\/012f76d4-7b89-4d9c-b971-f0d6d6718832-768x432.jpg 768w, https:\/\/www.radiopiu.net\/wordpress\/wp-content\/uploads\/2025\/04\/012f76d4-7b89-4d9c-b971-f0d6d6718832-1536x864.jpg 1536w, https:\/\/www.radiopiu.net\/wordpress\/wp-content\/uploads\/2025\/04\/012f76d4-7b89-4d9c-b971-f0d6d6718832.jpg 2048w\" sizes=\"auto, (max-width: 264px) 100vw, 264px\" \/><\/a>Giornata ricca di appuntamenti su RadioPi\u00f9! Si parte alle <strong data-start=\"120\" data-end=\"129\">09.00<\/strong> Premiere di Marco Gaz le novit\u00e0 alla radio ed a seguire alle <strong>9.40<\/strong>\u00a0 le selezioni anni Ottanta da Monica Fontanive, seguita alle <strong data-start=\"188\" data-end=\"197\">10.10<\/strong> da\u00a0 le nove in ladin con il Musla \u00a0\u00a0e alle <strong data-start=\"397\" data-end=\"406\">11.00<\/strong> Batticinque con Alessio e Marina\u00a0Nel pomeriggio, alle <strong data-start=\"486\" data-end=\"495\">13.20<\/strong>, torna <strong data-start=\"503\" data-end=\"514\">Collage<\/strong> con <strong data-start=\"519\" data-end=\"536\">Loris Scussel<\/strong>, mentre alle 14 00 Music Abc con Athos e Marina <strong data-start=\"550\" data-end=\"559\">15.10<\/strong>\u00a0<b> Week end Marina c&#8217;e&#8217;<\/b>. Chiude il pomeriggio musicale alle <strong data-start=\"658\" data-end=\"667\">16.45<\/strong> <strong data-start=\"668\" data-end=\"688\">Mirco Bencivenni<\/strong> con classifiche e storia della musica. Alle <strong data-start=\"733\" data-end=\"742\">19.00<\/strong> spazio all\u2019informazione con le anticipazioni del TG di <strong data-start=\"798\" data-end=\"811\">Antenna 3<\/strong>, curate da <strong data-start=\"823\" data-end=\"844\">Tiziana Bolognani<\/strong>.<\/p>\n<p class=\"\" data-start=\"847\" data-end=\"1211\"><strong data-start=\"847\" data-end=\"905\">LA SAGRA DE PASCA, RADIOPI\u00d9 IN DIRETTA! <\/strong>Seconda serata della Sagra De Pasca a Taibon Agordino. Cucina aperta con specialit\u00e0 di pesce (seppie in umido e baccal\u00e0) e dalle 21 la musica di Federica Cocco.\u00a0 La diretta radiofonica sar\u00e0 curata da <strong data-start=\"1251\" data-end=\"1270\">Gianfranco Tom\u00e8<\/strong>, con animazione di <strong data-start=\"1290\" data-end=\"1305\">Marina Don\u00e0<\/strong>. RadioPi\u00f9, come sempre, \u00e8 in prima linea negli eventi locali: <strong data-start=\"1384\" data-end=\"1419\">oggi, domani\u00a0 e domenica<\/strong> in diretta da Taibon, in collaborazione con <strong data-start=\"1464\" data-end=\"1515\">Gruppo Sportivo, Pro Loco e Donatori del Sangue<\/strong>.<\/p>\n<div class=\"page-title-head hgroup\">\n<h1 class=\"entry-title\">SAGRA DE PASCA, PRIMA SERATA le foto di ERIK LENA<\/h1>\n<blockquote class=\"wp-embedded-content\" data-secret=\"ExoR8anxHA\"><p><a href=\"https:\/\/www.radiopiu.net\/wordpress\/sagra-de-pasca-prima-serata-le-foto-di-erik-lena\/\">SAGRA DE PASCA, PRIMA SERATA le foto di ERIK LENA<\/a><\/p><\/blockquote>\n<p><iframe loading=\"lazy\" class=\"wp-embedded-content\" sandbox=\"allow-scripts\" security=\"restricted\" style=\"position: absolute; visibility: hidden;\" title=\"&#8220;SAGRA DE PASCA, PRIMA SERATA le foto di ERIK LENA&#8221; &#8212; Radio Pi\u00f9\" src=\"https:\/\/www.radiopiu.net\/wordpress\/sagra-de-pasca-prima-serata-le-foto-di-erik-lena\/embed\/#?secret=IqqmsGRFqF#?secret=ExoR8anxHA\" data-secret=\"ExoR8anxHA\" width=\"600\" height=\"338\" frameborder=\"0\" marginwidth=\"0\" marginheight=\"0\" scrolling=\"no\"><\/iframe><\/p>\n<\/div>\n<hr \/>\n<p>&nbsp;<\/p>\n<p>&nbsp;<\/p>\n<div class=\"x11i5rnm xat24cr x1mh8g0r x1vvkbs xtlvy1s x126k92a\">\n<div dir=\"auto\">\n<div dir=\"auto\">\n<p><strong><a class=\"dt-pswp-item\" href=\"https:\/\/www.radiopiu.net\/wordpress\/wp-content\/uploads\/2024\/02\/2d44e751-d8a8-461b-8e22-d8e4e853b032.jpg\" data-dt-img-description=\"\" data-large_image_width=\"1600\" data-large_image_height=\"1200\"><img loading=\"lazy\" decoding=\"async\" class=\"wp-image-373307 alignleft\" src=\"https:\/\/www.radiopiu.net\/wordpress\/wp-content\/uploads\/2024\/02\/2d44e751-d8a8-461b-8e22-d8e4e853b032-300x225.jpg\" alt=\"\" width=\"105\" height=\"79\" srcset=\"https:\/\/www.radiopiu.net\/wordpress\/wp-content\/uploads\/2024\/02\/2d44e751-d8a8-461b-8e22-d8e4e853b032-300x225.jpg 300w, https:\/\/www.radiopiu.net\/wordpress\/wp-content\/uploads\/2024\/02\/2d44e751-d8a8-461b-8e22-d8e4e853b032-1024x768.jpg 1024w, https:\/\/www.radiopiu.net\/wordpress\/wp-content\/uploads\/2024\/02\/2d44e751-d8a8-461b-8e22-d8e4e853b032-768x576.jpg 768w, https:\/\/www.radiopiu.net\/wordpress\/wp-content\/uploads\/2024\/02\/2d44e751-d8a8-461b-8e22-d8e4e853b032-1536x1152.jpg 1536w, https:\/\/www.radiopiu.net\/wordpress\/wp-content\/uploads\/2024\/02\/2d44e751-d8a8-461b-8e22-d8e4e853b032.jpg 1600w\" sizes=\"auto, (max-width: 105px) 100vw, 105px\" \/><\/a>EL BAL DEL FIOR, DI GIULIANA DA RONCH, 18 APRILE<\/strong><strong> 2025<\/strong><\/p>\n<\/div>\n<p>&nbsp;<\/p>\n<audio class=\"wp-audio-shortcode\" id=\"audio-445436-1\" preload=\"none\" style=\"width: 100%;\" controls=\"controls\"><source type=\"audio\/mpeg\" src=\"https:\/\/www.radiopiu.net\/wordpress\/wp-content\/uploads\/2025\/04\/GVE-1.mp3?_=1\" \/><a href=\"https:\/\/www.radiopiu.net\/wordpress\/wp-content\/uploads\/2025\/04\/GVE-1.mp3\">https:\/\/www.radiopiu.net\/wordpress\/wp-content\/uploads\/2025\/04\/GVE-1.mp3<\/a><\/audio>\n<div dir=\"auto\">\n<p>&nbsp;<\/p>\n<hr \/>\n<p>&nbsp;<\/p>\n<p>&nbsp;<\/p>\n<\/div>\n<\/div>\n<\/div>\n<div class=\"x11i5rnm xat24cr x1mh8g0r x1vvkbs xtlvy1s x126k92a\">\n<blockquote>\n<h1><strong><a class=\"dt-pswp-item\" href=\"https:\/\/www.radiopiu.net\/wordpress\/wp-content\/uploads\/2024\/10\/629301fd-708d-4f53-95c2-d28cbefd500f.jpg\" data-dt-img-description=\"\" data-large_image_width=\"1600\" data-large_image_height=\"1322\"><img loading=\"lazy\" decoding=\"async\" class=\"wp-image-413782 alignright\" src=\"https:\/\/www.radiopiu.net\/wordpress\/wp-content\/uploads\/2024\/10\/629301fd-708d-4f53-95c2-d28cbefd500f-300x248.jpg\" alt=\"\" width=\"106\" height=\"88\" srcset=\"https:\/\/www.radiopiu.net\/wordpress\/wp-content\/uploads\/2024\/10\/629301fd-708d-4f53-95c2-d28cbefd500f-300x248.jpg 300w, https:\/\/www.radiopiu.net\/wordpress\/wp-content\/uploads\/2024\/10\/629301fd-708d-4f53-95c2-d28cbefd500f-1024x846.jpg 1024w, https:\/\/www.radiopiu.net\/wordpress\/wp-content\/uploads\/2024\/10\/629301fd-708d-4f53-95c2-d28cbefd500f-768x635.jpg 768w, https:\/\/www.radiopiu.net\/wordpress\/wp-content\/uploads\/2024\/10\/629301fd-708d-4f53-95c2-d28cbefd500f-1536x1269.jpg 1536w, https:\/\/www.radiopiu.net\/wordpress\/wp-content\/uploads\/2024\/10\/629301fd-708d-4f53-95c2-d28cbefd500f.jpg 1600w\" sizes=\"auto, (max-width: 106px) 100vw, 106px\" \/><\/a><\/strong><\/h1>\n<h1><strong><a class=\"dt-pswp-item\" href=\"https:\/\/www.radiopiu.net\/wordpress\/wp-content\/uploads\/2024\/11\/th-18.jpg\" data-dt-img-description=\"\" data-large_image_width=\"156\" data-large_image_height=\"180\"><img loading=\"lazy\" decoding=\"async\" class=\"size-full wp-image-421611 alignleft\" src=\"https:\/\/www.radiopiu.net\/wordpress\/wp-content\/uploads\/2024\/11\/th-18.jpg\" alt=\"\" width=\"156\" height=\"180\" \/><\/a><\/strong><\/h1>\n<h1><strong>N di parom &#8211; L Almanach de la nosta jent<\/strong><\/h1>\n<\/blockquote>\n<p>&nbsp;<\/p>\n<p>Le voci: Davide Conedera, Agordo, Michela Dell&#8217;Osbel, La Valle Agordina Simone Ganz, Falcade Veronica Lezuo, Colle Santa Lucia. La voce nella sigla \u00e8 di Giorgia Taio<\/p>\n<p><strong>LA PUNTATA DI OGGI, 18 APRILE 2025<\/strong><\/p>\n<audio class=\"wp-audio-shortcode\" id=\"audio-445436-2\" preload=\"none\" style=\"width: 100%;\" controls=\"controls\"><source type=\"audio\/mpeg\" src=\"https:\/\/www.radiopiu.net\/wordpress\/wp-content\/uploads\/2025\/04\/AL5-1.mp3?_=2\" \/><a href=\"https:\/\/www.radiopiu.net\/wordpress\/wp-content\/uploads\/2025\/04\/AL5-1.mp3\">https:\/\/www.radiopiu.net\/wordpress\/wp-content\/uploads\/2025\/04\/AL5-1.mp3<\/a><\/audio>\n<p>&nbsp;<\/p>\n<p>&nbsp;<\/p>\n<p>&nbsp;<\/p>\n<\/div>\n<div class=\"x11i5rnm xat24cr x1mh8g0r x1vvkbs xtlvy1s x126k92a\">\n<div dir=\"auto\">\n<hr \/>\n<\/div>\n<\/div>\n<blockquote>\n<blockquote>\n<h1><span style=\"color: #ff0000;\">\u00a0<\/span><\/h1>\n<h1><span style=\"color: #ff0000;\">I podcast informativi del mattino &#8211; audio &#8211;\u00a0\u00a0<\/span><\/h1>\n<\/blockquote>\n<p><strong><a class=\"dt-pswp-item\" href=\"https:\/\/www.radiopiu.net\/wordpress\/wp-content\/uploads\/2024\/11\/6.jpg\" data-dt-img-description=\"\" data-large_image_width=\"177\" data-large_image_height=\"180\"><img loading=\"lazy\" decoding=\"async\" class=\"size-full wp-image-417911 alignleft\" src=\"https:\/\/www.radiopiu.net\/wordpress\/wp-content\/uploads\/2024\/11\/6.jpg\" alt=\"\" width=\"177\" height=\"180\" \/><\/a>LA RASSEGNA STAMPA NAZIONALE ALLA RADIO, OGNI GIORNO ALLE 5 E ALLE 6 DEL MATTINO <span style=\"color: #0000ff;\">viene pubblicata alle 6.00 <span style=\"color: #ff0000;\">DIRETTA RADIO\u00a0 \u00a0\u00a0<\/span><\/span><\/strong><\/p><\/blockquote>\n<p>&nbsp;<\/p>\n<p><strong>NOTIZIE DELLA NOTTE<\/strong><\/p>\n<p><strong>Hamas,<\/strong> attacco Idf a sud di Gaza, 10 morti <strong>Usa,<\/strong> verso pena di morte per assassino ceo United HealthCare<br \/>\n<strong>Houthi,<\/strong> almeno 20 morti in attacco Usa a porto di Ras Issa <strong>Musk,<\/strong> appalto scudo missilistico di Trump non ci interessa <strong>Dagli Usa<\/strong> nuove tasse su navi cinesi in porti americani <strong>Ambasciatore russo<\/strong> all&#8217;Onu, irrealistica tregua in Ucraina <strong>Houthi,<\/strong> 13 morti in attacco Usa a porto di Ras Issa <strong>Crosetto<\/strong> a Giorgetti, &#8216;lista spesa? Parliamo di armi&#8217;<\/p>\n<h1>AUDIO dalle 6 del mattino<\/h1>\n<audio class=\"wp-audio-shortcode\" id=\"audio-445436-3\" preload=\"none\" style=\"width: 100%;\" controls=\"controls\"><source type=\"audio\/mpeg\" src=\"https:\/\/www.radiopiu.net\/wordpress\/wp-content\/uploads\/2025\/04\/GIORNALEDELLESEI-13.mp3?_=3\" \/><a href=\"https:\/\/www.radiopiu.net\/wordpress\/wp-content\/uploads\/2025\/04\/GIORNALEDELLESEI-13.mp3\">https:\/\/www.radiopiu.net\/wordpress\/wp-content\/uploads\/2025\/04\/GIORNALEDELLESEI-13.mp3<\/a><\/audio>\n<p>&nbsp;<\/p>\n<p>&nbsp;<\/p>\n<hr \/>\n<p>&nbsp;<\/p>\n<h1 style=\"text-align: center;\"><span style=\"color: #ff0000;\"><a class=\"dt-pswp-item\" href=\"https:\/\/www.radiopiu.net\/wordpress\/wp-content\/uploads\/2024\/11\/7.jpg\" data-dt-img-description=\"\" data-large_image_width=\"180\" data-large_image_height=\"180\"><img loading=\"lazy\" decoding=\"async\" class=\"size-full wp-image-417912 alignleft\" src=\"https:\/\/www.radiopiu.net\/wordpress\/wp-content\/uploads\/2024\/11\/7.jpg\" alt=\"\" width=\"180\" height=\"180\" srcset=\"https:\/\/www.radiopiu.net\/wordpress\/wp-content\/uploads\/2024\/11\/7.jpg 180w, https:\/\/www.radiopiu.net\/wordpress\/wp-content\/uploads\/2024\/11\/7-150x150.jpg 150w\" sizes=\"auto, (max-width: 180px) 100vw, 180px\" \/><\/a>I podcast informativi del mattino &#8211; audio &#8211;\u00a0<\/span><\/h1>\n<p><strong>OGNI GIORNO ALLE SETTE DEL MATTINO, LA RASSEGNA STAMPA LOCALE FLASH&#8230; PER CHI VA IN FRETTA. I TITOLI DAI GIORNALI E DAL SITO WWW.RADIOPIU.NET <span style=\"color: #0000ff;\">viene pubblicato alle 7.00<\/span> <span style=\"color: #ff0000;\">DIRETTA RADIO\u00a0<\/span><\/strong><\/p>\n<p><em><span style=\"color: #ff0000;\">per chi va in fretta&#8230; tante notizie in pochi minuti. L&#8217;informazione locale alla radio, ogni ora dalle 7 del mattino alle 19 della sera.\u00a0\u00a0<\/span><\/em><\/p>\n<p><strong data-start=\"0\" data-end=\"62\">Notizie locali dal Bellunese: tra cronaca, eventi e novit\u00e0<\/strong><\/p>\n<div class=\"flex flex-1 grow basis-auto flex-col overflow-hidden\">\n<div class=\"relative h-full\">\n<div class=\"flex h-full flex-col overflow-y-auto [scrollbar-gutter:stable]\">\n<div class=\"mt-1.5 flex flex-col text-sm @thread-xl\/thread:pt-header-height md:pb-9\">\n<article class=\"group\/turn w-full text-token-text-primary focus-visible:outline-none\" dir=\"auto\" tabindex=\"-1\" data-testid=\"conversation-turn-2\" data-scroll-anchor=\"true\">\n<div class=\"text-base my-auto mx-auto py-5 px-6\">\n<div class=\"mx-auto flex flex-1 text-base gap-4 md:gap-5 lg:gap-6 md:max-w-3xl\">\n<div class=\"group\/conversation-turn relative flex w-full min-w-0 flex-col agent-turn @xs\/thread:px-0 @sm\/thread:px-1.5 @md\/thread:px-4\">\n<div class=\"relative flex-col gap-1 md:gap-3\">\n<div class=\"flex max-w-full flex-col flex-grow\">\n<div class=\"min-h-8 text-message relative flex w-full flex-col items-end gap-2 whitespace-normal break-words text-start [.text-message+&amp;]:mt-5\" dir=\"auto\" data-message-author-role=\"assistant\" data-message-id=\"bff05fc0-dc7c-4ab7-9b20-d3eec753127b\" data-message-model-slug=\"gpt-4o-mini\">\n<div class=\"flex w-full flex-col gap-1 empty:hidden first:pt-[3px]\">\n<div class=\"markdown prose w-full break-words dark:prose-invert dark\">\n<p class=\"\" data-start=\"64\" data-end=\"329\">Radio Pi\u00f9 offre una panoramica sui principali eventi e notizie in provincia di Belluno, accompagnata dalla programmazione radiofonica. Tra le principali notizie<\/p>\n<\/div>\n<\/div>\n<\/div>\n<\/div>\n<\/div>\n<\/div>\n<\/div>\n<\/div>\n<\/article>\n<\/div>\n<\/div>\n<\/div>\n<\/div>\n<h1>AUDIO dalle 7 del mattino<\/h1>\n<audio class=\"wp-audio-shortcode\" id=\"audio-445436-4\" preload=\"none\" style=\"width: 100%;\" controls=\"controls\"><source type=\"audio\/mpeg\" src=\"https:\/\/www.radiopiu.net\/wordpress\/wp-content\/uploads\/2025\/04\/GF07-15.mp3?_=4\" \/><a href=\"https:\/\/www.radiopiu.net\/wordpress\/wp-content\/uploads\/2025\/04\/GF07-15.mp3\">https:\/\/www.radiopiu.net\/wordpress\/wp-content\/uploads\/2025\/04\/GF07-15.mp3<\/a><\/audio>\n<p>&nbsp;<\/p>\n<p>&nbsp;<\/p>\n<hr \/>\n<p>&nbsp;<\/p>\n<h1><\/h1>\n<h1 style=\"text-align: center;\"><span style=\"color: #ff0000;\"><a class=\"dt-pswp-item\" href=\"https:\/\/www.radiopiu.net\/wordpress\/wp-content\/uploads\/2024\/11\/th.jpg\" data-dt-img-description=\"\" data-large_image_width=\"148\" data-large_image_height=\"179\"><img loading=\"lazy\" decoding=\"async\" class=\"size-full wp-image-417913 alignleft\" src=\"https:\/\/www.radiopiu.net\/wordpress\/wp-content\/uploads\/2024\/11\/th.jpg\" alt=\"\" width=\"148\" height=\"179\" \/><\/a>I podcast informativi del mattino &#8211; audio &#8211;\u00a0<\/span><\/h1>\n<blockquote><p><strong>GIORNALE RADIO NAZIONALE, EDIZIONE DELLE SETTE <span style=\"color: #0000ff;\">viene pubblicato alle 7.05 <span style=\"color: #ff0000;\">DIRETTA RADIO\u00a0<\/span><\/span><\/strong><\/p><\/blockquote>\n<p><strong>il giornale radionazionale e&#8217; in onda ogni ora, dalle sette del mattino alle venti della sera\u00a0 \u00a0<\/strong><\/p>\n<p>&nbsp;<\/p>\n<p>&nbsp;<\/p>\n<p><strong><a class=\"dt-pswp-item\" href=\"https:\/\/www.radiopiu.net\/wordpress\/wp-content\/uploads\/2025\/02\/download-7.jpg\" data-dt-img-description=\"\" data-large_image_width=\"211\" data-large_image_height=\"239\"><img loading=\"lazy\" decoding=\"async\" class=\"size-full wp-image-435553 alignleft\" src=\"https:\/\/www.radiopiu.net\/wordpress\/wp-content\/uploads\/2025\/02\/download-7.jpg\" alt=\"\" width=\"211\" height=\"239\" \/><\/a>IL GIALLO\u00a0<\/strong> Sergio Resinovich denuncia i periti della Procura all&#8217;Ordine dei medici <strong>LA STRAGE<\/strong> di Fidene, Campiti condannato all&#8217;ergastolo <strong>RAVENNA<\/strong> Assolti da stupro, ragazza consenziente anche se ubriaca <strong>ISCHIA<\/strong> Donna morta in un dirupo a Ischia nel 2024, per il pm fu femminicidio Svolta nelle indagini, si aggrava la posizione del 41enne gi\u00e0 in cella<strong> BRESCIA<\/strong> Sacerdote ai domiciliari per violenza sessuale su minori Gi\u00e0 sospeso dalla Diocesi, contestati una decina di episodi <strong>PADOVA<\/strong> Fermato per stupro fuori dal carcere, il Gip lo libera Disposto il divieto di avvicinamento, poi l&#8217;uomo \u00e8 stato espulso <strong>UDINE<\/strong> Donna uccisa in casa, sospetti sull&#8217;ex che muore in incidente In Friuli. Nei confronti dell&#8217;uomo c&#8217;era divieto di avvicinamento <strong>NAPOLI<\/strong> Precipita una cabina della funivia del Monte Faito, sale a 4 il bilancio delle vittime Secondo quanto si apprende da fonti dei soccorritori, \u00e8 stato trovata morta la persona che risultava dispersa<strong> BOLOGNA<\/strong> Guida ubriaco e drogato, muore la figlia 12enne Positivo ad alcol e cocaina, indagato per omicidio stradale <strong>TERAMO<\/strong> Ucciso a coltellate e buttato nel lago, accusata una coppia L&#8217;uomo era sparito da venerd\u00ec. Si indaga sul movente <strong>VARESE<\/strong> Abusi su una 14enne conosciuta sui social, l&#8217;arrestato respinge le accuse Alla ragazza 50 giorni di prognosi<\/p>\n<p>&nbsp;<\/p>\n<p><strong><a class=\"dt-pswp-item\" href=\"https:\/\/www.radiopiu.net\/wordpress\/wp-content\/uploads\/2025\/02\/download-3.jpg\" data-dt-img-description=\"\" data-large_image_width=\"223\" data-large_image_height=\"226\"><img loading=\"lazy\" decoding=\"async\" class=\" wp-image-434732 alignleft\" src=\"https:\/\/www.radiopiu.net\/wordpress\/wp-content\/uploads\/2025\/02\/download-3.jpg\" alt=\"\" width=\"158\" height=\"160\" \/><\/a><\/strong><\/p>\n<p class=\"\" data-start=\"0\" data-end=\"83\"><strong data-start=\"0\" data-end=\"83\">CRONACA DEL VENETO: VIOLENZE, INDAGINI E MALTEMPO TRA VENEZIA, PADOVA E VICENZA<\/strong><\/p>\n<p class=\"\" data-start=\"85\" data-end=\"421\"><strong data-start=\"85\" data-end=\"96\">VENEZIA<\/strong> \u2013 Una vicenda drammatica ha scosso Mestre: una donna \u00e8 stata <strong data-start=\"158\" data-end=\"197\">picchiata, violentata e sequestrata<\/strong> all\u2019interno di un edificio fatiscente, simbolo del degrado cittadino. \u00c8 riuscita a liberarsi e denunciare tutto. Il presidente della Regione, <strong data-start=\"340\" data-end=\"353\">Luca Zaia<\/strong>, ha commentato con durezza: \u201cSiamo davanti a un orrore quotidiano\u201d.<\/p>\n<p class=\"\" data-start=\"423\" data-end=\"765\"><strong data-start=\"423\" data-end=\"433\">PADOVA<\/strong> \u2013 Polemiche anche per la decisione del Gip di liberare un uomo fermato per <strong data-start=\"509\" data-end=\"537\">stupro fuori dal carcere<\/strong>. Per lui \u00e8 stato disposto solo il <strong data-start=\"572\" data-end=\"600\">divieto di avvicinamento<\/strong>, ma \u00e8 stato infine <strong data-start=\"620\" data-end=\"631\">espulso<\/strong>. Sempre nel Padovano, un <strong data-start=\"657\" data-end=\"667\">17enne<\/strong> \u00e8 stato <strong data-start=\"676\" data-end=\"689\">arrestato<\/strong> dopo aver rubato in un supermercato e aggredito il vigilante intervenuto.<\/p>\n<p class=\"\" data-start=\"767\" data-end=\"1058\"><strong data-start=\"767\" data-end=\"778\">VENEZIA<\/strong> \u2013 Le Fiamme Gialle hanno scoperto operazioni irregolari per <strong data-start=\"839\" data-end=\"861\">25 milioni di euro<\/strong> legate a un circuito di <strong data-start=\"886\" data-end=\"913\">money transfer asiatico<\/strong>. Intanto un <strong data-start=\"926\" data-end=\"955\">vaporetto fuori controllo<\/strong> ha urtato il <strong data-start=\"969\" data-end=\"988\">Ponte di Rialto<\/strong>: per fortuna, l\u2019impatto \u00e8 stato lieve e <strong data-start=\"1029\" data-end=\"1057\">non ci sono stati feriti<\/strong>.<\/p>\n<p class=\"\" data-start=\"1060\" data-end=\"1293\"><strong data-start=\"1060\" data-end=\"1076\">MONTEBELLUNA<\/strong> \u2013 Ancora un <strong data-start=\"1089\" data-end=\"1110\">residuato bellico<\/strong> scoperto in un cantiere della <strong data-start=\"1141\" data-end=\"1148\">TAV<\/strong>: \u00e8 il <strong data-start=\"1155\" data-end=\"1181\">quarto in quattro mesi<\/strong>. Il Vicentino si prepara cos\u00ec a un nuovo <strong data-start=\"1223\" data-end=\"1238\">&#8220;bomba day&#8221;<\/strong> per la messa in sicurezza e la rimozione dell\u2019ordigno.<\/p>\n<p class=\"\" data-start=\"1295\" data-end=\"1612\"><strong data-start=\"1295\" data-end=\"1306\">VICENZA<\/strong> \u2013 Il maltempo ha portato all\u2019<strong data-start=\"1336\" data-end=\"1397\">apertura del bacino di laminazione a Montebello Vicentino<\/strong>, per facilitare il deflusso dei fiumi ingrossati dalle piogge. Sul fronte meteo, \u00e8 in arrivo <strong data-start=\"1491\" data-end=\"1523\">una nuova ondata di maltempo<\/strong> su tutto il Veneto: dichiarata <strong data-start=\"1555\" data-end=\"1573\">allerta gialla<\/strong> per rischio idraulico e idrogeologico.<\/p>\n<p class=\"\" data-start=\"1614\" data-end=\"1880\"><strong data-start=\"1614\" data-end=\"1625\">TREVISO<\/strong> \u2013 Una nota positiva arriva dalla corsa: i <strong data-start=\"1668\" data-end=\"1687\">&#8220;Sammy Runners&#8221;<\/strong> hanno partecipato alla <strong data-start=\"1711\" data-end=\"1733\">maratona di Boston<\/strong>, rappresentando la citt\u00e0 simbolo della lotta alla <strong data-start=\"1784\" data-end=\"1796\">progeria<\/strong>, rara malattia genetica. Treviso si conferma tra i centri pi\u00f9 attivi nella ricerca.<\/p>\n<h1><span style=\"color: #ff0000;\"><span style=\"color: #0000ff;\">ULTIM&#8217;ORA<\/span> <span style=\"color: #000000;\">AUDIO dalle sette del mattino, ogni ora alla radio EDIZIONE DELLE SETTE<\/span><\/span><\/h1>\n<audio class=\"wp-audio-shortcode\" id=\"audio-445436-5\" preload=\"none\" style=\"width: 100%;\" controls=\"controls\"><source type=\"audio\/mpeg\" src=\"https:\/\/www.radiopiu.net\/wordpress\/wp-content\/uploads\/2025\/04\/giornale07-16.mp3?_=5\" \/><a href=\"https:\/\/www.radiopiu.net\/wordpress\/wp-content\/uploads\/2025\/04\/giornale07-16.mp3\">https:\/\/www.radiopiu.net\/wordpress\/wp-content\/uploads\/2025\/04\/giornale07-16.mp3<\/a><\/audio>\n<p>&nbsp;<\/p>\n<p>&nbsp;<\/p>\n<p>&nbsp;<\/p>\n<hr \/>\n<p>&nbsp;<\/p>\n<p>&nbsp;<\/p>\n<h1><span style=\"color: #ff0000;\"><a class=\"dt-pswp-item\" href=\"https:\/\/www.radiopiu.net\/wordpress\/wp-content\/uploads\/2024\/11\/8.jpg\" data-dt-img-description=\"\" data-large_image_width=\"180\" data-large_image_height=\"180\"><img loading=\"lazy\" decoding=\"async\" class=\"size-full wp-image-417910 alignleft\" src=\"https:\/\/www.radiopiu.net\/wordpress\/wp-content\/uploads\/2024\/11\/8.jpg\" alt=\"\" width=\"180\" height=\"180\" srcset=\"https:\/\/www.radiopiu.net\/wordpress\/wp-content\/uploads\/2024\/11\/8.jpg 180w, https:\/\/www.radiopiu.net\/wordpress\/wp-content\/uploads\/2024\/11\/8-150x150.jpg 150w\" sizes=\"auto, (max-width: 180px) 100vw, 180px\" \/><\/a>I podcast informativi del mattino &#8211; video &#8211;\u00a0<\/span><\/h1>\n<h2 style=\"text-align: left;\"><strong>RASSEGNA STAMPA LOCALE, ORE OTTO<\/strong><\/h2>\n<h2><strong> <span style=\"color: #0000ff;\">viene\u00a0 <\/span><\/strong><strong><span style=\"color: #0000ff;\">pubblicata alle 8.05 <span style=\"color: #ff0000;\">DIRETTA RADIO\u00a0 \u00a0<\/span><\/span><\/strong><strong>DI MIRKO MEZZACASA<\/strong><\/h2>\n<blockquote>\n<p data-start=\"0\" data-end=\"64\">\n<\/blockquote>\n<h1><span style=\"color: #ff0000;\"><strong>VIDEO\u00a0 \u00a0in diretta AGGIORNAMENTO\u00a0 dalle 8 del mattino\u00a0\u00a0<\/strong><\/span><\/h1>\n<p><iframe loading=\"lazy\" title=\"DAL 1983 LA RASSEGNA STAMPA LOCALE di mirko mezzacasa. L&#039;ORIGINALE\" width=\"1200\" height=\"675\" src=\"https:\/\/www.youtube.com\/embed\/nOiX25lSj5s?feature=oembed\" frameborder=\"0\" allow=\"accelerometer; autoplay; clipboard-write; encrypted-media; gyroscope; picture-in-picture; web-share\" referrerpolicy=\"strict-origin-when-cross-origin\" allowfullscreen><\/iframe><\/p>\n<hr \/>\n<p>&nbsp;<\/p>\n<p>&nbsp;<\/p>\n<p>&nbsp;<\/p>\n<p><strong><a class=\"dt-pswp-item\" href=\"https:\/\/www.radiopiu.net\/wordpress\/wp-content\/uploads\/2023\/12\/ANTENNA.png\" data-dt-img-description=\"\" data-large_image_width=\"300\" data-large_image_height=\"166\"><img loading=\"lazy\" decoding=\"async\" class=\"wp-image-366306 alignright\" src=\"https:\/\/www.radiopiu.net\/wordpress\/wp-content\/uploads\/2023\/12\/ANTENNA.png\" alt=\"\" width=\"101\" height=\"56\" \/><\/a><a class=\"dt-pswp-item\" href=\"https:\/\/www.radiopiu.net\/wordpress\/wp-content\/uploads\/2024\/11\/th-17.jpg\" data-dt-img-description=\"\" data-large_image_width=\"224\" data-large_image_height=\"180\"><img loading=\"lazy\" decoding=\"async\" class=\" wp-image-421610 alignleft\" src=\"https:\/\/www.radiopiu.net\/wordpress\/wp-content\/uploads\/2024\/11\/th-17.jpg\" alt=\"\" width=\"167\" height=\"134\" \/><\/a>ogni sera alle 19 le anticipazioni alla radio, quello che poi seguirete nel TELEGIORNALE BELLUNESE\u00a0 in onda alle 19.30 sul CANALE 10 del digitale terrestre.\u00a0\u00a0<\/strong><\/p>\n<p><b>\u00a0\u00a0<\/b><\/p>\n<h1><span style=\"color: #ff0000;\"><strong>LE ANTICIPAZIONI DI TIZIANA BOLOGNANI<\/strong><\/span><\/h1>\n<p>&nbsp;<\/p>\n<p>&nbsp;<\/p>\n<p>&nbsp;<\/p>\n<hr \/>\n<p>&nbsp;<\/p>\n<p class=\"\" data-start=\"0\" data-end=\"60\"><strong data-start=\"0\" data-end=\"60\">FONZASO, CHIUSA LA STRADA ALLE PALE DI AGANA PER DETRITI<\/strong><\/p>\n<p class=\"\" data-start=\"62\" data-end=\"321\">Chiusa per caduta di detriti la strada tra <strong data-start=\"105\" data-end=\"122\">Pala di Agana<\/strong> e <strong data-start=\"125\" data-end=\"134\">Arsi\u00e8<\/strong>, a causa delle forti piogge. Il Comune valuter\u00e0 la riapertura dopo un sopralluogo. Vigili del fuoco impegnati anche tra <strong data-start=\"255\" data-end=\"271\">Cart, Zermen<\/strong> e <strong data-start=\"274\" data-end=\"284\">Faller<\/strong> per alberi finiti sulla carreggiata.<\/p>\n<p>&nbsp;<\/p>\n<p>&nbsp;<\/p>\n<blockquote>\n<h3 class=\"entry-title\"><a class=\"dt-pswp-item\" href=\"https:\/\/www.radiopiu.net\/wordpress\/wp-content\/uploads\/2025\/04\/5cf08948-e6f1-4411-acae-c175ae7dec77.jpg\" data-dt-img-description=\"\" data-large_image_width=\"1280\" data-large_image_height=\"720\"><img loading=\"lazy\" decoding=\"async\" class=\" wp-image-445577 alignleft\" src=\"https:\/\/www.radiopiu.net\/wordpress\/wp-content\/uploads\/2025\/04\/5cf08948-e6f1-4411-acae-c175ae7dec77-300x169.jpg\" alt=\"\" width=\"259\" height=\"146\" srcset=\"https:\/\/www.radiopiu.net\/wordpress\/wp-content\/uploads\/2025\/04\/5cf08948-e6f1-4411-acae-c175ae7dec77-300x169.jpg 300w, https:\/\/www.radiopiu.net\/wordpress\/wp-content\/uploads\/2025\/04\/5cf08948-e6f1-4411-acae-c175ae7dec77-1024x576.jpg 1024w, https:\/\/www.radiopiu.net\/wordpress\/wp-content\/uploads\/2025\/04\/5cf08948-e6f1-4411-acae-c175ae7dec77-768x432.jpg 768w, https:\/\/www.radiopiu.net\/wordpress\/wp-content\/uploads\/2025\/04\/5cf08948-e6f1-4411-acae-c175ae7dec77.jpg 1280w\" sizes=\"auto, (max-width: 259px) 100vw, 259px\" \/><\/a>CHIUSURA REGIONALE 203 AGORDINA, BIVIO ROVEI E DELLA SP 347 DEL PASSO CEREDA E DURAN. STRADA CHIUSA DALLE 8 ALLE 17<\/h3>\n<\/blockquote>\n<p><strong>COLLE SANTA LUCIA <\/strong>Fino al 30 aprile dalle 8 alle 17.30 escluso sabato domenica e festivi, chiusura della regionale 203 agordina nel tratto bivio Rovei, bivio Rucav\u00e0. Interdizione totale per lavori di mitigazione del rischio caduta massi.<\/p>\n<p><strong>SEDICO<\/strong> Veneto Strade comunica che fino al 16 maggio, dalle 8 alle 17, sabati domeniche e festivi esclusi, la SP 347 del Passo Cereda e Duran sar\u00e0 interdetta al traffico in localit\u00e0 Fornesighe in comune di Val di Zoldo. Il traffico leggero con larghezza inferiore al 1,80 metri sar\u00e0 deviato in loco. La chiusura si rende necessaria per lavori di manutenzione ad acquedotto e fognatura.<\/p>\n<p data-start=\"0\" data-end=\"80\">FOTO, IERI PASSO SAN PELLEGRINO SI VPB viabilit\u00e0 provincia belluno<\/p>\n<p class=\"\" data-start=\"0\" data-end=\"80\"><strong data-start=\"0\" data-end=\"80\">BELLUNO, VIA LAMBIOI E SOTTOCASTELLO: DIVIETI FINO AL 30 MAGGIO PER I LAVORI<br \/>\n<\/strong>Proseguono i lavori ai sottoservizi e alla pavimentazione di <strong data-start=\"143\" data-end=\"158\">via Lambioi<\/strong> e <strong data-start=\"161\" data-end=\"182\">via Sottocastello<\/strong>: da marted\u00ec <strong data-start=\"195\" data-end=\"230\">divieto di circolazione e sosta<\/strong> (con rimozione forzata) fino al 30 maggio, anche per i <strong data-start=\"286\" data-end=\"296\">pedoni<\/strong> nei tratti stretti dalle 7.30 alle 18, esclusi sabati e festivi. I lavori fanno parte del progetto del nuovo <strong data-start=\"406\" data-end=\"435\">parco fluviale di Lambioi<\/strong>.<\/p>\n<p>&nbsp;<\/p>\n<hr \/>\n<p>&nbsp;<\/p>\n<blockquote>\n<h3 class=\"photoswipe-wrapper\"><a class=\"dt-pswp-item pspw-wrap-ready\" href=\"https:\/\/www.radiopiu.net\/wordpress\/wp-content\/uploads\/2024\/12\/Logo_SibPAYOFF.jpg\" data-dt-img-description=\"\" data-large_image_width=\"1536\" data-large_image_height=\"391\"><img loading=\"lazy\" decoding=\"async\" class=\"wp-image-426474 alignleft\" src=\"https:\/\/www.radiopiu.net\/wordpress\/wp-content\/uploads\/2024\/12\/Logo_SibPAYOFF-300x76.jpg\" sizes=\"auto, (max-width: 162px) 100vw, 162px\" srcset=\"https:\/\/www.radiopiu.net\/wordpress\/wp-content\/uploads\/2024\/12\/Logo_SibPAYOFF-300x76.jpg 300w, https:\/\/www.radiopiu.net\/wordpress\/wp-content\/uploads\/2024\/12\/Logo_SibPAYOFF-1024x261.jpg 1024w, https:\/\/www.radiopiu.net\/wordpress\/wp-content\/uploads\/2024\/12\/Logo_SibPAYOFF-768x196.jpg 768w, https:\/\/www.radiopiu.net\/wordpress\/wp-content\/uploads\/2024\/12\/Logo_SibPAYOFF.jpg 1536w\" alt=\"\" width=\"162\" height=\"41\" \/><\/a>SIB INFORMA<\/h3>\n<\/blockquote>\n<p><strong>ROCCA PIETORE<\/strong> in localit\u00e0 Digonera l&#8217;acqua erogata dall&#8217;acquedotto non \u00e8 potabile e e non pu\u00f2 essere usata per scopi alimentari. Verr\u00e0 effettuato servizio sostitutivo con autobotte presso\u00a0 l&#8217;Albergo Digonera in localit\u00e0 Digonera.<\/p>\n<p><strong>SAN TOMASO<\/strong> Fino a oggi dalle\u00a0 8:30 alle 17 potrebbe mancare l&#8217;acqua nelle Localit\u00e0 PECOL e PIAIA.<\/p>\n<p>&nbsp;<\/p>\n<p>&nbsp;<\/p>\n<hr \/>\n<p>&nbsp;<\/p>\n<blockquote>\n<h3>GALLERIA DEL COMELICO: SOSPESA LA CHIUSURA NOTTURNA PER PASQUA<\/h3>\n<\/blockquote>\n<p><img loading=\"lazy\" decoding=\"async\" class=\"alignleft\" src=\"https:\/\/www.radiopiu.net\/wordpress\/wp-content\/uploads\/2024\/10\/ANAS.jpg\" width=\"135\" height=\"95\" \/><strong>VENEZIA<\/strong>\u00a0 Anas ha disposto la sospensione straordinaria delle chiusure notturne nella galleria &#8220;Comelico&#8221;, sulla strada statale 52 \u201cCarnica\u201d. La galleria sar\u00e0 quindi regolarmente aperta nelle notti tra venerd\u00ec 18 e marted\u00ec 22 aprile. I lavori riprenderanno regolarmente da mercoled\u00ec 23 aprile, con chiusure notturne dal luned\u00ec al venerd\u00ec dalle 22:00 alle 6:00. Non sono previste ulteriori sospensioni in occasione del 25 aprile e del 1\u00b0 maggio.<\/p>\n<p>&nbsp;<\/p>\n<blockquote>\n<p class=\"\" data-start=\"0\" data-end=\"65\"><strong data-start=\"0\" data-end=\"65\">SP 148: ASFALTO NUOVO PER IL GIRO D\u2019ITALIA, CHIUSURE IN VISTA<\/strong><\/p>\n<\/blockquote>\n<p><strong data-start=\"67\" data-end=\"79\">FELTRINO<\/strong> \u2013 In vista del passaggio del Giro d\u2019Italia del 25 maggio, Veneto Strade avvier\u00e0 il rifacimento dell\u2019asfalto sulla\u00a0SP 148, da\u00a0Menaor a Caupo, interessando anche\u00a0Fonzaso\u00a0e\u00a0Arsi\u00e8. La strada sar\u00e0\u00a0chiusa al traffico dal 22 aprile al 15 maggio, dalle\u00a08 alle 12\u00a0e\u00a013 alle 17, esclusi sabati, domeniche e festivi<\/p>\n<p>&nbsp;<\/p>\n<p>&nbsp;<\/p>\n<hr \/>\n<p>&nbsp;<\/p>\n<blockquote>\n<h3>METEO: NUOVA FASE DI MALTEMPO IN ARRIVO. ALLERTA GIALLA FINO A OGGI ALLE 20<\/h3>\n<\/blockquote>\n<p><strong>VENEZIA<\/strong> Venerd\u00ec 18 tempo variabile a tratti moderatamente instabile con precipitazioni sparse anche con rovesci pi\u00f9 probabili fino al primo pomeriggio e in genere di modesta entit\u00e0. Alla luce delle previsioni, il Centro Funzionale decentrato della Protezione Civile del Veneto ha emesso un avviso di criticit\u00e0 idraulica e idrogeologica valido fino alle 20.<\/p>\n<p><a class=\"dt-pswp-item\" href=\"https:\/\/www.radiopiu.net\/wordpress\/wp-content\/uploads\/2025\/04\/lfhgoghp.jpg\" data-dt-img-description=\"\" data-large_image_width=\"866\" data-large_image_height=\"244\"><img loading=\"lazy\" decoding=\"async\" class=\"wp-image-445537 size-full aligncenter\" src=\"https:\/\/www.radiopiu.net\/wordpress\/wp-content\/uploads\/2025\/04\/lfhgoghp.jpg\" alt=\"\" width=\"866\" height=\"244\" srcset=\"https:\/\/www.radiopiu.net\/wordpress\/wp-content\/uploads\/2025\/04\/lfhgoghp.jpg 866w, https:\/\/www.radiopiu.net\/wordpress\/wp-content\/uploads\/2025\/04\/lfhgoghp-300x85.jpg 300w, https:\/\/www.radiopiu.net\/wordpress\/wp-content\/uploads\/2025\/04\/lfhgoghp-768x216.jpg 768w, https:\/\/www.radiopiu.net\/wordpress\/wp-content\/uploads\/2025\/04\/lfhgoghp-350x100.jpg 350w\" sizes=\"auto, (max-width: 866px) 100vw, 866px\" \/><\/a><\/p>\n<p>&nbsp;<\/p>\n<blockquote>\n<p class=\"\" data-start=\"0\" data-end=\"74\"><strong data-start=\"0\" data-end=\"74\">MALTEMPO NEL VICENTINO: ALLAGAMENTI E OLTRE 100 INTERVENTI DI SOCCORSO<\/strong><\/p>\n<\/blockquote>\n<p class=\"\" data-start=\"76\" data-end=\"222\">Nubifragi intensi nel tardo pomeriggio di gioved\u00ec 17 aprile nella <strong data-start=\"142\" data-end=\"163\">Valle del Pasubio<\/strong>, dove si sono registrati <strong data-start=\"189\" data-end=\"219\">50 mm di pioggia in un\u2019ora<\/strong>. Numerosi <strong data-start=\"233\" data-end=\"248\">allagamenti<\/strong> hanno interessato l\u2019intera <strong data-start=\"276\" data-end=\"295\">Valle dell\u2019Agno<\/strong>, con <strong data-start=\"301\" data-end=\"337\">oltre 100 interventi di soccorso<\/strong> in corso. Attivate squadre di <strong data-start=\"368\" data-end=\"406\">volontariato a livello provinciale<\/strong>, su richiesta di Comuni come <strong data-start=\"436\" data-end=\"448\">Valdagno<\/strong> e <strong data-start=\"451\" data-end=\"463\">Trissino<\/strong>. <strong data-start=\"468\" data-end=\"509\">Chiuso il ponte sull\u2019Agno a Brogliano<\/strong> per motivi di sicurezza. Le autorit\u00e0 sono in contatto costante con i sindaci della zona.<\/p>\n<p>FONTE, ASSESSORATO PROTEZIONE CIVILE VENETO<\/p>\n\n\t\t\t<style type='text\/css'>\n\t\t\t\t#gallery-1 {\n\t\t\t\t\tmargin: auto;\n\t\t\t\t}\n\t\t\t\t#gallery-1 .gallery-item {\n\t\t\t\t\tfloat: left;\n\t\t\t\t\tmargin-top: 10px;\n\t\t\t\t\ttext-align: center;\n\t\t\t\t\twidth: 50%;\n\t\t\t\t}\n\t\t\t\t#gallery-1 img {\n\t\t\t\t\tborder: 2px solid #cfcfcf;\n\t\t\t\t}\n\t\t\t\t#gallery-1 .gallery-caption {\n\t\t\t\t\tmargin-left: 0;\n\t\t\t\t}\n\t\t\t\t\/* see gallery_shortcode() in wp-includes\/media.php *\/\n\t\t\t<\/style>\n\t\t<div id='gallery-1' class='dt-gallery-container gallery galleryid-445436 gallery-columns-2 gallery-size-medium'><dl class='gallery-item'>\n\t\t\t\t<dt class='gallery-icon landscape'>\n\t\t\t\t\t<a class=\"rollover rollover-zoom dt-pswp-item\" title=\"4c58d9d0-80a3-4919-acdc-26f32c5b6dc2\" data-dt-img-description=\"\" data-large_image_width=\"900\" data-large_image_height=\"500\"href='https:\/\/www.radiopiu.net\/wordpress\/wp-content\/uploads\/2025\/04\/4c58d9d0-80a3-4919-acdc-26f32c5b6dc2.jpg'><img loading=\"lazy\" decoding=\"async\" width=\"300\" height=\"167\" src=\"https:\/\/www.radiopiu.net\/wordpress\/wp-content\/uploads\/2025\/04\/4c58d9d0-80a3-4919-acdc-26f32c5b6dc2-300x167.jpg\" class=\"attachment-medium size-medium\" alt=\"\" srcset=\"https:\/\/www.radiopiu.net\/wordpress\/wp-content\/uploads\/2025\/04\/4c58d9d0-80a3-4919-acdc-26f32c5b6dc2-300x167.jpg 300w, https:\/\/www.radiopiu.net\/wordpress\/wp-content\/uploads\/2025\/04\/4c58d9d0-80a3-4919-acdc-26f32c5b6dc2-768x427.jpg 768w, https:\/\/www.radiopiu.net\/wordpress\/wp-content\/uploads\/2025\/04\/4c58d9d0-80a3-4919-acdc-26f32c5b6dc2.jpg 900w\" sizes=\"auto, (max-width: 300px) 100vw, 300px\" \/><\/a>\n\t\t\t\t<\/dt><\/dl><dl class='gallery-item'>\n\t\t\t\t<dt class='gallery-icon portrait'>\n\t\t\t\t\t<a class=\"rollover rollover-zoom dt-pswp-item\" title=\"3554635d-2c08-47cf-9d22-f0b98ec8ecac\" data-dt-img-description=\"\" data-large_image_width=\"1200\" data-large_image_height=\"1600\"href='https:\/\/www.radiopiu.net\/wordpress\/wp-content\/uploads\/2025\/04\/3554635d-2c08-47cf-9d22-f0b98ec8ecac.jpg'><img loading=\"lazy\" decoding=\"async\" width=\"225\" height=\"300\" src=\"https:\/\/www.radiopiu.net\/wordpress\/wp-content\/uploads\/2025\/04\/3554635d-2c08-47cf-9d22-f0b98ec8ecac-225x300.jpg\" class=\"attachment-medium size-medium\" alt=\"\" srcset=\"https:\/\/www.radiopiu.net\/wordpress\/wp-content\/uploads\/2025\/04\/3554635d-2c08-47cf-9d22-f0b98ec8ecac-225x300.jpg 225w, https:\/\/www.radiopiu.net\/wordpress\/wp-content\/uploads\/2025\/04\/3554635d-2c08-47cf-9d22-f0b98ec8ecac-768x1024.jpg 768w, https:\/\/www.radiopiu.net\/wordpress\/wp-content\/uploads\/2025\/04\/3554635d-2c08-47cf-9d22-f0b98ec8ecac-1152x1536.jpg 1152w, https:\/\/www.radiopiu.net\/wordpress\/wp-content\/uploads\/2025\/04\/3554635d-2c08-47cf-9d22-f0b98ec8ecac.jpg 1200w\" sizes=\"auto, (max-width: 225px) 100vw, 225px\" \/><\/a>\n\t\t\t\t<\/dt><\/dl><br style=\"clear: both\" \/>\n\t\t\t<\/div>\n\n<blockquote>\n<h3><\/h3>\n<\/blockquote>\n<p>&nbsp;<\/p>\n<hr \/>\n<blockquote>\n<h3><\/h3>\n<h3><\/h3>\n<h3>LUXOTTICA, MALTEMPO IN COLLINA: FRANE, ALLAGAMENTI E STRADE CHIUSE BLOCCANO I LAVORATORI<\/h3>\n<\/blockquote>\n<p><strong>LAURIANO<\/strong><\/p>\n<p class=\"\" data-start=\"83\" data-end=\"238\"><img loading=\"lazy\" decoding=\"async\" class=\"alignleft\" src=\"https:\/\/www.radiopiu.net\/wordpress\/wp-content\/uploads\/2025\/04\/WhatsApp-Image-2025-04-17-at-11.04.59-e1744899347967-1360x816-1.jpg\" width=\"285\" height=\"171\" \/>La Collina \u00e8 stata colpita duramente dal maltempo. I primi allagamenti sono iniziati mercoled\u00ec 16 aprile in serata, interessando diversi paesi collinari.<\/p>\n<p class=\"\" data-start=\"240\" data-end=\"561\">Nella mattinata di oggi si sono registrate le prime <strong data-start=\"292\" data-end=\"301\">frane<\/strong> e ulteriori <strong data-start=\"314\" data-end=\"329\">allagamenti<\/strong> nei Comuni della zona. La situazione ha portato alla <strong data-start=\"383\" data-end=\"411\">chiusura della ex SP 590<\/strong> tra Castagneto Po e Monteu da Po e del <strong data-start=\"451\" data-end=\"467\">Ponte Bailey<\/strong>, rendendo impossibile il rientro a casa per molti lavoratori della <strong data-start=\"535\" data-end=\"560\">Luxottica di Lauriano<\/strong>.<\/p>\n<p class=\"\" data-start=\"563\" data-end=\"747\">Il tratto della SP 590 nel territorio di Lauriano \u00e8 attualmente <strong data-start=\"627\" data-end=\"670\">intransitabile in entrambe le direzioni<\/strong>: da un lato a causa delle frane, dall\u2019altro per l\u2019inaccessibilit\u00e0 del ponte.<\/p>\n<hr \/>\n<p>&nbsp;<\/p>\n<blockquote>\n<h3>SOCCORSI ESCURSIONISTI DISORIENTATI A SON FORCIA<\/h3>\n<\/blockquote>\n<p><strong><a class=\"dt-pswp-item\" href=\"https:\/\/www.radiopiu.net\/wordpress\/wp-content\/uploads\/2022\/04\/soccorso-alpino-1024x602-1.jpg\" data-dt-img-description=\"\" data-large_image_width=\"1024\" data-large_image_height=\"602\"><img loading=\"lazy\" decoding=\"async\" class=\" wp-image-270917 alignleft\" src=\"https:\/\/www.radiopiu.net\/wordpress\/wp-content\/uploads\/2022\/04\/soccorso-alpino-1024x602-1-300x176.jpg\" alt=\"\" width=\"222\" height=\"130\" srcset=\"https:\/\/www.radiopiu.net\/wordpress\/wp-content\/uploads\/2022\/04\/soccorso-alpino-1024x602-1-300x176.jpg 300w, https:\/\/www.radiopiu.net\/wordpress\/wp-content\/uploads\/2022\/04\/soccorso-alpino-1024x602-1-768x452.jpg 768w, https:\/\/www.radiopiu.net\/wordpress\/wp-content\/uploads\/2022\/04\/soccorso-alpino-1024x602-1.jpg 1024w\" sizes=\"auto, (max-width: 222px) 100vw, 222px\" \/><\/a>CORTINA<\/strong> Verso le 13.30 di ieri\u00a0 la Centrale del 118 \u00e8 stata attivata da due giovani escursionisti stranieri disorientati, che non erano in grado di dire dove si trovavano, n\u00e9 a indicare il nome di una localit\u00e0 di riferimento. Dopo diversi tentativi, si \u00e8 riusciti a geolocalizzare i due ragazzi tedeschi di 24 e 25 anni, che si trovavano nella zona di Son Forcia, alla partenza della seggiovia Padeon. La mappatura \u00e8 stata girata al Soccorso alpino di Cortina. Non riuscendo pi\u00f9 a contattare i due, nella zona indicata si \u00e8 diretta la motoslitta degli impianti indirizzata dai soccorritori, che li ha infine trovati, fradici e provati dal freddo. Caricati a bordo gli escursionisti sono stati trasportati a Rio Gere e affidati al Soccorso alpino della Guardia di finanza, che li ha riaccompagnati all&#8217;albergo. I due ragazzi erano partiti a piedi salendo a Mietres e da l\u00ec a Forcella Zumeles, scarsamente innevata. Appena per\u00f2 avevano cambiato versante, la situazione era cambiata. A fatica, muovendosi sull&#8217;abbondante neve bagnata, erano riusciti ad arrivare agli impianti dove avevano chiesto aiuto.<\/p>\n<p>&nbsp;<\/p>\n<p>&nbsp;<\/p>\n<hr \/>\n<p>&nbsp;<\/p>\n<blockquote>\n<h3>SAN VITO DI CADORE: PERDE IL CARICO SULLA SS 51, TRAVI DI FERRO COLPISCONO DUE AUTO<\/h3>\n<\/blockquote>\n<p><strong>SAN VITO DI CADORE <\/strong>Ieri mattina alle 7, un autoarticolato ha perso parte del proprio carico lungo la SS 51, in via Nazionale a San Vito di Cadore, causando un intervento d\u2019urgenza da parte dei vigili del fuoco. Due massicce putrelle di ferro sono precipitate a bordo strada, colpendo due automobili in transito. Fortunatamente, nessuna persona \u00e8 rimasta ferita nell\u2019incidente. Sul posto sono intervenute squadre dei vigili del fuoco provenienti da Cortina e Belluno, dotate anche di autogr\u00f9. I soccorritori hanno immediatamente messo in sicurezza il carico rimasto sul mezzo pesante, composto da quattro travi, due delle quali erano ancora correttamente fissate. Una volta stabilizzato, l\u2019autoarticolato ha potuto proseguire il viaggio per completare la consegna. Successivamente, il camion \u00e8 tornato sul luogo dell\u2019incidente per il recupero delle due putrelle cadute, ognuna delle quali pesava circa 80 quintali. Le operazioni di messa in sicurezza e rimozione dei materiali si sono concluse poco dopo le 13:00, consentendo il pieno ripristino della viabilit\u00e0 lungo la carreggiata.<\/p>\n\n\t\t\t<style type='text\/css'>\n\t\t\t\t#gallery-2 {\n\t\t\t\t\tmargin: auto;\n\t\t\t\t}\n\t\t\t\t#gallery-2 .gallery-item {\n\t\t\t\t\tfloat: left;\n\t\t\t\t\tmargin-top: 10px;\n\t\t\t\t\ttext-align: center;\n\t\t\t\t\twidth: 20%;\n\t\t\t\t}\n\t\t\t\t#gallery-2 img {\n\t\t\t\t\tborder: 2px solid #cfcfcf;\n\t\t\t\t}\n\t\t\t\t#gallery-2 .gallery-caption {\n\t\t\t\t\tmargin-left: 0;\n\t\t\t\t}\n\t\t\t\t\/* see gallery_shortcode() in wp-includes\/media.php *\/\n\t\t\t<\/style>\n\t\t<div id='gallery-2' class='dt-gallery-container gallery galleryid-445436 gallery-columns-5 gallery-size-thumbnail'><dl class='gallery-item'>\n\t\t\t\t<dt class='gallery-icon landscape'>\n\t\t\t\t\t<a class=\"rollover rollover-zoom dt-pswp-item\" title=\"88407f5f-8e0b-4ed2-8d27-2c0bfca6e00a\" data-dt-img-description=\"\" data-large_image_width=\"960\" data-large_image_height=\"686\"href='https:\/\/www.radiopiu.net\/wordpress\/wp-content\/uploads\/2025\/04\/88407f5f-8e0b-4ed2-8d27-2c0bfca6e00a.jpg'><img loading=\"lazy\" decoding=\"async\" width=\"150\" height=\"150\" src=\"https:\/\/www.radiopiu.net\/wordpress\/wp-content\/uploads\/2025\/04\/88407f5f-8e0b-4ed2-8d27-2c0bfca6e00a-150x150.jpg\" class=\"attachment-thumbnail size-thumbnail\" alt=\"\" \/><\/a>\n\t\t\t\t<\/dt><\/dl><dl class='gallery-item'>\n\t\t\t\t<dt class='gallery-icon landscape'>\n\t\t\t\t\t<a class=\"rollover rollover-zoom dt-pswp-item\" title=\"4b511219-4ab6-4b18-9096-05f503d91685\" data-dt-img-description=\"\" data-large_image_width=\"1280\" data-large_image_height=\"960\"href='https:\/\/www.radiopiu.net\/wordpress\/wp-content\/uploads\/2025\/04\/4b511219-4ab6-4b18-9096-05f503d91685.jpg'><img loading=\"lazy\" decoding=\"async\" width=\"150\" height=\"150\" src=\"https:\/\/www.radiopiu.net\/wordpress\/wp-content\/uploads\/2025\/04\/4b511219-4ab6-4b18-9096-05f503d91685-150x150.jpg\" class=\"attachment-thumbnail size-thumbnail\" alt=\"\" \/><\/a>\n\t\t\t\t<\/dt><\/dl><dl class='gallery-item'>\n\t\t\t\t<dt class='gallery-icon landscape'>\n\t\t\t\t\t<a class=\"rollover rollover-zoom dt-pswp-item\" title=\"02054791-f453-464b-98cd-2f9efc7ab346\" data-dt-img-description=\"\" data-large_image_width=\"960\" data-large_image_height=\"704\"href='https:\/\/www.radiopiu.net\/wordpress\/wp-content\/uploads\/2025\/04\/02054791-f453-464b-98cd-2f9efc7ab346.jpg'><img loading=\"lazy\" decoding=\"async\" width=\"150\" height=\"150\" src=\"https:\/\/www.radiopiu.net\/wordpress\/wp-content\/uploads\/2025\/04\/02054791-f453-464b-98cd-2f9efc7ab346-150x150.jpg\" class=\"attachment-thumbnail size-thumbnail\" alt=\"\" \/><\/a>\n\t\t\t\t<\/dt><\/dl><dl class='gallery-item'>\n\t\t\t\t<dt class='gallery-icon landscape'>\n\t\t\t\t\t<a class=\"rollover rollover-zoom dt-pswp-item\" title=\"63633c71-dffd-4a09-8b3c-18be83e91d3a\" data-dt-img-description=\"\" data-large_image_width=\"1280\" data-large_image_height=\"960\"href='https:\/\/www.radiopiu.net\/wordpress\/wp-content\/uploads\/2025\/04\/63633c71-dffd-4a09-8b3c-18be83e91d3a.jpg'><img loading=\"lazy\" decoding=\"async\" width=\"150\" height=\"150\" src=\"https:\/\/www.radiopiu.net\/wordpress\/wp-content\/uploads\/2025\/04\/63633c71-dffd-4a09-8b3c-18be83e91d3a-150x150.jpg\" class=\"attachment-thumbnail size-thumbnail\" alt=\"\" \/><\/a>\n\t\t\t\t<\/dt><\/dl><dl class='gallery-item'>\n\t\t\t\t<dt class='gallery-icon landscape'>\n\t\t\t\t\t<a class=\"rollover rollover-zoom dt-pswp-item\" title=\"214e65ab-03c9-4946-a372-8f195c3455ab\" data-dt-img-description=\"\" data-large_image_width=\"1280\" data-large_image_height=\"960\"href='https:\/\/www.radiopiu.net\/wordpress\/wp-content\/uploads\/2025\/04\/214e65ab-03c9-4946-a372-8f195c3455ab.jpg'><img loading=\"lazy\" decoding=\"async\" width=\"150\" height=\"150\" src=\"https:\/\/www.radiopiu.net\/wordpress\/wp-content\/uploads\/2025\/04\/214e65ab-03c9-4946-a372-8f195c3455ab-150x150.jpg\" class=\"attachment-thumbnail size-thumbnail\" alt=\"\" \/><\/a>\n\t\t\t\t<\/dt><\/dl><br style=\"clear: both\" \/>\n\t\t\t<\/div>\n\n<p>&nbsp;<\/p>\n<hr \/>\n<blockquote>\n<h3 data-start=\"563\" data-end=\"747\">FELTRE PIANGE MARINA D\u2019ALBERTO, MAESTRA STIMATA E AMATA<\/h3>\n<\/blockquote>\n<p><strong>FELTRE<\/strong><\/p>\n<p class=\"\" data-start=\"61\" data-end=\"308\"><img loading=\"lazy\" decoding=\"async\" class=\"alignleft\" src=\"https:\/\/www.radiopiu.net\/wordpress\/wp-content\/uploads\/2025\/04\/Immagine-2025-04-18-051120.jpg\" width=\"165\" height=\"163\" \/>Profondo cordoglio ad <strong data-start=\"83\" data-end=\"91\">Anz\u00f9<\/strong> per la <strong data-start=\"99\" data-end=\"143\">scomparsa improvvisa di Marina D&#8217;Alberto<\/strong>, 56 anni, apprezzata maestra elementare a <strong data-start=\"186\" data-end=\"196\">Mugnai<\/strong>. Donna riservata, non aveva lasciato trasparire la gravit\u00e0 della malattia che l&#8217;ha portata via in poco tempo.<\/p>\n<p class=\"\" data-start=\"310\" data-end=\"468\">Lascia la figlia <strong data-start=\"327\" data-end=\"339\">Carolina<\/strong>, 15 anni, e il compagno <strong data-start=\"364\" data-end=\"375\">Valerio<\/strong>. Marina era molto conosciuta anche per la lunga attivit\u00e0 di famiglia al mercato di Feltre.<\/p>\n<p class=\"\" data-start=\"470\" data-end=\"578\">I funerali si terranno <strong data-start=\"493\" data-end=\"511\">domani alle 11<\/strong> nella chiesa di Anz\u00f9. Messa esequiale <strong data-start=\"550\" data-end=\"577\">mercoled\u00ec 23 alle 18.30<\/strong>.<\/p>\n<hr \/>\n<p>&nbsp;<\/p>\n<blockquote>\n<h3>NO AL NUOVO SUPERMERCATO: \u00abVOGLIAMO SPAZI PUBBLICI PER IL QUARTIERE\u00bb<\/h3>\n<\/blockquote>\n<p><strong><a class=\"dt-pswp-item\" href=\"https:\/\/www.radiopiu.net\/wordpress\/wp-content\/uploads\/2025\/04\/1000095249.jpg\" data-dt-img-description=\"\" data-large_image_width=\"1080\" data-large_image_height=\"1080\"><img loading=\"lazy\" decoding=\"async\" class=\" wp-image-445433 alignleft\" src=\"https:\/\/www.radiopiu.net\/wordpress\/wp-content\/uploads\/2025\/04\/1000095249-300x300.jpg\" alt=\"\" width=\"163\" height=\"163\" srcset=\"https:\/\/www.radiopiu.net\/wordpress\/wp-content\/uploads\/2025\/04\/1000095249-300x300.jpg 300w, https:\/\/www.radiopiu.net\/wordpress\/wp-content\/uploads\/2025\/04\/1000095249-1024x1024.jpg 1024w, https:\/\/www.radiopiu.net\/wordpress\/wp-content\/uploads\/2025\/04\/1000095249-150x150.jpg 150w, https:\/\/www.radiopiu.net\/wordpress\/wp-content\/uploads\/2025\/04\/1000095249-768x768.jpg 768w, https:\/\/www.radiopiu.net\/wordpress\/wp-content\/uploads\/2025\/04\/1000095249.jpg 1080w\" sizes=\"auto, (max-width: 163px) 100vw, 163px\" \/><\/a>BELLUNO<\/strong> Continua la mobilitazione contro la variante urbanistica che prevede la costruzione di un supermercato nell\u2019area ex AGIP, tra via Vittorio Veneto e piazzale della Resistenza. Il Comitato di quartiere Baldenich24 rilancia la protesta con un banchetto informativo domani al Parco Millennium, dove proseguir\u00e0 anche la raccolta firme.<em>\u00abSi tratta di una scelta imposta dall\u2019alto\u00bb,<\/em> denuncia Luigi Filippo Daniele, portavoce del Comitato, che propone invece un utilizzo pubblico dell\u2019area: un parco, un centro civico o uno spazio culturale. Gi\u00e0 oltre 700 le firme raccolte per dire no a nuova cementificazione e s\u00ec a un quartiere pi\u00f9 vivibile. Durante l\u2019incontro verr\u00e0 distribuito il libro <em data-start=\"808\" data-end=\"862\">La questione Ex Area AGIP. Area verde o commerciale?<\/em>, scritto dallo stesso Daniele, che ricostruisce il valore storico e culturale del sito. Marted\u00ec 22 aprile la petizione approder\u00e0 alla Conferenza dei Presidenti del Consiglio Comunale. Se approvata, sar\u00e0 discussa e votata dal Consiglio. L\u2019obiettivo del Comitato \u00e8 chiaro: tutelare l\u2019area come <em data-start=\"1156\" data-end=\"1183\">Verde Pubblico Attrezzato<\/em>.<\/p>\n<p>&nbsp;<\/p>\n<p>&nbsp;<\/p>\n<hr \/>\n<p>&nbsp;<\/p>\n<blockquote>\n<h3>VENETO: STANZIATI 3 MILIONI PER LA MESSA IN SICUREZZA IDROGEOLOGICA DEL TERRITORIO<\/h3>\n<\/blockquote>\n<p><strong>VENEZIA\u00a0<\/strong>La Giunta regionale del Veneto ha stanziato 3 milioni di euro per la messa in sicurezza idrogeologica, su proposta dell\u2019assessore Gianpaolo Bottacin. Le risorse saranno gestite in gran parte (almeno il 70%) tramite le Province, che dovranno presentare elenchi di interventi prioritari, basati su criticit\u00e0 gi\u00e0 rilevate e non ancora finanziate, oppure finanziate parzialmente. Priorit\u00e0 verr\u00e0 data agli interventi meno costosi e cofinanziati, con un massimo di 150 mila euro ciascuno. Ogni Provincia potr\u00e0 ottenere un secondo finanziamento solo dopo che tutte saranno state coinvolte. Le Province e la Citt\u00e0 metropolitana di Venezia dovranno trasmettere gli elenchi entro il 15 maggio 2025. L&#8217;obiettivo \u00e8 rafforzare la sicurezza e sostenere gli enti locali.<\/p>\n<p><strong>L&#8217;ASSESSORE REGIONALE GIANPAOLO BOTTACIN<\/strong><\/p>\n<p><iframe loading=\"lazy\" title=\"BOTTACIN DISSESTO IDROGEOLOGICO\" width=\"1200\" height=\"675\" src=\"https:\/\/www.youtube.com\/embed\/acDAOpSNsIc?feature=oembed\" frameborder=\"0\" allow=\"accelerometer; autoplay; clipboard-write; encrypted-media; gyroscope; picture-in-picture; web-share\" referrerpolicy=\"strict-origin-when-cross-origin\" allowfullscreen><\/iframe><\/p>\n<p>&nbsp;<\/p>\n<hr \/>\n<p>&nbsp;<\/p>\n<blockquote>\n<h3>INCONTRO ISTITUZIONALE TRA CAMERA DI COMMERCIO E CONSOLATO USA: FOCUS SU RELAZIONI ECONOMICHE E COOPERAZIONE TRANSATLANTICA<\/h3>\n<\/blockquote>\n<p><strong><a class=\"dt-pswp-item\" href=\"https:\/\/www.radiopiu.net\/wordpress\/wp-content\/uploads\/2024\/06\/CAMERA-COMMERCIO.jpg\" data-dt-img-description=\"\" data-large_image_width=\"1107\" data-large_image_height=\"1107\"><img loading=\"lazy\" decoding=\"async\" class=\" wp-image-394657 alignleft\" src=\"https:\/\/www.radiopiu.net\/wordpress\/wp-content\/uploads\/2024\/06\/CAMERA-COMMERCIO-300x300.jpg\" alt=\"\" width=\"167\" height=\"167\" srcset=\"https:\/\/www.radiopiu.net\/wordpress\/wp-content\/uploads\/2024\/06\/CAMERA-COMMERCIO-300x300.jpg 300w, https:\/\/www.radiopiu.net\/wordpress\/wp-content\/uploads\/2024\/06\/CAMERA-COMMERCIO-1024x1024.jpg 1024w, https:\/\/www.radiopiu.net\/wordpress\/wp-content\/uploads\/2024\/06\/CAMERA-COMMERCIO-150x150.jpg 150w, https:\/\/www.radiopiu.net\/wordpress\/wp-content\/uploads\/2024\/06\/CAMERA-COMMERCIO-768x768.jpg 768w, https:\/\/www.radiopiu.net\/wordpress\/wp-content\/uploads\/2024\/06\/CAMERA-COMMERCIO.jpg 1107w\" sizes=\"auto, (max-width: 167px) 100vw, 167px\" \/><\/a>TREVISO<\/strong> Si \u00e8 tenuto in modalit\u00e0 virtuale un incontro istituzionale tra il Presidente Mario Pozza, in qualit\u00e0 di guida del sistema camerale locale e di Assocamerestero, e James N. Hamilton, Viceconsole per gli Affari Economici del Consolato USA a Milano, con la partecipazione di Venicepromex. Il confronto, cordiale e costruttivo, ha evidenziato l&#8217;importanza della diplomazia economica e della collaborazione istituzionale per monitorare i trend economici del Nord Italia. \u00c8 stato approfondito l\u2019andamento delle relazioni economiche tra Treviso, Belluno e gli Stati Uniti, con particolare attenzione a scambi e investimenti. Concordata la necessit\u00e0 di rafforzare i legami tra territori, affrontando insieme sfide come la transizione digitale, ecologica e la formazione all\u2019export.<\/p>\n<p>&nbsp;<\/p>\n<p>&nbsp;<\/p>\n<hr \/>\n<p>&nbsp;<\/p>\n<blockquote>\n<h3>L&#8217;ISTITUTO ZOOPROFILATTICO SPERIMENTALE DELLE VENEZIE A BELLUNO CAMBIA SEDE<\/h3>\n<\/blockquote>\n<p><strong><a class=\"dt-pswp-item\" href=\"https:\/\/www.radiopiu.net\/wordpress\/wp-content\/uploads\/2025\/04\/a01a709f-9960-422b-9a41-456fe628cb8b-scaled.jpg\" data-dt-img-description=\"\" data-large_image_width=\"2560\" data-large_image_height=\"2246\"><img loading=\"lazy\" decoding=\"async\" class=\" wp-image-445511 alignleft\" src=\"https:\/\/www.radiopiu.net\/wordpress\/wp-content\/uploads\/2025\/04\/a01a709f-9960-422b-9a41-456fe628cb8b-300x263.jpg\" alt=\"\" width=\"161\" height=\"141\" srcset=\"https:\/\/www.radiopiu.net\/wordpress\/wp-content\/uploads\/2025\/04\/a01a709f-9960-422b-9a41-456fe628cb8b-300x263.jpg 300w, https:\/\/www.radiopiu.net\/wordpress\/wp-content\/uploads\/2025\/04\/a01a709f-9960-422b-9a41-456fe628cb8b-1024x898.jpg 1024w, https:\/\/www.radiopiu.net\/wordpress\/wp-content\/uploads\/2025\/04\/a01a709f-9960-422b-9a41-456fe628cb8b-768x674.jpg 768w, https:\/\/www.radiopiu.net\/wordpress\/wp-content\/uploads\/2025\/04\/a01a709f-9960-422b-9a41-456fe628cb8b-1536x1347.jpg 1536w, https:\/\/www.radiopiu.net\/wordpress\/wp-content\/uploads\/2025\/04\/a01a709f-9960-422b-9a41-456fe628cb8b-2048x1797.jpg 2048w\" sizes=\"auto, (max-width: 161px) 100vw, 161px\" \/><\/a>BELLUNO<\/strong> Cambio di sede per l&#8217;Istituto Zooprofilattico Sperimentale delle Venezie a Belluno, che dopo decenni lascia la storica sede di Via Cappellari per trasferirsi nei pi\u00f9 moderni spazi dell&#8217;Arpav, alla Veneggia.<\/p>\n<p><strong>DI DANIELE DALVIT<\/strong><\/p>\n<audio class=\"wp-audio-shortcode\" id=\"audio-445436-6\" preload=\"none\" style=\"width: 100%;\" controls=\"controls\"><source type=\"audio\/mpeg\" src=\"https:\/\/www.radiopiu.net\/wordpress\/wp-content\/uploads\/2025\/04\/Servizio-Nuova-sede-Istituto-Zooprofilattico.mp3?_=6\" \/><a href=\"https:\/\/www.radiopiu.net\/wordpress\/wp-content\/uploads\/2025\/04\/Servizio-Nuova-sede-Istituto-Zooprofilattico.mp3\">https:\/\/www.radiopiu.net\/wordpress\/wp-content\/uploads\/2025\/04\/Servizio-Nuova-sede-Istituto-Zooprofilattico.mp3<\/a><\/audio>\n<p>&nbsp;<\/p>\n<hr \/>\n<p>&nbsp;<\/p>\n<blockquote>\n<h3>LA CISL SI CONFERMA PRIMO SINDACATO NELLE SCUOLE<\/h3>\n<\/blockquote>\n<p><strong><a class=\"dt-pswp-item\" href=\"https:\/\/www.radiopiu.net\/wordpress\/wp-content\/uploads\/2024\/09\/CISL-SCUOLA.png\" data-dt-img-description=\"\" data-large_image_width=\"530\" data-large_image_height=\"226\"><img loading=\"lazy\" decoding=\"async\" class=\" wp-image-408058 alignleft\" src=\"https:\/\/www.radiopiu.net\/wordpress\/wp-content\/uploads\/2024\/09\/CISL-SCUOLA-300x128.png\" alt=\"\" width=\"218\" height=\"93\" srcset=\"https:\/\/www.radiopiu.net\/wordpress\/wp-content\/uploads\/2024\/09\/CISL-SCUOLA-300x128.png 300w, https:\/\/www.radiopiu.net\/wordpress\/wp-content\/uploads\/2024\/09\/CISL-SCUOLA.png 530w\" sizes=\"auto, (max-width: 218px) 100vw, 218px\" \/><\/a>BELLUNO<\/strong> La Cisl Scuola si conferma il sindacato pi\u00f9 rappresentativo nelle scuole della provincia di Belluno, ottenendo il 35,20% dei voti alle elezioni Rsu. Su 4.371 aventi diritto, hanno votato in 2.986 e la Cisl ha raccolto 1.051 preferenze, superando Cgil (27,70%) e Snals (22,87%). La segretaria Tamborrini esprime soddisfazione per il risultato, frutto del lavoro costante nei territori. Tra le priorit\u00e0: rinnovo del contratto scaduto da tre anni, giustizia salariale, reclutamento trasparente, assunzioni PNRR e lotta al precariato. La Cisl chiede al Governo di correggere gli errori sul taglio del cuneo fiscale non applicato e denuncia il disagio dei lavoratori, aggravato da stipendi inadeguati e mancanza di tutele.<\/p>\n<p>&nbsp;<\/p>\n<p>&nbsp;<\/p>\n<hr \/>\n<p>&nbsp;<\/p>\n<blockquote>\n<h3>CISL FP: PRIMO SINDACATO NEL PUBBLICO IMPIEGO<\/h3>\n<\/blockquote>\n<p><strong><a class=\"dt-pswp-item\" href=\"https:\/\/www.radiopiu.net\/wordpress\/wp-content\/uploads\/2020\/04\/CISL-BELLUNO-OK.jpg\" data-dt-img-description=\"\" data-large_image_width=\"909\" data-large_image_height=\"910\"><img loading=\"lazy\" decoding=\"async\" class=\" wp-image-132184 alignleft\" src=\"https:\/\/www.radiopiu.net\/wordpress\/wp-content\/uploads\/2020\/04\/CISL-BELLUNO-OK-300x300.jpg\" alt=\"\" width=\"131\" height=\"131\" srcset=\"https:\/\/www.radiopiu.net\/wordpress\/wp-content\/uploads\/2020\/04\/CISL-BELLUNO-OK-300x300.jpg 300w, https:\/\/www.radiopiu.net\/wordpress\/wp-content\/uploads\/2020\/04\/CISL-BELLUNO-OK-150x150.jpg 150w, https:\/\/www.radiopiu.net\/wordpress\/wp-content\/uploads\/2020\/04\/CISL-BELLUNO-OK-768x769.jpg 768w, https:\/\/www.radiopiu.net\/wordpress\/wp-content\/uploads\/2020\/04\/CISL-BELLUNO-OK.jpg 909w\" sizes=\"auto, (max-width: 131px) 100vw, 131px\" \/><\/a>BELLUNO<\/strong> La Cisl Fp Belluno Treviso si conferma il primo sindacato nel pubblico impiego dopo le elezioni Rsu del 14-16 aprile. Guidata da Mario De Boni, ha ottenuto risultati eccellenti nei comparti Sanit\u00e0, Funzioni locali e Funzioni centrali. Nella Ulss 1 Dolomiti ha conquistato circa il 50% dei consensi (20 seggi su 42), mentre negli enti locali ha raggiunto quasi l\u201980% dei seggi. In provincia di Belluno, la Cisl ha totalizzato il 100% dei voti nell\u2019amministrazione provinciale, ha primeggiato a Cortina, Feltre e Belluno. Ottimo anche il risultato nei Tribunali e in Procura. Con 222 candidati a Belluno e 402 a Treviso, la Cisl conferma una presenza capillare e in crescita rispetto al 2022.<\/p>\n<p>&nbsp;<\/p>\n<p>&nbsp;<\/p>\n<hr \/>\n<p>&nbsp;<\/p>\n<blockquote>\n<h3>APPIA CNA BELLUNO: ELETTI I NUOVI PRESIDENTI DEI MESTIERI VERSO L\u2019ASSEMBLEA ESTIVA<\/h3>\n<\/blockquote>\n<p><strong>BELLUNO <\/strong>Appia CNA Belluno ha avviato il percorso verso l\u2019assemblea generale estiva, che porter\u00e0 all\u2019elezione del nuovo presidente provinciale. Concluse le votazioni per i presidenti dei Mestieri, gli organi che rappresentano le categorie economiche degli associati. Su quindici presidenti, sette sono stati eletti per la prima volta: <strong data-start=\"473\" data-end=\"493\">Annapaola Cagnan<\/strong> (Comunicazione e stampa), <strong data-start=\"520\" data-end=\"544\">Massimiliano Galvani<\/strong> (Occhialeria), <strong data-start=\"560\" data-end=\"577\">Dino Gasperin<\/strong> (Edilizia), <strong data-start=\"590\" data-end=\"608\">Giancarlo Sala<\/strong> (Taxi), <strong data-start=\"617\" data-end=\"637\">Francesco Tormen<\/strong> (Impianti elettrici), <strong data-start=\"660\" data-end=\"677\">Alberto Zabot<\/strong> (Meccatronici), <strong data-start=\"694\" data-end=\"710\">Sergio Zanon<\/strong> (Autotrasporto merci). Otto le riconferme: <strong data-start=\"757\" data-end=\"781\">Denis Baldissarrutti<\/strong> (Panificatori), <strong data-start=\"798\" data-end=\"818\">Emmanuele Bridda<\/strong> (Meccanica), <strong data-start=\"832\" data-end=\"848\">Matteo Crema<\/strong> (Fotografia), <strong data-start=\"863\" data-end=\"883\">Patrizia Dal Mas<\/strong> (Acconciatori), <strong data-start=\"900\" data-end=\"916\">Hermann Sala<\/strong> (Legno), <strong data-start=\"926\" data-end=\"950\">Cristina Scanferlato<\/strong> (Pulitintolavanderie), <strong data-start=\"974\" data-end=\"994\">Ferruccio Soccol<\/strong> (Termoidraulici), <strong data-start=\"1013\" data-end=\"1031\">Deborah Zannol<\/strong> (Estetiste). \u00abI Mestieri \u2013 spiega <strong data-start=\"1067\" data-end=\"1084\">Marta Poletti<\/strong>, responsabile di categoria \u2013 rappresentano la voce degli artigiani bellunesi, portando le esigenze dei settori anche a livello regionale e nazionale, con l\u2019obiettivo di rafforzare il legame tra imprese e territorio\u00bb.<\/p>\n<p><strong>I PRESIDENTI DEI MESTIERI<\/strong><\/p>\n\n\t\t\t<style type='text\/css'>\n\t\t\t\t#gallery-3 {\n\t\t\t\t\tmargin: auto;\n\t\t\t\t}\n\t\t\t\t#gallery-3 .gallery-item {\n\t\t\t\t\tfloat: left;\n\t\t\t\t\tmargin-top: 10px;\n\t\t\t\t\ttext-align: center;\n\t\t\t\t\twidth: 14%;\n\t\t\t\t}\n\t\t\t\t#gallery-3 img {\n\t\t\t\t\tborder: 2px solid #cfcfcf;\n\t\t\t\t}\n\t\t\t\t#gallery-3 .gallery-caption {\n\t\t\t\t\tmargin-left: 0;\n\t\t\t\t}\n\t\t\t\t\/* see gallery_shortcode() in wp-includes\/media.php *\/\n\t\t\t<\/style>\n\t\t<div id='gallery-3' class='dt-gallery-container gallery galleryid-445436 gallery-columns-7 gallery-size-thumbnail'><dl class='gallery-item'>\n\t\t\t\t<dt class='gallery-icon portrait'>\n\t\t\t\t\t<a class=\"rollover rollover-zoom dt-pswp-item\" title=\"Baldissarrutti Denis\" data-dt-img-description=\"\" data-large_image_width=\"935\" data-large_image_height=\"1520\"href='https:\/\/www.radiopiu.net\/wordpress\/wp-content\/uploads\/2025\/04\/Baldissarrutti-Denis.jpg'><img loading=\"lazy\" decoding=\"async\" width=\"150\" height=\"150\" src=\"https:\/\/www.radiopiu.net\/wordpress\/wp-content\/uploads\/2025\/04\/Baldissarrutti-Denis-150x150.jpg\" class=\"attachment-thumbnail size-thumbnail\" alt=\"\" \/><\/a>\n\t\t\t\t<\/dt><\/dl><dl class='gallery-item'>\n\t\t\t\t<dt class='gallery-icon landscape'>\n\t\t\t\t\t<a class=\"rollover rollover-zoom dt-pswp-item\" title=\"Bridda Emmanuele\" data-dt-img-description=\"\" data-large_image_width=\"1023\" data-large_image_height=\"862\"href='https:\/\/www.radiopiu.net\/wordpress\/wp-content\/uploads\/2025\/04\/Bridda-Emmanuele.png'><img loading=\"lazy\" decoding=\"async\" width=\"150\" height=\"150\" src=\"https:\/\/www.radiopiu.net\/wordpress\/wp-content\/uploads\/2025\/04\/Bridda-Emmanuele-150x150.png\" class=\"attachment-thumbnail size-thumbnail\" alt=\"\" \/><\/a>\n\t\t\t\t<\/dt><\/dl><dl class='gallery-item'>\n\t\t\t\t<dt class='gallery-icon landscape'>\n\t\t\t\t\t<a class=\"rollover rollover-zoom dt-pswp-item\" title=\"Cagnan Annapaola\" data-dt-img-description=\"\" data-large_image_width=\"591\" data-large_image_height=\"591\"href='https:\/\/www.radiopiu.net\/wordpress\/wp-content\/uploads\/2025\/04\/Cagnan-Annapaola.jpg'><img loading=\"lazy\" decoding=\"async\" width=\"150\" height=\"150\" src=\"https:\/\/www.radiopiu.net\/wordpress\/wp-content\/uploads\/2025\/04\/Cagnan-Annapaola-150x150.jpg\" class=\"attachment-thumbnail size-thumbnail\" alt=\"\" srcset=\"https:\/\/www.radiopiu.net\/wordpress\/wp-content\/uploads\/2025\/04\/Cagnan-Annapaola-150x150.jpg 150w, https:\/\/www.radiopiu.net\/wordpress\/wp-content\/uploads\/2025\/04\/Cagnan-Annapaola-300x300.jpg 300w, https:\/\/www.radiopiu.net\/wordpress\/wp-content\/uploads\/2025\/04\/Cagnan-Annapaola.jpg 591w\" sizes=\"auto, (max-width: 150px) 100vw, 150px\" \/><\/a>\n\t\t\t\t<\/dt><\/dl><dl class='gallery-item'>\n\t\t\t\t<dt class='gallery-icon landscape'>\n\t\t\t\t\t<a class=\"rollover rollover-zoom dt-pswp-item\" title=\"Crema Matteo\" data-dt-img-description=\"\" data-large_image_width=\"1600\" data-large_image_height=\"1600\"href='https:\/\/www.radiopiu.net\/wordpress\/wp-content\/uploads\/2025\/04\/Crema-Matteo.jpg'><img loading=\"lazy\" decoding=\"async\" width=\"150\" height=\"150\" src=\"https:\/\/www.radiopiu.net\/wordpress\/wp-content\/uploads\/2025\/04\/Crema-Matteo-150x150.jpg\" class=\"attachment-thumbnail size-thumbnail\" alt=\"\" srcset=\"https:\/\/www.radiopiu.net\/wordpress\/wp-content\/uploads\/2025\/04\/Crema-Matteo-150x150.jpg 150w, https:\/\/www.radiopiu.net\/wordpress\/wp-content\/uploads\/2025\/04\/Crema-Matteo-300x300.jpg 300w, https:\/\/www.radiopiu.net\/wordpress\/wp-content\/uploads\/2025\/04\/Crema-Matteo-1024x1024.jpg 1024w, https:\/\/www.radiopiu.net\/wordpress\/wp-content\/uploads\/2025\/04\/Crema-Matteo-768x768.jpg 768w, https:\/\/www.radiopiu.net\/wordpress\/wp-content\/uploads\/2025\/04\/Crema-Matteo-1536x1536.jpg 1536w, https:\/\/www.radiopiu.net\/wordpress\/wp-content\/uploads\/2025\/04\/Crema-Matteo.jpg 1600w\" sizes=\"auto, (max-width: 150px) 100vw, 150px\" \/><\/a>\n\t\t\t\t<\/dt><\/dl><dl class='gallery-item'>\n\t\t\t\t<dt class='gallery-icon portrait'>\n\t\t\t\t\t<a class=\"rollover rollover-zoom dt-pswp-item\" title=\"Dal Mas Patrizia\" data-dt-img-description=\"\" data-large_image_width=\"1365\" data-large_image_height=\"2048\"href='https:\/\/www.radiopiu.net\/wordpress\/wp-content\/uploads\/2025\/04\/Dal-Mas-Patrizia.jpg'><img loading=\"lazy\" decoding=\"async\" width=\"150\" height=\"150\" src=\"https:\/\/www.radiopiu.net\/wordpress\/wp-content\/uploads\/2025\/04\/Dal-Mas-Patrizia-150x150.jpg\" class=\"attachment-thumbnail size-thumbnail\" alt=\"\" \/><\/a>\n\t\t\t\t<\/dt><\/dl><dl class='gallery-item'>\n\t\t\t\t<dt class='gallery-icon portrait'>\n\t\t\t\t\t<a class=\"rollover rollover-zoom dt-pswp-item\" title=\"Galvani Massimiliano\" data-dt-img-description=\"\" data-large_image_width=\"1785\" data-large_image_height=\"2560\"href='https:\/\/www.radiopiu.net\/wordpress\/wp-content\/uploads\/2025\/04\/Galvani-Massimiliano-scaled.jpg'><img loading=\"lazy\" decoding=\"async\" width=\"150\" height=\"150\" src=\"https:\/\/www.radiopiu.net\/wordpress\/wp-content\/uploads\/2025\/04\/Galvani-Massimiliano-150x150.jpg\" class=\"attachment-thumbnail size-thumbnail\" alt=\"\" \/><\/a>\n\t\t\t\t<\/dt><\/dl><dl class='gallery-item'>\n\t\t\t\t<dt class='gallery-icon landscape'>\n\t\t\t\t\t<a class=\"rollover rollover-zoom dt-pswp-item\" title=\"Gasperin Dino\" data-dt-img-description=\"\" data-large_image_width=\"1600\" data-large_image_height=\"1200\"href='https:\/\/www.radiopiu.net\/wordpress\/wp-content\/uploads\/2025\/04\/Gasperin-Dino.jpg'><img loading=\"lazy\" decoding=\"async\" width=\"150\" height=\"150\" src=\"https:\/\/www.radiopiu.net\/wordpress\/wp-content\/uploads\/2025\/04\/Gasperin-Dino-150x150.jpg\" class=\"attachment-thumbnail size-thumbnail\" alt=\"\" \/><\/a>\n\t\t\t\t<\/dt><\/dl><br style=\"clear: both\" \/><dl class='gallery-item'>\n\t\t\t\t<dt class='gallery-icon landscape'>\n\t\t\t\t\t<a class=\"rollover rollover-zoom dt-pswp-item\" title=\"Sala Hermann\" data-dt-img-description=\"\" data-large_image_width=\"1307\" data-large_image_height=\"1307\"href='https:\/\/www.radiopiu.net\/wordpress\/wp-content\/uploads\/2025\/04\/Sala-Hermann.jpg'><img loading=\"lazy\" decoding=\"async\" width=\"150\" height=\"150\" src=\"https:\/\/www.radiopiu.net\/wordpress\/wp-content\/uploads\/2025\/04\/Sala-Hermann-150x150.jpg\" class=\"attachment-thumbnail size-thumbnail\" alt=\"\" srcset=\"https:\/\/www.radiopiu.net\/wordpress\/wp-content\/uploads\/2025\/04\/Sala-Hermann-150x150.jpg 150w, https:\/\/www.radiopiu.net\/wordpress\/wp-content\/uploads\/2025\/04\/Sala-Hermann-300x300.jpg 300w, https:\/\/www.radiopiu.net\/wordpress\/wp-content\/uploads\/2025\/04\/Sala-Hermann-1024x1024.jpg 1024w, https:\/\/www.radiopiu.net\/wordpress\/wp-content\/uploads\/2025\/04\/Sala-Hermann-768x768.jpg 768w, https:\/\/www.radiopiu.net\/wordpress\/wp-content\/uploads\/2025\/04\/Sala-Hermann.jpg 1307w\" sizes=\"auto, (max-width: 150px) 100vw, 150px\" \/><\/a>\n\t\t\t\t<\/dt><\/dl><dl class='gallery-item'>\n\t\t\t\t<dt class='gallery-icon portrait'>\n\t\t\t\t\t<a class=\"rollover rollover-zoom dt-pswp-item\" title=\"Scanferlato Cristina\" data-dt-img-description=\"\" data-large_image_width=\"1731\" data-large_image_height=\"2083\"href='https:\/\/www.radiopiu.net\/wordpress\/wp-content\/uploads\/2025\/04\/Scanferlato-Cristina.jpg'><img loading=\"lazy\" decoding=\"async\" width=\"150\" height=\"150\" src=\"https:\/\/www.radiopiu.net\/wordpress\/wp-content\/uploads\/2025\/04\/Scanferlato-Cristina-150x150.jpg\" class=\"attachment-thumbnail size-thumbnail\" alt=\"\" \/><\/a>\n\t\t\t\t<\/dt><\/dl><dl class='gallery-item'>\n\t\t\t\t<dt class='gallery-icon portrait'>\n\t\t\t\t\t<a class=\"rollover rollover-zoom dt-pswp-item\" title=\"Soccol Ferruccio\" data-dt-img-description=\"\" data-large_image_width=\"768\" data-large_image_height=\"1024\"href='https:\/\/www.radiopiu.net\/wordpress\/wp-content\/uploads\/2025\/04\/Soccol-Ferruccio.jpg'><img loading=\"lazy\" decoding=\"async\" width=\"150\" height=\"150\" src=\"https:\/\/www.radiopiu.net\/wordpress\/wp-content\/uploads\/2025\/04\/Soccol-Ferruccio-150x150.jpg\" class=\"attachment-thumbnail size-thumbnail\" alt=\"\" \/><\/a>\n\t\t\t\t<\/dt><\/dl><dl class='gallery-item'>\n\t\t\t\t<dt class='gallery-icon portrait'>\n\t\t\t\t\t<a class=\"rollover rollover-zoom dt-pswp-item\" title=\"Tormen Francesco\" data-dt-img-description=\"\" data-large_image_width=\"466\" data-large_image_height=\"480\"href='https:\/\/www.radiopiu.net\/wordpress\/wp-content\/uploads\/2025\/04\/Tormen-Francesco.png'><img loading=\"lazy\" decoding=\"async\" width=\"150\" height=\"150\" src=\"https:\/\/www.radiopiu.net\/wordpress\/wp-content\/uploads\/2025\/04\/Tormen-Francesco-150x150.png\" class=\"attachment-thumbnail size-thumbnail\" alt=\"\" \/><\/a>\n\t\t\t\t<\/dt><\/dl><dl class='gallery-item'>\n\t\t\t\t<dt class='gallery-icon portrait'>\n\t\t\t\t\t<a class=\"rollover rollover-zoom dt-pswp-item\" title=\"Zabot Alberto\" data-dt-img-description=\"\" data-large_image_width=\"1920\" data-large_image_height=\"2560\"href='https:\/\/www.radiopiu.net\/wordpress\/wp-content\/uploads\/2025\/04\/Zabot-Alberto-scaled.jpg'><img loading=\"lazy\" decoding=\"async\" width=\"150\" height=\"150\" src=\"https:\/\/www.radiopiu.net\/wordpress\/wp-content\/uploads\/2025\/04\/Zabot-Alberto-150x150.jpg\" class=\"attachment-thumbnail size-thumbnail\" alt=\"\" \/><\/a>\n\t\t\t\t<\/dt><\/dl><dl class='gallery-item'>\n\t\t\t\t<dt class='gallery-icon portrait'>\n\t\t\t\t\t<a class=\"rollover rollover-zoom dt-pswp-item\" title=\"Zannol Deborah\" data-dt-img-description=\"\" data-large_image_width=\"1920\" data-large_image_height=\"2560\"href='https:\/\/www.radiopiu.net\/wordpress\/wp-content\/uploads\/2025\/04\/Zannol-Deborah-scaled.jpg'><img loading=\"lazy\" decoding=\"async\" width=\"150\" height=\"150\" src=\"https:\/\/www.radiopiu.net\/wordpress\/wp-content\/uploads\/2025\/04\/Zannol-Deborah-150x150.jpg\" class=\"attachment-thumbnail size-thumbnail\" alt=\"\" \/><\/a>\n\t\t\t\t<\/dt><\/dl><dl class='gallery-item'>\n\t\t\t\t<dt class='gallery-icon portrait'>\n\t\t\t\t\t<a class=\"rollover rollover-zoom dt-pswp-item\" title=\"Zanon Sergio\" data-dt-img-description=\"\" data-large_image_width=\"1920\" data-large_image_height=\"2560\"href='https:\/\/www.radiopiu.net\/wordpress\/wp-content\/uploads\/2025\/04\/Zanon-Sergio-scaled.jpg'><img loading=\"lazy\" decoding=\"async\" width=\"150\" height=\"150\" src=\"https:\/\/www.radiopiu.net\/wordpress\/wp-content\/uploads\/2025\/04\/Zanon-Sergio-150x150.jpg\" class=\"attachment-thumbnail size-thumbnail\" alt=\"\" \/><\/a>\n\t\t\t\t<\/dt><\/dl><br style=\"clear: both\" \/>\n\t\t\t<\/div>\n\n<p>&nbsp;<\/p>\n<hr \/>\n<p>&nbsp;<\/p>\n<blockquote>\n<h3><a class=\"dt-pswp-item\" href=\"https:\/\/www.radiopiu.net\/wordpress\/wp-content\/uploads\/2025\/04\/Immagine-2025-04-18-044630.jpg\" data-dt-img-description=\"\" data-large_image_width=\"581\" data-large_image_height=\"283\"><img loading=\"lazy\" decoding=\"async\" class=\"size-medium wp-image-445563 alignleft\" src=\"https:\/\/www.radiopiu.net\/wordpress\/wp-content\/uploads\/2025\/04\/Immagine-2025-04-18-044630-300x146.jpg\" alt=\"\" width=\"300\" height=\"146\" srcset=\"https:\/\/www.radiopiu.net\/wordpress\/wp-content\/uploads\/2025\/04\/Immagine-2025-04-18-044630-300x146.jpg 300w, https:\/\/www.radiopiu.net\/wordpress\/wp-content\/uploads\/2025\/04\/Immagine-2025-04-18-044630.jpg 581w\" sizes=\"auto, (max-width: 300px) 100vw, 300px\" \/><\/a>\u201cFALCADE NON \u00c8 MOENA!\u201d \u2013 TRIPLETTA BELLUNESE SU BAD DRIVERS OF ITALY (CON SVISTA)<\/h3>\n<\/blockquote>\n<p class=\"\" data-start=\"92\" data-end=\"246\">Una tripletta tutta bellunese questa settimana sul canale YouTube <em data-start=\"158\" data-end=\"180\">Bad Drivers of Italy<\/em>, ma con un errore che non \u00e8 passato inosservato ai pi\u00f9 attenti.<\/p>\n<p class=\"\" data-start=\"248\" data-end=\"509\">Al <strong data-start=\"251\" data-end=\"266\">minuto 1.22<\/strong>, infatti, compare una manovra azzardata in piena <strong data-start=\"316\" data-end=\"332\">Falcade Alto<\/strong>, precisamente nella ben nota <strong data-start=\"362\" data-end=\"375\">strettoia<\/strong>. Peccato che nel video venga indicata come <strong data-start=\"419\" data-end=\"428\">Moena<\/strong>: un errore geografico che sposta il Bellunese nel Trentino. Ancora una volta!<\/p>\n<p class=\"\" data-start=\"511\" data-end=\"637\">Segue, al <strong data-start=\"521\" data-end=\"536\">minuto 3.40<\/strong>, una scena girata a <strong data-start=\"557\" data-end=\"578\">Cortina d\u2019Ampezzo<\/strong>, e infine al <strong data-start=\"592\" data-end=\"600\">4.22<\/strong> si riconosce chiaramente <strong data-start=\"626\" data-end=\"636\">Cadola<\/strong>. Il Bellunese dunque c\u2019\u00e8, anche nei momenti di guida discutibile&#8230; ma sarebbe bello che almeno venisse geolocalizzato nel posto giusto!<\/p>\n<p><iframe loading=\"lazy\" title=\"BAD DRIVERS OF ITALY dashcam compilation - CARAMBA COMBO\" width=\"1200\" height=\"675\" src=\"https:\/\/www.youtube.com\/embed\/4eE92vVgBkQ?feature=oembed\" frameborder=\"0\" allow=\"accelerometer; autoplay; clipboard-write; encrypted-media; gyroscope; picture-in-picture; web-share\" referrerpolicy=\"strict-origin-when-cross-origin\" allowfullscreen><\/iframe><\/p>\n<p>&nbsp;<\/p>\n<p>&nbsp;<\/p>\n<hr \/>\n<div class=\"bd_header_single bd_header_single_template_2\">\n<div class=\"bd-container\">\n<div class=\"bd_header_single_holder\">\n<h1 class=\"_title post-title entry-title\">BELLUNO | MAI SOTTOVALUTARE I CASI DI ABBANDONO SCOLASTICO<\/h1>\n<\/div>\n<\/div>\n<\/div>\n<p>Intervistati ROBERTA OLIVOTTO (ASSESSORE SCUOLA FORMAZIONE COMUNE BELLUNO), MARTINA STACH (ASSESSORE POLITICHE SOCIALI CESIOMAGGIORE) (Servizio di\u00a0<a href=\"https:\/\/antennatre.medianordest.it\/redazione\/Fabio-Fioravanzi\/\">Fabio Fioravanzi<\/a>)<\/p>\n<p>&nbsp;<\/p>\n<p><iframe loading=\"lazy\" title=\"MAI SOTTOVALUTARE I CASI DI ABBANDONO SCOLASTICO | 17\/04\/2025\" width=\"1200\" height=\"675\" src=\"https:\/\/www.youtube.com\/embed\/lORIcUQstJA?feature=oembed\" frameborder=\"0\" allow=\"accelerometer; autoplay; clipboard-write; encrypted-media; gyroscope; picture-in-picture; web-share\" referrerpolicy=\"strict-origin-when-cross-origin\" allowfullscreen><\/iframe><\/p>\n<p>&nbsp;<\/p>\n<p>&nbsp;<\/p>\n<hr \/>\n<p>&nbsp;<\/p>\n<blockquote>\n<h3>INAUGURATO A SAN PANFILO D\u2019OCRE IL MONUMENTO IN MEMORIA DEL DOTTOR SPAZIANI E DEI VOLONTARI BELLUNESI<\/h3>\n<\/blockquote>\n<p><strong>BELLUNO<\/strong> Sabato pomeriggio, la comunit\u00e0 di San Panfilo d\u2019Ocre ha accolto con affetto la delegazione della Protezione Civile di Belluno, in occasione dell\u2019inaugurazione di un monumento dedicato al dottor Fabrizio Spaziani e ai volontari bellunesi intervenuti dopo il terremoto del 6 aprile 2009.<\/p>\n<p><strong>MASSIMO BORTOLUZZI, CONSIGLIERE PROVINCIALE<\/strong><\/p>\n<audio class=\"wp-audio-shortcode\" id=\"audio-445436-7\" preload=\"none\" style=\"width: 100%;\" controls=\"controls\"><source type=\"audio\/mpeg\" src=\"https:\/\/www.radiopiu.net\/wordpress\/wp-content\/uploads\/2025\/04\/BORTOLUZZI-SAN-PANFILO.mp3?_=7\" \/><a href=\"https:\/\/www.radiopiu.net\/wordpress\/wp-content\/uploads\/2025\/04\/BORTOLUZZI-SAN-PANFILO.mp3\">https:\/\/www.radiopiu.net\/wordpress\/wp-content\/uploads\/2025\/04\/BORTOLUZZI-SAN-PANFILO.mp3<\/a><\/audio>\n<p>&nbsp;<\/p>\n\n\t\t\t<style type='text\/css'>\n\t\t\t\t#gallery-4 {\n\t\t\t\t\tmargin: auto;\n\t\t\t\t}\n\t\t\t\t#gallery-4 .gallery-item {\n\t\t\t\t\tfloat: left;\n\t\t\t\t\tmargin-top: 10px;\n\t\t\t\t\ttext-align: center;\n\t\t\t\t\twidth: 14%;\n\t\t\t\t}\n\t\t\t\t#gallery-4 img {\n\t\t\t\t\tborder: 2px solid #cfcfcf;\n\t\t\t\t}\n\t\t\t\t#gallery-4 .gallery-caption {\n\t\t\t\t\tmargin-left: 0;\n\t\t\t\t}\n\t\t\t\t\/* see gallery_shortcode() in wp-includes\/media.php *\/\n\t\t\t<\/style>\n\t\t<div id='gallery-4' class='dt-gallery-container gallery galleryid-445436 gallery-columns-7 gallery-size-thumbnail'><dl class='gallery-item'>\n\t\t\t\t<dt class='gallery-icon portrait'>\n\t\t\t\t\t<a class=\"rollover rollover-zoom dt-pswp-item\" title=\"f9cfd204-01e0-4c09-85be-d2b85c58d535\" data-dt-img-description=\"\" data-large_image_width=\"1335\" data-large_image_height=\"1600\"href='https:\/\/www.radiopiu.net\/wordpress\/wp-content\/uploads\/2025\/04\/f9cfd204-01e0-4c09-85be-d2b85c58d535.jpg'><img loading=\"lazy\" decoding=\"async\" width=\"150\" height=\"150\" src=\"https:\/\/www.radiopiu.net\/wordpress\/wp-content\/uploads\/2025\/04\/f9cfd204-01e0-4c09-85be-d2b85c58d535-150x150.jpg\" class=\"attachment-thumbnail size-thumbnail\" alt=\"\" \/><\/a>\n\t\t\t\t<\/dt><\/dl><dl class='gallery-item'>\n\t\t\t\t<dt class='gallery-icon landscape'>\n\t\t\t\t\t<a class=\"rollover rollover-zoom dt-pswp-item\" title=\"9fa0b326-d0f2-41f2-9bba-c9da0c7f3d79\" data-dt-img-description=\"\" data-large_image_width=\"1600\" data-large_image_height=\"1200\"href='https:\/\/www.radiopiu.net\/wordpress\/wp-content\/uploads\/2025\/04\/9fa0b326-d0f2-41f2-9bba-c9da0c7f3d79.jpg'><img loading=\"lazy\" decoding=\"async\" width=\"150\" height=\"150\" src=\"https:\/\/www.radiopiu.net\/wordpress\/wp-content\/uploads\/2025\/04\/9fa0b326-d0f2-41f2-9bba-c9da0c7f3d79-150x150.jpg\" class=\"attachment-thumbnail size-thumbnail\" alt=\"\" \/><\/a>\n\t\t\t\t<\/dt><\/dl><dl class='gallery-item'>\n\t\t\t\t<dt class='gallery-icon portrait'>\n\t\t\t\t\t<a class=\"rollover rollover-zoom dt-pswp-item\" title=\"e8662f01-6702-4fa2-9218-05213efce4d2\" data-dt-img-description=\"\" data-large_image_width=\"1200\" data-large_image_height=\"1600\"href='https:\/\/www.radiopiu.net\/wordpress\/wp-content\/uploads\/2025\/04\/e8662f01-6702-4fa2-9218-05213efce4d2.jpg'><img loading=\"lazy\" decoding=\"async\" width=\"150\" height=\"150\" src=\"https:\/\/www.radiopiu.net\/wordpress\/wp-content\/uploads\/2025\/04\/e8662f01-6702-4fa2-9218-05213efce4d2-150x150.jpg\" class=\"attachment-thumbnail size-thumbnail\" alt=\"\" \/><\/a>\n\t\t\t\t<\/dt><\/dl><dl class='gallery-item'>\n\t\t\t\t<dt class='gallery-icon portrait'>\n\t\t\t\t\t<a class=\"rollover rollover-zoom dt-pswp-item\" title=\"c10f9fc4-e13a-4ccf-b190-3c2928653276\" data-dt-img-description=\"\" data-large_image_width=\"1200\" data-large_image_height=\"1600\"href='https:\/\/www.radiopiu.net\/wordpress\/wp-content\/uploads\/2025\/04\/c10f9fc4-e13a-4ccf-b190-3c2928653276.jpg'><img loading=\"lazy\" decoding=\"async\" width=\"150\" height=\"150\" src=\"https:\/\/www.radiopiu.net\/wordpress\/wp-content\/uploads\/2025\/04\/c10f9fc4-e13a-4ccf-b190-3c2928653276-150x150.jpg\" class=\"attachment-thumbnail size-thumbnail\" alt=\"\" \/><\/a>\n\t\t\t\t<\/dt><\/dl><dl class='gallery-item'>\n\t\t\t\t<dt class='gallery-icon landscape'>\n\t\t\t\t\t<a class=\"rollover rollover-zoom dt-pswp-item\" title=\"abf975ce-3e08-473b-84ba-f6915e10f61b\" data-dt-img-description=\"\" data-large_image_width=\"1600\" data-large_image_height=\"1200\"href='https:\/\/www.radiopiu.net\/wordpress\/wp-content\/uploads\/2025\/04\/abf975ce-3e08-473b-84ba-f6915e10f61b.jpg'><img loading=\"lazy\" decoding=\"async\" width=\"150\" height=\"150\" src=\"https:\/\/www.radiopiu.net\/wordpress\/wp-content\/uploads\/2025\/04\/abf975ce-3e08-473b-84ba-f6915e10f61b-150x150.jpg\" class=\"attachment-thumbnail size-thumbnail\" alt=\"\" \/><\/a>\n\t\t\t\t<\/dt><\/dl><dl class='gallery-item'>\n\t\t\t\t<dt class='gallery-icon landscape'>\n\t\t\t\t\t<a class=\"rollover rollover-zoom dt-pswp-item\" title=\"9f20257f-e64a-46ee-8819-aab5ef7dff10\" data-dt-img-description=\"\" data-large_image_width=\"1600\" data-large_image_height=\"1200\"href='https:\/\/www.radiopiu.net\/wordpress\/wp-content\/uploads\/2025\/04\/9f20257f-e64a-46ee-8819-aab5ef7dff10.jpg'><img loading=\"lazy\" decoding=\"async\" width=\"150\" height=\"150\" src=\"https:\/\/www.radiopiu.net\/wordpress\/wp-content\/uploads\/2025\/04\/9f20257f-e64a-46ee-8819-aab5ef7dff10-150x150.jpg\" class=\"attachment-thumbnail size-thumbnail\" alt=\"\" \/><\/a>\n\t\t\t\t<\/dt><\/dl><dl class='gallery-item'>\n\t\t\t\t<dt class='gallery-icon landscape'>\n\t\t\t\t\t<a class=\"rollover rollover-zoom dt-pswp-item\" title=\"548f39dd-2186-4db5-b097-680615763070\" data-dt-img-description=\"\" data-large_image_width=\"1600\" data-large_image_height=\"1200\"href='https:\/\/www.radiopiu.net\/wordpress\/wp-content\/uploads\/2025\/04\/548f39dd-2186-4db5-b097-680615763070.jpg'><img loading=\"lazy\" decoding=\"async\" width=\"150\" height=\"150\" src=\"https:\/\/www.radiopiu.net\/wordpress\/wp-content\/uploads\/2025\/04\/548f39dd-2186-4db5-b097-680615763070-150x150.jpg\" class=\"attachment-thumbnail size-thumbnail\" alt=\"\" \/><\/a>\n\t\t\t\t<\/dt><\/dl><br style=\"clear: both\" \/>\n\t\t\t<\/div>\n\n<p>&nbsp;<\/p>\n<hr \/>\n<p>&nbsp;<\/p>\n<blockquote>\n<h3>PREMIATI I VINCITORI DEL CONCORSO LA BELLEZZA DELL&#8217;IMPEGNO<\/h3>\n<\/blockquote>\n<p><strong>AGORDO<\/strong><\/p>\n<p>DI GIANNI SANTOMASO<\/p>\n<audio class=\"wp-audio-shortcode\" id=\"audio-445436-8\" preload=\"none\" style=\"width: 100%;\" controls=\"controls\"><source type=\"audio\/mpeg\" src=\"https:\/\/www.radiopiu.net\/wordpress\/wp-content\/uploads\/2025\/04\/GIANNI-PREMIATI-I-VINCITORI-DEL-CONCORSO-LA-BELLEZZA-DELLIMPEGNO.mp3?_=8\" \/><a href=\"https:\/\/www.radiopiu.net\/wordpress\/wp-content\/uploads\/2025\/04\/GIANNI-PREMIATI-I-VINCITORI-DEL-CONCORSO-LA-BELLEZZA-DELLIMPEGNO.mp3\">https:\/\/www.radiopiu.net\/wordpress\/wp-content\/uploads\/2025\/04\/GIANNI-PREMIATI-I-VINCITORI-DEL-CONCORSO-LA-BELLEZZA-DELLIMPEGNO.mp3<\/a><\/audio>\n<p>&nbsp;<\/p>\n\n\t\t\t<style type='text\/css'>\n\t\t\t\t#gallery-5 {\n\t\t\t\t\tmargin: auto;\n\t\t\t\t}\n\t\t\t\t#gallery-5 .gallery-item {\n\t\t\t\t\tfloat: left;\n\t\t\t\t\tmargin-top: 10px;\n\t\t\t\t\ttext-align: center;\n\t\t\t\t\twidth: 33%;\n\t\t\t\t}\n\t\t\t\t#gallery-5 img {\n\t\t\t\t\tborder: 2px solid #cfcfcf;\n\t\t\t\t}\n\t\t\t\t#gallery-5 .gallery-caption {\n\t\t\t\t\tmargin-left: 0;\n\t\t\t\t}\n\t\t\t\t\/* see gallery_shortcode() in wp-includes\/media.php *\/\n\t\t\t<\/style>\n\t\t<div id='gallery-5' class='dt-gallery-container gallery galleryid-445436 gallery-columns-3 gallery-size-thumbnail'><dl class='gallery-item'>\n\t\t\t\t<dt class='gallery-icon landscape'>\n\t\t\t\t\t<a class=\"rollover rollover-zoom dt-pswp-item\" title=\"da95d8e3-e8be-4fe7-950d-c0ba934af60f\" data-dt-img-description=\"\" data-large_image_width=\"2000\" data-large_image_height=\"1500\"href='https:\/\/www.radiopiu.net\/wordpress\/wp-content\/uploads\/2025\/04\/da95d8e3-e8be-4fe7-950d-c0ba934af60f.jpg'><img loading=\"lazy\" decoding=\"async\" width=\"150\" height=\"150\" src=\"https:\/\/www.radiopiu.net\/wordpress\/wp-content\/uploads\/2025\/04\/da95d8e3-e8be-4fe7-950d-c0ba934af60f-150x150.jpg\" class=\"attachment-thumbnail size-thumbnail\" alt=\"\" \/><\/a>\n\t\t\t\t<\/dt><\/dl><dl class='gallery-item'>\n\t\t\t\t<dt class='gallery-icon landscape'>\n\t\t\t\t\t<a class=\"rollover rollover-zoom dt-pswp-item\" title=\"1250f0d7-2805-4d0f-b71d-3245fe0124e3\" data-dt-img-description=\"\" data-large_image_width=\"1600\" data-large_image_height=\"1200\"href='https:\/\/www.radiopiu.net\/wordpress\/wp-content\/uploads\/2025\/04\/1250f0d7-2805-4d0f-b71d-3245fe0124e3.jpg'><img loading=\"lazy\" decoding=\"async\" width=\"150\" height=\"150\" src=\"https:\/\/www.radiopiu.net\/wordpress\/wp-content\/uploads\/2025\/04\/1250f0d7-2805-4d0f-b71d-3245fe0124e3-150x150.jpg\" class=\"attachment-thumbnail size-thumbnail\" alt=\"\" \/><\/a>\n\t\t\t\t<\/dt><\/dl><dl class='gallery-item'>\n\t\t\t\t<dt class='gallery-icon landscape'>\n\t\t\t\t\t<a class=\"rollover rollover-zoom dt-pswp-item\" title=\"b6596356-e714-42b7-969d-b36927c9b96e\" data-dt-img-description=\"\" data-large_image_width=\"1600\" data-large_image_height=\"1200\"href='https:\/\/www.radiopiu.net\/wordpress\/wp-content\/uploads\/2025\/04\/b6596356-e714-42b7-969d-b36927c9b96e.jpg'><img loading=\"lazy\" decoding=\"async\" width=\"150\" height=\"150\" src=\"https:\/\/www.radiopiu.net\/wordpress\/wp-content\/uploads\/2025\/04\/b6596356-e714-42b7-969d-b36927c9b96e-150x150.jpg\" class=\"attachment-thumbnail size-thumbnail\" alt=\"\" \/><\/a>\n\t\t\t\t<\/dt><\/dl><br style=\"clear: both\" \/>\n\t\t\t<\/div>\n\n<p>&nbsp;<\/p>\n<hr \/>\n<p>&nbsp;<\/p>\n<blockquote>\n<h3>VERSO LA PASQUA, LE INTERVISTA DI MARINA<br \/>\nOSPITE GIUSEPPE DE DONA&#8217;<\/h3>\n<\/blockquote>\n<div style=\"width: 848px;\" class=\"wp-video\"><video class=\"wp-video-shortcode\" id=\"video-445436-1\" width=\"848\" height=\"364\" preload=\"metadata\" controls=\"controls\"><source type=\"video\/mp4\" src=\"https:\/\/www.radiopiu.net\/wordpress\/wp-content\/uploads\/2025\/04\/WhatsApp-Video-2025-04-17-at-17.42.59.mp4?_=1\" \/><a href=\"https:\/\/www.radiopiu.net\/wordpress\/wp-content\/uploads\/2025\/04\/WhatsApp-Video-2025-04-17-at-17.42.59.mp4\">https:\/\/www.radiopiu.net\/wordpress\/wp-content\/uploads\/2025\/04\/WhatsApp-Video-2025-04-17-at-17.42.59.mp4<\/a><\/video><\/div>\n<p>&nbsp;<\/p>\n<p>&nbsp;<\/p>\n<hr \/>\n<p>&nbsp;<\/p>\n<blockquote>\n<h3><a class=\"dt-pswp-item\" href=\"https:\/\/www.radiopiu.net\/wordpress\/wp-content\/uploads\/2025\/04\/copertina-DOLOMITI-1-2025-scaled.jpg\" data-dt-img-description=\"\" data-large_image_width=\"1796\" data-large_image_height=\"2560\"><img loading=\"lazy\" decoding=\"async\" class=\" wp-image-445499 alignleft\" src=\"https:\/\/www.radiopiu.net\/wordpress\/wp-content\/uploads\/2025\/04\/copertina-DOLOMITI-1-2025-211x300.jpg\" alt=\"\" width=\"148\" height=\"210\" srcset=\"https:\/\/www.radiopiu.net\/wordpress\/wp-content\/uploads\/2025\/04\/copertina-DOLOMITI-1-2025-211x300.jpg 211w, https:\/\/www.radiopiu.net\/wordpress\/wp-content\/uploads\/2025\/04\/copertina-DOLOMITI-1-2025-719x1024.jpg 719w, https:\/\/www.radiopiu.net\/wordpress\/wp-content\/uploads\/2025\/04\/copertina-DOLOMITI-1-2025-768x1094.jpg 768w, https:\/\/www.radiopiu.net\/wordpress\/wp-content\/uploads\/2025\/04\/copertina-DOLOMITI-1-2025-1078x1536.jpg 1078w, https:\/\/www.radiopiu.net\/wordpress\/wp-content\/uploads\/2025\/04\/copertina-DOLOMITI-1-2025-1437x2048.jpg 1437w, https:\/\/www.radiopiu.net\/wordpress\/wp-content\/uploads\/2025\/04\/copertina-DOLOMITI-1-2025-scaled.jpg 1796w\" sizes=\"auto, (max-width: 148px) 100vw, 148px\" \/><\/a>USCITO IL PRIMO NUMERO DI &#8220;DOLOMITI&#8221;<\/h3>\n<\/blockquote>\n<p><strong>BELLUNO<\/strong> \u00c8 uscito il numero 1\/2025 della rivista <em data-start=\"40\" data-end=\"50\">Dolomiti<\/em>, pubblicata dall\u2019Istituto Bellunese di Ricerche Sociali e Culturali. Con una nuova grafica e un approccio pi\u00f9 giovane, la rivista continua a raccontare la cultura, la storia e l\u2019identit\u00e0 della provincia di Belluno. Tra i contributi, si segnalano saggi sulla Prima guerra mondiale in Val Comelico, la famiglia Mazuch, l\u2019onomastica zumellese, la storia postale bellunese e la Filatura di Landris. Altri articoli esplorano il patrimonio artistico locale, figure come Oliviero Olivo e Giovanna Zangrandi, la Casera della Medassa e testimonianze personali. <em data-start=\"603\" data-end=\"613\">Dolomiti<\/em> si conferma punto di riferimento culturale, mantenendo viva la memoria del territorio bellunese con uno sguardo rinnovato e partecipato.<\/p>\n<p>&nbsp;<\/p>\n<p>&nbsp;<\/p>\n<hr \/>\n<p>&nbsp;<\/p>\n<p class=\"\" data-start=\"0\" data-end=\"84\"><strong data-start=\"0\" data-end=\"84\"><em><img loading=\"lazy\" decoding=\"async\" class=\"alignleft\" src=\"https:\/\/www.radiopiu.net\/wordpress\/wp-content\/uploads\/2025\/04\/Immagine-2025-04-16-140709.jpg\" width=\"277\" height=\"131\" \/><\/em>OPEN WEEK SALUTE DELLA DONNA: GLI APPUNTAMENTI ULSS DOLOMITI DAL 22 AL 30 APRILE<\/strong><\/p>\n<p>L\u2019Ulss Dolomiti partecipa all\u2019Open Week per la salute della donna con eventi gratuiti dal 22 al 30 aprile.<\/p>\n<p><strong>Il 22 aprile,<\/strong> alle 17.30, nella Sala Convegni dell\u2019Ospedale di Feltre, si terr\u00e0 un incontro sulla prevenzione e cura di osteoporosi, mal di testa, tiroide e menopausa, con esperti dell\u2019ospedale.<\/p>\n<p><strong>Il 27 aprile<\/strong>, alle 11.30, incontro online \u201cNutrire il futuro: l\u2019arte dell\u2019allattamento al seno\u201d con ostetriche e infermiere dell\u2019Ospedale di Belluno. Per partecipare: <a class=\"\" href=\"https:\/\/meet.google.com\/esd-yato-pzb\" target=\"_new\" rel=\"noopener\" data-start=\"374\" data-end=\"450\" data-is-last-node=\"\">https:\/\/meet.google.com\/esd-yato-pzb<\/a><\/p>\n<p><strong>Il 30 aprile<\/strong>, dalle 14.00 alle 18.00, consulenze online con il ginecologo su come prepararsi alla gravidanza. <strong data-start=\"345\" data-end=\"374\">Prenotazione obbligatoria<\/strong> scrivendo a: <a rel=\"noopener\" data-start=\"393\" data-end=\"428\" data-is-last-node=\"\">ginecologia.bl.rep@aulss1.veneto.it<\/a><\/p>\n<p>&nbsp;<\/p>\n<p>&nbsp;<\/p>\n<hr \/>\n<p>&nbsp;<\/p>\n<blockquote>\n<h3>RI-PENSARE L&#8217;ADOLESCENZA: LABORATORIO ESPERIENZIALE AD AGORDO PER ADULTI CON RUOLI EDUCATIVI<\/h3>\n<\/blockquote>\n<p><img loading=\"lazy\" decoding=\"async\" class=\"alignleft\" src=\"https:\/\/www.radiopiu.net\/wordpress\/wp-content\/uploads\/2025\/04\/Immagine-2025-04-16-094924.jpg\" width=\"247\" height=\"105\" \/><strong>AGORDO<\/strong> La Biblioteca di Agordo in via 27 aprile,\u00a0 ospiter\u00e0 un ciclo di tre incontri dal titolo &#8220;Ri-pensare l&#8217;adolescenza&#8221;, un laboratorio esperienziale rivolto ad adulti che ricoprono ruoli educativi, quali genitori, insegnanti, allenatori e animatori. L&#8217;iniziativa si propone di offrire uno spazio di riflessione e confronto sugli spazi e i tempi nella relazione educativa con ragazze e ragazzi di et\u00e0 compresa tra gli 11 e i 14 anni.\u200b Dettagli degli incontri:\u00a0 mercoled\u00ec 7, 14 e 21 maggio 2025\u00a0 dalle 17:45 alle 19:30<b>.\u00a0 <\/b><span class=\"relative -mx-px my-[-0.2rem] rounded px-px py-[0.2rem] transition-colors duration-100 ease-in-out\">Il laboratorio sar\u00e0 condotto da professionisti dell&#8217;ULSS 1 Dolomiti, utilizzando una metodologia interattiva che favorisce la partecipazione attiva dei presenti.<\/span> <span class=\"relative -mx-px my-[-0.2rem] rounded px-px py-[0.2rem] transition-colors duration-100 ease-in-out\">L&#8217;obiettivo \u00e8 quello di stimolare una riflessione condivisa sulle dinamiche educative, offrendo strumenti e spunti per migliorare la relazione con gli adolescenti.<\/span>\u200b <span class=\"relative -mx-px my-[-0.2rem] rounded px-px py-[0.2rem] transition-colors duration-100 ease-in-out\">La partecipazione \u00e8 gratuita, ma \u00e8 necessario iscriversi contattando il Ser.D di Agordo al numero 0437 645338.<\/span> <span class=\"relative -mx-px my-[-0.2rem] rounded px-px py-[0.2rem] transition-colors duration-100 ease-in-out\">I posti disponibili sono limitati a 25 partecipanti, pertanto si consiglia di prenotare con anticipo.<\/span>\u200b <span class=\"relative -mx-px my-[-0.2rem] rounded px-px py-[0.2rem] transition-colors duration-100 ease-in-out\">Per ulteriori informazioni e aggiornamenti, \u00e8 possibile visitare la pagina Facebook dell&#8217;ULSS 1 Dolomiti.<\/span><\/p>\n<p>&nbsp;<\/p>\n<p>&nbsp;<\/p>\n<hr \/>\n<p>&nbsp;<\/p>\n<blockquote>\n<h3>PIG&amp;MENTI, AL VIA I NUOVI CORSI D\u2019ARTE CON GRANDI MAESTRI<\/h3>\n<\/blockquote>\n<p class=\"\" data-start=\"85\" data-end=\"364\"><strong><a class=\"dt-pswp-item\" href=\"https:\/\/www.radiopiu.net\/wordpress\/wp-content\/uploads\/2025\/04\/13a60188-42da-4728-9c68-f2a0bdc8ce27.png\" data-dt-img-description=\"\" data-large_image_width=\"1024\" data-large_image_height=\"1536\"><img loading=\"lazy\" decoding=\"async\" class=\"size-medium wp-image-445305 alignleft\" src=\"https:\/\/www.radiopiu.net\/wordpress\/wp-content\/uploads\/2025\/04\/13a60188-42da-4728-9c68-f2a0bdc8ce27-200x300.png\" alt=\"\" width=\"200\" height=\"300\" srcset=\"https:\/\/www.radiopiu.net\/wordpress\/wp-content\/uploads\/2025\/04\/13a60188-42da-4728-9c68-f2a0bdc8ce27-200x300.png 200w, https:\/\/www.radiopiu.net\/wordpress\/wp-content\/uploads\/2025\/04\/13a60188-42da-4728-9c68-f2a0bdc8ce27-683x1024.png 683w, https:\/\/www.radiopiu.net\/wordpress\/wp-content\/uploads\/2025\/04\/13a60188-42da-4728-9c68-f2a0bdc8ce27-768x1152.png 768w, https:\/\/www.radiopiu.net\/wordpress\/wp-content\/uploads\/2025\/04\/13a60188-42da-4728-9c68-f2a0bdc8ce27.png 1024w\" sizes=\"auto, (max-width: 200px) 100vw, 200px\" \/><\/a> <\/strong><\/p>\n<p class=\"\" data-start=\"85\" data-end=\"364\"><strong>\u00a0<\/strong><\/p>\n<p class=\"\" data-start=\"85\" data-end=\"364\"><strong>\u00a0<\/strong><\/p>\n<p class=\"\" data-start=\"85\" data-end=\"364\"><strong>BELLUNO<\/strong> L&#8217;Associazione Pig&amp;Menti ha aperto le iscrizioni ai nuovi corsi di pittura per grandi e piccoli, con insegnanti esperti, in due location uniche: la canonica della Chiesa di San Martino a Fortogna e Villa De Conz a San Gregorio. Tra le proposte, pittura impressionista, espressionista, e a fresco a Fortogna, e il corso di Ecoprint, una tecnica naturale, a San Gregorio. I corsi offrono un&#8217;opportunit\u00e0 unica per esplorare l&#8217;arte in un contesto affascinante. Per info e iscrizioni: <a rel=\"noopener\" data-start=\"480\" data-end=\"501\">pigmentiaps@gmail.com<\/a>, 333 1324592.<\/p>\n<p class=\"\" data-start=\"85\" data-end=\"364\"><strong>AUDIO ALLA RADIO.. PIU&#8217;<br \/>\n<\/strong><\/p>\n<audio class=\"wp-audio-shortcode\" id=\"audio-445436-9\" preload=\"none\" style=\"width: 100%;\" controls=\"controls\"><source type=\"audio\/mpeg\" src=\"https:\/\/www.radiopiu.net\/wordpress\/wp-content\/uploads\/2025\/04\/PigMenti.mp3?_=9\" \/><a href=\"https:\/\/www.radiopiu.net\/wordpress\/wp-content\/uploads\/2025\/04\/PigMenti.mp3\">https:\/\/www.radiopiu.net\/wordpress\/wp-content\/uploads\/2025\/04\/PigMenti.mp3<\/a><\/audio>\n<p>&nbsp;<\/p>\n<hr \/>\n<p><strong data-start=\"0\" data-end=\"73\">\u00a0\u00a0<\/strong><\/p>\n<blockquote>\n<h3><a class=\"dt-pswp-item\" href=\"https:\/\/www.radiopiu.net\/wordpress\/wp-content\/uploads\/2025\/04\/Teatro.jpg\" data-dt-img-description=\"\" data-large_image_width=\"1000\" data-large_image_height=\"1498\"><img loading=\"lazy\" decoding=\"async\" class=\" wp-image-445544 alignleft\" src=\"https:\/\/www.radiopiu.net\/wordpress\/wp-content\/uploads\/2025\/04\/Teatro-200x300.jpg\" alt=\"\" width=\"115\" height=\"173\" srcset=\"https:\/\/www.radiopiu.net\/wordpress\/wp-content\/uploads\/2025\/04\/Teatro-200x300.jpg 200w, https:\/\/www.radiopiu.net\/wordpress\/wp-content\/uploads\/2025\/04\/Teatro-684x1024.jpg 684w, https:\/\/www.radiopiu.net\/wordpress\/wp-content\/uploads\/2025\/04\/Teatro-768x1150.jpg 768w, https:\/\/www.radiopiu.net\/wordpress\/wp-content\/uploads\/2025\/04\/Teatro.jpg 1000w\" sizes=\"auto, (max-width: 115px) 100vw, 115px\" \/><\/a>RIAPRE AL PUBBLICO IL TEATRO DELLA SENA A FELTRE<\/h3>\n<\/blockquote>\n<p><strong>FELTRE<\/strong> Dopo il successo delle aperture natalizie, il Teatro de la Sena di Feltre riapre stabilmente al pubblico dal 19 aprile, ogni sabato, domenica e festivi (10:00-13:00 e 15:00-18:00). Progettato da Gianantonio Selva, autore del Teatro La Fenice, e decorato da Tranquillo Orsi, \u00e8 considerato una \u201cpiccola Fenice\u201d. Il sipario raffigura la sfida musicale tra Apollo e Marsia, simbolo della potenza dell\u2019arte. L\u2019Amministrazione comunale invita cittadini e turisti a scoprire questo gioiello architettonico e culturale. Il Sindaco Viviana Fusaro e l\u2019Assessore Flavia Colle sottolineano il valore simbolico dell\u2019apertura stabile, che segna un passo verso una valorizzazione pi\u00f9 ampia della struttura e del patrimonio culturale della citt\u00e0.<\/p>\n<p>&nbsp;<\/p>\n<p>&nbsp;<\/p>\n<hr \/>\n<p>&nbsp;<\/p>\n<blockquote>\n<h3><strong data-start=\"0\" data-end=\"73\">AVVISO PER LA RICERCA DI APPARTAMENTI IN LOCAZIONE A BORGO VALBELLUNA<\/strong><\/h3>\n<\/blockquote>\n<p><strong>BORGO VALBELLUNA<\/strong> L\u2019Amministrazione comunale\u00a0 ha pubblicato due avvisi: uno per la ricerca di appartamenti per il personale della Valbelluna Servizi, l\u2019altra per proprietari disposti a locare appartamenti a canone concordato. L\u2019obiettivo \u00e8 sostenere la stabilit\u00e0 abitativa e contrastare l\u2019emergenza abitativa locale, favorendo il ripopolamento e il rafforzamento della comunit\u00e0.<\/p>\n<p>&nbsp;<\/p>\n<p>&nbsp;<\/p>\n<hr \/>\n<p>&nbsp;<\/p>\n<blockquote>\n<article class=\"w-full text-token-text-primary\" dir=\"auto\" data-testid=\"conversation-turn-4\" data-scroll-anchor=\"true\">\n<div class=\"text-base my-auto mx-auto py-5 px-6\">\n<div class=\"mx-auto flex flex-1 text-base gap-4 md:gap-5 lg:gap-6 md:max-w-3xl group\/turn-messages focus-visible:outline-none\" tabindex=\"-1\">\n<div class=\"group\/conversation-turn relative flex w-full min-w-0 flex-col agent-turn @xs\/thread:px-0 @sm\/thread:px-1.5 @md\/thread:px-4\">\n<div class=\"relative flex-col gap-1 md:gap-3\">\n<div class=\"flex max-w-full flex-col flex-grow\">\n<div class=\"min-h-8 text-message relative flex w-full flex-col items-end gap-2 whitespace-normal break-words text-start [.text-message+&amp;]:mt-5\" dir=\"auto\" data-message-author-role=\"assistant\" data-message-id=\"c95c95c6-a1ac-4866-a6e0-43ed1c022444\" data-message-model-slug=\"gpt-4o\">\n<div class=\"flex w-full flex-col gap-1 empty:hidden first:pt-[3px]\">\n<div class=\"markdown prose w-full break-words dark:prose-invert dark\">\n<h2 data-pm-slice=\"1 1 []\">AGORDO CELEBRA TITO LIVIO BURATTINI CON UN NUOVO GRAFFITO DI DUNIO PICCOLIN<\/h2>\n<\/div>\n<\/div>\n<\/div>\n<\/div>\n<\/div>\n<\/div>\n<\/div>\n<\/div>\n<\/article>\n<\/blockquote>\n<article class=\"w-full text-token-text-primary\" dir=\"auto\" data-testid=\"conversation-turn-4\" data-scroll-anchor=\"true\">\n<div class=\"text-base my-auto mx-auto py-5 px-6\">\n<div class=\"mx-auto flex flex-1 text-base gap-4 md:gap-5 lg:gap-6 md:max-w-3xl group\/turn-messages focus-visible:outline-none\" tabindex=\"-1\">\n<div class=\"group\/conversation-turn relative flex w-full min-w-0 flex-col agent-turn @xs\/thread:px-0 @sm\/thread:px-1.5 @md\/thread:px-4\">\n<div class=\"absolute\">\n<p class=\"\" data-start=\"81\" data-end=\"483\"><strong>AGORDO <\/strong>Domani alle 17.00, presso Villa Probati a Par\u00e9ch, sar\u00e0 svelato il nuovo graffito dell&#8217;artista Dunio Piccolin, dedicato a Tito Livio Burattini, scienziato agordino del Seicento. L&#8217;opera, parte del progetto &#8220;Agordo Paese del Graffito&#8221;, celebra i momenti significativi della vita di Burattini, che fu matematico, fisico e inventore. La parete di 12,5 metri quadrati racconta la sua eredit\u00e0 culturale, con simboli legati alla sua proposta di un sistema metrico decimale e altre innovazioni scientifiche. L&#8217;inaugurazione vedr\u00e0 interventi di autorit\u00e0 locali e un brindisi conviviale.<\/p>\n\n\t\t\t<style type='text\/css'>\n\t\t\t\t#gallery-6 {\n\t\t\t\t\tmargin: auto;\n\t\t\t\t}\n\t\t\t\t#gallery-6 .gallery-item {\n\t\t\t\t\tfloat: left;\n\t\t\t\t\tmargin-top: 10px;\n\t\t\t\t\ttext-align: center;\n\t\t\t\t\twidth: 33%;\n\t\t\t\t}\n\t\t\t\t#gallery-6 img {\n\t\t\t\t\tborder: 2px solid #cfcfcf;\n\t\t\t\t}\n\t\t\t\t#gallery-6 .gallery-caption {\n\t\t\t\t\tmargin-left: 0;\n\t\t\t\t}\n\t\t\t\t\/* see gallery_shortcode() in wp-includes\/media.php *\/\n\t\t\t<\/style>\n\t\t<div id='gallery-6' class='dt-gallery-container gallery galleryid-445436 gallery-columns-3 gallery-size-thumbnail'><dl class='gallery-item'>\n\t\t\t\t<dt class='gallery-icon portrait'>\n\t\t\t\t\t<a class=\"rollover rollover-zoom dt-pswp-item\" title=\"69a386d7-c0d7-429b-bcd4-713b084aa143\" data-dt-img-description=\"\" data-large_image_width=\"1493\" data-large_image_height=\"2048\"href='https:\/\/www.radiopiu.net\/wordpress\/wp-content\/uploads\/2025\/04\/69a386d7-c0d7-429b-bcd4-713b084aa143.jpg'><img loading=\"lazy\" decoding=\"async\" width=\"150\" height=\"150\" src=\"https:\/\/www.radiopiu.net\/wordpress\/wp-content\/uploads\/2025\/04\/69a386d7-c0d7-429b-bcd4-713b084aa143-150x150.jpg\" class=\"attachment-thumbnail size-thumbnail\" alt=\"\" \/><\/a>\n\t\t\t\t<\/dt><\/dl><dl class='gallery-item'>\n\t\t\t\t<dt class='gallery-icon portrait'>\n\t\t\t\t\t<a class=\"rollover rollover-zoom dt-pswp-item\" title=\"96c87c1c-259f-42c1-8850-22c09c345c9b\" data-dt-img-description=\"\" data-large_image_width=\"1009\" data-large_image_height=\"1261\"href='https:\/\/www.radiopiu.net\/wordpress\/wp-content\/uploads\/2025\/04\/96c87c1c-259f-42c1-8850-22c09c345c9b.jpg'><img loading=\"lazy\" decoding=\"async\" width=\"150\" height=\"150\" src=\"https:\/\/www.radiopiu.net\/wordpress\/wp-content\/uploads\/2025\/04\/96c87c1c-259f-42c1-8850-22c09c345c9b-150x150.jpg\" class=\"attachment-thumbnail size-thumbnail\" alt=\"\" \/><\/a>\n\t\t\t\t<\/dt><\/dl><dl class='gallery-item'>\n\t\t\t\t<dt class='gallery-icon portrait'>\n\t\t\t\t\t<a class=\"rollover rollover-zoom dt-pswp-item\" title=\"7eedab74-598e-405d-81b8-059019340512\" data-dt-img-description=\"\" data-large_image_width=\"1436\" data-large_image_height=\"1843\"href='https:\/\/www.radiopiu.net\/wordpress\/wp-content\/uploads\/2025\/04\/7eedab74-598e-405d-81b8-059019340512.jpg'><img loading=\"lazy\" decoding=\"async\" width=\"150\" height=\"150\" src=\"https:\/\/www.radiopiu.net\/wordpress\/wp-content\/uploads\/2025\/04\/7eedab74-598e-405d-81b8-059019340512-150x150.jpg\" class=\"attachment-thumbnail size-thumbnail\" alt=\"\" \/><\/a>\n\t\t\t\t<\/dt><\/dl><br style=\"clear: both\" \/><dl class='gallery-item'>\n\t\t\t\t<dt class='gallery-icon portrait'>\n\t\t\t\t\t<a class=\"rollover rollover-zoom dt-pswp-item\" title=\"1f83b1fc-f0fe-4a1f-8ac7-2b1d1645104a\" data-dt-img-description=\"\" data-large_image_width=\"1200\" data-large_image_height=\"1714\"href='https:\/\/www.radiopiu.net\/wordpress\/wp-content\/uploads\/2025\/04\/1f83b1fc-f0fe-4a1f-8ac7-2b1d1645104a.jpg'><img loading=\"lazy\" decoding=\"async\" width=\"150\" height=\"150\" src=\"https:\/\/www.radiopiu.net\/wordpress\/wp-content\/uploads\/2025\/04\/1f83b1fc-f0fe-4a1f-8ac7-2b1d1645104a-150x150.jpg\" class=\"attachment-thumbnail size-thumbnail\" alt=\"\" \/><\/a>\n\t\t\t\t<\/dt><\/dl><dl class='gallery-item'>\n\t\t\t\t<dt class='gallery-icon landscape'>\n\t\t\t\t\t<a class=\"rollover rollover-zoom dt-pswp-item\" title=\"41980ccb-77b7-414d-8bd1-c41345a4f568\" data-dt-img-description=\"\" data-large_image_width=\"1539\" data-large_image_height=\"1078\"href='https:\/\/www.radiopiu.net\/wordpress\/wp-content\/uploads\/2025\/04\/41980ccb-77b7-414d-8bd1-c41345a4f568.jpg'><img loading=\"lazy\" decoding=\"async\" width=\"150\" height=\"150\" src=\"https:\/\/www.radiopiu.net\/wordpress\/wp-content\/uploads\/2025\/04\/41980ccb-77b7-414d-8bd1-c41345a4f568-150x150.jpg\" class=\"attachment-thumbnail size-thumbnail\" alt=\"\" \/><\/a>\n\t\t\t\t<\/dt><\/dl>\n\t\t\t\t<br style='clear: both' \/>\n\t\t\t<\/div>\n\n<p>&nbsp;<\/p>\n<hr \/>\n<p>&nbsp;<\/p>\n<blockquote>\n<h2>LA SAGRA DE PASCA DI TAIBON<\/h2>\n<\/blockquote>\n<p><strong><a class=\"dt-pswp-item\" href=\"https:\/\/www.radiopiu.net\/wordpress\/wp-content\/uploads\/2025\/04\/images.jpg\" data-dt-img-description=\"\" data-large_image_width=\"320\" data-large_image_height=\"158\"><img loading=\"lazy\" decoding=\"async\" class=\" wp-image-444247 alignleft\" src=\"https:\/\/www.radiopiu.net\/wordpress\/wp-content\/uploads\/2025\/04\/images-300x148.jpg\" alt=\"\" width=\"213\" height=\"105\" srcset=\"https:\/\/www.radiopiu.net\/wordpress\/wp-content\/uploads\/2025\/04\/images-300x148.jpg 300w, https:\/\/www.radiopiu.net\/wordpress\/wp-content\/uploads\/2025\/04\/images.jpg 320w\" sizes=\"auto, (max-width: 213px) 100vw, 213px\" \/><\/a>TAIBON<\/strong><\/p>\n<p><strong>DI DENIS BAIOLLA<\/strong><\/p>\n<audio class=\"wp-audio-shortcode\" id=\"audio-445436-10\" preload=\"none\" style=\"width: 100%;\" controls=\"controls\"><source type=\"audio\/mpeg\" src=\"https:\/\/www.radiopiu.net\/wordpress\/wp-content\/uploads\/2025\/04\/BAIOLLA-SAGRA-DE-PASCA.mp3?_=10\" \/><a href=\"https:\/\/www.radiopiu.net\/wordpress\/wp-content\/uploads\/2025\/04\/BAIOLLA-SAGRA-DE-PASCA.mp3\">https:\/\/www.radiopiu.net\/wordpress\/wp-content\/uploads\/2025\/04\/BAIOLLA-SAGRA-DE-PASCA.mp3<\/a><\/audio>\n<p>&nbsp;<\/p>\n<h2><span style=\"color: #ff0000;\">INIZIA LA SAGRA DE PASCA A TAIBON. LA PRESENTAZIONE CON IL GRUPPO GIOVANI<\/span><\/h2>\n<p><strong><a class=\"dt-pswp-item\" href=\"https:\/\/www.radiopiu.net\/wordpress\/wp-content\/uploads\/2025\/04\/images-1.jpg\" data-dt-img-description=\"\" data-large_image_width=\"300\" data-large_image_height=\"168\"><img loading=\"lazy\" decoding=\"async\" class=\" wp-image-445479 alignleft\" src=\"https:\/\/www.radiopiu.net\/wordpress\/wp-content\/uploads\/2025\/04\/images-1.jpg\" alt=\"\" width=\"234\" height=\"131\" \/><\/a>DI MARCO GAZ<\/strong><\/p>\n<p>OSPITI: Claudia Paganin, Mattia Cancel e Marco De Col\u00f2<\/p>\n<audio class=\"wp-audio-shortcode\" id=\"audio-445436-11\" preload=\"none\" style=\"width: 100%;\" controls=\"controls\"><source type=\"audio\/mpeg\" src=\"https:\/\/www.radiopiu.net\/wordpress\/wp-content\/uploads\/2025\/04\/SAGRA-DE-PASCA-2025-GRUPPO-GIOVANI.mp3?_=11\" \/><a href=\"https:\/\/www.radiopiu.net\/wordpress\/wp-content\/uploads\/2025\/04\/SAGRA-DE-PASCA-2025-GRUPPO-GIOVANI.mp3\">https:\/\/www.radiopiu.net\/wordpress\/wp-content\/uploads\/2025\/04\/SAGRA-DE-PASCA-2025-GRUPPO-GIOVANI.mp3<\/a><\/audio>\n<p>&nbsp;<\/p>\n<hr \/>\n<p>&nbsp;<\/p>\n<\/div>\n<\/div>\n<\/div>\n<\/div>\n<\/article>\n<article class=\"w-full text-token-text-primary\" dir=\"auto\" data-testid=\"conversation-turn-4\" data-scroll-anchor=\"true\">\n<div class=\"text-base my-auto mx-auto py-5 px-6\">\n<div class=\"mx-auto flex flex-1 text-base gap-4 md:gap-5 lg:gap-6 md:max-w-3xl group\/turn-messages focus-visible:outline-none\" tabindex=\"-1\">\n<div class=\"group\/conversation-turn relative flex w-full min-w-0 flex-col agent-turn @xs\/thread:px-0 @sm\/thread:px-1.5 @md\/thread:px-4\">\n<div class=\"absolute\">\n<blockquote>\n<h3>TORNA LA FESTA DE L&#8217;OM SALVARECH A LA VALLE<\/h3>\n<\/blockquote>\n<p><strong>LA VALLE AGORDINA<\/strong> La Festa de l\u2019Om Salv\u00e0rech 2025 si terr\u00e0 il 25 e 26 aprile a La Valle Agordina. Venerd\u00ec 25 si apre con il mercatino artigianale e la corsa non competitiva &#8220;Su e do per i coi&#8221;. Segue l\u2019apertura dello stand gastronomico e la preparazione del pupazzo dell\u2019Om Salv\u00e0rech. Nel pomeriggio: mostra dei bambini, balli popolari, sfilata, aperitivo e cena tipica. La serata continua con la lettura del testamento, il fal\u00f2 e musica dal vivo. Sabato 26: aperitivo musicale alle 17:00, cena con piatti tradizionali dalle 19:00, serata danzante con la Spritz Band e chiusura a mezzanotte con Disco-Tek. Due giorni di folklore, tradizione e divertimento per tutte le et\u00e0.<\/p>\n\n\t\t\t<style type='text\/css'>\n\t\t\t\t#gallery-7 {\n\t\t\t\t\tmargin: auto;\n\t\t\t\t}\n\t\t\t\t#gallery-7 .gallery-item {\n\t\t\t\t\tfloat: left;\n\t\t\t\t\tmargin-top: 10px;\n\t\t\t\t\ttext-align: center;\n\t\t\t\t\twidth: 33%;\n\t\t\t\t}\n\t\t\t\t#gallery-7 img {\n\t\t\t\t\tborder: 2px solid #cfcfcf;\n\t\t\t\t}\n\t\t\t\t#gallery-7 .gallery-caption {\n\t\t\t\t\tmargin-left: 0;\n\t\t\t\t}\n\t\t\t\t\/* see gallery_shortcode() in wp-includes\/media.php *\/\n\t\t\t<\/style>\n\t\t<div id='gallery-7' class='dt-gallery-container gallery galleryid-445436 gallery-columns-3 gallery-size-medium'><dl class='gallery-item'>\n\t\t\t\t<dt class='gallery-icon portrait'>\n\t\t\t\t\t<a class=\"rollover rollover-zoom dt-pswp-item\" title=\"f3e65057-0581-465d-ba75-4eef70aca537\" data-dt-img-description=\"\" data-large_image_width=\"480\" data-large_image_height=\"600\"href='https:\/\/www.radiopiu.net\/wordpress\/wp-content\/uploads\/2025\/04\/f3e65057-0581-465d-ba75-4eef70aca537.jpg'><img loading=\"lazy\" decoding=\"async\" width=\"240\" height=\"300\" src=\"https:\/\/www.radiopiu.net\/wordpress\/wp-content\/uploads\/2025\/04\/f3e65057-0581-465d-ba75-4eef70aca537-240x300.jpg\" class=\"attachment-medium size-medium\" alt=\"\" srcset=\"https:\/\/www.radiopiu.net\/wordpress\/wp-content\/uploads\/2025\/04\/f3e65057-0581-465d-ba75-4eef70aca537-240x300.jpg 240w, https:\/\/www.radiopiu.net\/wordpress\/wp-content\/uploads\/2025\/04\/f3e65057-0581-465d-ba75-4eef70aca537.jpg 480w\" sizes=\"auto, (max-width: 240px) 100vw, 240px\" \/><\/a>\n\t\t\t\t<\/dt><\/dl><dl class='gallery-item'>\n\t\t\t\t<dt class='gallery-icon portrait'>\n\t\t\t\t\t<a class=\"rollover rollover-zoom dt-pswp-item\" title=\"14979f5d-ac72-4e65-9053-60a5906e7025\" data-dt-img-description=\"\" data-large_image_width=\"480\" data-large_image_height=\"600\"href='https:\/\/www.radiopiu.net\/wordpress\/wp-content\/uploads\/2025\/04\/14979f5d-ac72-4e65-9053-60a5906e7025.jpg'><img loading=\"lazy\" decoding=\"async\" width=\"240\" height=\"300\" src=\"https:\/\/www.radiopiu.net\/wordpress\/wp-content\/uploads\/2025\/04\/14979f5d-ac72-4e65-9053-60a5906e7025-240x300.jpg\" class=\"attachment-medium size-medium\" alt=\"\" srcset=\"https:\/\/www.radiopiu.net\/wordpress\/wp-content\/uploads\/2025\/04\/14979f5d-ac72-4e65-9053-60a5906e7025-240x300.jpg 240w, https:\/\/www.radiopiu.net\/wordpress\/wp-content\/uploads\/2025\/04\/14979f5d-ac72-4e65-9053-60a5906e7025.jpg 480w\" sizes=\"auto, (max-width: 240px) 100vw, 240px\" \/><\/a>\n\t\t\t\t<\/dt><\/dl><dl class='gallery-item'>\n\t\t\t\t<dt class='gallery-icon portrait'>\n\t\t\t\t\t<a class=\"rollover rollover-zoom dt-pswp-item\" title=\"e96a9d1e-5eb1-4bcd-bfdc-de52bcf09b95\" data-dt-img-description=\"\" data-large_image_width=\"480\" data-large_image_height=\"600\"href='https:\/\/www.radiopiu.net\/wordpress\/wp-content\/uploads\/2025\/04\/e96a9d1e-5eb1-4bcd-bfdc-de52bcf09b95.jpg'><img loading=\"lazy\" decoding=\"async\" width=\"240\" height=\"300\" src=\"https:\/\/www.radiopiu.net\/wordpress\/wp-content\/uploads\/2025\/04\/e96a9d1e-5eb1-4bcd-bfdc-de52bcf09b95-240x300.jpg\" class=\"attachment-medium size-medium\" alt=\"\" srcset=\"https:\/\/www.radiopiu.net\/wordpress\/wp-content\/uploads\/2025\/04\/e96a9d1e-5eb1-4bcd-bfdc-de52bcf09b95-240x300.jpg 240w, https:\/\/www.radiopiu.net\/wordpress\/wp-content\/uploads\/2025\/04\/e96a9d1e-5eb1-4bcd-bfdc-de52bcf09b95.jpg 480w\" sizes=\"auto, (max-width: 240px) 100vw, 240px\" \/><\/a>\n\t\t\t\t<\/dt><\/dl><br style=\"clear: both\" \/>\n\t\t\t<\/div>\n\n<\/div>\n<\/div>\n<\/div>\n<\/div>\n<\/article>\n<p>&nbsp;<\/p>\n<p>&nbsp;<\/p>\n<hr \/>\n<p>&nbsp;<\/p>\n<blockquote>\n<h3>UN CORSO DI CONOSCENZA DELLA PROVINCIA DI BELLUNO<\/h3>\n<\/blockquote>\n<p><strong><a class=\"dt-pswp-item\" href=\"https:\/\/www.radiopiu.net\/wordpress\/wp-content\/uploads\/2025\/04\/SCR-20250417-jfmo.png\" data-dt-img-description=\"\" data-large_image_width=\"1342\" data-large_image_height=\"888\"><img loading=\"lazy\" decoding=\"async\" class=\" wp-image-445442 alignleft\" src=\"https:\/\/www.radiopiu.net\/wordpress\/wp-content\/uploads\/2025\/04\/SCR-20250417-jfmo-300x199.png\" alt=\"\" width=\"178\" height=\"118\" srcset=\"https:\/\/www.radiopiu.net\/wordpress\/wp-content\/uploads\/2025\/04\/SCR-20250417-jfmo-300x199.png 300w, https:\/\/www.radiopiu.net\/wordpress\/wp-content\/uploads\/2025\/04\/SCR-20250417-jfmo-1024x678.png 1024w, https:\/\/www.radiopiu.net\/wordpress\/wp-content\/uploads\/2025\/04\/SCR-20250417-jfmo-768x508.png 768w, https:\/\/www.radiopiu.net\/wordpress\/wp-content\/uploads\/2025\/04\/SCR-20250417-jfmo.png 1342w\" sizes=\"auto, (max-width: 178px) 100vw, 178px\" \/><\/a>BELLUNO <\/strong>Partir\u00e0 a maggio la 1\u00b0 edizione del \u201cCorso di conoscenza di Belluno e Provincia\u201d organizzato dall\u2019Associazione Campedel di Belluno con il patrocinio del Comune capoluogo e della Provincia. Un\u2019iniziativa nata per far scoprire tutto il territorio bellunese iniziando dalla storia e dall\u2019arte, rendere i cittadini pi\u00f9 consapevoli ed orgogliosi della grande ricchezza che ci circonda e dare un supporto a chi si \u00e8 iscritto all\u2019esame nazionale di guida turistica. Tutti gli incontri si terranno in Sala Bianchi a Belluno (Viale Fantuzzi) durante quattro venerd\u00ec di maggio alle ore 17.45.<\/p>\n<p>&nbsp;<\/p>\n<p>&nbsp;<\/p>\n<hr \/>\n<p>&nbsp;<\/p>\n<h1><span style=\"color: #ff6600;\">IERI ALLA RADIO<\/span><\/h1>\n<h2><span style=\"color: #00ccff;\">ARCADE SHOW..ELIA ALLA RADIO<\/span><\/h2>\n<p align=\"JUSTIFY\"><a class=\"dt-pswp-item\" href=\"https:\/\/www.radiopiu.net\/wordpress\/wp-content\/uploads\/2025\/02\/LOGO-ELIA.png\" data-dt-img-description=\"\" data-large_image_width=\"851\" data-large_image_height=\"774\"><img loading=\"lazy\" decoding=\"async\" class=\"size-medium wp-image-436960 aligncenter\" src=\"https:\/\/www.radiopiu.net\/wordpress\/wp-content\/uploads\/2025\/02\/LOGO-ELIA-300x273.png\" alt=\"\" width=\"300\" height=\"273\" srcset=\"https:\/\/www.radiopiu.net\/wordpress\/wp-content\/uploads\/2025\/02\/LOGO-ELIA-300x273.png 300w, https:\/\/www.radiopiu.net\/wordpress\/wp-content\/uploads\/2025\/02\/LOGO-ELIA-768x699.png 768w, https:\/\/www.radiopiu.net\/wordpress\/wp-content\/uploads\/2025\/02\/LOGO-ELIA.png 851w\" sizes=\"auto, (max-width: 300px) 100vw, 300px\" \/><\/a><\/p>\n<p align=\"JUSTIFY\">Arcade show, Entra nella sala giochi ufficiale di RadioPi\u00f9! Inserisci la moneta e gioca insieme a noi! Attualit\u00e0, cinema, sport, social, spensieratezza e soprattutto musica! Il primo show like a game radiofonico in italia, condotto da Elia.<\/p>\n<p align=\"JUSTIFY\"><strong>PUNTATA 07\/1<\/strong><\/p>\n<audio class=\"wp-audio-shortcode\" id=\"audio-445436-12\" preload=\"none\" style=\"width: 100%;\" controls=\"controls\"><source type=\"audio\/mpeg\" src=\"https:\/\/www.radiopiu.net\/wordpress\/wp-content\/uploads\/2025\/04\/ELIA1-1.mp3?_=12\" \/><a href=\"https:\/\/www.radiopiu.net\/wordpress\/wp-content\/uploads\/2025\/04\/ELIA1-1.mp3\">https:\/\/www.radiopiu.net\/wordpress\/wp-content\/uploads\/2025\/04\/ELIA1-1.mp3<\/a><\/audio>\n<p>&nbsp;<\/p>\n<p align=\"JUSTIFY\"><strong>PUNTATA 07\/2<\/strong><\/p>\n<audio class=\"wp-audio-shortcode\" id=\"audio-445436-13\" preload=\"none\" style=\"width: 100%;\" controls=\"controls\"><source type=\"audio\/mpeg\" src=\"https:\/\/www.radiopiu.net\/wordpress\/wp-content\/uploads\/2025\/04\/ELIA2-1.mp3?_=13\" \/><a href=\"https:\/\/www.radiopiu.net\/wordpress\/wp-content\/uploads\/2025\/04\/ELIA2-1.mp3\">https:\/\/www.radiopiu.net\/wordpress\/wp-content\/uploads\/2025\/04\/ELIA2-1.mp3<\/a><\/audio>\n<p>&nbsp;<\/p>\n<p align=\"JUSTIFY\"><strong>PUNTATA 07\/3<\/strong><\/p>\n<audio class=\"wp-audio-shortcode\" id=\"audio-445436-14\" preload=\"none\" style=\"width: 100%;\" controls=\"controls\"><source type=\"audio\/mpeg\" src=\"https:\/\/www.radiopiu.net\/wordpress\/wp-content\/uploads\/2025\/04\/ELIA3-1.mp3?_=14\" \/><a href=\"https:\/\/www.radiopiu.net\/wordpress\/wp-content\/uploads\/2025\/04\/ELIA3-1.mp3\">https:\/\/www.radiopiu.net\/wordpress\/wp-content\/uploads\/2025\/04\/ELIA3-1.mp3<\/a><\/audio>\n<p>&nbsp;<\/p>\n<p><strong>LA RACCOLTA COMPLETA <a href=\"https:\/\/www.radiopiu.net\/wordpress\/arcade-show-elia-alla-radio\/\"><span style=\"color: #3366ff;\">CLICCA QUI<\/span><\/a><\/strong><\/p>\n<p>&nbsp;<\/p>\n<hr \/>\n<p>&nbsp;<\/p>\n<h2><span style=\"color: #ff00ff;\">TIME FOR ME&#8230;CON GIANNIANTONIO CASSISI &#8211; TERZA PARTE<\/span><\/h2>\n<p><strong><a class=\"dt-pswp-item\" href=\"https:\/\/www.radiopiu.net\/wordpress\/wp-content\/uploads\/2025\/04\/gianniantonio-cassisi.jpg\" data-dt-img-description=\"\" data-large_image_width=\"2280\" data-large_image_height=\"1626\"><img loading=\"lazy\" decoding=\"async\" class=\" wp-image-444051 alignleft\" src=\"https:\/\/www.radiopiu.net\/wordpress\/wp-content\/uploads\/2025\/04\/gianniantonio-cassisi-300x214.jpg\" alt=\"\" width=\"198\" height=\"141\" srcset=\"https:\/\/www.radiopiu.net\/wordpress\/wp-content\/uploads\/2025\/04\/gianniantonio-cassisi-300x214.jpg 300w, https:\/\/www.radiopiu.net\/wordpress\/wp-content\/uploads\/2025\/04\/gianniantonio-cassisi-1024x730.jpg 1024w, https:\/\/www.radiopiu.net\/wordpress\/wp-content\/uploads\/2025\/04\/gianniantonio-cassisi-768x548.jpg 768w, https:\/\/www.radiopiu.net\/wordpress\/wp-content\/uploads\/2025\/04\/gianniantonio-cassisi-1536x1095.jpg 1536w, https:\/\/www.radiopiu.net\/wordpress\/wp-content\/uploads\/2025\/04\/gianniantonio-cassisi-2048x1461.jpg 2048w\" sizes=\"auto, (max-width: 198px) 100vw, 198px\" \/><\/a>DI MARINA DONA&#8217;<\/strong><\/p>\n<p>OSPITE: Gianniantonio Cassisi<\/p>\n<p><span style=\"color: #0000ff;\"><strong>PRIMA PARTE<\/strong><\/span><\/p>\n<audio class=\"wp-audio-shortcode\" id=\"audio-445436-15\" preload=\"none\" style=\"width: 100%;\" controls=\"controls\"><source type=\"audio\/mpeg\" src=\"https:\/\/www.radiopiu.net\/wordpress\/wp-content\/uploads\/2025\/04\/TIME1-2.mp3?_=15\" \/><a href=\"https:\/\/www.radiopiu.net\/wordpress\/wp-content\/uploads\/2025\/04\/TIME1-2.mp3\">https:\/\/www.radiopiu.net\/wordpress\/wp-content\/uploads\/2025\/04\/TIME1-2.mp3<\/a><\/audio>\n<p><span style=\"color: #0000ff;\"><strong>\u00a0<\/strong><\/span><\/p>\n<p><span style=\"color: #0000ff;\"><strong>SECONDA PARTE<\/strong><\/span><\/p>\n<audio class=\"wp-audio-shortcode\" id=\"audio-445436-16\" preload=\"none\" style=\"width: 100%;\" controls=\"controls\"><source type=\"audio\/mpeg\" src=\"https:\/\/www.radiopiu.net\/wordpress\/wp-content\/uploads\/2025\/04\/TIME2-2.mp3?_=16\" \/><a href=\"https:\/\/www.radiopiu.net\/wordpress\/wp-content\/uploads\/2025\/04\/TIME2-2.mp3\">https:\/\/www.radiopiu.net\/wordpress\/wp-content\/uploads\/2025\/04\/TIME2-2.mp3<\/a><\/audio>\n<p><span style=\"color: #0000ff;\"><strong>\u00a0<\/strong><\/span><\/p>\n<p><span style=\"color: #0000ff;\"><strong>TERZA PARTE<\/strong><\/span><\/p>\n<audio class=\"wp-audio-shortcode\" id=\"audio-445436-17\" preload=\"none\" style=\"width: 100%;\" controls=\"controls\"><source type=\"audio\/mpeg\" src=\"https:\/\/www.radiopiu.net\/wordpress\/wp-content\/uploads\/2025\/04\/TIME3-2.mp3?_=17\" \/><a href=\"https:\/\/www.radiopiu.net\/wordpress\/wp-content\/uploads\/2025\/04\/TIME3-2.mp3\">https:\/\/www.radiopiu.net\/wordpress\/wp-content\/uploads\/2025\/04\/TIME3-2.mp3<\/a><\/audio>\n<p><span style=\"color: #0000ff;\">\u00a0\u00a0<\/span><\/p>\n<p><strong>PER ASCOLTARE LA PRIMA PARTE <a href=\"https:\/\/www.radiopiu.net\/wordpress\/time-for-me-con-gianniantonio-cassisi\/\"><span style=\"color: #0000ff;\">CLICCA QUI<\/span><\/a><\/strong><\/p>\n<p><strong>PER ASCOLTARE LA SECONDA PARTE <a href=\"https:\/\/www.radiopiu.net\/wordpress\/time-for-me-con-gianniantonio-cassisi-seconda-parte\/\"><span style=\"color: #0000ff;\">CLICCA QUI<\/span><\/a><\/strong><\/p>\n<p>&nbsp;<\/p>\n<hr \/>\n<p>&nbsp;<\/p>\n<h2><span style=\"color: #008000;\">SEI IN RADIO&#8230; SE di MARINA DONA&#8217;<\/span><\/h2>\n<p><strong>\u00a0 PUNTATA 04\u00a0 \u00a0 \u00a0 \u00a0 \u00a0 \u00a0 \u00a0 \u00a0 \u00a0AUDIO<\/strong><\/p>\n<p><span style=\"color: #ff0000;\"><strong>\u00a0 \u00a0 \u00a0 \u00a0 \u00a0 \u00a0 \u00a0 \u00a0 \u00a0 \u00a0 \u00a0 \u00a0 \u00a0 \u00a0 \u00a0 \u00a0 \u00a0 \u00a0DA&#8230;\u00a0 \u00a0 \u00a0 \u00a0 \u00a0 \u00a0 \u00a0SEI DI SOSPIROLO SE&#8230;<\/strong><\/span><\/p>\n<audio class=\"wp-audio-shortcode\" id=\"audio-445436-18\" preload=\"none\" style=\"width: 100%;\" controls=\"controls\"><source type=\"audio\/mpeg\" src=\"https:\/\/www.radiopiu.net\/wordpress\/wp-content\/uploads\/2025\/04\/SEISE.mp3?_=18\" \/><a href=\"https:\/\/www.radiopiu.net\/wordpress\/wp-content\/uploads\/2025\/04\/SEISE.mp3\">https:\/\/www.radiopiu.net\/wordpress\/wp-content\/uploads\/2025\/04\/SEISE.mp3<\/a><\/audio>\n<p>&nbsp;<\/p>\n\n\t\t\t<style type='text\/css'>\n\t\t\t\t#gallery-8 {\n\t\t\t\t\tmargin: auto;\n\t\t\t\t}\n\t\t\t\t#gallery-8 .gallery-item {\n\t\t\t\t\tfloat: left;\n\t\t\t\t\tmargin-top: 10px;\n\t\t\t\t\ttext-align: center;\n\t\t\t\t\twidth: 100%;\n\t\t\t\t}\n\t\t\t\t#gallery-8 img {\n\t\t\t\t\tborder: 2px solid #cfcfcf;\n\t\t\t\t}\n\t\t\t\t#gallery-8 .gallery-caption {\n\t\t\t\t\tmargin-left: 0;\n\t\t\t\t}\n\t\t\t\t\/* see gallery_shortcode() in wp-includes\/media.php *\/\n\t\t\t<\/style>\n\t\t<div id='gallery-8' class='dt-gallery-container gallery galleryid-445436 gallery-columns-1 gallery-size-medium'><dl class='gallery-item'>\n\t\t\t\t<dt class='gallery-icon portrait'>\n\t\t\t\t\t<a class=\"rollover rollover-zoom dt-pswp-item\" title=\"Screenshot\" data-dt-img-description=\"\" data-large_image_width=\"1360\" data-large_image_height=\"1592\"href='https:\/\/www.radiopiu.net\/wordpress\/wp-content\/uploads\/2025\/04\/SCR-20250417-mvfm.jpeg'><img loading=\"lazy\" decoding=\"async\" width=\"256\" height=\"300\" src=\"https:\/\/www.radiopiu.net\/wordpress\/wp-content\/uploads\/2025\/04\/SCR-20250417-mvfm-256x300.jpeg\" class=\"attachment-medium size-medium\" alt=\"\" srcset=\"https:\/\/www.radiopiu.net\/wordpress\/wp-content\/uploads\/2025\/04\/SCR-20250417-mvfm-256x300.jpeg 256w, https:\/\/www.radiopiu.net\/wordpress\/wp-content\/uploads\/2025\/04\/SCR-20250417-mvfm-875x1024.jpeg 875w, https:\/\/www.radiopiu.net\/wordpress\/wp-content\/uploads\/2025\/04\/SCR-20250417-mvfm-768x899.jpeg 768w, https:\/\/www.radiopiu.net\/wordpress\/wp-content\/uploads\/2025\/04\/SCR-20250417-mvfm-1312x1536.jpeg 1312w, https:\/\/www.radiopiu.net\/wordpress\/wp-content\/uploads\/2025\/04\/SCR-20250417-mvfm.jpeg 1360w\" sizes=\"auto, (max-width: 256px) 100vw, 256px\" \/><\/a>\n\t\t\t\t<\/dt><\/dl><br style=\"clear: both\" \/>\n\t\t\t<\/div>\n\n<p>&nbsp;<\/p>\n<p><strong>LA RACCOLTA COMPLETA <a href=\"https:\/\/www.radiopiu.net\/wordpress\/sei-in-radio-se-a\/\"><span style=\"color: #3366ff;\">CLICCA QUI<\/span><\/a><\/strong><\/p>\n<p>&nbsp;<\/p>\n<hr \/>\n<p>&nbsp;<\/p>\n<h2><span style=\"color: #ff0000;\"><a class=\"dt-pswp-item\" href=\"https:\/\/www.radiopiu.net\/wordpress\/wp-content\/uploads\/2018\/09\/appuntamenti.jpeg\" data-dt-img-description=\"\" data-large_image_width=\"800\" data-large_image_height=\"100\"><img loading=\"lazy\" decoding=\"async\" class=\"wp-image-61958 size-full aligncenter\" src=\"https:\/\/www.radiopiu.net\/wordpress\/wp-content\/uploads\/2018\/09\/appuntamenti.jpeg\" alt=\"\" width=\"800\" height=\"100\" srcset=\"https:\/\/www.radiopiu.net\/wordpress\/wp-content\/uploads\/2018\/09\/appuntamenti.jpeg 800w, https:\/\/www.radiopiu.net\/wordpress\/wp-content\/uploads\/2018\/09\/appuntamenti-300x38.jpeg 300w, https:\/\/www.radiopiu.net\/wordpress\/wp-content\/uploads\/2018\/09\/appuntamenti-768x96.jpeg 768w\" sizes=\"auto, (max-width: 800px) 100vw, 800px\" \/><\/a><\/span><\/h2>\n<h2><span style=\"color: #ffcc00;\">BIANCANEVE&#8230;AL CINEMA DOLOMITI DI FALCADE NEL FINE SETTIMANA DI PASQUA<\/span><\/h2>\n<p><a class=\"dt-pswp-item\" href=\"https:\/\/www.radiopiu.net\/wordpress\/wp-content\/uploads\/2025\/04\/locandina.jpg\" data-dt-img-description=\"\" data-large_image_width=\"420\" data-large_image_height=\"600\"><img loading=\"lazy\" decoding=\"async\" class=\" wp-image-445194 alignleft\" src=\"https:\/\/www.radiopiu.net\/wordpress\/wp-content\/uploads\/2025\/04\/locandina-210x300.jpg\" alt=\"\" width=\"135\" height=\"193\" srcset=\"https:\/\/www.radiopiu.net\/wordpress\/wp-content\/uploads\/2025\/04\/locandina-210x300.jpg 210w, https:\/\/www.radiopiu.net\/wordpress\/wp-content\/uploads\/2025\/04\/locandina.jpg 420w\" sizes=\"auto, (max-width: 135px) 100vw, 135px\" \/><\/a>Il remake live action Disney di <em data-start=\"32\" data-end=\"59\">Biancaneve e i sette nani<\/em> riprende la celebre fiaba dei fratelli Grimm con nuove sfumature. In un regno pacifico, Biancaneve cresce con i valori dell\u2019onest\u00e0 e della giustizia. Alla morte della madre, il re sposa una donna straniera che si rivela malvagia. Dopo la scomparsa del re, il regno cade in rovina sotto la tirannia della nuova regina. Biancaneve, ridotta a sguattera, scopre la verit\u00e0 sul suo destino grazie a un cacciatore che disobbedisce agli ordini della regina. Rifugiatasi nella foresta, trova rifugio presso sette creature magiche. La regina, invidiosa, la inganna con una mela avvelenata. Ma grazie al bacio di Jonathan, un bandito dal cuore nobile, Biancaneve si risveglia. Insieme ai sette e al popolo, sconfigge la regina. Lo Specchio rivela che la vera bellezza risiede nella bont\u00e0. La regina viene distrutta dal suo stesso potere. Biancaneve viene incoronata sovrana e il regno rinasce sotto la sua guida, giusta e compassionevole, accanto a Jonathan.<\/p>\n<p><span style=\"color: #ff0000;\"><strong>AL CINEMA DOLOMITI DI FALCADE SABATO (ORE 21), DOMENICA (17 E 21) E LUNEDI (17)<\/strong><\/span><\/p>\n<p><strong>LA PRESENTAZIONE A CURA DI PAOLA LANCIATO<\/strong><\/p>\n<audio class=\"wp-audio-shortcode\" id=\"audio-445436-19\" preload=\"none\" style=\"width: 100%;\" controls=\"controls\"><source type=\"audio\/mpeg\" src=\"https:\/\/www.radiopiu.net\/wordpress\/wp-content\/uploads\/2025\/04\/PAOLA-CINEMA-FALCADE-BIANCANEVE.mp3?_=19\" \/><a href=\"https:\/\/www.radiopiu.net\/wordpress\/wp-content\/uploads\/2025\/04\/PAOLA-CINEMA-FALCADE-BIANCANEVE.mp3\">https:\/\/www.radiopiu.net\/wordpress\/wp-content\/uploads\/2025\/04\/PAOLA-CINEMA-FALCADE-BIANCANEVE.mp3<\/a><\/audio>\n<p>&nbsp;<\/p>\n<p><strong>IL TRAILER DEL FILM<\/strong><\/p>\n<p><iframe loading=\"lazy\" title=\"Biancaneve | Trailer Ufficiale | Dal 20 Marzo al Cinema\" width=\"1200\" height=\"675\" src=\"https:\/\/www.youtube.com\/embed\/xy1OUmIf9dE?feature=oembed\" frameborder=\"0\" allow=\"accelerometer; autoplay; clipboard-write; encrypted-media; gyroscope; picture-in-picture; web-share\" referrerpolicy=\"strict-origin-when-cross-origin\" allowfullscreen><\/iframe><\/p>\n<p>&nbsp;<\/p>\n<div>\n<div class=\"\" dir=\"auto\">\n<div id=\":r9h:\" class=\"x1iorvi4 x1pi30zi x1l90r2v x1swvt13\" data-ad-comet-preview=\"message\" data-ad-preview=\"message\">\n<div class=\"\" dir=\"auto\">\n<div id=\":r9h:\" class=\"x1iorvi4 x1pi30zi x1l90r2v x1swvt13\" data-ad-comet-preview=\"message\" data-ad-preview=\"message\">\n<div class=\"\" dir=\"auto\">\n<div id=\":r9h:\" class=\"x1iorvi4 x1pi30zi x1l90r2v x1swvt13\" data-ad-comet-preview=\"message\" data-ad-preview=\"message\">\n<div class=\"\" dir=\"auto\">\n<div id=\":r9h:\" class=\"x1iorvi4 x1pi30zi x1l90r2v x1swvt13\" data-ad-comet-preview=\"message\" data-ad-preview=\"message\">\n<div>\n<div class=\"\" dir=\"auto\">\n<div id=\":r9h:\" class=\"x1iorvi4 x1pi30zi x1l90r2v x1swvt13\" data-ad-comet-preview=\"message\" data-ad-preview=\"message\">\n<div>\n<div class=\"\" dir=\"auto\">\n<div id=\":r9h:\" class=\"x1iorvi4 x1pi30zi x1l90r2v x1swvt13\" data-ad-comet-preview=\"message\" data-ad-preview=\"message\">\n<div class=\"xdj266r x11i5rnm xat24cr x1mh8g0r x1vvkbs x126k92a\">\n<div dir=\"auto\"><\/div>\n<\/div>\n<div>\n<div class=\"\" dir=\"auto\">\n<div id=\":r9h:\" class=\"x1iorvi4 x1pi30zi x1l90r2v x1swvt13\" data-ad-comet-preview=\"message\" data-ad-preview=\"message\">\n<div>\n<div class=\"\" dir=\"auto\">\n<div id=\":r9h:\" class=\"x1iorvi4 x1pi30zi x1l90r2v x1swvt13\" data-ad-comet-preview=\"message\" data-ad-preview=\"message\">\n\n\t\t\t<style type='text\/css'>\n\t\t\t\t#gallery-9 {\n\t\t\t\t\tmargin: auto;\n\t\t\t\t}\n\t\t\t\t#gallery-9 .gallery-item {\n\t\t\t\t\tfloat: left;\n\t\t\t\t\tmargin-top: 10px;\n\t\t\t\t\ttext-align: center;\n\t\t\t\t\twidth: 25%;\n\t\t\t\t}\n\t\t\t\t#gallery-9 img {\n\t\t\t\t\tborder: 2px solid #cfcfcf;\n\t\t\t\t}\n\t\t\t\t#gallery-9 .gallery-caption {\n\t\t\t\t\tmargin-left: 0;\n\t\t\t\t}\n\t\t\t\t\/* see gallery_shortcode() in wp-includes\/media.php *\/\n\t\t\t<\/style>\n\t\t<div id='gallery-9' class='dt-gallery-container gallery galleryid-445436 gallery-columns-4 gallery-size-thumbnail'><dl class='gallery-item'>\n\t\t\t\t<dt class='gallery-icon portrait'>\n\t\t\t\t\t<a class=\"rollover rollover-zoom dt-pswp-item\" title=\"78a43ce6-efb6-4993-9a04-04f9ef8bc10e\" data-dt-img-description=\"\" data-large_image_width=\"1131\" data-large_image_height=\"1600\"href='https:\/\/www.radiopiu.net\/wordpress\/wp-content\/uploads\/2025\/04\/78a43ce6-efb6-4993-9a04-04f9ef8bc10e.jpg'><img loading=\"lazy\" decoding=\"async\" width=\"150\" height=\"150\" src=\"https:\/\/www.radiopiu.net\/wordpress\/wp-content\/uploads\/2025\/04\/78a43ce6-efb6-4993-9a04-04f9ef8bc10e-150x150.jpg\" class=\"attachment-thumbnail size-thumbnail\" alt=\"\" \/><\/a>\n\t\t\t\t<\/dt><\/dl><dl class='gallery-item'>\n\t\t\t\t<dt class='gallery-icon portrait'>\n\t\t\t\t\t<a class=\"rollover rollover-zoom dt-pswp-item\" title=\"487363836_1154705959687690_3035271110389443223_n\" data-dt-img-description=\"\" data-large_image_width=\"979\" data-large_image_height=\"1411\"href='https:\/\/www.radiopiu.net\/wordpress\/wp-content\/uploads\/2025\/04\/487363836_1154705959687690_3035271110389443223_n.jpg'><img loading=\"lazy\" decoding=\"async\" width=\"150\" height=\"150\" src=\"https:\/\/www.radiopiu.net\/wordpress\/wp-content\/uploads\/2025\/04\/487363836_1154705959687690_3035271110389443223_n-150x150.jpg\" class=\"attachment-thumbnail size-thumbnail\" alt=\"\" \/><\/a>\n\t\t\t\t<\/dt><\/dl><dl class='gallery-item'>\n\t\t\t\t<dt class='gallery-icon landscape'>\n\t\t\t\t\t<a class=\"rollover rollover-zoom dt-pswp-item\" title=\"Immagine 2025-04-11 072741\" data-dt-img-description=\"\" data-large_image_width=\"542\" data-large_image_height=\"367\"href='https:\/\/www.radiopiu.net\/wordpress\/wp-content\/uploads\/2025\/04\/Immagine-2025-04-11-072741-e1744349278251.jpg'><img loading=\"lazy\" decoding=\"async\" width=\"150\" height=\"150\" src=\"https:\/\/www.radiopiu.net\/wordpress\/wp-content\/uploads\/2025\/04\/Immagine-2025-04-11-072741-e1744349278251-150x150.jpg\" class=\"attachment-thumbnail size-thumbnail\" alt=\"\" \/><\/a>\n\t\t\t\t<\/dt><\/dl><dl class='gallery-item'>\n\t\t\t\t<dt class='gallery-icon portrait'>\n\t\t\t\t\t<a class=\"rollover rollover-zoom dt-pswp-item\" title=\"Senza nome\" data-dt-img-description=\"\" data-large_image_width=\"569\" data-large_image_height=\"801\"href='https:\/\/www.radiopiu.net\/wordpress\/wp-content\/uploads\/2025\/02\/Senza-nome-23.png'><img loading=\"lazy\" decoding=\"async\" width=\"150\" height=\"150\" src=\"https:\/\/www.radiopiu.net\/wordpress\/wp-content\/uploads\/2025\/02\/Senza-nome-23-150x150.png\" class=\"attachment-thumbnail size-thumbnail\" alt=\"\" \/><\/a>\n\t\t\t\t<\/dt><\/dl><br style=\"clear: both\" \/><dl class='gallery-item'>\n\t\t\t\t<dt class='gallery-icon portrait'>\n\t\t\t\t\t<a class=\"rollover rollover-zoom dt-pswp-item\" title=\"Aprile\" data-dt-img-description=\"\" data-large_image_width=\"841\" data-large_image_height=\"1190\"href='https:\/\/www.radiopiu.net\/wordpress\/wp-content\/uploads\/2025\/03\/Aprile.jpg'><img loading=\"lazy\" decoding=\"async\" width=\"150\" height=\"150\" src=\"https:\/\/www.radiopiu.net\/wordpress\/wp-content\/uploads\/2025\/03\/Aprile-150x150.jpg\" class=\"attachment-thumbnail size-thumbnail\" alt=\"\" \/><\/a>\n\t\t\t\t<\/dt><\/dl><dl class='gallery-item'>\n\t\t\t\t<dt class='gallery-icon portrait'>\n\t\t\t\t\t<a class=\"rollover rollover-zoom dt-pswp-item\" title=\"Locandina posturale primavera 2025\" data-dt-img-description=\"\" data-large_image_width=\"1132\" data-large_image_height=\"1600\"href='https:\/\/www.radiopiu.net\/wordpress\/wp-content\/uploads\/2025\/03\/Locandina-posturale-primavera-2025.jpeg'><img loading=\"lazy\" decoding=\"async\" width=\"150\" height=\"150\" src=\"https:\/\/www.radiopiu.net\/wordpress\/wp-content\/uploads\/2025\/03\/Locandina-posturale-primavera-2025-150x150.jpeg\" class=\"attachment-thumbnail size-thumbnail\" alt=\"\" \/><\/a>\n\t\t\t\t<\/dt><\/dl><dl class='gallery-item'>\n\t\t\t\t<dt class='gallery-icon portrait'>\n\t\t\t\t\t<a class=\"rollover rollover-zoom dt-pswp-item\" title=\"Locandina Gardaland 19.05.2025\" data-dt-img-description=\"\" data-large_image_width=\"1131\" data-large_image_height=\"1600\"href='https:\/\/www.radiopiu.net\/wordpress\/wp-content\/uploads\/2025\/03\/Locandina-Gardaland-19.05.2025.jpeg'><img loading=\"lazy\" decoding=\"async\" width=\"150\" height=\"150\" src=\"https:\/\/www.radiopiu.net\/wordpress\/wp-content\/uploads\/2025\/03\/Locandina-Gardaland-19.05.2025-150x150.jpeg\" class=\"attachment-thumbnail size-thumbnail\" alt=\"\" \/><\/a>\n\t\t\t\t<\/dt><\/dl><dl class='gallery-item'>\n\t\t\t\t<dt class='gallery-icon landscape'>\n\t\t\t\t\t<a class=\"rollover rollover-zoom dt-pswp-item\" title=\"Senza nome\" data-dt-img-description=\"\" data-large_image_width=\"753\" data-large_image_height=\"334\"href='https:\/\/www.radiopiu.net\/wordpress\/wp-content\/uploads\/2025\/04\/Senza-nome-2.png'><img loading=\"lazy\" decoding=\"async\" width=\"150\" height=\"150\" src=\"https:\/\/www.radiopiu.net\/wordpress\/wp-content\/uploads\/2025\/04\/Senza-nome-2-150x150.png\" class=\"attachment-thumbnail size-thumbnail\" alt=\"\" \/><\/a>\n\t\t\t\t<\/dt><\/dl><br style=\"clear: both\" \/><dl class='gallery-item'>\n\t\t\t\t<dt class='gallery-icon portrait'>\n\t\t\t\t\t<a class=\"rollover rollover-zoom dt-pswp-item\" title=\"488508424_18408367480096744_440585597055027067_n\" data-dt-img-description=\"\" data-large_image_width=\"1440\" data-large_image_height=\"1799\"href='https:\/\/www.radiopiu.net\/wordpress\/wp-content\/uploads\/2025\/04\/488508424_18408367480096744_440585597055027067_n.jpg'><img loading=\"lazy\" decoding=\"async\" width=\"150\" height=\"150\" src=\"https:\/\/www.radiopiu.net\/wordpress\/wp-content\/uploads\/2025\/04\/488508424_18408367480096744_440585597055027067_n-150x150.jpg\" class=\"attachment-thumbnail size-thumbnail\" alt=\"\" \/><\/a>\n\t\t\t\t<\/dt><\/dl><dl class='gallery-item'>\n\t\t\t\t<dt class='gallery-icon portrait'>\n\t\t\t\t\t<a class=\"rollover rollover-zoom dt-pswp-item\" title=\"17edc79b-2729-450a-991a-37c9461b86b0\" data-dt-img-description=\"\" data-large_image_width=\"1536\" data-large_image_height=\"2048\"href='https:\/\/www.radiopiu.net\/wordpress\/wp-content\/uploads\/2025\/04\/17edc79b-2729-450a-991a-37c9461b86b0.jpg'><img loading=\"lazy\" decoding=\"async\" width=\"150\" height=\"150\" src=\"https:\/\/www.radiopiu.net\/wordpress\/wp-content\/uploads\/2025\/04\/17edc79b-2729-450a-991a-37c9461b86b0-150x150.jpg\" class=\"attachment-thumbnail size-thumbnail\" alt=\"\" \/><\/a>\n\t\t\t\t<\/dt><\/dl><dl class='gallery-item'>\n\t\t\t\t<dt class='gallery-icon portrait'>\n\t\t\t\t\t<a class=\"rollover rollover-zoom dt-pswp-item\" title=\"Locandina Open day 26 e 27 aprile 2025\" data-dt-img-description=\"\" data-large_image_width=\"1240\" data-large_image_height=\"1754\"href='https:\/\/www.radiopiu.net\/wordpress\/wp-content\/uploads\/2025\/04\/Locandina-Open-day-26-e-27-aprile-2025.jpg'><img loading=\"lazy\" decoding=\"async\" width=\"150\" height=\"150\" src=\"https:\/\/www.radiopiu.net\/wordpress\/wp-content\/uploads\/2025\/04\/Locandina-Open-day-26-e-27-aprile-2025-150x150.jpg\" class=\"attachment-thumbnail size-thumbnail\" alt=\"\" \/><\/a>\n\t\t\t\t<\/dt><\/dl>\n\t\t\t\t<br style='clear: both' \/>\n\t\t\t<\/div>\n\n<p>&nbsp;<\/p>\n<\/div>\n<\/div>\n<\/div>\n<\/div>\n<\/div>\n<\/div>\n<\/div>\n<\/div>\n<\/div>\n<\/div>\n<\/div>\n<\/div>\n<\/div>\n<\/div>\n<\/div>\n<\/div>\n<\/div>\n<\/div>\n<\/div>\n<\/div>\n<\/div>\n<div>\n<div class=\"\" dir=\"auto\">\n<div id=\":r9h:\" class=\"x1iorvi4 x1pi30zi x1l90r2v x1swvt13\" data-ad-comet-preview=\"message\" data-ad-preview=\"message\">\n<div class=\"\" dir=\"auto\">\n<div id=\":r9h:\" class=\"x1iorvi4 x1pi30zi x1l90r2v x1swvt13\" data-ad-comet-preview=\"message\" data-ad-preview=\"message\">\n<div class=\"\" dir=\"auto\">\n<div id=\":r9h:\" class=\"x1iorvi4 x1pi30zi x1l90r2v x1swvt13\" data-ad-comet-preview=\"message\" data-ad-preview=\"message\">\n<div class=\"\" dir=\"auto\">\n<div id=\":r9h:\" class=\"x1iorvi4 x1pi30zi x1l90r2v x1swvt13\" data-ad-comet-preview=\"message\" data-ad-preview=\"message\">\n<div>\n<div class=\"\" dir=\"auto\">\n<div id=\":r9h:\" class=\"x1iorvi4 x1pi30zi x1l90r2v x1swvt13\" data-ad-comet-preview=\"message\" data-ad-preview=\"message\">\n<div>\n<div class=\"\" dir=\"auto\">\n<div id=\":r9h:\" class=\"x1iorvi4 x1pi30zi x1l90r2v x1swvt13\" data-ad-comet-preview=\"message\" data-ad-preview=\"message\">\n<div class=\"xdj266r x11i5rnm xat24cr x1mh8g0r x1vvkbs x126k92a\">\n<div dir=\"auto\"><\/div>\n<\/div>\n<div>\n<div class=\"\" dir=\"auto\">\n<div id=\":r9h:\" class=\"x1iorvi4 x1pi30zi x1l90r2v x1swvt13\" data-ad-comet-preview=\"message\" data-ad-preview=\"message\">\n<div>\n<div class=\"\" dir=\"auto\">\n<div id=\":r9h:\" class=\"x1iorvi4 x1pi30zi x1l90r2v x1swvt13\" data-ad-comet-preview=\"message\" data-ad-preview=\"message\">\n<p>&nbsp;<\/p>\n<hr \/>\n<p>&nbsp;<\/p>\n<\/div>\n<\/div>\n<\/div>\n<\/div>\n<\/div>\n<\/div>\n<\/div>\n<\/div>\n<\/div>\n<\/div>\n<\/div>\n<\/div>\n<\/div>\n<\/div>\n<\/div>\n<\/div>\n<\/div>\n<\/div>\n<\/div>\n<\/div>\n<\/div>\n<p class=\"mceTemp\"><a class=\"dt-pswp-item\" href=\"https:\/\/www.radiopiu.net\/wordpress\/wp-content\/uploads\/2018\/09\/WhatsApp-Image-2018-09-20-at-16.04.06.jpeg\" data-dt-img-description=\"\" data-large_image_width=\"800\" data-large_image_height=\"100\"><img loading=\"lazy\" decoding=\"async\" class=\"wp-image-61378 size-full aligncenter\" src=\"https:\/\/www.radiopiu.net\/wordpress\/wp-content\/uploads\/2018\/09\/WhatsApp-Image-2018-09-20-at-16.04.06.jpeg\" alt=\"\" width=\"800\" height=\"100\" srcset=\"https:\/\/www.radiopiu.net\/wordpress\/wp-content\/uploads\/2018\/09\/WhatsApp-Image-2018-09-20-at-16.04.06.jpeg 800w, https:\/\/www.radiopiu.net\/wordpress\/wp-content\/uploads\/2018\/09\/WhatsApp-Image-2018-09-20-at-16.04.06-300x38.jpeg 300w, https:\/\/www.radiopiu.net\/wordpress\/wp-content\/uploads\/2018\/09\/WhatsApp-Image-2018-09-20-at-16.04.06-768x96.jpeg 768w\" sizes=\"auto, (max-width: 800px) 100vw, 800px\" \/><\/a><\/p>\n<p><center><\/center><center><\/center>&nbsp;<\/p>\n<p><center><b>OGGI<\/b><\/center>Residuo maltempo su Dolomiti prima parte della notte, poi tendenza alla variabilit\u00e0 entro l&#8217;alba. Al primo mattino ampi tratti di sereno e banchi di stratocumuli. Con il passare delle ore lieve ripresa dell&#8217;instabilit\u00e0 con aumento della nuvolosit\u00e0 e predominanza degli addensamenti sulle schiarite. Dal tardo pomeriggio in poi i rasserenamenti saranno via via pi\u00f9 frequenti, almeno sulle Dolomiti.<br \/>\n<b>Precipitazioni: <\/b>Qualche rovescio qua e l\u00e0 sulle Dolomiti nottetempo con neve a 1600-1900 m. In giornata rovesci sparsi, pi\u00f9 probabili sulle Prealpi, meno sulle Dolomiti.<br \/>\n<b>Temperature: <\/b>Minime in calo, massime in aumento.<\/p>\n<hr \/>\n<p><center><b>DOMANI<\/b><\/center>Al mattino in alta quota sereno o poco nuvoloso in parziale dissolvimento. Nel pomeriggio maggiore nuvolosit\u00e0 ovunque, anche per transito di nubi medio-alte, ma sembra senza altro effetto che coprire il cielo.<br \/>\n<b>Precipitazioni: <\/b>Generalmente assenti, salvo qualche modesto piovasco al pomeriggio sulle Prealpi a ridosso della pedemontana<br \/>\n<b>Temperature: <\/b>In generale aumento, salvo calo delle minime nei settori interessati da schiarite notturne.<\/p>\n<hr \/>\n<p><center><b>DOMENICA<\/b><\/center>Al mattino in alta quota, oltre i 2000 m, sereno o poco nuvoloso per transito di cirri. Sotto tale quota situazione assai diversa per la presenza di stratocumuli, in alcuni casi anche estesi, ma spesso in graduale diradamento. Poi con il passare delle ore nuova crescente nuvolosit\u00e0 fino a cielo coperto nel tardo pomeriggio\/sera. Ulteriore aumento delle temperature a tutte le quote.<\/p>\n<hr \/>\n<p><center><b>LUNEDI<\/b><\/center>Ampie schiarite e primi annuvolamenti al mattino poi nuvolosit\u00e0 in aumento per attivit\u00e0 cumuliforme, ma il rischio di locali rovesci rimarr\u00e0 remoto. Temperature ancora in rialzo, salvo locali diminuzione per le minime in alcune valli.<\/p>\n<p>&nbsp;<\/p>\n<hr \/>\n<p>&nbsp;<\/p>\n<p class=\"mceTemp\"><a class=\"dt-pswp-item\" href=\"https:\/\/www.radiopiu.net\/wordpress\/wp-content\/uploads\/2018\/09\/sport.jpg\" data-dt-img-description=\"\" data-large_image_width=\"800\" data-large_image_height=\"100\"><img loading=\"lazy\" decoding=\"async\" class=\"aligncenter wp-image-60761 size-full\" src=\"https:\/\/www.radiopiu.net\/wordpress\/wp-content\/uploads\/2018\/09\/sport.jpg\" alt=\"\" width=\"800\" height=\"100\" srcset=\"https:\/\/www.radiopiu.net\/wordpress\/wp-content\/uploads\/2018\/09\/sport.jpg 800w, https:\/\/www.radiopiu.net\/wordpress\/wp-content\/uploads\/2018\/09\/sport-300x38.jpg 300w, https:\/\/www.radiopiu.net\/wordpress\/wp-content\/uploads\/2018\/09\/sport-768x96.jpg 768w\" sizes=\"auto, (max-width: 800px) 100vw, 800px\" \/> <\/a><\/p>\n<p class=\"mceTemp\"><span style=\"color: #0000ff;\"><strong>\u00a0 \u00a0 \u00a0 \u00a0 \u00a0\u00a0<\/strong><\/span><\/p>\n<p><span style=\"color: #0000ff;\"><strong>CALCIO\u00a0<\/strong><\/span><\/p>\n<p>&nbsp;<\/p>\n<blockquote>\n<h3><a class=\"dt-pswp-item\" href=\"https:\/\/www.radiopiu.net\/wordpress\/wp-content\/uploads\/2024\/12\/CALCIO-2025.jpg\" data-dt-img-description=\"\" data-large_image_width=\"1280\" data-large_image_height=\"853\"><img loading=\"lazy\" decoding=\"async\" class=\" wp-image-422411 alignleft\" src=\"https:\/\/www.radiopiu.net\/wordpress\/wp-content\/uploads\/2024\/12\/CALCIO-2025-300x200.jpg\" alt=\"\" width=\"171\" height=\"114\" srcset=\"https:\/\/www.radiopiu.net\/wordpress\/wp-content\/uploads\/2024\/12\/CALCIO-2025-300x200.jpg 300w, https:\/\/www.radiopiu.net\/wordpress\/wp-content\/uploads\/2024\/12\/CALCIO-2025-1024x682.jpg 1024w, https:\/\/www.radiopiu.net\/wordpress\/wp-content\/uploads\/2024\/12\/CALCIO-2025-768x512.jpg 768w, https:\/\/www.radiopiu.net\/wordpress\/wp-content\/uploads\/2024\/12\/CALCIO-2025.jpg 1280w\" sizes=\"auto, (max-width: 171px) 100vw, 171px\" \/><\/a>LA DOLOMITI BELLUNESI PAREGGIA CON IL TREVISO. RIMANDATA LA FESTA PROMOZIONE<\/h3>\n<\/blockquote>\n<p><strong>DI BARBARA PAOLAZZI<\/strong><\/p>\n<audio class=\"wp-audio-shortcode\" id=\"audio-445436-20\" preload=\"none\" style=\"width: 100%;\" controls=\"controls\"><source type=\"audio\/mpeg\" src=\"https:\/\/www.radiopiu.net\/wordpress\/wp-content\/uploads\/2025\/04\/PAOLAZZI-CALCIO-DOLOMITI-BELLUNESI.mp3?_=20\" \/><a href=\"https:\/\/www.radiopiu.net\/wordpress\/wp-content\/uploads\/2025\/04\/PAOLAZZI-CALCIO-DOLOMITI-BELLUNESI.mp3\">https:\/\/www.radiopiu.net\/wordpress\/wp-content\/uploads\/2025\/04\/PAOLAZZI-CALCIO-DOLOMITI-BELLUNESI.mp3<\/a><\/audio>\n<p>&nbsp;<\/p>\n<p>&nbsp;<\/p>\n<hr \/>\n<p>&nbsp;<\/p>\n<blockquote>\n<h3>CAMPIONATO AGORDINO DI CALCIO. SORTEGGIATI I GIRONI E SVELATI CAMPI DELLE FASI FINALI<\/h3>\n<\/blockquote>\n<p><strong><a class=\"dt-pswp-item\" href=\"https:\/\/www.radiopiu.net\/wordpress\/wp-content\/uploads\/2025\/04\/39636aff-b42e-4797-881e-9cb07d089e1e-scaled.jpg\" data-dt-img-description=\"\" data-large_image_width=\"2048\" data-large_image_height=\"2560\"><img loading=\"lazy\" decoding=\"async\" class=\" wp-image-445547 alignleft\" src=\"https:\/\/www.radiopiu.net\/wordpress\/wp-content\/uploads\/2025\/04\/39636aff-b42e-4797-881e-9cb07d089e1e-240x300.jpg\" alt=\"\" width=\"217\" height=\"271\" srcset=\"https:\/\/www.radiopiu.net\/wordpress\/wp-content\/uploads\/2025\/04\/39636aff-b42e-4797-881e-9cb07d089e1e-240x300.jpg 240w, https:\/\/www.radiopiu.net\/wordpress\/wp-content\/uploads\/2025\/04\/39636aff-b42e-4797-881e-9cb07d089e1e-819x1024.jpg 819w, https:\/\/www.radiopiu.net\/wordpress\/wp-content\/uploads\/2025\/04\/39636aff-b42e-4797-881e-9cb07d089e1e-768x960.jpg 768w, https:\/\/www.radiopiu.net\/wordpress\/wp-content\/uploads\/2025\/04\/39636aff-b42e-4797-881e-9cb07d089e1e-1229x1536.jpg 1229w, https:\/\/www.radiopiu.net\/wordpress\/wp-content\/uploads\/2025\/04\/39636aff-b42e-4797-881e-9cb07d089e1e-1638x2048.jpg 1638w, https:\/\/www.radiopiu.net\/wordpress\/wp-content\/uploads\/2025\/04\/39636aff-b42e-4797-881e-9cb07d089e1e-scaled.jpg 2048w\" sizes=\"auto, (max-width: 217px) 100vw, 217px\" \/><\/a>DI MARCO GAZ<\/strong><\/p>\n<p><strong>REDAZIONE <\/strong>Il primo passo verso l\u2019inizio del 50esimo campionato Agordino di Calcio \u00e8 stato fatto ieri sera sotto il tendone della Sagra De Pasca di Taibon. Come succede da anni, ad inaugurare la sagra paesana \u00e8 stato lo sport. Ad iniziare dallo sci alpinismo con la presentazione ufficiale di un documentario di Roberto Sorama\u00e8 riguardante lo sci alpinismo sul Monte Agner e Croda Granda. A raccontare questo filmato sono stati Gianpaolo Soratroi ed Eugenio Bien che di fronte al pubblico delle grandi occasioni hanno saputo intrattenere la gente con aneddoti. Al termine la serata \u00e8 proseguita con la presentazione del Campionato Agordino di Calcio 2025. Un\u2019edizione che parte subito con le sorprese che riguardano la formula. Le 13 squadre partecipanti vengono sempre divise per girone ma al termine della stagione regolare verr\u00e0 fatta una classifica unica con la media punti in stile Champions League. Sul palco della Sagra De Pasca si sono alternate le 13 formazioni che hanno estratto le squadre e gli abbinamenti al girone. Girone A composto da Rivamonte, Fodom, Le Ville, La Valle, Falcade\/Caviola, Caprile e Taibon. Nel Girone B Voltago, Canale, Vallada, Alleghe, Cencenighe e Gosaldo. Svelati anche i campi delle fasi finali: Miniottavi a Rivamonte e Voltago, quarti di finale a Cencenighe e Vallada, semifinali a La Valle e finalissima il 3 agosto all\u2019Ivano Dorigo di Agordo.<\/p>\n<p>&nbsp;<\/p>\n<p>&nbsp;<\/p>\n<p>&nbsp;<\/p>\n","protected":false},"excerpt":{"rendered":"<p>****** &nbsp; &nbsp; LA\u00a0 APP PER IOS-IPHONE di Nicola Vettorello https:\/\/apps.apple.com\/it\/app\/radio-pi%C3%B9-emittente-agordina\/id1515939845 LA\u00a0 APP RADIO\u00a0 PER ANDROID di Nicola Vettorello https:\/\/play.google.com\/store\/apps\/details?id=net.radiopiu.iniko\u00a0\u00a0\u00a0\u00a0 &nbsp; &nbsp; \u00a0 &nbsp; OGGI SU RADIOPI\u00d9: MUSICA, informazione\u00a0 e dirette\u00a0 Giornata ricca di appuntamenti su RadioPi\u00f9! Si parte alle 09.00 Premiere di Marco Gaz le novit\u00e0 alla radio ed a seguire alle 9.40\u00a0 le&hellip;<\/p>\n","protected":false},"author":4,"featured_media":445574,"comment_status":"closed","ping_status":"closed","sticky":false,"template":"","format":"standard","meta":{"_monsterinsights_skip_tracking":false,"_monsterinsights_sitenote_active":false,"_monsterinsights_sitenote_note":"","_monsterinsights_sitenote_category":0,"footnotes":""},"categories":[51,86,49],"tags":[],"class_list":["post-445436","post","type-post","status-publish","format-standard","has-post-thumbnail","hentry","category-evidenza-top","category-gr","category-news-18","category-51","category-86","category-49","description-off"],"img_url":"https:\/\/www.radiopiu.net\/wordpress\/wp-content\/uploads\/2025\/04\/3554635d-2c08-47cf-9d22-f0b98ec8ecac.jpg","_links":{"self":[{"href":"https:\/\/www.radiopiu.net\/wordpress\/wp-json\/wp\/v2\/posts\/445436","targetHints":{"allow":["GET"]}}],"collection":[{"href":"https:\/\/www.radiopiu.net\/wordpress\/wp-json\/wp\/v2\/posts"}],"about":[{"href":"https:\/\/www.radiopiu.net\/wordpress\/wp-json\/wp\/v2\/types\/post"}],"author":[{"embeddable":true,"href":"https:\/\/www.radiopiu.net\/wordpress\/wp-json\/wp\/v2\/users\/4"}],"replies":[{"embeddable":true,"href":"https:\/\/www.radiopiu.net\/wordpress\/wp-json\/wp\/v2\/comments?post=445436"}],"version-history":[{"count":34,"href":"https:\/\/www.radiopiu.net\/wordpress\/wp-json\/wp\/v2\/posts\/445436\/revisions"}],"predecessor-version":[{"id":445585,"href":"https:\/\/www.radiopiu.net\/wordpress\/wp-json\/wp\/v2\/posts\/445436\/revisions\/445585"}],"wp:featuredmedia":[{"embeddable":true,"href":"https:\/\/www.radiopiu.net\/wordpress\/wp-json\/wp\/v2\/media\/445574"}],"wp:attachment":[{"href":"https:\/\/www.radiopiu.net\/wordpress\/wp-json\/wp\/v2\/media?parent=445436"}],"wp:term":[{"taxonomy":"category","embeddable":true,"href":"https:\/\/www.radiopiu.net\/wordpress\/wp-json\/wp\/v2\/categories?post=445436"},{"taxonomy":"post_tag","embeddable":true,"href":"https:\/\/www.radiopiu.net\/wordpress\/wp-json\/wp\/v2\/tags?post=445436"}],"curies":[{"name":"wp","href":"https:\/\/api.w.org\/{rel}","templated":true}]}}