{"id":445490,"date":"2025-04-18T05:32:27","date_gmt":"2025-04-18T03:32:27","guid":{"rendered":"https:\/\/www.radiopiu.net\/wordpress\/?p=445490"},"modified":"2025-04-18T05:43:05","modified_gmt":"2025-04-18T03:43:05","slug":"veneto-stanziati-3-milioni-per-la-messa-in-sicurezza-idrogeologica-del-territorio","status":"publish","type":"post","link":"https:\/\/www.radiopiu.net\/wordpress\/veneto-stanziati-3-milioni-per-la-messa-in-sicurezza-idrogeologica-del-territorio\/","title":{"rendered":"VENETO: STANZIATI 3 MILIONI PER LA MESSA IN SICUREZZA IDROGEOLOGICA DEL TERRITORIO"},"content":{"rendered":"<p>*******<\/p>\n<p>&nbsp;<\/p>\n<p><strong>VENEZIA\u00a0<\/strong>La Giunta regionale del Veneto ha stanziato 3 milioni di euro per la messa in sicurezza idrogeologica, su proposta dell\u2019assessore Gianpaolo Bottacin. Le risorse saranno gestite in gran parte (almeno il 70%) tramite le Province, che dovranno presentare elenchi di interventi prioritari, basati su criticit\u00e0 gi\u00e0 rilevate e non ancora finanziate, oppure finanziate parzialmente. Priorit\u00e0 verr\u00e0 data agli interventi meno costosi e cofinanziati, con un massimo di 150 mila euro ciascuno. Ogni Provincia potr\u00e0 ottenere un secondo finanziamento solo dopo che tutte saranno state coinvolte. Le Province e la Citt\u00e0 metropolitana di Venezia dovranno trasmettere gli elenchi entro il 15 maggio 2025. L&#8217;obiettivo \u00e8 rafforzare la sicurezza e sostenere gli enti locali.<\/p>\n<p><strong>L&#8217;ASSESSORE REGIONALE GIANPAOLO BOTTACIN<\/strong><\/p>\n<p><iframe loading=\"lazy\" title=\"BOTTACIN DISSESTO IDROGEOLOGICO\" width=\"1200\" height=\"675\" src=\"https:\/\/www.youtube.com\/embed\/acDAOpSNsIc?feature=oembed\" frameborder=\"0\" allow=\"accelerometer; autoplay; clipboard-write; encrypted-media; gyroscope; picture-in-picture; web-share\" referrerpolicy=\"strict-origin-when-cross-origin\" allowfullscreen><\/iframe><\/p>\n<p>&nbsp;<\/p>\n<p>&nbsp;<\/p>\n<p>&nbsp;<\/p>\n<p>*********<\/p>\n","protected":false},"excerpt":{"rendered":"<p>******* &nbsp; VENEZIA\u00a0La Giunta regionale del Veneto ha stanziato 3 milioni di euro per la messa in sicurezza idrogeologica, su proposta dell\u2019assessore Gianpaolo Bottacin. Le risorse saranno gestite in gran parte (almeno il 70%) tramite le Province, che dovranno presentare elenchi di interventi prioritari, basati su criticit\u00e0 gi\u00e0 rilevate e non ancora finanziate, oppure finanziate&hellip;<\/p>\n","protected":false},"author":4,"featured_media":382551,"comment_status":"closed","ping_status":"closed","sticky":false,"template":"","format":"standard","meta":{"_monsterinsights_skip_tracking":false,"_monsterinsights_sitenote_active":false,"_monsterinsights_sitenote_note":"","_monsterinsights_sitenote_category":0,"footnotes":""},"categories":[51,49],"tags":[],"class_list":["post-445490","post","type-post","status-publish","format-standard","has-post-thumbnail","hentry","category-evidenza-top","category-news-18","category-51","category-49","description-off"],"img_url":"https:\/\/www.radiopiu.net\/wordpress\/wp-content\/uploads\/2024\/04\/BOTTACIN.png","_links":{"self":[{"href":"https:\/\/www.radiopiu.net\/wordpress\/wp-json\/wp\/v2\/posts\/445490","targetHints":{"allow":["GET"]}}],"collection":[{"href":"https:\/\/www.radiopiu.net\/wordpress\/wp-json\/wp\/v2\/posts"}],"about":[{"href":"https:\/\/www.radiopiu.net\/wordpress\/wp-json\/wp\/v2\/types\/post"}],"author":[{"embeddable":true,"href":"https:\/\/www.radiopiu.net\/wordpress\/wp-json\/wp\/v2\/users\/4"}],"replies":[{"embeddable":true,"href":"https:\/\/www.radiopiu.net\/wordpress\/wp-json\/wp\/v2\/comments?post=445490"}],"version-history":[{"count":1,"href":"https:\/\/www.radiopiu.net\/wordpress\/wp-json\/wp\/v2\/posts\/445490\/revisions"}],"predecessor-version":[{"id":445496,"href":"https:\/\/www.radiopiu.net\/wordpress\/wp-json\/wp\/v2\/posts\/445490\/revisions\/445496"}],"wp:featuredmedia":[{"embeddable":true,"href":"https:\/\/www.radiopiu.net\/wordpress\/wp-json\/wp\/v2\/media\/382551"}],"wp:attachment":[{"href":"https:\/\/www.radiopiu.net\/wordpress\/wp-json\/wp\/v2\/media?parent=445490"}],"wp:term":[{"taxonomy":"category","embeddable":true,"href":"https:\/\/www.radiopiu.net\/wordpress\/wp-json\/wp\/v2\/categories?post=445490"},{"taxonomy":"post_tag","embeddable":true,"href":"https:\/\/www.radiopiu.net\/wordpress\/wp-json\/wp\/v2\/tags?post=445490"}],"curies":[{"name":"wp","href":"https:\/\/api.w.org\/{rel}","templated":true}]}}