{"id":445516,"date":"2025-04-17T15:21:49","date_gmt":"2025-04-17T13:21:49","guid":{"rendered":"https:\/\/www.radiopiu.net\/wordpress\/?p=445516"},"modified":"2025-04-17T15:21:49","modified_gmt":"2025-04-17T13:21:49","slug":"inaugurato-a-san-panfilo-docre-il-monumento-in-memoria-del-dottor-spaziani-e-dei-volontari-bellunesi","status":"publish","type":"post","link":"https:\/\/www.radiopiu.net\/wordpress\/inaugurato-a-san-panfilo-docre-il-monumento-in-memoria-del-dottor-spaziani-e-dei-volontari-bellunesi\/","title":{"rendered":"INAUGURATO A SAN PANFILO D\u2019OCRE IL MONUMENTO IN MEMORIA DEL DOTTOR SPAZIANI E DEI VOLONTARI BELLUNESI"},"content":{"rendered":"<p>********<\/p>\n<p>&nbsp;<\/p>\n<p><strong>BELLUNO<\/strong> Sabato pomeriggio, la comunit\u00e0 di San Panfilo d\u2019Ocre con a capo il sindaco e parte della sua amministrazione ha accolto con calore la delegazione della Protezione Civile di Belluno, intervenuta per l\u2019inaugurazione del monumento dedicato al dottor Fabrizio Spaziani e ai volontari bellunesi che prestarono soccorso durante il terremoto del 6 aprile 2009. Il dottor Spaziani, medico del Suem 118 e direttore della Scuola sanitaria del Soccorso Alpino, perse la vita nell\u2019agosto del 2009 a Rio Gere, durante un sorvolo di ricognizione, quando l\u2019elicottero su cui viaggiava urt\u00f2 un cavo non segnalato. La sua dedizione e il suo sacrificio rimangono un esempio indelebile di altruismo e impegno, anche nella comunit\u00e0 abruzzese poich\u00e9 era intervenuto con la Protezione Civile bellunese all\u2019indomani del terremoto del 2009. Durante la cerimonia, il consigliere provinciale delegato alla Protezione Civile di Belluno, Massimo Bortoluzzi ha sottolineato l&#8217;importanza della solidariet\u00e0 tra territori colpiti da calamit\u00e0 naturali. \u00abNel 2009 &#8211; ha ricordato il consigliere Bortoluzzi -, 250 volontari bellunesi si recarono a San Panfilo d\u2019Ocre per prestare soccorso, e nel 2018, durante la tempesta Vaia, le Protezioni Civili di altre regioni italiane, hanno offerto il loro aiuto al Bellunese, in una cooperazione che \u00e8 linfa vitale per le comunit\u00e0, tanto pi\u00f9 nel momento del bisogno\u00bb. Il consigliere Bortoluzzi ha inoltre ribadito l&#8217;impegno della Provincia di Belluno nel promuovere la sicurezza delle operazioni di soccorso aereo, affinch\u00e9 tragedie come quella accaduta al dottor Spaziani non si ripetano. \u00abDa tempo stiamo lavorando a un sistema di segnalazioni per eliminare i pericoli degli ostacoli al volo\u00bb ha detto. \u00abEsprimo forte gratitudine a tutti i volontari della Protezione Civile, che sono un punto di riferimento insostituibile per la societ\u00e0 e le istituzioni\u00bb. La cerimonia si \u00e8 conclusa con un commosso applauso da parte della popolazione locale, riconoscente per l&#8217;aiuto ricevuto nel 2009. Momenti toccanti si sono susseguiti durante la proiezione delle immagini dell&#8217;epoca, che hanno riportato alla memoria l&#8217;impegno e la solidariet\u00e0 dei volontari nelle tendopoli.<\/p>\n<p><strong>MASSIMO BORTOLUZZI, CONSIGLIERE PROVINCIALE<\/strong><\/p>\n<audio class=\"wp-audio-shortcode\" id=\"audio-445516-1\" preload=\"none\" style=\"width: 100%;\" controls=\"controls\"><source type=\"audio\/mpeg\" src=\"https:\/\/www.radiopiu.net\/wordpress\/wp-content\/uploads\/2025\/04\/BORTOLUZZI-SAN-PANFILO.mp3?_=1\" \/><a href=\"https:\/\/www.radiopiu.net\/wordpress\/wp-content\/uploads\/2025\/04\/BORTOLUZZI-SAN-PANFILO.mp3\">https:\/\/www.radiopiu.net\/wordpress\/wp-content\/uploads\/2025\/04\/BORTOLUZZI-SAN-PANFILO.mp3<\/a><\/audio>\n<p>&nbsp;<\/p>\n\n\t\t\t<style type='text\/css'>\n\t\t\t\t#gallery-1 {\n\t\t\t\t\tmargin: auto;\n\t\t\t\t}\n\t\t\t\t#gallery-1 .gallery-item {\n\t\t\t\t\tfloat: left;\n\t\t\t\t\tmargin-top: 10px;\n\t\t\t\t\ttext-align: center;\n\t\t\t\t\twidth: 14%;\n\t\t\t\t}\n\t\t\t\t#gallery-1 img {\n\t\t\t\t\tborder: 2px solid #cfcfcf;\n\t\t\t\t}\n\t\t\t\t#gallery-1 .gallery-caption {\n\t\t\t\t\tmargin-left: 0;\n\t\t\t\t}\n\t\t\t\t\/* see gallery_shortcode() in wp-includes\/media.php *\/\n\t\t\t<\/style>\n\t\t<div id='gallery-1' class='dt-gallery-container gallery galleryid-445516 gallery-columns-7 gallery-size-thumbnail'><dl class='gallery-item'>\n\t\t\t\t<dt class='gallery-icon portrait'>\n\t\t\t\t\t<a class=\"rollover rollover-zoom dt-pswp-item\" title=\"f9cfd204-01e0-4c09-85be-d2b85c58d535\" data-dt-img-description=\"\" data-large_image_width=\"1335\" data-large_image_height=\"1600\"href='https:\/\/www.radiopiu.net\/wordpress\/wp-content\/uploads\/2025\/04\/f9cfd204-01e0-4c09-85be-d2b85c58d535.jpg'><img loading=\"lazy\" decoding=\"async\" width=\"150\" height=\"150\" src=\"https:\/\/www.radiopiu.net\/wordpress\/wp-content\/uploads\/2025\/04\/f9cfd204-01e0-4c09-85be-d2b85c58d535-150x150.jpg\" class=\"attachment-thumbnail size-thumbnail\" alt=\"\" \/><\/a>\n\t\t\t\t<\/dt><\/dl><dl class='gallery-item'>\n\t\t\t\t<dt class='gallery-icon landscape'>\n\t\t\t\t\t<a class=\"rollover rollover-zoom dt-pswp-item\" title=\"9fa0b326-d0f2-41f2-9bba-c9da0c7f3d79\" data-dt-img-description=\"\" data-large_image_width=\"1600\" data-large_image_height=\"1200\"href='https:\/\/www.radiopiu.net\/wordpress\/wp-content\/uploads\/2025\/04\/9fa0b326-d0f2-41f2-9bba-c9da0c7f3d79.jpg'><img loading=\"lazy\" decoding=\"async\" width=\"150\" height=\"150\" src=\"https:\/\/www.radiopiu.net\/wordpress\/wp-content\/uploads\/2025\/04\/9fa0b326-d0f2-41f2-9bba-c9da0c7f3d79-150x150.jpg\" class=\"attachment-thumbnail size-thumbnail\" alt=\"\" \/><\/a>\n\t\t\t\t<\/dt><\/dl><dl class='gallery-item'>\n\t\t\t\t<dt class='gallery-icon portrait'>\n\t\t\t\t\t<a class=\"rollover rollover-zoom dt-pswp-item\" title=\"e8662f01-6702-4fa2-9218-05213efce4d2\" data-dt-img-description=\"\" data-large_image_width=\"1200\" data-large_image_height=\"1600\"href='https:\/\/www.radiopiu.net\/wordpress\/wp-content\/uploads\/2025\/04\/e8662f01-6702-4fa2-9218-05213efce4d2.jpg'><img loading=\"lazy\" decoding=\"async\" width=\"150\" height=\"150\" src=\"https:\/\/www.radiopiu.net\/wordpress\/wp-content\/uploads\/2025\/04\/e8662f01-6702-4fa2-9218-05213efce4d2-150x150.jpg\" class=\"attachment-thumbnail size-thumbnail\" alt=\"\" \/><\/a>\n\t\t\t\t<\/dt><\/dl><dl class='gallery-item'>\n\t\t\t\t<dt class='gallery-icon portrait'>\n\t\t\t\t\t<a class=\"rollover rollover-zoom dt-pswp-item\" title=\"c10f9fc4-e13a-4ccf-b190-3c2928653276\" data-dt-img-description=\"\" data-large_image_width=\"1200\" data-large_image_height=\"1600\"href='https:\/\/www.radiopiu.net\/wordpress\/wp-content\/uploads\/2025\/04\/c10f9fc4-e13a-4ccf-b190-3c2928653276.jpg'><img loading=\"lazy\" decoding=\"async\" width=\"150\" height=\"150\" src=\"https:\/\/www.radiopiu.net\/wordpress\/wp-content\/uploads\/2025\/04\/c10f9fc4-e13a-4ccf-b190-3c2928653276-150x150.jpg\" class=\"attachment-thumbnail size-thumbnail\" alt=\"\" \/><\/a>\n\t\t\t\t<\/dt><\/dl><dl class='gallery-item'>\n\t\t\t\t<dt class='gallery-icon landscape'>\n\t\t\t\t\t<a class=\"rollover rollover-zoom dt-pswp-item\" title=\"abf975ce-3e08-473b-84ba-f6915e10f61b\" data-dt-img-description=\"\" data-large_image_width=\"1600\" data-large_image_height=\"1200\"href='https:\/\/www.radiopiu.net\/wordpress\/wp-content\/uploads\/2025\/04\/abf975ce-3e08-473b-84ba-f6915e10f61b.jpg'><img loading=\"lazy\" decoding=\"async\" width=\"150\" height=\"150\" src=\"https:\/\/www.radiopiu.net\/wordpress\/wp-content\/uploads\/2025\/04\/abf975ce-3e08-473b-84ba-f6915e10f61b-150x150.jpg\" class=\"attachment-thumbnail size-thumbnail\" alt=\"\" \/><\/a>\n\t\t\t\t<\/dt><\/dl><dl class='gallery-item'>\n\t\t\t\t<dt class='gallery-icon landscape'>\n\t\t\t\t\t<a class=\"rollover rollover-zoom dt-pswp-item\" title=\"9f20257f-e64a-46ee-8819-aab5ef7dff10\" data-dt-img-description=\"\" data-large_image_width=\"1600\" data-large_image_height=\"1200\"href='https:\/\/www.radiopiu.net\/wordpress\/wp-content\/uploads\/2025\/04\/9f20257f-e64a-46ee-8819-aab5ef7dff10.jpg'><img loading=\"lazy\" decoding=\"async\" width=\"150\" height=\"150\" src=\"https:\/\/www.radiopiu.net\/wordpress\/wp-content\/uploads\/2025\/04\/9f20257f-e64a-46ee-8819-aab5ef7dff10-150x150.jpg\" class=\"attachment-thumbnail size-thumbnail\" alt=\"\" \/><\/a>\n\t\t\t\t<\/dt><\/dl><dl class='gallery-item'>\n\t\t\t\t<dt class='gallery-icon landscape'>\n\t\t\t\t\t<a class=\"rollover rollover-zoom dt-pswp-item\" title=\"548f39dd-2186-4db5-b097-680615763070\" data-dt-img-description=\"\" data-large_image_width=\"1600\" data-large_image_height=\"1200\"href='https:\/\/www.radiopiu.net\/wordpress\/wp-content\/uploads\/2025\/04\/548f39dd-2186-4db5-b097-680615763070.jpg'><img loading=\"lazy\" decoding=\"async\" width=\"150\" height=\"150\" src=\"https:\/\/www.radiopiu.net\/wordpress\/wp-content\/uploads\/2025\/04\/548f39dd-2186-4db5-b097-680615763070-150x150.jpg\" class=\"attachment-thumbnail size-thumbnail\" alt=\"\" \/><\/a>\n\t\t\t\t<\/dt><\/dl><br style=\"clear: both\" \/>\n\t\t\t<\/div>\n\n<p>&nbsp;<\/p>\n<p>&nbsp;<\/p>\n<p>&nbsp;<\/p>\n<p>*********<\/p>\n","protected":false},"excerpt":{"rendered":"<p>******** &nbsp; BELLUNO Sabato pomeriggio, la comunit\u00e0 di San Panfilo d\u2019Ocre con a capo il sindaco e parte della sua amministrazione ha accolto con calore la delegazione della Protezione Civile di Belluno, intervenuta per l\u2019inaugurazione del monumento dedicato al dottor Fabrizio Spaziani e ai volontari bellunesi che prestarono soccorso durante il terremoto del 6 aprile&hellip;<\/p>\n","protected":false},"author":4,"featured_media":445524,"comment_status":"closed","ping_status":"closed","sticky":false,"template":"","format":"standard","meta":{"_monsterinsights_skip_tracking":false,"_monsterinsights_sitenote_active":false,"_monsterinsights_sitenote_note":"","_monsterinsights_sitenote_category":0,"footnotes":""},"categories":[49],"tags":[],"class_list":["post-445516","post","type-post","status-publish","format-standard","has-post-thumbnail","hentry","category-news-18","category-49","description-off"],"img_url":"https:\/\/www.radiopiu.net\/wordpress\/wp-content\/uploads\/2025\/04\/548f39dd-2186-4db5-b097-680615763070.jpg","_links":{"self":[{"href":"https:\/\/www.radiopiu.net\/wordpress\/wp-json\/wp\/v2\/posts\/445516","targetHints":{"allow":["GET"]}}],"collection":[{"href":"https:\/\/www.radiopiu.net\/wordpress\/wp-json\/wp\/v2\/posts"}],"about":[{"href":"https:\/\/www.radiopiu.net\/wordpress\/wp-json\/wp\/v2\/types\/post"}],"author":[{"embeddable":true,"href":"https:\/\/www.radiopiu.net\/wordpress\/wp-json\/wp\/v2\/users\/4"}],"replies":[{"embeddable":true,"href":"https:\/\/www.radiopiu.net\/wordpress\/wp-json\/wp\/v2\/comments?post=445516"}],"version-history":[{"count":1,"href":"https:\/\/www.radiopiu.net\/wordpress\/wp-json\/wp\/v2\/posts\/445516\/revisions"}],"predecessor-version":[{"id":445525,"href":"https:\/\/www.radiopiu.net\/wordpress\/wp-json\/wp\/v2\/posts\/445516\/revisions\/445525"}],"wp:featuredmedia":[{"embeddable":true,"href":"https:\/\/www.radiopiu.net\/wordpress\/wp-json\/wp\/v2\/media\/445524"}],"wp:attachment":[{"href":"https:\/\/www.radiopiu.net\/wordpress\/wp-json\/wp\/v2\/media?parent=445516"}],"wp:term":[{"taxonomy":"category","embeddable":true,"href":"https:\/\/www.radiopiu.net\/wordpress\/wp-json\/wp\/v2\/categories?post=445516"},{"taxonomy":"post_tag","embeddable":true,"href":"https:\/\/www.radiopiu.net\/wordpress\/wp-json\/wp\/v2\/tags?post=445516"}],"curies":[{"name":"wp","href":"https:\/\/api.w.org\/{rel}","templated":true}]}}