{"id":445535,"date":"2025-04-18T05:36:40","date_gmt":"2025-04-18T03:36:40","guid":{"rendered":"https:\/\/www.radiopiu.net\/wordpress\/?p=445535"},"modified":"2025-04-18T05:40:53","modified_gmt":"2025-04-18T03:40:53","slug":"meteo-nuova-fase-di-maltempo-in-arrivo-allerta-gialla-fino-a-domani-alle-20","status":"publish","type":"post","link":"https:\/\/www.radiopiu.net\/wordpress\/meteo-nuova-fase-di-maltempo-in-arrivo-allerta-gialla-fino-a-domani-alle-20\/","title":{"rendered":"METEO: ALLERTA GIALLA FINO  ALLE 20"},"content":{"rendered":"<p>********<\/p>\n<p>&nbsp;<\/p>\n<p><strong>VENEZIA<\/strong> Venerd\u00ec 18 tempo variabile a tratti moderatamente instabile con precipitazioni sparse anche con rovesci pi\u00f9 probabili fino al primo pomeriggio e in genere di modesta entit\u00e0. Alla luce delle previsioni, il Centro Funzionale decentrato della Protezione Civile del Veneto ha emesso un avviso di criticit\u00e0 idraulica e idrogeologica valido fino alle 20.<\/p>\n<p><a class=\"dt-pswp-item\" href=\"https:\/\/www.radiopiu.net\/wordpress\/wp-content\/uploads\/2025\/04\/lfhgoghp.jpg\" data-dt-img-description=\"\" data-large_image_width=\"866\" data-large_image_height=\"244\"><img loading=\"lazy\" decoding=\"async\" class=\"wp-image-445537 size-full aligncenter\" src=\"https:\/\/www.radiopiu.net\/wordpress\/wp-content\/uploads\/2025\/04\/lfhgoghp.jpg\" alt=\"\" width=\"866\" height=\"244\" srcset=\"https:\/\/www.radiopiu.net\/wordpress\/wp-content\/uploads\/2025\/04\/lfhgoghp.jpg 866w, https:\/\/www.radiopiu.net\/wordpress\/wp-content\/uploads\/2025\/04\/lfhgoghp-300x85.jpg 300w, https:\/\/www.radiopiu.net\/wordpress\/wp-content\/uploads\/2025\/04\/lfhgoghp-768x216.jpg 768w, https:\/\/www.radiopiu.net\/wordpress\/wp-content\/uploads\/2025\/04\/lfhgoghp-350x100.jpg 350w\" sizes=\"auto, (max-width: 866px) 100vw, 866px\" \/><\/a><\/p>\n<p>&nbsp;<\/p>\n<p>&nbsp;<\/p>\n<p>&nbsp;<\/p>\n<p>********<\/p>\n","protected":false},"excerpt":{"rendered":"<p>******** &nbsp; VENEZIA Venerd\u00ec 18 tempo variabile a tratti moderatamente instabile con precipitazioni sparse anche con rovesci pi\u00f9 probabili fino al primo pomeriggio e in genere di modesta entit\u00e0. Alla luce delle previsioni, il Centro Funzionale decentrato della Protezione Civile del Veneto ha emesso un avviso di criticit\u00e0 idraulica e idrogeologica valido fino alle 20.&hellip;<\/p>\n","protected":false},"author":4,"featured_media":165742,"comment_status":"closed","ping_status":"closed","sticky":false,"template":"","format":"standard","meta":{"_monsterinsights_skip_tracking":false,"_monsterinsights_sitenote_active":false,"_monsterinsights_sitenote_note":"","_monsterinsights_sitenote_category":0,"footnotes":""},"categories":[49],"tags":[],"class_list":["post-445535","post","type-post","status-publish","format-standard","has-post-thumbnail","hentry","category-news-18","category-49","description-off"],"img_url":"https:\/\/www.radiopiu.net\/wordpress\/wp-content\/uploads\/2020\/10\/PIOGGIA.jpg","_links":{"self":[{"href":"https:\/\/www.radiopiu.net\/wordpress\/wp-json\/wp\/v2\/posts\/445535","targetHints":{"allow":["GET"]}}],"collection":[{"href":"https:\/\/www.radiopiu.net\/wordpress\/wp-json\/wp\/v2\/posts"}],"about":[{"href":"https:\/\/www.radiopiu.net\/wordpress\/wp-json\/wp\/v2\/types\/post"}],"author":[{"embeddable":true,"href":"https:\/\/www.radiopiu.net\/wordpress\/wp-json\/wp\/v2\/users\/4"}],"replies":[{"embeddable":true,"href":"https:\/\/www.radiopiu.net\/wordpress\/wp-json\/wp\/v2\/comments?post=445535"}],"version-history":[{"count":2,"href":"https:\/\/www.radiopiu.net\/wordpress\/wp-json\/wp\/v2\/posts\/445535\/revisions"}],"predecessor-version":[{"id":445584,"href":"https:\/\/www.radiopiu.net\/wordpress\/wp-json\/wp\/v2\/posts\/445535\/revisions\/445584"}],"wp:featuredmedia":[{"embeddable":true,"href":"https:\/\/www.radiopiu.net\/wordpress\/wp-json\/wp\/v2\/media\/165742"}],"wp:attachment":[{"href":"https:\/\/www.radiopiu.net\/wordpress\/wp-json\/wp\/v2\/media?parent=445535"}],"wp:term":[{"taxonomy":"category","embeddable":true,"href":"https:\/\/www.radiopiu.net\/wordpress\/wp-json\/wp\/v2\/categories?post=445535"},{"taxonomy":"post_tag","embeddable":true,"href":"https:\/\/www.radiopiu.net\/wordpress\/wp-json\/wp\/v2\/tags?post=445535"}],"curies":[{"name":"wp","href":"https:\/\/api.w.org\/{rel}","templated":true}]}}