{"id":445540,"date":"2025-04-17T05:33:53","date_gmt":"2025-04-17T03:33:53","guid":{"rendered":"https:\/\/www.radiopiu.net\/wordpress\/?p=445540"},"modified":"2025-04-18T05:39:42","modified_gmt":"2025-04-18T03:39:42","slug":"soccorsi-escursionisti-disorientati-a-son-forcia","status":"publish","type":"post","link":"https:\/\/www.radiopiu.net\/wordpress\/soccorsi-escursionisti-disorientati-a-son-forcia\/","title":{"rendered":"SOCCORSI ESCURSIONISTI DISORIENTATI A SON FORCIA"},"content":{"rendered":"<p>*******<\/p>\n<p>&nbsp;<\/p>\n<p><strong><a class=\"dt-pswp-item\" href=\"https:\/\/www.radiopiu.net\/wordpress\/wp-content\/uploads\/2022\/04\/soccorso-alpino-1024x602-1.jpg\" data-dt-img-description=\"\" data-large_image_width=\"1024\" data-large_image_height=\"602\"><img loading=\"lazy\" decoding=\"async\" class=\" wp-image-270917 alignleft\" src=\"https:\/\/www.radiopiu.net\/wordpress\/wp-content\/uploads\/2022\/04\/soccorso-alpino-1024x602-1-300x176.jpg\" alt=\"\" width=\"222\" height=\"130\" srcset=\"https:\/\/www.radiopiu.net\/wordpress\/wp-content\/uploads\/2022\/04\/soccorso-alpino-1024x602-1-300x176.jpg 300w, https:\/\/www.radiopiu.net\/wordpress\/wp-content\/uploads\/2022\/04\/soccorso-alpino-1024x602-1-768x452.jpg 768w, https:\/\/www.radiopiu.net\/wordpress\/wp-content\/uploads\/2022\/04\/soccorso-alpino-1024x602-1.jpg 1024w\" sizes=\"auto, (max-width: 222px) 100vw, 222px\" \/><\/a>CORTINA<\/strong> Verso le 13.30 la Centrale del 118 \u00e8 stata attivata da due giovani escursionisti stranieri disorientati, che non erano in grado di dire dove si trovavano, n\u00e9 a indicare il nome di una localit\u00e0 di riferimento. Dopo diversi tentativi, si \u00e8 riusciti a geolocalizzare i due ragazzi tedeschi di 24 e 25 anni, che si trovavano nella zona di Son Forcia, alla partenza della seggiovia Padeon. La mappatura \u00e8 stata girata al Soccorso alpino di Cortina. Non riuscendo pi\u00f9 a contattare i due, nella zona indicata si \u00e8 diretta la motoslitta degli impianti indirizzata dai soccorritori, che li ha infine trovati, fradici e provati dal freddo. Caricati a bordo gli escursionisti sono stati trasportati a Rio Gere e affidati al Soccorso alpino della Guardia di finanza, che li ha riaccompagnati all&#8217;albergo. I due ragazzi erano partiti a piedi salendo a Mietres e da l\u00ec a Forcella Zumeles, scarsamente innevata. Appena per\u00f2 avevano cambiato versante, la situazione era cambiata. A fatica, muovendosi sull&#8217;abbondante neve bagnata, erano riusciti ad arrivare agli impianti dove avevano chiesto aiuto.<\/p>\n<p>&nbsp;<\/p>\n<p>&nbsp;<\/p>\n<p>********<\/p>\n","protected":false},"excerpt":{"rendered":"<p>******* &nbsp; CORTINA Verso le 13.30 la Centrale del 118 \u00e8 stata attivata da due giovani escursionisti stranieri disorientati, che non erano in grado di dire dove si trovavano, n\u00e9 a indicare il nome di una localit\u00e0 di riferimento. Dopo diversi tentativi, si \u00e8 riusciti a geolocalizzare i due ragazzi tedeschi di 24 e 25&hellip;<\/p>\n","protected":false},"author":4,"featured_media":270917,"comment_status":"closed","ping_status":"closed","sticky":false,"template":"","format":"standard","meta":{"_monsterinsights_skip_tracking":false,"_monsterinsights_sitenote_active":false,"_monsterinsights_sitenote_note":"","_monsterinsights_sitenote_category":0,"footnotes":""},"categories":[51,49],"tags":[],"class_list":["post-445540","post","type-post","status-publish","format-standard","has-post-thumbnail","hentry","category-evidenza-top","category-news-18","category-51","category-49","description-off"],"img_url":"https:\/\/www.radiopiu.net\/wordpress\/wp-content\/uploads\/2022\/04\/soccorso-alpino-1024x602-1.jpg","_links":{"self":[{"href":"https:\/\/www.radiopiu.net\/wordpress\/wp-json\/wp\/v2\/posts\/445540","targetHints":{"allow":["GET"]}}],"collection":[{"href":"https:\/\/www.radiopiu.net\/wordpress\/wp-json\/wp\/v2\/posts"}],"about":[{"href":"https:\/\/www.radiopiu.net\/wordpress\/wp-json\/wp\/v2\/types\/post"}],"author":[{"embeddable":true,"href":"https:\/\/www.radiopiu.net\/wordpress\/wp-json\/wp\/v2\/users\/4"}],"replies":[{"embeddable":true,"href":"https:\/\/www.radiopiu.net\/wordpress\/wp-json\/wp\/v2\/comments?post=445540"}],"version-history":[{"count":1,"href":"https:\/\/www.radiopiu.net\/wordpress\/wp-json\/wp\/v2\/posts\/445540\/revisions"}],"predecessor-version":[{"id":445541,"href":"https:\/\/www.radiopiu.net\/wordpress\/wp-json\/wp\/v2\/posts\/445540\/revisions\/445541"}],"wp:featuredmedia":[{"embeddable":true,"href":"https:\/\/www.radiopiu.net\/wordpress\/wp-json\/wp\/v2\/media\/270917"}],"wp:attachment":[{"href":"https:\/\/www.radiopiu.net\/wordpress\/wp-json\/wp\/v2\/media?parent=445540"}],"wp:term":[{"taxonomy":"category","embeddable":true,"href":"https:\/\/www.radiopiu.net\/wordpress\/wp-json\/wp\/v2\/categories?post=445540"},{"taxonomy":"post_tag","embeddable":true,"href":"https:\/\/www.radiopiu.net\/wordpress\/wp-json\/wp\/v2\/tags?post=445540"}],"curies":[{"name":"wp","href":"https:\/\/api.w.org\/{rel}","templated":true}]}}