{"id":445694,"date":"2025-04-18T11:45:14","date_gmt":"2025-04-18T09:45:14","guid":{"rendered":"https:\/\/www.radiopiu.net\/wordpress\/?p=445694"},"modified":"2025-04-19T05:31:42","modified_gmt":"2025-04-19T03:31:42","slug":"lo-sci-e-vivissimo-bilancio-positivo-per-la-stagione-invernale-2024-2025","status":"publish","type":"post","link":"https:\/\/www.radiopiu.net\/wordpress\/lo-sci-e-vivissimo-bilancio-positivo-per-la-stagione-invernale-2024-2025\/","title":{"rendered":"LO SCI E&#8217; VIVISSIMO: BILANCIO POSITIVO PER LA STAGIONE INVERNALE 2024\/2025"},"content":{"rendered":"<p>*******<\/p>\n<p>&nbsp;<\/p>\n<p><strong><a class=\"dt-pswp-item\" href=\"https:\/\/www.radiopiu.net\/wordpress\/wp-content\/uploads\/2025\/04\/Foto-CS-Bilancio-Inverno-2025.jpg\" data-dt-img-description=\"\" data-large_image_width=\"1280\" data-large_image_height=\"852\"><img loading=\"lazy\" decoding=\"async\" class=\" wp-image-445695 alignleft\" src=\"https:\/\/www.radiopiu.net\/wordpress\/wp-content\/uploads\/2025\/04\/Foto-CS-Bilancio-Inverno-2025-300x200.jpg\" alt=\"\" width=\"221\" height=\"147\" srcset=\"https:\/\/www.radiopiu.net\/wordpress\/wp-content\/uploads\/2025\/04\/Foto-CS-Bilancio-Inverno-2025-300x200.jpg 300w, https:\/\/www.radiopiu.net\/wordpress\/wp-content\/uploads\/2025\/04\/Foto-CS-Bilancio-Inverno-2025-1024x682.jpg 1024w, https:\/\/www.radiopiu.net\/wordpress\/wp-content\/uploads\/2025\/04\/Foto-CS-Bilancio-Inverno-2025-768x511.jpg 768w, https:\/\/www.radiopiu.net\/wordpress\/wp-content\/uploads\/2025\/04\/Foto-CS-Bilancio-Inverno-2025.jpg 1280w\" sizes=\"auto, (max-width: 221px) 100vw, 221px\" \/><\/a>TRENTO <\/strong>In alcune ski area d\u2019alta quota la stagione dello sci non \u00e8 ancora terminata, ma si possono gi\u00e0 tracciare i primi bilanci relativi all\u2019inverno 2024\/2025. Un inverno con numeri positivi sia sulle Alpi che sugli Appennini, che dimostra ancora una volta l\u2019attrattivit\u00e0 della montagna e dello sci come motore del turismo invernale. \u201c\u00c8 stato un ottimo inverno, il terzo positivo consecutivo per le Alpi, e il primo di ripresa per gli Appennini \u2013 ha commentato Valeria Ghezzi, presidente di ANEF \u2013 Va sottolineato come i numeri siano positivi nonostante non sia stato un inverno molto nevoso e nonostante le condizioni non siano sempre state facili. Grazie all&#8217;innevamento artificiale si riescono a creare condizioni ottimali per offrire piste sempre in ottimo stato e per permettere agli addetti ai lavori di programmare la stagione sciistica\u201d. Le ski area italiane registrano un importante aumento della clientela straniera, a fronte di una leggera flessione di quella italiana. \u201cQui bisogner\u00e0 investire nei prossimi anni \u2013 continua Ghezzi \u2013 cos\u00ec come c\u2019\u00e8 spazio di crescita nel periodo di fine stagione. L\u2019inverno \u00e8 iniziato forte, con tanta voglia di sciare e un afflusso consistente, mentre sul finire della stagione, nonostante quest\u2019anno le condizioni di innevamento fossero persino migliori, i flussi turistici sono stati inferiori\u201d. Con il weekend di Pasqua chiuderanno anche le ultime ski area, ma chi \u00e8 in cerca dell\u2019ultima neve pu\u00f2 ancora contare su alcune localit\u00e0 che resteranno aperte fino ai primi giorni di maggio, o su Cervinia, la cui stagione \u00e8 no-stop. Poi, dopo una breve pausa, si inizier\u00e0 a pensare all\u2019estate, che dal punto di vista turistico \u00e8 una stagione sempre pi\u00f9 lunga e sempre pi\u00f9 importante. \u201cMolte localit\u00e0 fanno passare poche settimane tra la chiusura invernale e l&#8217;apertura estiva \u2013 ha spiegato ancora Valeria Ghezzi \u2013 Tutti, chi pi\u00f9 chi meno, stanno lavorando sulla destagionalizzazione, una tendenza che si sta consolidando e che sta anche portando buoni risultati. Una volta, in certi periodi si apriva per offrire un servizio; oggi si iniziano a cogliere i frutti\u201d. La montagna estiva \u00e8 infatti in continua crescita: \u201cGli investimenti fatti stanno portando i loro risultati, e constatiamo sempre di pi\u00f9 che la montagna estiva piace. Per noi \u00e8 un bellissimo incentivo a continuare a investire\u201d. Investimenti che hanno come obiettivo quello di offrire un servizio sempre migliore a chi frequenta la montagna, mantenere le localit\u00e0 italiane competitive rispetto a Francia, Svizzera e Austria, e migliorare le tecnologie: da un lato per garantire la sciabilit\u00e0 \u2013 si pensi all\u2019innevamento \u2013 dall\u2019altro per minimizzare l\u2019impatto ambientale e l\u2019impiego di risorse. Ad accompagnare questo sforzo degli impiantisti ci sono anche le istituzioni che, mai come in questo momento, sono vicine alle realt\u00e0 montane. \u201cVoglio ringraziare per l\u2019attenzione specifica che questo Governo ha voluto dedicare alla montagna. \u00c8 stata redatta una legge specifica \u2013 attualmente in fase di approvazione \u2013 e sono stati stanziati fondi che il settore ha potuto utilizzare per tenere il passo con i mercati esteri.\u00a0Un ulteriore segnale in questa direzione \u00e8 arrivato in occasione degli Stati Generali di Federturismo svoltisi il 16 aprile, dove la Presidente del Consiglio Giorgia Meloni ha inviato un videomessaggio \u2013 pubblicato sul sito\u00a0<a href=\"https:\/\/eur01.safelinks.protection.outlook.com\/?url=http%3A%2F%2Fwww.governo.it%2F&amp;data=05%7C02%7Cmargherita.brighenti%40secnewgate.it%7C795917a83ad3419ac16108dd7d7cd335%7Ceae0b4d670d04d12a2336addd6e076a0%7C0%7C0%7C638804697248179939%7CUnknown%7CTWFpbGZsb3d8eyJFbXB0eU1hcGkiOnRydWUsIlYiOiIwLjAuMDAwMCIsIlAiOiJXaW4zMiIsIkFOIjoiTWFpbCIsIldUIjoyfQ%3D%3D%7C0%7C%7C%7C&amp;sdata=e8NxW9PHfiBsGjxPUpnTu1n3wWIvXECEltHYMc%2Fm%2B%2Fk%3D&amp;reserved=0\">www.governo.it<\/a> \u2013 nel quale ha richiamato espressamente il sostegno garantito agli impianti di risalita e ai sistemi di innevamento programmato. Un riconoscimento esplicito del ruolo strategico della montagna e dell\u2019intero comparto neve, frutto anche dell\u2019impegno del Ministro del Turismo Daniela Santanch\u00e9.\u201d \u201cIl buon andamento della stagione anche sugli Appennini \u00e8 stato reso possibile proprio grazie agli investimenti fatti di recente. Adesso il nostro compito sar\u00e0 quello di andare avanti, continuando a credere nelle potenzialit\u00e0 delle \u2018terre alte\u2019, investendo e coinvolgendo le comunit\u00e0 montane e valorizzando sempre di pi\u00f9 il territorio\u201d, ha concluso Valeria Ghezzi.<\/p>\n<p>&nbsp;<\/p>\n<p>&nbsp;<\/p>\n<p>&nbsp;<\/p>\n<p>***********<\/p>\n","protected":false},"excerpt":{"rendered":"<p>******* &nbsp; TRENTO In alcune ski area d\u2019alta quota la stagione dello sci non \u00e8 ancora terminata, ma si possono gi\u00e0 tracciare i primi bilanci relativi all\u2019inverno 2024\/2025. Un inverno con numeri positivi sia sulle Alpi che sugli Appennini, che dimostra ancora una volta l\u2019attrattivit\u00e0 della montagna e dello sci come motore del turismo invernale.&hellip;<\/p>\n","protected":false},"author":4,"featured_media":445695,"comment_status":"closed","ping_status":"closed","sticky":false,"template":"","format":"standard","meta":{"_monsterinsights_skip_tracking":false,"_monsterinsights_sitenote_active":false,"_monsterinsights_sitenote_note":"","_monsterinsights_sitenote_category":0,"footnotes":""},"categories":[51,49],"tags":[],"class_list":["post-445694","post","type-post","status-publish","format-standard","has-post-thumbnail","hentry","category-evidenza-top","category-news-18","category-51","category-49","description-off"],"img_url":"https:\/\/www.radiopiu.net\/wordpress\/wp-content\/uploads\/2025\/04\/Foto-CS-Bilancio-Inverno-2025.jpg","_links":{"self":[{"href":"https:\/\/www.radiopiu.net\/wordpress\/wp-json\/wp\/v2\/posts\/445694","targetHints":{"allow":["GET"]}}],"collection":[{"href":"https:\/\/www.radiopiu.net\/wordpress\/wp-json\/wp\/v2\/posts"}],"about":[{"href":"https:\/\/www.radiopiu.net\/wordpress\/wp-json\/wp\/v2\/types\/post"}],"author":[{"embeddable":true,"href":"https:\/\/www.radiopiu.net\/wordpress\/wp-json\/wp\/v2\/users\/4"}],"replies":[{"embeddable":true,"href":"https:\/\/www.radiopiu.net\/wordpress\/wp-json\/wp\/v2\/comments?post=445694"}],"version-history":[{"count":1,"href":"https:\/\/www.radiopiu.net\/wordpress\/wp-json\/wp\/v2\/posts\/445694\/revisions"}],"predecessor-version":[{"id":445696,"href":"https:\/\/www.radiopiu.net\/wordpress\/wp-json\/wp\/v2\/posts\/445694\/revisions\/445696"}],"wp:featuredmedia":[{"embeddable":true,"href":"https:\/\/www.radiopiu.net\/wordpress\/wp-json\/wp\/v2\/media\/445695"}],"wp:attachment":[{"href":"https:\/\/www.radiopiu.net\/wordpress\/wp-json\/wp\/v2\/media?parent=445694"}],"wp:term":[{"taxonomy":"category","embeddable":true,"href":"https:\/\/www.radiopiu.net\/wordpress\/wp-json\/wp\/v2\/categories?post=445694"},{"taxonomy":"post_tag","embeddable":true,"href":"https:\/\/www.radiopiu.net\/wordpress\/wp-json\/wp\/v2\/tags?post=445694"}],"curies":[{"name":"wp","href":"https:\/\/api.w.org\/{rel}","templated":true}]}}