{"id":445846,"date":"2025-04-19T09:03:22","date_gmt":"2025-04-19T07:03:22","guid":{"rendered":"https:\/\/www.radiopiu.net\/wordpress\/?p=445846"},"modified":"2025-04-19T09:03:22","modified_gmt":"2025-04-19T07:03:22","slug":"a-pasqua-lavorano-oltre-300mila-veneti","status":"publish","type":"post","link":"https:\/\/www.radiopiu.net\/wordpress\/a-pasqua-lavorano-oltre-300mila-veneti\/","title":{"rendered":"A PASQUA LAVORANO OLTRE 300MILA VENETI"},"content":{"rendered":"<p><a class=\"dt-pswp-item\" href=\"https:\/\/www.radiopiu.net\/wordpress\/wp-content\/uploads\/2025\/04\/1.png\" data-dt-img-description=\"\" data-large_image_width=\"647\" data-large_image_height=\"494\"><img loading=\"lazy\" decoding=\"async\" class=\"size-medium wp-image-445847 alignleft\" src=\"https:\/\/www.radiopiu.net\/wordpress\/wp-content\/uploads\/2025\/04\/1-300x229.png\" alt=\"\" width=\"300\" height=\"229\" srcset=\"https:\/\/www.radiopiu.net\/wordpress\/wp-content\/uploads\/2025\/04\/1-300x229.png 300w, https:\/\/www.radiopiu.net\/wordpress\/wp-content\/uploads\/2025\/04\/1.png 647w\" sizes=\"auto, (max-width: 300px) 100vw, 300px\" \/><\/a>Secondo le previsioni, almeno un milione di veneti approfitter\u00e0 del ponte pasquale per concedersi alcuni giorni di svago. Mentre molti potranno recarsi al mare, in montagna o visitare una o pi\u00f9 citt\u00e0 d&#8217;arte, non si pu\u00f2 ignorare che un numero significativo di persone sar\u00e0 costretto a lavorare anche durante questo periodo festivo. Dall\u2019elaborazione dell\u2019Ufficio studi CGIA su dati Istat si stima che tra la domenica di Pasqua e il luned\u00ec dell\u2019Angelo dovranno recarsi sul luogo di lavoro fino a 323mila dipendenti veneti.<br \/>\nUn impegno che riguarda tutte quelle persone che lavorano anche nella stragrande maggioranza degli altri giorni festivi dell\u2019anno, perch\u00e9 sono impiegate in settori che non possono chiudere le attivit\u00e0: come il turistico\/ricettivo, l\u2019informazione\/comunicazione, l\u2019intrattenimento, l\u2019agricoltura\/allevamento, il commercio\/esercizi pubblici, i trasporti, la sanit\u00e0, l\u2019industria con produzioni a ciclo continuo e la sicurezza\/ordine pubblico. Un dato, quello pari a 323mila veneti, che non include i lavoratori autonomi che tradizionalmente anche nei giorni di festa si recano al lavoro. Stiamo parlando di agricoltori, allevatori, ambulanti, artigiani, commercianti, esercenti, etc. Negli ultimi dieci anni, a seguito della liberalizzazione degli orari di apertura\/chiusura delle attivit\u00e0 commerciali introdotta dal governo Monti, il numero dei lavoratori impiegati durante le giornate festive \u00e8 aumentato costantemente. Gli ultimi dati riferiti al 2023 ci dicono che in Italia il 25,8 per cento del totale degli autonomi alza la saracinesca della propria attivit\u00e0 anche nei giorni di festa, mentre tra i dipendenti la quota di chi si reca al lavoro alla domenica e nelle altre festivit\u00e0 \u00e8 al 20,4 per cento (vedi Graf. 1).<\/p>\n<p><strong><a class=\"dt-pswp-item\" href=\"https:\/\/www.radiopiu.net\/wordpress\/wp-content\/uploads\/2025\/04\/2.png\" data-dt-img-description=\"\" data-large_image_width=\"508\" data-large_image_height=\"645\"><img loading=\"lazy\" decoding=\"async\" class=\"size-medium wp-image-445849 alignleft\" src=\"https:\/\/www.radiopiu.net\/wordpress\/wp-content\/uploads\/2025\/04\/2-236x300.png\" alt=\"\" width=\"236\" height=\"300\" srcset=\"https:\/\/www.radiopiu.net\/wordpress\/wp-content\/uploads\/2025\/04\/2-236x300.png 236w, https:\/\/www.radiopiu.net\/wordpress\/wp-content\/uploads\/2025\/04\/2.png 508w\" sizes=\"auto, (max-width: 236px) 100vw, 236px\" \/><\/a>Soprattutto negli alberghi\/ristoranti, sanit\u00e0 e commercio si lavora anche a Pasqua e Pasquetta<\/strong><br \/>\nPur non essendoci una declinazione a livello territoriale, secondo i microdati Istat, il settore dove il numero dei lavoratori dipendenti occupati nei giorni di festa \u00e8 il pi\u00f9 alto riguarda gli alberghi\/ristoranti Seguono il comparto della sanit\u00e0\/case di cura e il commercio\/esercizi pubblici. Verosimilmente, anche in Veneto gli occupati in questi settori costituiscono il 60 per cento circa del totale che lavora nei giorni di festa.<\/p>\n<p>Sardegna, Liguria e Abruzzo le regioni con pi\u00f9 occupati nei giorni di festa<br \/>\nDei 3,8 milioni di dipendenti che in Italia lavorano anche durante le feste comandate, la regione che in termini assoluti ne conta di pi\u00f9 \u00e8 la Lombardia con 593.600 unit\u00e0. Seguono il Lazio con 465.600, il Veneto con 323.400 e l\u2019Emilia Romagna con 287.400. Se, invece, rapportiamo il dato di chi lavora durante le feste sul totale dipendenti, le regioni che presentano l\u2019incidenza pi\u00f9 elevata sono la Sardegna e la Liguria entrambe con il 26,9 per cento. Seguono l\u2019Abruzzo con il 24,9 e il Lazio con il 24,4. Secondo la CGIA, questi risultati sono ascrivibili al fatto che rispetto al totale dei dipendenti, quelli del settore alberghi\/ristoranti, commercio e trasporti hanno nelle regioni appena elencate una consistenza percentuale molto elevata, cosa che invece non si registra in Veneto, in Emilia Romagna, nelle Marche e in Lombardia che si collocano in coda alla classifica nazionale (vedi Tab. 1).<\/p>\n<p><strong>Se ci confrontiamo con i Paesi UE siamo tra gli ultimi<\/strong><br \/>\n<a class=\"dt-pswp-item\" href=\"https:\/\/www.radiopiu.net\/wordpress\/wp-content\/uploads\/2025\/04\/3.png\" data-dt-img-description=\"\" data-large_image_width=\"403\" data-large_image_height=\"823\"><img loading=\"lazy\" decoding=\"async\" class=\"size-medium wp-image-445848 alignleft\" src=\"https:\/\/www.radiopiu.net\/wordpress\/wp-content\/uploads\/2025\/04\/3-147x300.png\" alt=\"\" width=\"147\" height=\"300\" srcset=\"https:\/\/www.radiopiu.net\/wordpress\/wp-content\/uploads\/2025\/04\/3-147x300.png 147w, https:\/\/www.radiopiu.net\/wordpress\/wp-content\/uploads\/2025\/04\/3.png 403w\" sizes=\"auto, (max-width: 147px) 100vw, 147px\" \/><\/a>Rispetto agli altri paesi europei, l\u2019Italia si posiziona nella parte bassa della classifica tra chi lavora durante le festivit\u00e0. Se, in riferimento ai lavoratori dipendenti, nel 2023 la media dell\u2019UE a 27 era del 20,6 per cento \u2013 con picchi del 38,6 nei Paesi Bassi, 35,8 a Malta, 35,4 in Finlandia e 32,8 in Danimarca &#8211; da noi la percentuale si attestava al 20,4 per cento. Al di sotto della nostra soglia segnaliamo il dato della Spagna che era pari al 19,9 per cento e quello della Germania al 14,6 che era il pi\u00f9 basso tra tutti Paesi dell\u2019UE (vedi Tab. 2).<\/p>\n<p><strong>La lista delle professioni in servizio nei prossimi due giorni<\/strong><br \/>\nLa CGIA, infine, ha stilato l\u2019elenco delle principali professioni che da sempre lavorano anche la domenica; pertanto, molti di loro saranno in servizio domani e, quasi tutti, il luned\u00ec di Pasquetta. Esso \u00e8 costituito da: addetti ai musei\/cinema\/teatri\/mostre\/stadi\/concerti e spettacoli vari, addetti al soccorso stradale, addetti alla gastronomia, addetti alla sicurezza privata, addetti alle imprese funebri, agenti penitenziari, agricoltori, albergatori, allevatori di bestiame, ambulanti, animatori turistici, ascensoristi, atleti professionisti, autisti, autonoleggiatori con conducente, autotrasportatori, badanti, banconieri, baristi, barman, benzinai, camerieri, cassieri, carabinieri, casellanti, chef, colf, commessi, commercianti, cuochi, disc-jockey, edicolanti, farmacisti, ferrovieri, finanzieri, fioristi, fotografi, fotoreporter, gelatai, giornalisti, guide turistiche, infermieri, magazzinieri, manutentori di impianti di riscaldamento\/raffreddamento, marinai, medici, musicisti, negozianti, operai su impianti industriali a ciclo continuo, operatori ecologici, operatori radio-Tv, panificatori, pasticceri, pescatori, piloti\/assistenti\/controllori di volo-personale di terra delle compagnie aeree, pizzaioli, poliziotti, portuali, ristoratori, tour operator, tabaccai, taxisti, tramvieri, vigilantes, vigili del fuoco e vigili urbani.<\/p>\n","protected":false},"excerpt":{"rendered":"<p>Secondo le previsioni, almeno un milione di veneti approfitter\u00e0 del ponte pasquale per concedersi alcuni giorni di svago. Mentre molti potranno recarsi al mare, in montagna o visitare una o pi\u00f9 citt\u00e0 d&#8217;arte, non si pu\u00f2 ignorare che un numero significativo di persone sar\u00e0 costretto a lavorare anche durante questo periodo festivo. Dall\u2019elaborazione dell\u2019Ufficio studi&hellip;<\/p>\n","protected":false},"author":2,"featured_media":445850,"comment_status":"closed","ping_status":"closed","sticky":false,"template":"","format":"standard","meta":{"_monsterinsights_skip_tracking":false,"_monsterinsights_sitenote_active":false,"_monsterinsights_sitenote_note":"","_monsterinsights_sitenote_category":0,"footnotes":""},"categories":[49],"tags":[],"class_list":["post-445846","post","type-post","status-publish","format-standard","has-post-thumbnail","hentry","category-news-18","category-49","description-off"],"img_url":"https:\/\/www.radiopiu.net\/wordpress\/wp-content\/uploads\/2025\/04\/118670.jpg","_links":{"self":[{"href":"https:\/\/www.radiopiu.net\/wordpress\/wp-json\/wp\/v2\/posts\/445846","targetHints":{"allow":["GET"]}}],"collection":[{"href":"https:\/\/www.radiopiu.net\/wordpress\/wp-json\/wp\/v2\/posts"}],"about":[{"href":"https:\/\/www.radiopiu.net\/wordpress\/wp-json\/wp\/v2\/types\/post"}],"author":[{"embeddable":true,"href":"https:\/\/www.radiopiu.net\/wordpress\/wp-json\/wp\/v2\/users\/2"}],"replies":[{"embeddable":true,"href":"https:\/\/www.radiopiu.net\/wordpress\/wp-json\/wp\/v2\/comments?post=445846"}],"version-history":[{"count":1,"href":"https:\/\/www.radiopiu.net\/wordpress\/wp-json\/wp\/v2\/posts\/445846\/revisions"}],"predecessor-version":[{"id":445851,"href":"https:\/\/www.radiopiu.net\/wordpress\/wp-json\/wp\/v2\/posts\/445846\/revisions\/445851"}],"wp:featuredmedia":[{"embeddable":true,"href":"https:\/\/www.radiopiu.net\/wordpress\/wp-json\/wp\/v2\/media\/445850"}],"wp:attachment":[{"href":"https:\/\/www.radiopiu.net\/wordpress\/wp-json\/wp\/v2\/media?parent=445846"}],"wp:term":[{"taxonomy":"category","embeddable":true,"href":"https:\/\/www.radiopiu.net\/wordpress\/wp-json\/wp\/v2\/categories?post=445846"},{"taxonomy":"post_tag","embeddable":true,"href":"https:\/\/www.radiopiu.net\/wordpress\/wp-json\/wp\/v2\/tags?post=445846"}],"curies":[{"name":"wp","href":"https:\/\/api.w.org\/{rel}","templated":true}]}}