{"id":445912,"date":"2025-04-19T14:38:11","date_gmt":"2025-04-19T12:38:11","guid":{"rendered":"https:\/\/www.radiopiu.net\/wordpress\/?p=445912"},"modified":"2025-04-19T14:38:11","modified_gmt":"2025-04-19T12:38:11","slug":"giornata-mondiale-del-fegato-il-quadro-in-ulss-dolomiti","status":"publish","type":"post","link":"https:\/\/www.radiopiu.net\/wordpress\/giornata-mondiale-del-fegato-il-quadro-in-ulss-dolomiti\/","title":{"rendered":"GIORNATA MONDIALE DEL FEGATO: IL QUADRO IN ULSS DOLOMITI"},"content":{"rendered":"<p>********<\/p>\n<p>&nbsp;<\/p>\n<p><strong><a class=\"dt-pswp-item\" href=\"https:\/\/www.radiopiu.net\/wordpress\/wp-content\/uploads\/2021\/03\/ULSS-1.jpg\" data-dt-img-description=\"\" data-large_image_width=\"776\" data-large_image_height=\"408\"><img loading=\"lazy\" decoding=\"async\" class=\" wp-image-198838 alignleft\" src=\"https:\/\/www.radiopiu.net\/wordpress\/wp-content\/uploads\/2021\/03\/ULSS-1-300x158.jpg\" alt=\"\" width=\"213\" height=\"112\" srcset=\"https:\/\/www.radiopiu.net\/wordpress\/wp-content\/uploads\/2021\/03\/ULSS-1-300x158.jpg 300w, https:\/\/www.radiopiu.net\/wordpress\/wp-content\/uploads\/2021\/03\/ULSS-1-768x404.jpg 768w, https:\/\/www.radiopiu.net\/wordpress\/wp-content\/uploads\/2021\/03\/ULSS-1.jpg 776w\" sizes=\"auto, (max-width: 213px) 100vw, 213px\" \/><\/a>BELLUNO<\/strong> Il 19 aprile si celebra la Giornata Mondiale del Fegato, un\u2019iniziativa globale volta a sensibilizzare sulle patologie epatiche, spesso legate a stili di vita scorretti. Il fegato \u00e8 un organo fondamentale, con oltre 500 funzioni vitali: regola il metabolismo, supporta il sistema immunitario, filtra sostanze tossiche e produce la bile. Negli ultimi anni, le malattie epatiche virali sono diminuite grazie a vaccinazioni e terapie efficaci, ma sono in aumento quelle causate da alcol e disturbi metabolici (obesit\u00e0, diabete). Il 90% delle malattie epatiche \u00e8 prevenibile con stili di vita sani e politiche sanitarie adeguate. Il tema del 2025 \u00e8 \u201cIl cibo \u00e8 medicina\u201d, con un focus sulla corretta alimentazione e sulla prevenzione della steatosi epatica. In Veneto, la provincia di Belluno ha un\u2019incidenza elevata di tumore al fegato. La cirrosi \u00e8 una delle principali complicanze epatiche, con tassi di mortalit\u00e0 elevati e costi sanitari importanti. La ULSS 1 Dolomiti offre diagnosi e cura attraverso ambulatori specialistici e l\u2019uso di tecnologie come il Fibroscan, che rileva precocemente la fibrosi epatica. Dal 2023 \u00e8 attivo lo screening gratuito per l\u2019epatite C per i nati tra il 1969 e il 1989: su oltre 45.000 invitati, circa 13.000 hanno aderito, con un tasso di positivit\u00e0 dello 0,29%. I casi confermati sono stati presi in carico e molti hanno gi\u00e0 iniziato il trattamento. Infine, i medici sottolineano l\u2019importanza di una dieta mediterranea, ricca di frutta, verdura, olio extravergine d\u2019oliva, pesce e cereali, e di uno stile di vita attivo, per mantenere il fegato in salute. Anche un calo di peso del 5% pu\u00f2 migliorare significativamente la funzione epatica.<\/p>\n<p>&nbsp;<\/p>\n<p>&nbsp;<\/p>\n<p>&nbsp;<\/p>\n<p>*********<\/p>\n","protected":false},"excerpt":{"rendered":"<p>******** &nbsp; BELLUNO Il 19 aprile si celebra la Giornata Mondiale del Fegato, un\u2019iniziativa globale volta a sensibilizzare sulle patologie epatiche, spesso legate a stili di vita scorretti. Il fegato \u00e8 un organo fondamentale, con oltre 500 funzioni vitali: regola il metabolismo, supporta il sistema immunitario, filtra sostanze tossiche e produce la bile. Negli ultimi&hellip;<\/p>\n","protected":false},"author":4,"featured_media":198838,"comment_status":"closed","ping_status":"closed","sticky":false,"template":"","format":"standard","meta":{"_monsterinsights_skip_tracking":false,"_monsterinsights_sitenote_active":false,"_monsterinsights_sitenote_note":"","_monsterinsights_sitenote_category":0,"footnotes":""},"categories":[49],"tags":[],"class_list":["post-445912","post","type-post","status-publish","format-standard","has-post-thumbnail","hentry","category-news-18","category-49","description-off"],"img_url":"https:\/\/www.radiopiu.net\/wordpress\/wp-content\/uploads\/2021\/03\/ULSS-1.jpg","_links":{"self":[{"href":"https:\/\/www.radiopiu.net\/wordpress\/wp-json\/wp\/v2\/posts\/445912","targetHints":{"allow":["GET"]}}],"collection":[{"href":"https:\/\/www.radiopiu.net\/wordpress\/wp-json\/wp\/v2\/posts"}],"about":[{"href":"https:\/\/www.radiopiu.net\/wordpress\/wp-json\/wp\/v2\/types\/post"}],"author":[{"embeddable":true,"href":"https:\/\/www.radiopiu.net\/wordpress\/wp-json\/wp\/v2\/users\/4"}],"replies":[{"embeddable":true,"href":"https:\/\/www.radiopiu.net\/wordpress\/wp-json\/wp\/v2\/comments?post=445912"}],"version-history":[{"count":1,"href":"https:\/\/www.radiopiu.net\/wordpress\/wp-json\/wp\/v2\/posts\/445912\/revisions"}],"predecessor-version":[{"id":445913,"href":"https:\/\/www.radiopiu.net\/wordpress\/wp-json\/wp\/v2\/posts\/445912\/revisions\/445913"}],"wp:featuredmedia":[{"embeddable":true,"href":"https:\/\/www.radiopiu.net\/wordpress\/wp-json\/wp\/v2\/media\/198838"}],"wp:attachment":[{"href":"https:\/\/www.radiopiu.net\/wordpress\/wp-json\/wp\/v2\/media?parent=445912"}],"wp:term":[{"taxonomy":"category","embeddable":true,"href":"https:\/\/www.radiopiu.net\/wordpress\/wp-json\/wp\/v2\/categories?post=445912"},{"taxonomy":"post_tag","embeddable":true,"href":"https:\/\/www.radiopiu.net\/wordpress\/wp-json\/wp\/v2\/tags?post=445912"}],"curies":[{"name":"wp","href":"https:\/\/api.w.org\/{rel}","templated":true}]}}