{"id":445985,"date":"2025-04-20T19:09:49","date_gmt":"2025-04-20T17:09:49","guid":{"rendered":"https:\/\/www.radiopiu.net\/wordpress\/?p=445985"},"modified":"2025-04-20T19:09:49","modified_gmt":"2025-04-20T17:09:49","slug":"attivate-le-ricerche-a-cortina-per-la-scomparsa-di-un-uomo","status":"publish","type":"post","link":"https:\/\/www.radiopiu.net\/wordpress\/attivate-le-ricerche-a-cortina-per-la-scomparsa-di-un-uomo\/","title":{"rendered":"ATTIVATE LE RICERCHE A CORTINA PER LA SCOMPARSA DI UN UOMO"},"content":{"rendered":"<p>*****<\/p>\n<p>&nbsp;<\/p>\n<p><strong><a class=\"dt-pswp-item\" href=\"https:\/\/www.radiopiu.net\/wordpress\/wp-content\/uploads\/2025\/04\/SCR-20250420-qrqu.jpeg\" data-dt-img-description=\"\" data-large_image_width=\"906\" data-large_image_height=\"706\"><img loading=\"lazy\" decoding=\"async\" class=\" wp-image-445986 alignleft\" src=\"https:\/\/www.radiopiu.net\/wordpress\/wp-content\/uploads\/2025\/04\/SCR-20250420-qrqu-300x234.jpeg\" alt=\"\" width=\"185\" height=\"144\" srcset=\"https:\/\/www.radiopiu.net\/wordpress\/wp-content\/uploads\/2025\/04\/SCR-20250420-qrqu-300x234.jpeg 300w, https:\/\/www.radiopiu.net\/wordpress\/wp-content\/uploads\/2025\/04\/SCR-20250420-qrqu-768x598.jpeg 768w, https:\/\/www.radiopiu.net\/wordpress\/wp-content\/uploads\/2025\/04\/SCR-20250420-qrqu.jpeg 906w\" sizes=\"auto, (max-width: 185px) 100vw, 185px\" \/><\/a>CORTINA <\/strong>\u00c8 scattato l\u2019allarme questa mattina a Cortina d\u2019Ampezzo per la scomparsa di Carlo Orlandi, 58 anni, noto gestore del ristorante hotel <em data-start=\"273\" data-end=\"286\">Beppe Sello<\/em>. L\u2019uomo si \u00e8 allontanato dalla propria abitazione nelle prime ore della giornata e da allora non ha pi\u00f9 dato notizie di s\u00e9. I carabinieri della compagnia ampezzana hanno immediatamente attivato la macchina dei soccorsi. Nel primo pomeriggio sono intervenuti anche i vigili del fuoco, con una squadra arrivata da Belluno per supportare le operazioni di ricerca, che vedono coinvolti anche i volontari del Soccorso alpino. Al momento nessuna traccia dell\u2019uomo scomparso. Le squadre di soccorso stanno utilizzando droni dotati di fotocamera e termocamera, unit\u00e0 cinofile e stanno procedendo anche con ricerche a piedi in battuta per perlustrare la zona. Le operazioni proseguiranno finch\u00e9 non verranno trovati elementi utili a localizzare Orlandi. La comunit\u00e0 di Cortina, profondamente legata al ristoratore, segue con apprensione gli sviluppi della vicenda.<\/p>\n<p>&nbsp;<\/p>\n<p>&nbsp;<\/p>\n<p>&nbsp;<\/p>\n<p>*********<\/p>\n","protected":false},"excerpt":{"rendered":"<p>***** &nbsp; CORTINA \u00c8 scattato l\u2019allarme questa mattina a Cortina d\u2019Ampezzo per la scomparsa di Carlo Orlandi, 58 anni, noto gestore del ristorante hotel Beppe Sello. L\u2019uomo si \u00e8 allontanato dalla propria abitazione nelle prime ore della giornata e da allora non ha pi\u00f9 dato notizie di s\u00e9. I carabinieri della compagnia ampezzana hanno immediatamente&hellip;<\/p>\n","protected":false},"author":4,"featured_media":445986,"comment_status":"closed","ping_status":"closed","sticky":false,"template":"","format":"standard","meta":{"_monsterinsights_skip_tracking":false,"_monsterinsights_sitenote_active":false,"_monsterinsights_sitenote_note":"","_monsterinsights_sitenote_category":0,"footnotes":""},"categories":[51,49],"tags":[],"class_list":["post-445985","post","type-post","status-publish","format-standard","has-post-thumbnail","hentry","category-evidenza-top","category-news-18","category-51","category-49","description-off"],"img_url":"https:\/\/www.radiopiu.net\/wordpress\/wp-content\/uploads\/2025\/04\/SCR-20250420-qrqu.jpeg","_links":{"self":[{"href":"https:\/\/www.radiopiu.net\/wordpress\/wp-json\/wp\/v2\/posts\/445985","targetHints":{"allow":["GET"]}}],"collection":[{"href":"https:\/\/www.radiopiu.net\/wordpress\/wp-json\/wp\/v2\/posts"}],"about":[{"href":"https:\/\/www.radiopiu.net\/wordpress\/wp-json\/wp\/v2\/types\/post"}],"author":[{"embeddable":true,"href":"https:\/\/www.radiopiu.net\/wordpress\/wp-json\/wp\/v2\/users\/4"}],"replies":[{"embeddable":true,"href":"https:\/\/www.radiopiu.net\/wordpress\/wp-json\/wp\/v2\/comments?post=445985"}],"version-history":[{"count":1,"href":"https:\/\/www.radiopiu.net\/wordpress\/wp-json\/wp\/v2\/posts\/445985\/revisions"}],"predecessor-version":[{"id":445987,"href":"https:\/\/www.radiopiu.net\/wordpress\/wp-json\/wp\/v2\/posts\/445985\/revisions\/445987"}],"wp:featuredmedia":[{"embeddable":true,"href":"https:\/\/www.radiopiu.net\/wordpress\/wp-json\/wp\/v2\/media\/445986"}],"wp:attachment":[{"href":"https:\/\/www.radiopiu.net\/wordpress\/wp-json\/wp\/v2\/media?parent=445985"}],"wp:term":[{"taxonomy":"category","embeddable":true,"href":"https:\/\/www.radiopiu.net\/wordpress\/wp-json\/wp\/v2\/categories?post=445985"},{"taxonomy":"post_tag","embeddable":true,"href":"https:\/\/www.radiopiu.net\/wordpress\/wp-json\/wp\/v2\/tags?post=445985"}],"curies":[{"name":"wp","href":"https:\/\/api.w.org\/{rel}","templated":true}]}}