{"id":445989,"date":"2025-04-21T07:39:36","date_gmt":"2025-04-21T05:39:36","guid":{"rendered":"https:\/\/www.radiopiu.net\/wordpress\/?p=445989"},"modified":"2025-04-21T07:39:43","modified_gmt":"2025-04-21T05:39:43","slug":"impresa-a-sorrento-i-bellunesi-conquistano-il-primo-atto-di-finale","status":"publish","type":"post","link":"https:\/\/www.radiopiu.net\/wordpress\/impresa-a-sorrento-i-bellunesi-conquistano-il-primo-atto-di-finale\/","title":{"rendered":"Impresa a Sorrento: i bellunesi conquistano il primo atto di finale"},"content":{"rendered":"<p>**<\/p>\n<article class=\"text-token-text-primary w-full\" dir=\"auto\" data-testid=\"conversation-turn-42\" data-scroll-anchor=\"true\">\n<div class=\"text-base my-auto mx-auto py-5 [--thread-content-margin:--spacing(4)] @[37rem]:[--thread-content-margin:--spacing(6)] @[70rem]:[--thread-content-margin:--spacing(12)] px-(--thread-content-margin)\">\n<div class=\"[--thread-content-max-width:32rem] @[34rem]:[--thread-content-max-width:40rem] @[64rem]:[--thread-content-max-width:48rem] mx-auto flex max-w-(--thread-content-max-width) flex-1 text-base gap-4 md:gap-5 lg:gap-6 group\/turn-messages focus-visible:outline-hidden\" tabindex=\"-1\">\n<div class=\"group\/conversation-turn relative flex w-full min-w-0 flex-col agent-turn\">\n<div class=\"relative flex-col gap-1 md:gap-3\">\n<div class=\"flex max-w-full flex-col grow\">\n<div class=\"min-h-8 text-message relative flex w-full flex-col items-end gap-2 text-start break-words whitespace-normal [.text-message+&amp;]:mt-5\" dir=\"auto\" data-message-author-role=\"assistant\" data-message-id=\"aef937a1-b7bc-400a-b3f9-bf4d155f5224\" data-message-model-slug=\"gpt-4o\">\n<div class=\"flex w-full flex-col gap-1 empty:hidden first:pt-[3px]\">\n<div class=\"markdown prose dark:prose-invert w-full break-words dark\">\n<p class=\"\" data-start=\"143\" data-end=\"413\"><strong data-start=\"143\" data-end=\"157\">SORRENTO \u2013<\/strong> Colpo grosso del Belluno Volley: nella gara 1 della finale playoff di Serie A3, i rinoceronti espugnano il campo della Romeo Sorrento al termine di un\u2019autentica battaglia durata oltre due ore (2-3 il risultato finale: 25-23, 21-25, 23-25, 25-22, 13-15).<\/p>\n<p class=\"\" data-start=\"415\" data-end=\"675\">Una vittoria pesantissima, ottenuta in un campo ostico dove i campani avevano vinto 12 delle ultime 13 partite. E ora la serie si sposta alla VHV Arena di Belluno, domenica 27 aprile alle 18, con i dolomitici in vantaggio e pronti a difendere il fattore campo.<\/p>\n<p class=\"\" data-start=\"677\" data-end=\"845\">Nel match, deciso da una pallavolo di alto livello, brillano Alexander Berger (26 punti con 3 ace e 2 muri) e Mattia Mian (21 punti), protagonisti nei momenti chiave.<\/p>\n<p class=\"\" data-start=\"847\" data-end=\"1231\">Dopo un primo set in favore di Sorrento, i bellunesi reagiscono con grinta e lucidit\u00e0, pareggiando i conti. Il terzo parziale sembra sfuggire di mano, ma nel finale i ragazzi di coach Marzola ribaltano tutto con sangue freddo. Sorrento risponde e porta la gara al tie-break, ma il Belluno Volley tiene il ritmo e chiude sul 15-13, complice anche un\u2019invasione decisiva degli avversari.<\/p>\n<p class=\"\" data-start=\"1233\" data-end=\"1441\">\u00ab\u00c8 stata una battaglia vera \u2013 commenta l\u2019allenatore Marco Marzola \u2013 e sapevamo che sarebbe stato cos\u00ec. Siamo stati bravi, ma non \u00e8 finita: dobbiamo restare concentrati perch\u00e9 Sorrento non moller\u00e0 facilmente\u00bb.<\/p>\n<p class=\"\" data-start=\"1443\" data-end=\"1516\">Ora, tutto pronto per gara 2. Con un sogno che si fa sempre pi\u00f9 concreto.<\/p>\n<\/div>\n<\/div>\n<\/div>\n<\/div>\n<div class=\"flex justify-start\"><\/div>\n<div class=\"mt-3 w-full empty:hidden\">\n<div class=\"text-center\">\n\n\t\t\t<style type='text\/css'>\n\t\t\t\t#gallery-1 {\n\t\t\t\t\tmargin: auto;\n\t\t\t\t}\n\t\t\t\t#gallery-1 .gallery-item {\n\t\t\t\t\tfloat: left;\n\t\t\t\t\tmargin-top: 10px;\n\t\t\t\t\ttext-align: center;\n\t\t\t\t\twidth: 33%;\n\t\t\t\t}\n\t\t\t\t#gallery-1 img {\n\t\t\t\t\tborder: 2px solid #cfcfcf;\n\t\t\t\t}\n\t\t\t\t#gallery-1 .gallery-caption {\n\t\t\t\t\tmargin-left: 0;\n\t\t\t\t}\n\t\t\t\t\/* see gallery_shortcode() in wp-includes\/media.php *\/\n\t\t\t<\/style>\n\t\t<div id='gallery-1' class='dt-gallery-container gallery galleryid-445989 gallery-columns-3 gallery-size-thumbnail'><dl class='gallery-item'>\n\t\t\t\t<dt class='gallery-icon landscape'>\n\t\t\t\t\t<a class=\"rollover rollover-zoom dt-pswp-item\" title=\"Bellunesi_in_festa_a_Sorrento\" data-dt-img-description=\"\" data-large_image_width=\"1600\" data-large_image_height=\"1200\"href='https:\/\/www.radiopiu.net\/wordpress\/wp-content\/uploads\/2025\/04\/Bellunesi_in_festa_a_Sorrento.jpg'><img loading=\"lazy\" decoding=\"async\" width=\"150\" height=\"150\" src=\"https:\/\/www.radiopiu.net\/wordpress\/wp-content\/uploads\/2025\/04\/Bellunesi_in_festa_a_Sorrento-150x150.jpg\" class=\"attachment-thumbnail size-thumbnail\" alt=\"\" \/><\/a>\n\t\t\t\t<\/dt><\/dl><dl class='gallery-item'>\n\t\t\t\t<dt class='gallery-icon landscape'>\n\t\t\t\t\t<a class=\"rollover rollover-zoom dt-pswp-item\" title=\"Ferrato_in_palleggio\" data-dt-img-description=\"\" data-large_image_width=\"934\" data-large_image_height=\"623\"href='https:\/\/www.radiopiu.net\/wordpress\/wp-content\/uploads\/2025\/04\/Ferrato_in_palleggio.jpg'><img loading=\"lazy\" decoding=\"async\" width=\"150\" height=\"150\" src=\"https:\/\/www.radiopiu.net\/wordpress\/wp-content\/uploads\/2025\/04\/Ferrato_in_palleggio-150x150.jpg\" class=\"attachment-thumbnail size-thumbnail\" alt=\"\" \/><\/a>\n\t\t\t\t<\/dt><\/dl><dl class='gallery-item'>\n\t\t\t\t<dt class='gallery-icon landscape'>\n\t\t\t\t\t<a class=\"rollover rollover-zoom dt-pswp-item\" title=\"Berger_contro_il_muro_biancoverde\" data-dt-img-description=\"\" data-large_image_width=\"660\" data-large_image_height=\"440\"href='https:\/\/www.radiopiu.net\/wordpress\/wp-content\/uploads\/2025\/04\/Berger_contro_il_muro_biancoverde.jpg'><img loading=\"lazy\" decoding=\"async\" width=\"150\" height=\"150\" src=\"https:\/\/www.radiopiu.net\/wordpress\/wp-content\/uploads\/2025\/04\/Berger_contro_il_muro_biancoverde-150x150.jpg\" class=\"attachment-thumbnail size-thumbnail\" alt=\"\" \/><\/a>\n\t\t\t\t<\/dt><\/dl><br style=\"clear: both\" \/><dl class='gallery-item'>\n\t\t\t\t<dt class='gallery-icon landscape'>\n\t\t\t\t\t<a class=\"rollover rollover-zoom dt-pswp-item\" title=\"Omaggio_dei_sorrentini_a_Carniel_e_Stefano_Da_Rold\" data-dt-img-description=\"\" data-large_image_width=\"1071\" data-large_image_height=\"714\"href='https:\/\/www.radiopiu.net\/wordpress\/wp-content\/uploads\/2025\/04\/Omaggio_dei_sorrentini_a_Carniel_e_Stefano_Da_Rold.jpg'><img loading=\"lazy\" decoding=\"async\" width=\"150\" height=\"150\" src=\"https:\/\/www.radiopiu.net\/wordpress\/wp-content\/uploads\/2025\/04\/Omaggio_dei_sorrentini_a_Carniel_e_Stefano_Da_Rold-150x150.jpg\" class=\"attachment-thumbnail size-thumbnail\" alt=\"\" \/><\/a>\n\t\t\t\t<\/dt><\/dl><dl class='gallery-item'>\n\t\t\t\t<dt class='gallery-icon landscape'>\n\t\t\t\t\t<a class=\"rollover rollover-zoom dt-pswp-item\" title=\"Loglisci_in_ricezione\" data-dt-img-description=\"\" data-large_image_width=\"1362\" data-large_image_height=\"766\"href='https:\/\/www.radiopiu.net\/wordpress\/wp-content\/uploads\/2025\/04\/Loglisci_in_ricezione.jpg'><img loading=\"lazy\" decoding=\"async\" width=\"150\" height=\"150\" src=\"https:\/\/www.radiopiu.net\/wordpress\/wp-content\/uploads\/2025\/04\/Loglisci_in_ricezione-150x150.jpg\" class=\"attachment-thumbnail size-thumbnail\" alt=\"\" \/><\/a>\n\t\t\t\t<\/dt><\/dl><dl class='gallery-item'>\n\t\t\t\t<dt class='gallery-icon landscape'>\n\t\t\t\t\t<a class=\"rollover rollover-zoom dt-pswp-item\" title=\"Tocco_mancino_di_Mian\" data-dt-img-description=\"\" data-large_image_width=\"1071\" data-large_image_height=\"714\"href='https:\/\/www.radiopiu.net\/wordpress\/wp-content\/uploads\/2025\/04\/Tocco_mancino_di_Mian.jpg'><img loading=\"lazy\" decoding=\"async\" width=\"150\" height=\"150\" src=\"https:\/\/www.radiopiu.net\/wordpress\/wp-content\/uploads\/2025\/04\/Tocco_mancino_di_Mian-150x150.jpg\" class=\"attachment-thumbnail size-thumbnail\" alt=\"\" \/><\/a>\n\t\t\t\t<\/dt><\/dl><br style=\"clear: both\" \/>\n\t\t\t<\/div>\n\n<\/div>\n<\/div>\n<\/div>\n<div class=\"absolute\">\n<div class=\"flex items-center justify-center\"><\/div>\n<\/div>\n<\/div>\n<\/div>\n<\/div>\n<\/article>\n<div class=\"pointer-events-none h-px w-px\" aria-hidden=\"true\" data-edge=\"true\"><\/div>\n","protected":false},"excerpt":{"rendered":"<p>** SORRENTO \u2013 Colpo grosso del Belluno Volley: nella gara 1 della finale playoff di Serie A3, i rinoceronti espugnano il campo della Romeo Sorrento al termine di un\u2019autentica battaglia durata oltre due ore (2-3 il risultato finale: 25-23, 21-25, 23-25, 25-22, 13-15). Una vittoria pesantissima, ottenuta in un campo ostico dove i campani avevano&hellip;<\/p>\n","protected":false},"author":4,"featured_media":445995,"comment_status":"closed","ping_status":"closed","sticky":false,"template":"","format":"standard","meta":{"_monsterinsights_skip_tracking":false,"_monsterinsights_sitenote_active":false,"_monsterinsights_sitenote_note":"","_monsterinsights_sitenote_category":0,"footnotes":""},"categories":[104,49],"tags":[],"class_list":["post-445989","post","type-post","status-publish","format-standard","has-post-thumbnail","hentry","category-evidenza_3","category-news-18","category-104","category-49","description-off"],"img_url":"https:\/\/www.radiopiu.net\/wordpress\/wp-content\/uploads\/2025\/04\/Tocco_mancino_di_Mian.jpg","_links":{"self":[{"href":"https:\/\/www.radiopiu.net\/wordpress\/wp-json\/wp\/v2\/posts\/445989","targetHints":{"allow":["GET"]}}],"collection":[{"href":"https:\/\/www.radiopiu.net\/wordpress\/wp-json\/wp\/v2\/posts"}],"about":[{"href":"https:\/\/www.radiopiu.net\/wordpress\/wp-json\/wp\/v2\/types\/post"}],"author":[{"embeddable":true,"href":"https:\/\/www.radiopiu.net\/wordpress\/wp-json\/wp\/v2\/users\/4"}],"replies":[{"embeddable":true,"href":"https:\/\/www.radiopiu.net\/wordpress\/wp-json\/wp\/v2\/comments?post=445989"}],"version-history":[{"count":1,"href":"https:\/\/www.radiopiu.net\/wordpress\/wp-json\/wp\/v2\/posts\/445989\/revisions"}],"predecessor-version":[{"id":445996,"href":"https:\/\/www.radiopiu.net\/wordpress\/wp-json\/wp\/v2\/posts\/445989\/revisions\/445996"}],"wp:featuredmedia":[{"embeddable":true,"href":"https:\/\/www.radiopiu.net\/wordpress\/wp-json\/wp\/v2\/media\/445995"}],"wp:attachment":[{"href":"https:\/\/www.radiopiu.net\/wordpress\/wp-json\/wp\/v2\/media?parent=445989"}],"wp:term":[{"taxonomy":"category","embeddable":true,"href":"https:\/\/www.radiopiu.net\/wordpress\/wp-json\/wp\/v2\/categories?post=445989"},{"taxonomy":"post_tag","embeddable":true,"href":"https:\/\/www.radiopiu.net\/wordpress\/wp-json\/wp\/v2\/tags?post=445989"}],"curies":[{"name":"wp","href":"https:\/\/api.w.org\/{rel}","templated":true}]}}