{"id":446112,"date":"2025-04-23T05:49:43","date_gmt":"2025-04-23T03:49:43","guid":{"rendered":"https:\/\/www.radiopiu.net\/wordpress\/?p=446112"},"modified":"2025-04-23T08:34:17","modified_gmt":"2025-04-23T06:34:17","slug":"giornale-radiopiu-23-aprile-2025-direttore-mirko-mezzacasa","status":"publish","type":"post","link":"https:\/\/www.radiopiu.net\/wordpress\/giornale-radiopiu-23-aprile-2025-direttore-mirko-mezzacasa\/","title":{"rendered":"GIORNALE RADIOPIU 23 APRILE 2025 DIRETTORE MIRKO MEZZACASA"},"content":{"rendered":"<p>******<\/p>\n<p>&nbsp;<\/p>\n<p>&nbsp;<\/p>\n<p><em><span style=\"color: #ff0000;\"><a class=\"dt-pswp-item\" href=\"https:\/\/www.radiopiu.net\/wordpress\/wp-content\/uploads\/2024\/10\/Senza-nome-8.png\" data-dt-img-description=\"\" data-large_image_width=\"343\" data-large_image_height=\"303\"><img loading=\"lazy\" decoding=\"async\" class=\"wp-image-412130 alignleft\" src=\"https:\/\/www.radiopiu.net\/wordpress\/wp-content\/uploads\/2024\/10\/Senza-nome-8-300x265.png\" alt=\"\" width=\"105\" height=\"93\" srcset=\"https:\/\/www.radiopiu.net\/wordpress\/wp-content\/uploads\/2024\/10\/Senza-nome-8-300x265.png 300w, https:\/\/www.radiopiu.net\/wordpress\/wp-content\/uploads\/2024\/10\/Senza-nome-8.png 343w\" sizes=\"auto, (max-width: 105px) 100vw, 105px\" \/><\/a><\/span><\/em><strong><em><span style=\"color: #ff0000;\"> LA\u00a0 APP PER IOS-IPHONE di Nicola Vettorello<\/span><\/em><\/strong><\/p>\n<p><strong><span style=\"color: #0000ff;\"><a style=\"color: #0000ff;\" href=\"https:\/\/apps.apple.com\/it\/app\/radio-pi%C3%B9-emittente-agordina\/id1515939845\">https:\/\/apps.apple.com\/it\/app\/radio-pi%C3%B9-emittente-agordina\/id1515939845<\/a><\/span><\/strong><\/p>\n<p><strong><em style=\"color: #ff0000;\">LA\u00a0 APP RADIO\u00a0 PER ANDROID di Nicola Vettorello<\/em><\/strong><\/p>\n<p><strong><span style=\"color: #0000ff;\"><a style=\"color: #0000ff;\" href=\"https:\/\/play.google.com\/store\/apps\/details?id=net.radiopiu.iniko\" target=\"_blank\" rel=\"noopener noreferrer\">https:\/\/<\/a><a style=\"color: #0000ff;\" href=\"https:\/\/play.google.com\/store\/apps\/details?id=net.radiopiu.iniko\" target=\"_blank\" rel=\"noopener noreferrer\">play.google.com\/store\/apps\/details?id=net.radiopiu.iniko\u00a0\u00a0\u00a0\u00a0<\/a><\/span><\/strong><\/p>\n<p>&nbsp;<\/p>\n<p>&nbsp;<\/p>\n<hr \/>\n<p><span style=\"color: #0000ff;\">\u00a0<\/span><\/p>\n<p>&nbsp;<\/p>\n<blockquote>\n<h1 data-start=\"0\" data-end=\"60\"><strong data-start=\"0\" data-end=\"60\"><a class=\"dt-pswp-item\" href=\"https:\/\/www.radiopiu.net\/wordpress\/wp-content\/uploads\/2024\/10\/Senza-nome-8.png\" data-dt-img-description=\"\" data-large_image_width=\"343\" data-large_image_height=\"303\"><img loading=\"lazy\" decoding=\"async\" class=\"wp-image-412130 alignleft\" src=\"https:\/\/www.radiopiu.net\/wordpress\/wp-content\/uploads\/2024\/10\/Senza-nome-8-300x265.png\" alt=\"\" width=\"169\" height=\"149\" srcset=\"https:\/\/www.radiopiu.net\/wordpress\/wp-content\/uploads\/2024\/10\/Senza-nome-8-300x265.png 300w, https:\/\/www.radiopiu.net\/wordpress\/wp-content\/uploads\/2024\/10\/Senza-nome-8.png 343w\" sizes=\"auto, (max-width: 169px) 100vw, 169px\" \/><\/a>OGGI SU RADIOPI\u00d9: MUSICA, informazione\u00a0 e dirette\u00a0<\/strong><\/h1>\n<\/blockquote>\n<p class=\"\" data-start=\"62\" data-end=\"463\"><strong>8.00 l<\/strong>a rassegna stampa locale, dal 1983 di mirko mezzacasa<strong> 8.20<\/strong> PIU&#8217; SIAMO con Marina e la sua squadra<strong> 900<\/strong> LIBER IL LIBRO DI LIANA CAVALLET <strong>10.30<\/strong> se non la smetti ti mando dal preside, la scuola con la prof. maria rosa salmazo 12.30 giornale radio principale <strong>13.20<\/strong> collage, con Loris Scussel 15.10 Batticinque con Alessio e Marina 16.45 le classifiche di mirco Bencivenni.<br \/>\n<strong>L INFORMAZIONE NAZIONALE, OGNI ORA DALLE 6 ALLE 20, L&#8217;INFORMAZIONE LOCALE, OGNI ORA LE EDIZIONI FLASH IN CODA AL GIORNALE RADIO NAZIONALE<\/strong><br \/>\n<span style=\"color: #0000ff;\">QUESTA SERA, SUI CANALI SOCIAL, FACEBOOK, TELEGRAM E SITO WWW. RADIOPIU.NET: DIRETTA DAL CONSIGLIO COMUNALE DI AGORDO.<\/span><br \/>\n<span style=\"color: #ff0000;\">E PER FINIRE&#8230; BUONGIORNO ALLA VAL DI ZOLDO, DA IERI COPERTA CON LA NUOVA FREQUENZA FM DI RADIOPIU 100.100 MHZ<\/span><\/p>\n<p>&nbsp;<\/p>\n<p>&nbsp;<\/p>\n<hr \/>\n<p>&nbsp;<\/p>\n<p>&nbsp;<\/p>\n<div class=\"x11i5rnm xat24cr x1mh8g0r x1vvkbs xtlvy1s x126k92a\">\n<div dir=\"auto\">\n<div dir=\"auto\">\n<p><strong><a class=\"dt-pswp-item\" href=\"https:\/\/www.radiopiu.net\/wordpress\/wp-content\/uploads\/2024\/02\/2d44e751-d8a8-461b-8e22-d8e4e853b032.jpg\" data-dt-img-description=\"\" data-large_image_width=\"1600\" data-large_image_height=\"1200\"><img loading=\"lazy\" decoding=\"async\" class=\"wp-image-373307 alignleft\" src=\"https:\/\/www.radiopiu.net\/wordpress\/wp-content\/uploads\/2024\/02\/2d44e751-d8a8-461b-8e22-d8e4e853b032-300x225.jpg\" alt=\"\" width=\"105\" height=\"79\" srcset=\"https:\/\/www.radiopiu.net\/wordpress\/wp-content\/uploads\/2024\/02\/2d44e751-d8a8-461b-8e22-d8e4e853b032-300x225.jpg 300w, https:\/\/www.radiopiu.net\/wordpress\/wp-content\/uploads\/2024\/02\/2d44e751-d8a8-461b-8e22-d8e4e853b032-1024x768.jpg 1024w, https:\/\/www.radiopiu.net\/wordpress\/wp-content\/uploads\/2024\/02\/2d44e751-d8a8-461b-8e22-d8e4e853b032-768x576.jpg 768w, https:\/\/www.radiopiu.net\/wordpress\/wp-content\/uploads\/2024\/02\/2d44e751-d8a8-461b-8e22-d8e4e853b032-1536x1152.jpg 1536w, https:\/\/www.radiopiu.net\/wordpress\/wp-content\/uploads\/2024\/02\/2d44e751-d8a8-461b-8e22-d8e4e853b032.jpg 1600w\" sizes=\"auto, (max-width: 105px) 100vw, 105px\" \/><\/a>EL BAL DEL FIOR, DI GIULIANA DA RONCH, 23 APRILE<\/strong><strong> 2025<\/strong><\/p>\n<\/div>\n<\/div>\n<p>&nbsp;<\/p>\n<audio class=\"wp-audio-shortcode\" id=\"audio-446112-1\" preload=\"none\" style=\"width: 100%;\" controls=\"controls\"><source type=\"audio\/mpeg\" src=\"https:\/\/www.radiopiu.net\/wordpress\/wp-content\/uploads\/2025\/04\/GME-2.mp3?_=1\" \/><a href=\"https:\/\/www.radiopiu.net\/wordpress\/wp-content\/uploads\/2025\/04\/GME-2.mp3\">https:\/\/www.radiopiu.net\/wordpress\/wp-content\/uploads\/2025\/04\/GME-2.mp3<\/a><\/audio>\n<p>&nbsp;<\/p>\n<p>&nbsp;<\/p>\n<p>&nbsp;<\/p>\n<div dir=\"auto\">\n<div dir=\"auto\">\n<hr \/>\n<p>&nbsp;<\/p>\n<p>&nbsp;<\/p>\n<\/div>\n<\/div>\n<\/div>\n<div class=\"x11i5rnm xat24cr x1mh8g0r x1vvkbs xtlvy1s x126k92a\">\n<blockquote>\n<h1><strong><a class=\"dt-pswp-item\" href=\"https:\/\/www.radiopiu.net\/wordpress\/wp-content\/uploads\/2024\/10\/629301fd-708d-4f53-95c2-d28cbefd500f.jpg\" data-dt-img-description=\"\" data-large_image_width=\"1600\" data-large_image_height=\"1322\"><img loading=\"lazy\" decoding=\"async\" class=\"wp-image-413782 alignright\" src=\"https:\/\/www.radiopiu.net\/wordpress\/wp-content\/uploads\/2024\/10\/629301fd-708d-4f53-95c2-d28cbefd500f-300x248.jpg\" alt=\"\" width=\"106\" height=\"88\" srcset=\"https:\/\/www.radiopiu.net\/wordpress\/wp-content\/uploads\/2024\/10\/629301fd-708d-4f53-95c2-d28cbefd500f-300x248.jpg 300w, https:\/\/www.radiopiu.net\/wordpress\/wp-content\/uploads\/2024\/10\/629301fd-708d-4f53-95c2-d28cbefd500f-1024x846.jpg 1024w, https:\/\/www.radiopiu.net\/wordpress\/wp-content\/uploads\/2024\/10\/629301fd-708d-4f53-95c2-d28cbefd500f-768x635.jpg 768w, https:\/\/www.radiopiu.net\/wordpress\/wp-content\/uploads\/2024\/10\/629301fd-708d-4f53-95c2-d28cbefd500f-1536x1269.jpg 1536w, https:\/\/www.radiopiu.net\/wordpress\/wp-content\/uploads\/2024\/10\/629301fd-708d-4f53-95c2-d28cbefd500f.jpg 1600w\" sizes=\"auto, (max-width: 106px) 100vw, 106px\" \/><\/a><\/strong><\/h1>\n<h1><strong><a class=\"dt-pswp-item\" href=\"https:\/\/www.radiopiu.net\/wordpress\/wp-content\/uploads\/2024\/11\/th-18.jpg\" data-dt-img-description=\"\" data-large_image_width=\"156\" data-large_image_height=\"180\"><img loading=\"lazy\" decoding=\"async\" class=\"size-full wp-image-421611 alignleft\" src=\"https:\/\/www.radiopiu.net\/wordpress\/wp-content\/uploads\/2024\/11\/th-18.jpg\" alt=\"\" width=\"156\" height=\"180\" \/><\/a><\/strong><\/h1>\n<h1><strong>N di parom &#8211; L Almanach de la nosta jent<\/strong><\/h1>\n<\/blockquote>\n<p>&nbsp;<\/p>\n<p>Le voci: Davide Conedera, Agordo, Michela Dell&#8217;Osbel, La Valle Agordina Simone Ganz, Falcade Veronica Lezuo, Colle Santa Lucia. La voce nella sigla \u00e8 di Giorgia Taio<\/p>\n<p><strong>LA PUNTATA DI OGGI, 23 APRILE 2025<\/strong><\/p>\n<p>&nbsp;<\/p>\n<audio class=\"wp-audio-shortcode\" id=\"audio-446112-2\" preload=\"none\" style=\"width: 100%;\" controls=\"controls\"><source type=\"audio\/mpeg\" src=\"https:\/\/www.radiopiu.net\/wordpress\/wp-content\/uploads\/2025\/04\/AL3-2.mp3?_=2\" \/><a href=\"https:\/\/www.radiopiu.net\/wordpress\/wp-content\/uploads\/2025\/04\/AL3-2.mp3\">https:\/\/www.radiopiu.net\/wordpress\/wp-content\/uploads\/2025\/04\/AL3-2.mp3<\/a><\/audio>\n<p>&nbsp;<\/p>\n<\/div>\n<div class=\"x11i5rnm xat24cr x1mh8g0r x1vvkbs xtlvy1s x126k92a\">\n<div dir=\"auto\">\n<hr \/>\n<\/div>\n<\/div>\n<blockquote>\n<blockquote>\n<h1><span style=\"color: #ff0000;\">\u00a0<\/span><\/h1>\n<h1><span style=\"color: #ff0000;\">I podcast informativi del mattino &#8211; audio &#8211;\u00a0\u00a0<\/span><\/h1>\n<\/blockquote>\n<p><strong><a class=\"dt-pswp-item\" href=\"https:\/\/www.radiopiu.net\/wordpress\/wp-content\/uploads\/2024\/11\/6.jpg\" data-dt-img-description=\"\" data-large_image_width=\"177\" data-large_image_height=\"180\"><img loading=\"lazy\" decoding=\"async\" class=\"size-full wp-image-417911 alignleft\" src=\"https:\/\/www.radiopiu.net\/wordpress\/wp-content\/uploads\/2024\/11\/6.jpg\" alt=\"\" width=\"177\" height=\"180\" \/><\/a>LA RASSEGNA STAMPA NAZIONALE ALLA RADIO, OGNI GIORNO ALLE 5 E ALLE 6 DEL MATTINO <span style=\"color: #0000ff;\">viene pubblicata alle 6.00 <span style=\"color: #ff0000;\">DIRETTA RADIO\u00a0 \u00a0\u00a0<\/span><\/span><\/strong><\/p><\/blockquote>\n<p>&nbsp;<\/p>\n<p><strong>NOTIZIE DELLA NOTTE<\/strong><\/p>\n<p><strong>Borsa:<\/strong> Hong Kong balza in apertura, a +2,36% <strong>Borsa:<\/strong> Tokyo, apertura in rialzo (+1,55%) <strong>Musk<\/strong> annuncia, &#8216;da maggio lavorer\u00f2 meno per Trump&#8217; <strong>Trump<\/strong>, &#8216;ridurr\u00f2 i dazi sulla Cina ma non a zero&#8217; <strong>Kiev<\/strong> convoca ambasciatore cinese, &#8216;Pechino coinvolta in guerra&#8217;<br \/>\n<strong>Pallavolo:<\/strong> donne; Milano ko, Conegliano campione d&#8217;Italia Venete vincono in tre set anche gara-3 della finale scudetto <strong>Calcio:<\/strong> Liga; Barcellona batte Maiorca 1-0 e allunga sul Real<\/p>\n<h1>AUDIO dalle 6 del mattino<\/h1>\n<audio class=\"wp-audio-shortcode\" id=\"audio-446112-3\" preload=\"none\" style=\"width: 100%;\" controls=\"controls\"><source type=\"audio\/mpeg\" src=\"https:\/\/www.radiopiu.net\/wordpress\/wp-content\/uploads\/2025\/04\/GIORNALEDELLESEI-17.mp3?_=3\" \/><a href=\"https:\/\/www.radiopiu.net\/wordpress\/wp-content\/uploads\/2025\/04\/GIORNALEDELLESEI-17.mp3\">https:\/\/www.radiopiu.net\/wordpress\/wp-content\/uploads\/2025\/04\/GIORNALEDELLESEI-17.mp3<\/a><\/audio>\n<p>&nbsp;<\/p>\n<p>&nbsp;<\/p>\n<hr \/>\n<p>&nbsp;<\/p>\n<h1 style=\"text-align: center;\"><span style=\"color: #ff0000;\"><a class=\"dt-pswp-item\" href=\"https:\/\/www.radiopiu.net\/wordpress\/wp-content\/uploads\/2024\/11\/7.jpg\" data-dt-img-description=\"\" data-large_image_width=\"180\" data-large_image_height=\"180\"><img loading=\"lazy\" decoding=\"async\" class=\"size-full wp-image-417912 alignleft\" src=\"https:\/\/www.radiopiu.net\/wordpress\/wp-content\/uploads\/2024\/11\/7.jpg\" alt=\"\" width=\"180\" height=\"180\" srcset=\"https:\/\/www.radiopiu.net\/wordpress\/wp-content\/uploads\/2024\/11\/7.jpg 180w, https:\/\/www.radiopiu.net\/wordpress\/wp-content\/uploads\/2024\/11\/7-150x150.jpg 150w\" sizes=\"auto, (max-width: 180px) 100vw, 180px\" \/><\/a>I podcast informativi del mattino &#8211; audio &#8211;\u00a0<\/span><\/h1>\n<p><strong>OGNI GIORNO ALLE SETTE DEL MATTINO, LA RASSEGNA STAMPA LOCALE FLASH&#8230; PER CHI VA IN FRETTA. I TITOLI DAI GIORNALI E DAL SITO WWW.RADIOPIU.NET <span style=\"color: #0000ff;\">viene pubblicato alle 7.00<\/span> <span style=\"color: #ff0000;\">DIRETTA RADIO\u00a0<\/span><\/strong><\/p>\n<p><em><span style=\"color: #ff0000;\">per chi va in fretta&#8230; tante notizie in pochi minuti. L&#8217;informazione locale alla radio, ogni ora dalle 7 del mattino alle 19 della sera.\u00a0\u00a0<\/span><\/em><\/p>\n<p><strong data-start=\"0\" data-end=\"62\">Notizie locali dal Bellunese: tra cronaca, eventi e novit\u00e0<\/strong><\/p>\n<div class=\"flex flex-1 grow basis-auto flex-col overflow-hidden\">\n<div class=\"relative h-full\">\n<div class=\"flex h-full flex-col overflow-y-auto [scrollbar-gutter:stable]\">\n<div class=\"mt-1.5 flex flex-col text-sm @thread-xl\/thread:pt-header-height md:pb-9\">\n<article class=\"group\/turn w-full text-token-text-primary focus-visible:outline-none\" dir=\"auto\" tabindex=\"-1\" data-testid=\"conversation-turn-2\" data-scroll-anchor=\"true\">\n<div class=\"text-base my-auto mx-auto py-5 px-6\">\n<div class=\"mx-auto flex flex-1 text-base gap-4 md:gap-5 lg:gap-6 md:max-w-3xl\">\n<div class=\"group\/conversation-turn relative flex w-full min-w-0 flex-col agent-turn @xs\/thread:px-0 @sm\/thread:px-1.5 @md\/thread:px-4\">\n<div class=\"relative flex-col gap-1 md:gap-3\">\n<div class=\"flex max-w-full flex-col flex-grow\">\n<div class=\"min-h-8 text-message relative flex w-full flex-col items-end gap-2 whitespace-normal break-words text-start [.text-message+&amp;]:mt-5\" dir=\"auto\" data-message-author-role=\"assistant\" data-message-id=\"bff05fc0-dc7c-4ab7-9b20-d3eec753127b\" data-message-model-slug=\"gpt-4o-mini\">\n<div class=\"flex w-full flex-col gap-1 empty:hidden first:pt-[3px]\">\n<div class=\"markdown prose w-full break-words dark:prose-invert dark\">\n<p class=\"\" data-start=\"64\" data-end=\"329\">Radio Pi\u00f9 offre una panoramica sui principali eventi e notizie in provincia di Belluno, accompagnata dalla programmazione radiofonica. Tra le principali notizie<\/p>\n<\/div>\n<\/div>\n<\/div>\n<\/div>\n<\/div>\n<\/div>\n<\/div>\n<\/div>\n<\/article>\n<\/div>\n<\/div>\n<\/div>\n<\/div>\n<h1>AUDIO dalle 7 del mattino<\/h1>\n<audio class=\"wp-audio-shortcode\" id=\"audio-446112-4\" preload=\"none\" style=\"width: 100%;\" controls=\"controls\"><source type=\"audio\/mpeg\" src=\"https:\/\/www.radiopiu.net\/wordpress\/wp-content\/uploads\/2025\/04\/GF07-18.mp3?_=4\" \/><a href=\"https:\/\/www.radiopiu.net\/wordpress\/wp-content\/uploads\/2025\/04\/GF07-18.mp3\">https:\/\/www.radiopiu.net\/wordpress\/wp-content\/uploads\/2025\/04\/GF07-18.mp3<\/a><\/audio>\n<p>&nbsp;<\/p>\n<p>&nbsp;<\/p>\n<hr \/>\n<p>&nbsp;<\/p>\n<h1><\/h1>\n<h1 style=\"text-align: center;\"><span style=\"color: #ff0000;\"><a class=\"dt-pswp-item\" href=\"https:\/\/www.radiopiu.net\/wordpress\/wp-content\/uploads\/2024\/11\/th.jpg\" data-dt-img-description=\"\" data-large_image_width=\"148\" data-large_image_height=\"179\"><img loading=\"lazy\" decoding=\"async\" class=\" wp-image-417913 alignleft\" src=\"https:\/\/www.radiopiu.net\/wordpress\/wp-content\/uploads\/2024\/11\/th.jpg\" alt=\"\" width=\"74\" height=\"90\" \/><\/a>I podcast informativi del mattino &#8211; audio &#8211;\u00a0<\/span><\/h1>\n<blockquote><p><strong>GIORNALE RADIO NAZIONALE, EDIZIONE DELLE SETTE <span style=\"color: #0000ff;\">viene pubblicato alle 7.05 <span style=\"color: #ff0000;\">DIRETTA RADIO\u00a0<\/span><\/span><\/strong><\/p><\/blockquote>\n<p><strong>il giornale radionazionale e&#8217; in onda ogni ora, dalle sette del mattino alle venti della sera\u00a0 \u00a0<\/strong><\/p>\n<p><strong><a class=\"dt-pswp-item\" href=\"https:\/\/www.radiopiu.net\/wordpress\/wp-content\/uploads\/2025\/02\/download-7.jpg\" data-dt-img-description=\"\" data-large_image_width=\"211\" data-large_image_height=\"239\"><img loading=\"lazy\" decoding=\"async\" class=\" wp-image-435553 alignleft\" src=\"https:\/\/www.radiopiu.net\/wordpress\/wp-content\/uploads\/2025\/02\/download-7.jpg\" alt=\"\" width=\"128\" height=\"145\" \/><\/a>VALTELLINA<\/strong> Anziano spara agli operai dei vicini e si suicida<\/p>\n<p><strong>CASERTA<\/strong> Spari nel parcheggio di un supermercato, panico.\u00a0 Un 80enne ha fatto fuoco contro due uomini<\/p>\n<p><strong>ROMA<\/strong> Code per controlli a San Pietro, folla di fedeli a Santa Maria Maggiore: &#8216;Francesco santo subito&#8217; \u00a0si \u00e8 intensificato il via vai di pellegrini e turisti per ricordare il Papa<\/p>\n<p><strong>NAPOLI<\/strong> Quattro indagati nell&#8217;inchiesta sulla funivia del Faito Sono dirigenti e dipendenti Eav. Gioved\u00ec l&#8217;incarico per le autopsie<\/p>\n<p><strong>PISA<\/strong> Il killer di Gucci spara al figlio e tenta il suicidio E&#8217; successo nella campagna di Pisa. Ceraulo \u00e8 grave in ospedale<\/p>\n<p><strong>CUNEO<\/strong> Fa il bagno nel Tanaro con gli amici, disperso un 13enne Mobilitati sommozzatori e elicotteri nel Cuneese per le ricerche<\/p>\n<p><strong>MILANO<\/strong> Domestico ucciso, al vaglio le telecamere per ricostruire l&#8217;omicidio Il ladro bloccato con il taser, atteso l&#8217;interrogatorio<\/p>\n<p>&nbsp;<\/p>\n<p>&nbsp;<\/p>\n<p><strong><a class=\"dt-pswp-item\" href=\"https:\/\/www.radiopiu.net\/wordpress\/wp-content\/uploads\/2025\/02\/download-3.jpg\" data-dt-img-description=\"\" data-large_image_width=\"223\" data-large_image_height=\"226\"><img loading=\"lazy\" decoding=\"async\" class=\"size-full wp-image-434732 alignleft\" src=\"https:\/\/www.radiopiu.net\/wordpress\/wp-content\/uploads\/2025\/02\/download-3.jpg\" alt=\"\" width=\"223\" height=\"226\" \/><\/a>LAMON<\/strong> Padre e figlio morti\u00a0 nel lamonese, omicidio-suicidio I corpi trovati in un&#8217;abitazione, indagini dei carabinieri<\/p>\n<p><strong>TREVISO<\/strong> Scrive alla ex &#8216;capisco Turetta&#8217;, 23enne arrestato per stalker &#8216;Comprendo perch\u00e9 tanti arrivano a compiere certe azioni&#8217;<\/p>\n<p><strong>VENEZIA<\/strong> I Graffiti della Liberazione, il 25 Aprile sui muri di Venezia Il Garibaldi e WL&#8217;Italia Libera scritti a lapis da antifascisti<\/p>\n<p><strong>VENEZIA<\/strong> Conclave: gi\u00e0 a Roma i &#8216;veneti&#8217; Zenari e Gugerotti &#8216;Ci sentiamo frastornati, eravamo proprio la sua famiglia&#8217;<\/p>\n<p><strong>VENEZIA<\/strong> Proclamato lutto regionale in Veneto Zaia dispone l&#8217;esposizione della bandiera a mezz&#8217;asta<\/p>\n<p><strong>METEO<\/strong> Temporali in E-R, allerta arancione sul Delta per il Po La criticit\u00e0 \u00e8 riferita al passaggio della piena<\/p>\n<p><strong>PADOVA<\/strong> Humala dirige il violinista Gringolts in concerto Protagonista la Russia sinfonica<\/p>\n<p><strong>PADOVA<\/strong> Coop Alleanza 3.0,un dovere civico chiudere 25 aprile e 1 maggio &#8216;Importante celebrare queste giornate e i valori che incarnano&#8217;<\/p>\n<p><strong>PALLAVOLO:<\/strong> donne; Milano ko, Conegliano campione d&#8217;Italia Venete vincono in tre set anche gara-3 della finale scudetto<\/p>\n<h1><span style=\"color: #ff0000;\"><span style=\"color: #0000ff;\">ULTIM&#8217;ORA<\/span> <span style=\"color: #000000;\">AUDIO dalle sette del mattino, ogni ora alla radio EDIZIONE DELLE SETTE<\/span><\/span><\/h1>\n<audio class=\"wp-audio-shortcode\" id=\"audio-446112-5\" preload=\"none\" style=\"width: 100%;\" controls=\"controls\"><source type=\"audio\/mpeg\" src=\"https:\/\/www.radiopiu.net\/wordpress\/wp-content\/uploads\/2025\/04\/giornale07-19.mp3?_=5\" \/><a href=\"https:\/\/www.radiopiu.net\/wordpress\/wp-content\/uploads\/2025\/04\/giornale07-19.mp3\">https:\/\/www.radiopiu.net\/wordpress\/wp-content\/uploads\/2025\/04\/giornale07-19.mp3<\/a><\/audio>\n<p>&nbsp;<\/p>\n<p>&nbsp;<\/p>\n<p>&nbsp;<\/p>\n<hr \/>\n<p>&nbsp;<\/p>\n<p>&nbsp;<\/p>\n<h1><span style=\"color: #ff0000;\"><a class=\"dt-pswp-item\" href=\"https:\/\/www.radiopiu.net\/wordpress\/wp-content\/uploads\/2024\/11\/8.jpg\" data-dt-img-description=\"\" data-large_image_width=\"180\" data-large_image_height=\"180\"><img loading=\"lazy\" decoding=\"async\" class=\"size-full wp-image-417910 alignleft\" src=\"https:\/\/www.radiopiu.net\/wordpress\/wp-content\/uploads\/2024\/11\/8.jpg\" alt=\"\" width=\"180\" height=\"180\" srcset=\"https:\/\/www.radiopiu.net\/wordpress\/wp-content\/uploads\/2024\/11\/8.jpg 180w, https:\/\/www.radiopiu.net\/wordpress\/wp-content\/uploads\/2024\/11\/8-150x150.jpg 150w\" sizes=\"auto, (max-width: 180px) 100vw, 180px\" \/><\/a>I podcast informativi del mattino &#8211; video &#8211;\u00a0<\/span><\/h1>\n<h2 style=\"text-align: left;\"><strong>RASSEGNA STAMPA LOCALE, ORE OTTO<\/strong><\/h2>\n<h2><strong> <span style=\"color: #0000ff;\">viene\u00a0 <\/span><\/strong><strong><span style=\"color: #0000ff;\">pubblicata alle 8.05 <span style=\"color: #ff0000;\">DIRETTA RADIO\u00a0 \u00a0<\/span><\/span><\/strong><strong>DI MIRKO MEZZACASA<\/strong><\/h2>\n<blockquote>\n<p data-start=\"0\" data-end=\"64\">\n<\/blockquote>\n<h1><span style=\"color: #ff0000;\"><strong>VIDEO\u00a0 \u00a0in diretta AGGIORNAMENTO\u00a0 dalle 8 del mattino\u00a0 <\/strong><\/span><\/h1>\n<h1><span style=\"color: #ff0000;\"><strong><br \/>\ncorriere delle alpi<\/strong><\/span><\/h1>\n<h1><span style=\"color: #ff0000;\"><strong><a class=\"dt-pswp-item\" href=\"https:\/\/www.radiopiu.net\/wordpress\/wp-content\/uploads\/2025\/04\/COOP1-8.jpg\" data-dt-img-description=\"\" data-large_image_width=\"539\" data-large_image_height=\"206\">\u00a0<\/a><a class=\"dt-pswp-item\" href=\"https:\/\/www.radiopiu.net\/wordpress\/wp-content\/uploads\/2025\/04\/Immagine-2025-04-23-054631.jpg\" data-dt-img-description=\"\" data-large_image_width=\"471\" data-large_image_height=\"264\"><img loading=\"lazy\" decoding=\"async\" class=\"alignnone size-medium wp-image-446286\" src=\"https:\/\/www.radiopiu.net\/wordpress\/wp-content\/uploads\/2025\/04\/Immagine-2025-04-23-054631-300x168.jpg\" alt=\"\" width=\"300\" height=\"168\" srcset=\"https:\/\/www.radiopiu.net\/wordpress\/wp-content\/uploads\/2025\/04\/Immagine-2025-04-23-054631-300x168.jpg 300w, https:\/\/www.radiopiu.net\/wordpress\/wp-content\/uploads\/2025\/04\/Immagine-2025-04-23-054631.jpg 471w\" sizes=\"auto, (max-width: 300px) 100vw, 300px\" \/><\/a> \u00a0<\/strong><\/span><\/h1>\n<p>&nbsp;<\/p>\n<p><iframe loading=\"lazy\" title=\"DAL 1983 LA RASSEGNA STAMPA LOCALE di mirko mezzacasa. L&#039;ORIGINALE\" width=\"1200\" height=\"675\" src=\"https:\/\/www.youtube.com\/embed\/3mDS417__Gc?feature=oembed\" frameborder=\"0\" allow=\"accelerometer; autoplay; clipboard-write; encrypted-media; gyroscope; picture-in-picture; web-share\" referrerpolicy=\"strict-origin-when-cross-origin\" allowfullscreen><\/iframe><\/p>\n<p>&nbsp;<\/p>\n<hr \/>\n<p>&nbsp;<\/p>\n<p>&nbsp;<\/p>\n<p>&nbsp;<\/p>\n<p><strong><a class=\"dt-pswp-item\" href=\"https:\/\/www.radiopiu.net\/wordpress\/wp-content\/uploads\/2023\/12\/ANTENNA.png\" data-dt-img-description=\"\" data-large_image_width=\"300\" data-large_image_height=\"166\"><img loading=\"lazy\" decoding=\"async\" class=\"wp-image-366306 alignright\" src=\"https:\/\/www.radiopiu.net\/wordpress\/wp-content\/uploads\/2023\/12\/ANTENNA.png\" alt=\"\" width=\"101\" height=\"56\" \/><\/a><a class=\"dt-pswp-item\" href=\"https:\/\/www.radiopiu.net\/wordpress\/wp-content\/uploads\/2024\/11\/th-17.jpg\" data-dt-img-description=\"\" data-large_image_width=\"224\" data-large_image_height=\"180\"><img loading=\"lazy\" decoding=\"async\" class=\" wp-image-421610 alignleft\" src=\"https:\/\/www.radiopiu.net\/wordpress\/wp-content\/uploads\/2024\/11\/th-17.jpg\" alt=\"\" width=\"167\" height=\"134\" \/><\/a>ogni sera alle 19 le anticipazioni alla radio, quello che poi seguirete nel TELEGIORNALE BELLUNESE\u00a0 in onda alle 19.30 sul CANALE 10 del digitale terrestre.\u00a0\u00a0<\/strong><\/p>\n<p><b>\u00a0\u00a0<\/b><\/p>\n<h1><span style=\"color: #ff0000;\"><strong>LE ANTICIPAZIONI DI FABIO FIORAVANZI<\/strong><\/span><\/h1>\n<audio class=\"wp-audio-shortcode\" id=\"audio-446112-6\" preload=\"none\" style=\"width: 100%;\" controls=\"controls\"><source type=\"audio\/mpeg\" src=\"https:\/\/www.radiopiu.net\/wordpress\/wp-content\/uploads\/2025\/04\/ANTENNA3-15.mp3?_=6\" \/><a href=\"https:\/\/www.radiopiu.net\/wordpress\/wp-content\/uploads\/2025\/04\/ANTENNA3-15.mp3\">https:\/\/www.radiopiu.net\/wordpress\/wp-content\/uploads\/2025\/04\/ANTENNA3-15.mp3<\/a><\/audio>\n<p>&nbsp;<\/p>\n<hr \/>\n<p>&nbsp;<\/p>\n<blockquote>\n<h3 class=\"entry-title\"><a class=\"dt-pswp-item\" href=\"https:\/\/www.radiopiu.net\/wordpress\/wp-content\/uploads\/2025\/04\/5cf08948-e6f1-4411-acae-c175ae7dec77.jpg\" data-dt-img-description=\"\" data-large_image_width=\"1280\" data-large_image_height=\"720\"><img loading=\"lazy\" decoding=\"async\" class=\" wp-image-445577 alignleft\" src=\"https:\/\/www.radiopiu.net\/wordpress\/wp-content\/uploads\/2025\/04\/5cf08948-e6f1-4411-acae-c175ae7dec77-300x169.jpg\" alt=\"\" width=\"259\" height=\"146\" srcset=\"https:\/\/www.radiopiu.net\/wordpress\/wp-content\/uploads\/2025\/04\/5cf08948-e6f1-4411-acae-c175ae7dec77-300x169.jpg 300w, https:\/\/www.radiopiu.net\/wordpress\/wp-content\/uploads\/2025\/04\/5cf08948-e6f1-4411-acae-c175ae7dec77-1024x576.jpg 1024w, https:\/\/www.radiopiu.net\/wordpress\/wp-content\/uploads\/2025\/04\/5cf08948-e6f1-4411-acae-c175ae7dec77-768x432.jpg 768w, https:\/\/www.radiopiu.net\/wordpress\/wp-content\/uploads\/2025\/04\/5cf08948-e6f1-4411-acae-c175ae7dec77.jpg 1280w\" sizes=\"auto, (max-width: 259px) 100vw, 259px\" \/><\/a>CHIUSURA REGIONALE 203 AGORDINA, BIVIO ROVEI E DELLA SP 347 DEL PASSO CEREDA E DURAN. STRADA CHIUSA DALLE 8 ALLE 17<\/h3>\n<\/blockquote>\n<p><strong>COLLE SANTA LUCIA <\/strong>Fino al 30 aprile dalle 8 alle 17.30 escluso sabato domenica e festivi, chiusura della regionale 203 agordina nel tratto bivio Rovei, bivio Rucav\u00e0. Interdizione totale per lavori di mitigazione del rischio caduta massi.<\/p>\n<p><strong>SEDICO<\/strong> Veneto Strade comunica che fino al 16 maggio, dalle 8 alle 17, sabati domeniche e festivi esclusi, la SP 347 del Passo Cereda e Duran sar\u00e0 interdetta al traffico in localit\u00e0 Fornesighe in comune di Val di Zoldo. Il traffico leggero con larghezza inferiore al 1,80 metri sar\u00e0 deviato in loco. La chiusura si rende necessaria per lavori di manutenzione ad acquedotto e fognatura.<\/p>\n<p>&nbsp;<\/p>\n<blockquote>\n<h3 data-start=\"0\" data-end=\"80\"><strong data-start=\"0\" data-end=\"80\">BELLUNO, VIA LAMBIOI E SOTTOCASTELLO: DIVIETI FINO AL 30 MAGGIO PER I LAVORI<\/strong><\/h3>\n<\/blockquote>\n<p data-start=\"0\" data-end=\"80\">Proseguono i lavori ai sottoservizi e alla pavimentazione di <strong data-start=\"143\" data-end=\"158\">via Lambioi<\/strong> e <strong data-start=\"161\" data-end=\"182\">via Sottocastello<\/strong>: da marted\u00ec <strong data-start=\"195\" data-end=\"230\">divieto di circolazione e sosta<\/strong> (con rimozione forzata) fino al 30 maggio, anche per i <strong data-start=\"286\" data-end=\"296\">pedoni<\/strong> nei tratti stretti dalle 7.30 alle 18, esclusi sabati e festivi. I lavori fanno parte del progetto del nuovo <strong data-start=\"406\" data-end=\"435\">parco fluviale di Lambioi<\/strong>.<\/p>\n<p>&nbsp;<\/p>\n<hr \/>\n<p>&nbsp;<\/p>\n<blockquote>\n<h3 class=\"photoswipe-wrapper\"><a class=\"dt-pswp-item pspw-wrap-ready\" href=\"https:\/\/www.radiopiu.net\/wordpress\/wp-content\/uploads\/2024\/12\/Logo_SibPAYOFF.jpg\" data-dt-img-description=\"\" data-large_image_width=\"1536\" data-large_image_height=\"391\"><img loading=\"lazy\" decoding=\"async\" class=\"wp-image-426474 alignleft\" src=\"https:\/\/www.radiopiu.net\/wordpress\/wp-content\/uploads\/2024\/12\/Logo_SibPAYOFF-300x76.jpg\" sizes=\"auto, (max-width: 162px) 100vw, 162px\" srcset=\"https:\/\/www.radiopiu.net\/wordpress\/wp-content\/uploads\/2024\/12\/Logo_SibPAYOFF-300x76.jpg 300w, https:\/\/www.radiopiu.net\/wordpress\/wp-content\/uploads\/2024\/12\/Logo_SibPAYOFF-1024x261.jpg 1024w, https:\/\/www.radiopiu.net\/wordpress\/wp-content\/uploads\/2024\/12\/Logo_SibPAYOFF-768x196.jpg 768w, https:\/\/www.radiopiu.net\/wordpress\/wp-content\/uploads\/2024\/12\/Logo_SibPAYOFF.jpg 1536w\" alt=\"\" width=\"162\" height=\"41\" \/><\/a>SIB INFORMA<\/h3>\n<\/blockquote>\n<p><strong>SAN TOMASO<\/strong> per lavori alla rete idrica comunale, fino a gioved\u00ec dalle ore 8 alle ore 17 potrebbe mancare l&#8217;acqua a San Tomaso Agordino, nelle Localit\u00e0 Pecol e Piaia<\/p>\n<p>&nbsp;<\/p>\n<p>&nbsp;<\/p>\n<hr \/>\n<p>&nbsp;<\/p>\n<blockquote>\n<p class=\"\" data-start=\"0\" data-end=\"65\"><strong data-start=\"0\" data-end=\"65\">SP 148: ASFALTO NUOVO PER IL GIRO D\u2019ITALIA, CHIUSURE IN VISTA<\/strong><\/p>\n<\/blockquote>\n<p><strong data-start=\"67\" data-end=\"79\">FELTRINO<\/strong> \u2013 In vista del passaggio del Giro d\u2019Italia del 25 maggio, Veneto Strade avvier\u00e0 il rifacimento dell\u2019asfalto sulla\u00a0SP 148, da\u00a0Menaor a Caupo, interessando anche\u00a0Fonzaso\u00a0e\u00a0Arsi\u00e8. La strada sar\u00e0\u00a0chiusa al traffico dal 22 aprile al 15 maggio, dalle\u00a08 alle 12\u00a0e\u00a013 alle 17, esclusi sabati, domeniche e festivi<\/p>\n<p>&nbsp;<\/p>\n<hr \/>\n<p>&nbsp;<\/p>\n<blockquote>\n<h3>TRAGEDIA A LAMON: PADRE UCCIDE IL FIGLIO DI 17 ANNI E POI SI TOGLIE LA VITA<\/h3>\n<\/blockquote>\n<p class=\"\" data-start=\"174\" data-end=\"269\"><strong data-start=\"174\" data-end=\"269\">La coppia era separata da due anni, ma condivideva ancora la casa dove \u00e8 avvenuto il dramma<\/strong><\/p>\n<p class=\"\" data-start=\"271\" data-end=\"558\"><strong>LAMON<\/strong> \u2013IN COLLABORAZIONE CON <strong>RADIO PRIMIERO<\/strong><\/p>\n<p><img decoding=\"async\" class=\"alignleft\" src=\"https:\/\/www.radiopiu.net\/wordpress\/wp-content\/uploads\/2025\/04\/Immagine-2025-04-23-045225.jpg\" \/>Il fatto \u00e8 accaduto ieri pomeriggio martedi alle 17, il genitore di 48 anni ha prima ucciso il figlio di 17 anni con coltello e poi si \u00e8 tolto la vita sparandosi.I vicini di casa hanno sentito le urla e hanno dato l&#8217;allarme, un caso di omicidio-suicidio.Il fatto \u00e8 avvenuto nell\u2019abitazione di Oltra in comune di Lamon, le vittime sono pap\u00e0 e figlio. A dare l&#8217;allarme, poco prima delle 17 sono stati alcuni vicini di casa che hanno sentito delle urla e poi gli spari.<\/p>\n<p>Dalle prime informazioni pare che il padre, al culmine di una lite, abbia colpito il figlio dapprima con delle coltellate e poi si sia sparato con una pistola per bovini o un fucile da caccia. Sul posto i carabinieri del Comando di Feltre, con il magistrato in turno di Belluno, per definire i contorni di questa tragedia familiare. Inizialmente erano intervenuti anche l&#8217;ambulanza e l&#8217;elicottero del Suem in un tentativo disperato di salvare almeno una delle due vite ma non c&#8217;\u00e8 stato niente da fare.Parte della famiglia \u00e8 di origine balcanica, con loro viveva anche la moglie e madre della vittima, probabilmente fuori casa per lavoro. Del nucleo famigliare fa parte anche una figlia pi\u00f9 piccola, al sicuro insieme alla madre.La famiglia, secondo quanto appreso, era ben integrata e fa parte della piccola comunit\u00e0 di Oltra dove risiedono una trentina di persone. Questa tragedia ha scosso profondamente la comunit\u00e0 di Lamon.<\/p>\n<p>&nbsp;<\/p>\n<p>&nbsp;<\/p>\n<hr \/>\n<p>&nbsp;<\/p>\n<blockquote>\n<h3>\u00c8 MORTO DON SERGIO PELLIZZARI, SACERDOTE DAL CUORE GRANDE E DALLA LUNGA MISSIONE PASTORALE<\/h3>\n<\/blockquote>\n<p><strong><a class=\"dt-pswp-item\" href=\"https:\/\/www.radiopiu.net\/wordpress\/wp-content\/uploads\/2025\/04\/DON-SERGIO-PELLIZZARI.jpg\" data-dt-img-description=\"\" data-large_image_width=\"800\" data-large_image_height=\"562\"><img loading=\"lazy\" decoding=\"async\" class=\" wp-image-446183 alignleft\" src=\"https:\/\/www.radiopiu.net\/wordpress\/wp-content\/uploads\/2025\/04\/DON-SERGIO-PELLIZZARI-300x211.jpg\" alt=\"\" width=\"208\" height=\"146\" srcset=\"https:\/\/www.radiopiu.net\/wordpress\/wp-content\/uploads\/2025\/04\/DON-SERGIO-PELLIZZARI-300x211.jpg 300w, https:\/\/www.radiopiu.net\/wordpress\/wp-content\/uploads\/2025\/04\/DON-SERGIO-PELLIZZARI-768x540.jpg 768w, https:\/\/www.radiopiu.net\/wordpress\/wp-content\/uploads\/2025\/04\/DON-SERGIO-PELLIZZARI.jpg 800w\" sizes=\"auto, (max-width: 208px) 100vw, 208px\" \/><\/a>BELLUNO <\/strong>\u00c8 morto all\u2019et\u00e0 di 84 anni don Sergio Pellizzari, presso la Casa Padre Kolbe di Pedavena. Nato a Mel il 31 luglio 1940, fu ordinato sacerdote nel 1965 dal vescovo Albino Luciani, futuro papa Giovanni Paolo I. Dopo gli studi alla Pontificia Universit\u00e0 Lateranense, rientr\u00f2 in diocesi come educatore e insegnante nel seminario di Vittorio Veneto. Ricopr\u00ec numerosi incarichi: cappellano in diverse parrocchie, consigliere nella Commissione liturgica diocesana, insegnante, parroco e vicario zonale. Nel 1988 pass\u00f2 alla diocesi di Belluno-Feltre, dove fu parroco a Libano, poi a Castellavazzo, Podenzoi, Selva di Cadore, Colle Santa Lucia e Pescul. Fu anche direttore dell\u2019Apostolato della Preghiera e assistente religioso all\u2019Ospedale San Martino di Belluno. Nel 2024 le condizioni di salute lo portarono al ricovero. \u00c8 ricordato come un sacerdote dall\u2019apparenza severa, ma dal cuore grande e dallo sguardo profondo. Le esequie si terranno domani alle 10 nella Cattedrale di Belluno. Riposer\u00e0 nel cimitero di Mel. (FOTO: Diocesi Belluno-Feltre)<\/p>\n<p><strong>LE CONDOGLIANZE DALL&#8217;ULSS 1 DOLOMITI<\/strong><\/p>\n<p>L\u2019Ulss Dolomiti ha appreso con profondo dolore della chiamata alla Casa del Padre di don Sergio Pellizzari, da 9 anni instancabile e generoso cappellano dell\u2019ospedale di Belluno, dopo una malattia che ha affrontato con grande dignit\u00e0 e coraggio. \u201cIn questi anni abbiamo potuto apprezzare la sua umanit\u00e0, il suo spirito di servizio e il suo grande cuore\u201d ricorda il commissario Giuseppe Dal Ben \u201cha accompagnato tante persone nel loro percorso di cura e anche nel fine vita. Lo ricordiamo con stima, ammirazione e profonda gratitudine\u201d. Il feretro di don Sergio sar\u00e0 presente da domani alle 15.00 nella cappella dell\u2019ospedale San Martino dove sar\u00e0 recitato il rosario. L\u2019Ulss Dolomiti esprime vicinanza al Vescovo Renato, ai confratelli e alla famiglia del caro don Sergio.<\/p>\n<p>&nbsp;<\/p>\n<hr \/>\n<p>&nbsp;<\/p>\n<blockquote>\n<h3><img loading=\"lazy\" decoding=\"async\" class=\"alignleft\" src=\"https:\/\/www.radiopiu.net\/wordpress\/wp-content\/uploads\/2025\/04\/SCR-20250420-qrqu.jpeg\" width=\"204\" height=\"159\" \/>OGGI A CORTINA L&#8217;ULTIMO SALUTO A CARLO ORLANDI<\/h3>\n<\/blockquote>\n<p class=\"\" data-start=\"44\" data-end=\"600\">Si terranno oggi alle 15 in basilica i funerali di Carlo Orlandi, 58 anni, ristoratore e volontario molto conosciuto ad Ampezzo. Il titolare dell\u2019hotel ristorante \u201cda Beppe Sello\u201d era scomparso la mattina di Pasqua, ritrovato senza vita il giorno di Pasquetta in un bosco a Cianzop\u00e8, grazie all\u2019intervento di oltre 100 soccorritori. Le circostanze del decesso sono risultate chiare, tanto che la Procura ha disposto solo l\u2019ispezione esterna. Orlandi lascia la moglie Michela e la figlia Ludovica. Oggi l\u2019ultimo saluto, anche da parte del mondo dello sport.<\/p>\n<p>&nbsp;<\/p>\n<p>&nbsp;<\/p>\n<hr \/>\n<p>&nbsp;<\/p>\n<blockquote>\n<p class=\"\" data-start=\"0\" data-end=\"65\"><strong data-start=\"0\" data-end=\"65\"><a class=\"dt-pswp-item\" href=\"https:\/\/www.radiopiu.net\/wordpress\/wp-content\/uploads\/2025\/04\/Immagine-2025-04-23-050945.jpg\" data-dt-img-description=\"\" data-large_image_width=\"248\" data-large_image_height=\"245\"><img loading=\"lazy\" decoding=\"async\" class=\"wp-image-446271 alignleft\" src=\"https:\/\/www.radiopiu.net\/wordpress\/wp-content\/uploads\/2025\/04\/Immagine-2025-04-23-050945.jpg\" alt=\"\" width=\"137\" height=\"135\" \/><\/a>ADDIO A GIANFRANCO PANDOLFO, PIONIERE DELL\u2019INDUSTRIA ITALIANA<\/strong><\/p>\n<\/blockquote>\n<p class=\"\" data-start=\"67\" data-end=\"640\">Si \u00e8 spento all\u2019et\u00e0 di 88 anni Gianfranco Pandolfo, fondatore della Pandolfo Alluminio Spa, azienda leader nell\u2019alluminio con stabilimenti a Padova, Feltre e Lentiai. Imprenditore visionario, nel 1969 intu\u00ec il potenziale dell\u2019alluminio e costru\u00ec un\u2019impresa basata su innovazione, qualit\u00e0 e relazioni umane. Nel 2009 lanci\u00f2 anche la moderna fonderia di Maniago, realt\u00e0 all\u2019avanguardia nell\u2019economia circolare. Stimato per rigore e umanit\u00e0, lascia la moglie Carla, il figlio Vincenzo e due nipoti. I funerali si terranno domani alle 15.30 nel Duomo di Padova.<\/p>\n<p>&nbsp;<\/p>\n<p>&nbsp;<\/p>\n<hr \/>\n<p>&nbsp;<\/p>\n<blockquote>\n<h3>LA MAPPATURA DEI DEFIBRILLATORI IN PROVINCIA DI BELLUNO. SONO 191 GLI STRUMENTI DISPONIBILI<\/h3>\n<\/blockquote>\n<p><strong><a class=\"dt-pswp-item\" href=\"https:\/\/www.radiopiu.net\/wordpress\/wp-content\/uploads\/2025\/04\/2499582a-bdc0-4224-b6a7-38818eba9e03-scaled.jpg\" data-dt-img-description=\"\" data-large_image_width=\"2560\" data-large_image_height=\"1920\"><img loading=\"lazy\" decoding=\"async\" class=\" wp-image-446174 alignleft\" src=\"https:\/\/www.radiopiu.net\/wordpress\/wp-content\/uploads\/2025\/04\/2499582a-bdc0-4224-b6a7-38818eba9e03-300x225.jpg\" alt=\"\" width=\"179\" height=\"134\" srcset=\"https:\/\/www.radiopiu.net\/wordpress\/wp-content\/uploads\/2025\/04\/2499582a-bdc0-4224-b6a7-38818eba9e03-300x225.jpg 300w, https:\/\/www.radiopiu.net\/wordpress\/wp-content\/uploads\/2025\/04\/2499582a-bdc0-4224-b6a7-38818eba9e03-1024x768.jpg 1024w, https:\/\/www.radiopiu.net\/wordpress\/wp-content\/uploads\/2025\/04\/2499582a-bdc0-4224-b6a7-38818eba9e03-768x576.jpg 768w, https:\/\/www.radiopiu.net\/wordpress\/wp-content\/uploads\/2025\/04\/2499582a-bdc0-4224-b6a7-38818eba9e03-1536x1152.jpg 1536w, https:\/\/www.radiopiu.net\/wordpress\/wp-content\/uploads\/2025\/04\/2499582a-bdc0-4224-b6a7-38818eba9e03-2048x1536.jpg 2048w\" sizes=\"auto, (max-width: 179px) 100vw, 179px\" \/><\/a>BELLUNO<\/strong> Provincia di Belluno e Lions Club uniti per la mappatura dei defibrillatori in provincia: una quarantina i comuni che hanno almeno un&#8217;apparecchiatura esterna, sono 191 le strumentazioni censite in tutto il territorio.<\/p>\n<p><strong>DI DANIELE DALVIT<\/strong><\/p>\n<audio class=\"wp-audio-shortcode\" id=\"audio-446112-7\" preload=\"none\" style=\"width: 100%;\" controls=\"controls\"><source type=\"audio\/mpeg\" src=\"https:\/\/www.radiopiu.net\/wordpress\/wp-content\/uploads\/2025\/04\/Servizio-Mappa-defibrillatori-Provincia-Lions.mp3?_=7\" \/><a href=\"https:\/\/www.radiopiu.net\/wordpress\/wp-content\/uploads\/2025\/04\/Servizio-Mappa-defibrillatori-Provincia-Lions.mp3\">https:\/\/www.radiopiu.net\/wordpress\/wp-content\/uploads\/2025\/04\/Servizio-Mappa-defibrillatori-Provincia-Lions.mp3<\/a><\/audio>\n<p>&nbsp;<\/p>\n<hr \/>\n<p>&nbsp;<\/p>\n<blockquote>\n<h3>CANALE D\u2019AGORDO PIANGE PAPA FRANCESCO E RICORDA IL SUO LEGAME CON PAPA LUCIANI E IL MAESTRO YAN ZHANG<\/h3>\n<\/blockquote>\n<p><strong><a class=\"dt-pswp-item\" href=\"https:\/\/www.radiopiu.net\/wordpress\/wp-content\/uploads\/2025\/04\/Il-bacio-della-reliquia-del-Beato-Luciani-portata-dalla-nipote-Lina-Petri-4.9.2022-scaled.jpg\" data-dt-img-description=\"\" data-large_image_width=\"2560\" data-large_image_height=\"1707\"><img loading=\"lazy\" decoding=\"async\" class=\" wp-image-446208 alignleft\" src=\"https:\/\/www.radiopiu.net\/wordpress\/wp-content\/uploads\/2025\/04\/Il-bacio-della-reliquia-del-Beato-Luciani-portata-dalla-nipote-Lina-Petri-4.9.2022-300x200.jpg\" alt=\"\" width=\"198\" height=\"132\" srcset=\"https:\/\/www.radiopiu.net\/wordpress\/wp-content\/uploads\/2025\/04\/Il-bacio-della-reliquia-del-Beato-Luciani-portata-dalla-nipote-Lina-Petri-4.9.2022-300x200.jpg 300w, https:\/\/www.radiopiu.net\/wordpress\/wp-content\/uploads\/2025\/04\/Il-bacio-della-reliquia-del-Beato-Luciani-portata-dalla-nipote-Lina-Petri-4.9.2022-1024x683.jpg 1024w, https:\/\/www.radiopiu.net\/wordpress\/wp-content\/uploads\/2025\/04\/Il-bacio-della-reliquia-del-Beato-Luciani-portata-dalla-nipote-Lina-Petri-4.9.2022-768x512.jpg 768w, https:\/\/www.radiopiu.net\/wordpress\/wp-content\/uploads\/2025\/04\/Il-bacio-della-reliquia-del-Beato-Luciani-portata-dalla-nipote-Lina-Petri-4.9.2022-1536x1024.jpg 1536w, https:\/\/www.radiopiu.net\/wordpress\/wp-content\/uploads\/2025\/04\/Il-bacio-della-reliquia-del-Beato-Luciani-portata-dalla-nipote-Lina-Petri-4.9.2022-2048x1365.jpg 2048w\" sizes=\"auto, (max-width: 198px) 100vw, 198px\" \/><\/a>CANALE D&#8217;AGORDO <\/strong>La Fondazione Papa Luciani di Canale d\u2019Agordo esprime profondo cordoglio per la morte di Papa Francesco, avvenuta il Luned\u00ec dell\u2019Angelo alle 7:35. Il presidente Massimo Murer e l\u2019amministratore Loris Serafini ricordano con affetto il pontefice, sottolineando la sua umanit\u00e0, il linguaggio semplice e diretto, simile a quello del Beato Giovanni Paolo I. Fin dal 2013, Canale d\u2019Agordo lo aveva invitato a visitare i luoghi natali di papa Luciani, per la comunanza di stile e di attenzione verso gli ultimi: migranti, carcerati, poveri, vittime di guerra. Papa Francesco fu determinante per la beatificazione di Luciani, dichiarandone la venerabilit\u00e0 nel 2017 e presiedendo la cerimonia in Piazza San Pietro nel 2022. Le sue parole durante l\u2019omelia e l\u2019Angelus rimangono nel cuore della comunit\u00e0. Viene ricordato anche l\u2019incontro del 2023 con i rappresentanti del Comune, a cui confess\u00f2 di essere gi\u00e0 stato nelle Dolomiti. Insieme a lui, viene commemorato il maestro Yan Zhang, autore dell\u2019arazzo della beatificazione, scomparso a Roma il Venerd\u00ec Santo 2025. Non cristiano, ma amico del Cristianesimo, partecip\u00f2 attivamente alle celebrazioni in onore di papa Luciani.<\/p>\n<p>&nbsp;<\/p>\n<h2><span style=\"color: #ff0000;\">BANDIERE A MEZZ&#8217;ASTA PER LA MORTE DI PAPA FRANCESCO<\/span><\/h2>\n<p><strong>PALAZZO BALBI A VENEZIA SEDE DELLA REGIONE VENETO<\/strong><\/p>\n<p><a class=\"dt-pswp-item\" href=\"https:\/\/www.radiopiu.net\/wordpress\/wp-content\/uploads\/2025\/04\/WhatsApp-Image-2025-04-22-at-11.04.03.jpeg\" data-dt-img-description=\"\" data-large_image_width=\"1600\" data-large_image_height=\"1185\"><img loading=\"lazy\" decoding=\"async\" class=\"alignnone wp-image-446178 size-large\" src=\"https:\/\/www.radiopiu.net\/wordpress\/wp-content\/uploads\/2025\/04\/WhatsApp-Image-2025-04-22-at-11.04.03-1024x758.jpeg\" alt=\"\" width=\"1024\" height=\"758\" srcset=\"https:\/\/www.radiopiu.net\/wordpress\/wp-content\/uploads\/2025\/04\/WhatsApp-Image-2025-04-22-at-11.04.03-1024x758.jpeg 1024w, https:\/\/www.radiopiu.net\/wordpress\/wp-content\/uploads\/2025\/04\/WhatsApp-Image-2025-04-22-at-11.04.03-300x222.jpeg 300w, https:\/\/www.radiopiu.net\/wordpress\/wp-content\/uploads\/2025\/04\/WhatsApp-Image-2025-04-22-at-11.04.03-768x569.jpeg 768w, https:\/\/www.radiopiu.net\/wordpress\/wp-content\/uploads\/2025\/04\/WhatsApp-Image-2025-04-22-at-11.04.03-1536x1138.jpeg 1536w, https:\/\/www.radiopiu.net\/wordpress\/wp-content\/uploads\/2025\/04\/WhatsApp-Image-2025-04-22-at-11.04.03.jpeg 1600w\" sizes=\"auto, (max-width: 1024px) 100vw, 1024px\" \/><\/a><\/p>\n<p>&nbsp;<\/p>\n<p>&nbsp;<\/p>\n<hr \/>\n<p>&nbsp;<\/p>\n<blockquote>\n<h3>GRAZIE, PAPA FRANCESCO: UN LEGAME CON LIBERA E GLI ULTIMI<\/h3>\n<\/blockquote>\n<p><a class=\"dt-pswp-item\" href=\"https:\/\/www.radiopiu.net\/wordpress\/wp-content\/uploads\/2023\/06\/LIBERA-AGORDINO.jpg\" data-dt-img-description=\"\" data-large_image_width=\"640\" data-large_image_height=\"640\"><img loading=\"lazy\" decoding=\"async\" class=\" wp-image-338852 alignleft\" src=\"https:\/\/www.radiopiu.net\/wordpress\/wp-content\/uploads\/2023\/06\/LIBERA-AGORDINO-300x300.jpg\" alt=\"\" width=\"208\" height=\"208\" srcset=\"https:\/\/www.radiopiu.net\/wordpress\/wp-content\/uploads\/2023\/06\/LIBERA-AGORDINO-300x300.jpg 300w, https:\/\/www.radiopiu.net\/wordpress\/wp-content\/uploads\/2023\/06\/LIBERA-AGORDINO-150x150.jpg 150w, https:\/\/www.radiopiu.net\/wordpress\/wp-content\/uploads\/2023\/06\/LIBERA-AGORDINO.jpg 640w\" sizes=\"auto, (max-width: 208px) 100vw, 208px\" \/><\/a>\u00abBenedico questa vostra scelta, e vi incoraggio ad andare avanti. Immagino che ci siano momenti di paura, di smarrimento, \u00e8 normale. In questi momenti pensate al Signore Ges\u00f9 che cammina al vostro fianco. Non siete sole, continuate a lottare\u00bb.<br \/>\nSono le parole, riportate da don Luigi Ciotti nella postfazione al libro \u201cLibera. Storia di Anna\u201d di Alessandra Ziniti, che papa Francesco rivolse, il 30 ottobre 2023, a un gruppo di donne con i loro figli, reduci da esperienze di allontanamento da contesti famigliari di tipo mafioso.<br \/>\n\u00abUna nuova e indimenticabile tappa\u00bb &#8211; la definisce don Ciotti \u2013 del progetto \u201cLiberi di scegliere\u201d che punta ad agevolare minori e adulti che desiderano lasciare contestidi origine segnati dall\u2019appartenenza mafiosa.<br \/>\nCome Presidio agordino di Libera \u201cLucia Precenzano e Salvatore Aversa\u201d ci piace ricordarle oggi, quelle parole, per salutare con stima e gratitudine Jorge Mario Bergoglio, papa Francesco, morto luned\u00ec.<br \/>\nAnche attraverso la costante testimonianza di don Ciotti, che tante volte ha citato Francesco nei suoi interventi pubblici, abbiamo sempre sentito il papa vicino a \u201cLibera\u201d e alle persone impegnate nel fare memoria delle vittime innocenti delle mafie e nel contribuire a costruire una societ\u00e0 pi\u00f9 giusta. Nei dodici anni di pontificato non ha mai mancato di dare sostegno a chi \u00e8 pi\u00f9 in difficolt\u00e0, agli \u201cultimi\u201d, come oggi i giornali li hanno definiti. Lo ha fatto con i migranti, con i carcerati, con i poveri, con gli emarginati. Ha contribuito a portare all\u2019attenzione generale la questione ambientale con l\u2019enciclica \u201cLaudato si\u2019\u201d, ha ricordato all\u2019opinione pubblica l\u2019esistenza di conflitti dimenticati, scuotendo le nostre coscienze.<br \/>\nGrazie, papa Francesco.<\/p>\n<p>&nbsp;<\/p>\n<hr \/>\n<p>&nbsp;<\/p>\n<blockquote>\n<h2>SASSATE AL CIRCOLO AMICI DI MAS E PERON: VANDALI IN AZIONE NEL WEEKEND DI PASQUA<\/h2>\n<\/blockquote>\n<p class=\"\" style=\"text-align: left;\" data-start=\"86\" data-end=\"677\"><strong><img decoding=\"async\" class=\"alignleft\" src=\"https:\/\/www.radiopiu.net\/wordpress\/wp-content\/uploads\/2025\/04\/Immagine-2025-04-23-051715.jpg\" \/>SEDICO<\/strong><\/p>\n<article class=\"text-token-text-primary w-full\" dir=\"auto\" data-testid=\"conversation-turn-66\" data-scroll-anchor=\"true\">\n<div class=\"text-base my-auto mx-auto py-5 px-6\">\n<div class=\"mx-auto flex flex-1 text-base gap-4 md:gap-5 lg:gap-6 md:max-w-3xl lg:max-w-[40rem] xl:max-w-[48rem] group\/turn-messages focus-visible:outline-hidden\" tabindex=\"-1\">\n<div class=\"group\/conversation-turn relative flex w-full min-w-0 flex-col agent-turn @xs\/thread:px-0 @sm\/thread:px-1.5 @md\/thread:px-4\">\n<div class=\"relative flex-col gap-1 md:gap-3\">\n<div class=\"flex max-w-full flex-col grow\">\n<div class=\"min-h-8 text-message relative flex w-full flex-col items-end gap-2 text-start break-words whitespace-normal [.text-message+&amp;]:mt-5\" dir=\"auto\" data-message-author-role=\"assistant\" data-message-id=\"cad21d4f-fa89-412f-8567-f0527c3772f5\" data-message-model-slug=\"gpt-4o\">\n<div class=\"flex w-full flex-col gap-1 empty:hidden first:pt-[3px]\">\n<div class=\"markdown prose dark:prose-invert w-full break-words dark\">\n<p class=\"\" data-start=\"86\" data-end=\"677\">Scoperto nella sera di Pasquetta un atto vandalico al Circolo Amici di Mas e Peron: ignoti hanno sfondato una finestra con un sasso. Il danno, emerso in occasione di una gara di burraco, \u00e8 stato denunciato dal sindaco di Sedico Christian Roldo, che ha commentato amaramente sui social. Il sasso \u00e8 stato ritrovato sotto lo stipite e la finestra, a vetro camera, dovr\u00e0 essere sostituita. Il Comune valuter\u00e0 se l\u2019edificio \u00e8 coperto da assicurazione. Nei prossimi giorni sar\u00e0 formalizzata la denuncia ai carabinieri. Non \u00e8 escluso un collegamento con precedenti episodi di vandalismo nella zona.<\/p>\n<\/div>\n<\/div>\n<\/div>\n<\/div>\n<\/div>\n<\/div>\n<\/div>\n<\/div>\n<\/article>\n<p>&nbsp;<\/p>\n<p>&nbsp;<\/p>\n<hr \/>\n<p>&nbsp;<\/p>\n<blockquote>\n<p class=\"\" data-start=\"0\" data-end=\"62\"><strong data-start=\"0\" data-end=\"62\">BRUCIATURA SULL\u2019ALTARE A PUOS D\u2019ALPAGO, DON MOSCA DENUNCIA<\/strong><\/p>\n<\/blockquote>\n<p class=\"\" data-start=\"64\" data-end=\"598\"><strong>ALPAGO<\/strong> Una bruciatura sul panno dell\u2019altare nella chiesa di San Bartolomeo apostolo ha spinto don Christian Mosca a denunciare l&#8217;accaduto ai carabinieri per incendio o danneggiamento aggravato. Il fatto, avvenuto tra Pasqua e Pasquetta in una cappella laterale, \u00e8 stato scoperto prima della messa del luned\u00ec dell\u2019Angelo. I militari stanno verificando se si tratti di un gesto volontario o di un incidente, forse legato a una candela. Nessun altro danno rilevato. Non \u00e8 la prima anomalia segnalata nella chiesa, da qui l\u2019avvio delle indagini.<\/p>\n<p data-start=\"64\" data-end=\"598\">\n<p data-start=\"64\" data-end=\"598\">\n<p data-start=\"64\" data-end=\"598\">\n<hr \/>\n<blockquote>\n<h2 data-start=\"64\" data-end=\"598\"><a class=\"dt-pswp-item\" href=\"https:\/\/www.radiopiu.net\/wordpress\/wp-content\/uploads\/2025\/04\/7ea7aaf1-690e-4813-ad48-16b38de9fd37.png\" data-dt-img-description=\"\" data-large_image_width=\"1024\" data-large_image_height=\"1536\"><img loading=\"lazy\" decoding=\"async\" class=\"size-medium wp-image-446284 alignleft\" src=\"https:\/\/www.radiopiu.net\/wordpress\/wp-content\/uploads\/2025\/04\/7ea7aaf1-690e-4813-ad48-16b38de9fd37-200x300.png\" alt=\"\" width=\"200\" height=\"300\" srcset=\"https:\/\/www.radiopiu.net\/wordpress\/wp-content\/uploads\/2025\/04\/7ea7aaf1-690e-4813-ad48-16b38de9fd37-200x300.png 200w, https:\/\/www.radiopiu.net\/wordpress\/wp-content\/uploads\/2025\/04\/7ea7aaf1-690e-4813-ad48-16b38de9fd37-683x1024.png 683w, https:\/\/www.radiopiu.net\/wordpress\/wp-content\/uploads\/2025\/04\/7ea7aaf1-690e-4813-ad48-16b38de9fd37-768x1152.png 768w, https:\/\/www.radiopiu.net\/wordpress\/wp-content\/uploads\/2025\/04\/7ea7aaf1-690e-4813-ad48-16b38de9fd37.png 1024w\" sizes=\"auto, (max-width: 200px) 100vw, 200px\" \/><\/a>CALUNNIA ALL\u2019AMANTE: DENUNCIA FALSA PER STALKING<\/h2>\n<\/blockquote>\n<p class=\"\" data-start=\"0\" data-end=\"52\"><strong>LA GIUDIZIARIA OGGI<\/strong><br \/>\n<strong>SINTESI DAL CORRIERE DELLE ALPI<\/strong><br \/>\n<strong>GIGI SOSSO<\/strong><\/p>\n<p data-start=\"0\" data-end=\"52\"><strong>BELLUNO<\/strong>\u00a0 Una donna bellunese finisce a processo per calunnia dopo aver accusato l\u2019amante \u2013 da cui aspetterebbe un figlio \u2013 di stalking. Le indagini hanno smentito pedinamenti e appostamenti, rivelando solo una relazione clandestina. L\u2019uomo, assistito dall\u2019avvocato Levorato, si \u00e8 costituito parte civile e chieder\u00e0 un risarcimento.<\/p>\n<blockquote>\n<p class=\"\" data-start=\"0\" data-end=\"60\"><strong data-start=\"0\" data-end=\"60\">OMICIDIO COSTA: PEDRO DOMINGUEZ RITENUTO UNICO COLPEVOLE<br \/>\n<\/strong><em>Sedici anni a Dominguez e assoluzione per Cedano Sanchez<\/em><strong data-start=\"0\" data-end=\"60\"><br \/>\n<\/strong><\/p>\n<\/blockquote>\n<p class=\"\" data-start=\"62\" data-end=\"529\"><strong>FELTRE<\/strong> Pedro Livert Dominguez \u00e8 stato ritenuto colpevole dell\u2019omicidio di Antonio Costa, accoltellato con un colpo secco che ha trafitto il cuore. La Corte d\u2019Assise di Belluno, escludendo responsabilit\u00e0 di altri \u2013 incluso il co-imputato Junior Cedano Sanchez \u2013 ha stabilito che non ci sono dubbi sulla colpevolezza di Dominguez: nessun testimone ha fornito ricostruzioni alternative. Nessuna aggressione successiva \u00e8 stata segnalata, nonostante la presenza di molte persone.<\/p>\n<blockquote>\n<p class=\"\" data-start=\"0\" data-end=\"79\"><strong data-start=\"0\" data-end=\"79\">DUE RAGAZZI PATTEGGIANO, UNO CHIEDE LA MESSA ALLA PROVA<\/strong><\/p>\n<\/blockquote>\n<p class=\"\" data-start=\"81\" data-end=\"595\"><strong>CORTINA<\/strong>, una zuffa scatenata da un complimento non gradito ha portato a un processo per rissa. Tre uomini, coinvolti nell\u2019incidente del 2022, sono stati giudicati: due hanno patteggiato una pena di un mese e 24 giorni di reclusione, con la pena sospesa, mentre il terzo ha chiesto e ottenuto la messa alla prova. I fatti si sono verificati in corso Italia e hanno visto i litiganti ricorrere alle cure del pronto soccorso, con prognosi limitate. Il giudice ha fissato un\u2019ulteriore udienza per il terzo coinvolto.<\/p>\n<blockquote>\n<p class=\"\" data-start=\"0\" data-end=\"53\"><strong data-start=\"0\" data-end=\"53\">TURISTA BRASILIANO A PROCESSO PER FURTO A CORTINA<\/strong><\/p>\n<\/blockquote>\n<p class=\"\" data-start=\"55\" data-end=\"573\"><strong>CORTINA<\/strong> cittadina brasiliana residente a Chioggia, \u00e8 a processo per furto aggravato dopo aver rubato vari articoli in un grande magazzino di Cortina il 24 novembre di tre anni fa. La donna avrebbe prelevato prodotti come profumi, salame, cosmetici e marmellata, rimuovendo le placche anti-taccheggio. Il valore totale del furto ammonta a circa 350 euro. L&#8217;accusa include due aggravanti: la destrezza nel commettere il furto e l&#8217;aver rubato beni esposti alla pubblica fede. Il processo avr\u00e0 inizio il 7 ottobre.<\/p>\n<p>&nbsp;<\/p>\n<hr \/>\n<p>&nbsp;<\/p>\n<blockquote>\n<h3>SCUOLE APERTE DURANTE LE OLIMPIADI: DECISIONE UNANIME DEI SINDACI PER IL PRIMO CICLO, INCERTEZZA SULLE SUPERIORI<\/h3>\n<\/blockquote>\n<p><strong><a class=\"dt-pswp-item\" href=\"https:\/\/www.radiopiu.net\/wordpress\/wp-content\/uploads\/2020\/06\/palazzo_piloni_belluno.jpg\" data-dt-img-description=\"\" data-large_image_width=\"1000\" data-large_image_height=\"667\"><img loading=\"lazy\" decoding=\"async\" class=\" wp-image-144771 alignleft\" src=\"https:\/\/www.radiopiu.net\/wordpress\/wp-content\/uploads\/2020\/06\/palazzo_piloni_belluno-300x200.jpg\" alt=\"\" width=\"195\" height=\"130\" srcset=\"https:\/\/www.radiopiu.net\/wordpress\/wp-content\/uploads\/2020\/06\/palazzo_piloni_belluno-300x200.jpg 300w, https:\/\/www.radiopiu.net\/wordpress\/wp-content\/uploads\/2020\/06\/palazzo_piloni_belluno-768x512.jpg 768w, https:\/\/www.radiopiu.net\/wordpress\/wp-content\/uploads\/2020\/06\/palazzo_piloni_belluno.jpg 1000w\" sizes=\"auto, (max-width: 195px) 100vw, 195px\" \/><\/a>BELLUNO<\/strong> L\u2019assemblea dei sindaci, convocata dall\u2019amministrazione provinciale a Palazzo Piloni, ha deciso all\u2019unanimit\u00e0 di mantenere aperte le scuole del primo ciclo (asili, elementari e medie) durante le Olimpiadi, per tutelare il diritto allo studio e non creare disagi alle famiglie. Hanno partecipato anche dirigenti scolastici e rappresentanti degli istituti. Per quanto riguarda le scuole superiori, la decisione \u00e8 rimandata: il tema \u00e8 pi\u00f9 complesso e coinvolge viabilit\u00e0, ordine pubblico e trasporti. Il presidente della Provincia, Roberto Padrin, ha sottolineato che si attender\u00e0 un tavolo regionale con Regione, Prefettura e altri enti per decidere. A Cortina, la situazione sar\u00e0 valutata separatamente in base alle esigenze dell\u2019organizzazione olimpica<\/p>\n<p>&nbsp;<\/p>\n<p>&nbsp;<\/p>\n<hr \/>\n<p>&nbsp;<\/p>\n<blockquote>\n<h3>15 MILIONI DI EURO PER POTENZIARE IL SISTEMA DI PROTEZIONE CIVILE IN VENETO<\/h3>\n<\/blockquote>\n<p><strong>VENEZIA<\/strong> La Giunta regionale ha stanziato 15 milioni di euro per potenziare il sistema di Protezione Civile del Veneto, come annunciato dall\u2019assessore Gianpaolo Bottacin. I fondi saranno destinati al rafforzamento dei poli logistici decentrati, con un tetto massimo di 2 milioni per ente proponente e una compartecipazione minima del 10%. Le opere potranno riguardare magazzini, mezzi, attrezzature e sale operative, e dovranno essere concluse entro il 2028. Tra gli interventi previsti, anche l\u2019ampliamento del polo di Bonisiolo con la realizzazione di un magazzino e un centro di coordinamento. Le Province e la Citt\u00e0 Metropolitana di Venezia, insieme alla Regione, definiranno i progetti finanziabili. L&#8217;iniziativa segue l\u2019apertura della Sala Operativa H24, migliorando l\u2019efficienza complessiva del sistema.<\/p>\n<p><strong>L&#8217;ASSESSORE ALLA PROTEZIONE CIVILE DEL VENETO GIANPAOLO BOTTACIN<\/strong><\/p>\n<div style=\"width: 848px;\" class=\"wp-video\"><video class=\"wp-video-shortcode\" id=\"video-446112-1\" width=\"848\" height=\"480\" preload=\"metadata\" controls=\"controls\"><source type=\"video\/mp4\" src=\"https:\/\/www.radiopiu.net\/wordpress\/wp-content\/uploads\/2025\/04\/WhatsApp-Video-2025-04-22-at-17.50.40.mp4?_=1\" \/><a href=\"https:\/\/www.radiopiu.net\/wordpress\/wp-content\/uploads\/2025\/04\/WhatsApp-Video-2025-04-22-at-17.50.40.mp4\">https:\/\/www.radiopiu.net\/wordpress\/wp-content\/uploads\/2025\/04\/WhatsApp-Video-2025-04-22-at-17.50.40.mp4<\/a><\/video><\/div>\n<p>&nbsp;<\/p>\n<hr \/>\n<p>&nbsp;<\/p>\n<blockquote>\n<h3>INCONTRO SUL LUPO IN PREFETTURA. LA VICE PRESIDENTE DELLA PROVINCIA CALLEGARI CHIEDE LA GESTIONE ALLA PROVINCIA<\/h3>\n<\/blockquote>\n<p><strong><a class=\"dt-pswp-item\" href=\"https:\/\/www.radiopiu.net\/wordpress\/wp-content\/uploads\/2022\/12\/232b3d51-0a29-429d-b7f9-43596670b14c.jpg\" data-dt-img-description=\"\" data-large_image_width=\"1344\" data-large_image_height=\"756\"><img loading=\"lazy\" decoding=\"async\" class=\" wp-image-311528 alignleft\" src=\"https:\/\/www.radiopiu.net\/wordpress\/wp-content\/uploads\/2022\/12\/232b3d51-0a29-429d-b7f9-43596670b14c-300x169.jpg\" alt=\"\" width=\"183\" height=\"103\" srcset=\"https:\/\/www.radiopiu.net\/wordpress\/wp-content\/uploads\/2022\/12\/232b3d51-0a29-429d-b7f9-43596670b14c-300x169.jpg 300w, https:\/\/www.radiopiu.net\/wordpress\/wp-content\/uploads\/2022\/12\/232b3d51-0a29-429d-b7f9-43596670b14c-1024x576.jpg 1024w, https:\/\/www.radiopiu.net\/wordpress\/wp-content\/uploads\/2022\/12\/232b3d51-0a29-429d-b7f9-43596670b14c-768x432.jpg 768w, https:\/\/www.radiopiu.net\/wordpress\/wp-content\/uploads\/2022\/12\/232b3d51-0a29-429d-b7f9-43596670b14c.jpg 1344w\" sizes=\"auto, (max-width: 183px) 100vw, 183px\" \/><\/a>BELLUNO<\/strong> La vicepresidente di Palazzo Piloni, Silvia Calligaro, ha richiesto alla Regione di delegare alla Provincia di Belluno la gestione della presenza del lupo sul territorio. Negli ultimi giorni, sono aumentati gli avvistamenti, anche in aree urbane, sollevando preoccupazioni per la sicurezza della popolazione e per le attivit\u00e0 agricole. Calligaro ha sottolineato che la situazione \u00e8 diventata un problema non solo per l&#8217;agricoltura, ma anche per la sicurezza delle persone, soprattutto vicino ai centri abitati. Ha quindi chiesto alla Regione di concedere una delega per attivare misure di dissuasione, come l&#8217;uso di pallini di gomma, al fine di proteggere tanto il lavoro agricolo quanto la sicurezza delle comunit\u00e0 montane.<\/p>\n<p><strong>DI BARBARA PAOLAZZI<\/strong><\/p>\n<audio class=\"wp-audio-shortcode\" id=\"audio-446112-8\" preload=\"none\" style=\"width: 100%;\" controls=\"controls\"><source type=\"audio\/mpeg\" src=\"https:\/\/www.radiopiu.net\/wordpress\/wp-content\/uploads\/2025\/04\/PAOLAZZI-LUPO-PROVINCIA.mp3?_=8\" \/><a href=\"https:\/\/www.radiopiu.net\/wordpress\/wp-content\/uploads\/2025\/04\/PAOLAZZI-LUPO-PROVINCIA.mp3\">https:\/\/www.radiopiu.net\/wordpress\/wp-content\/uploads\/2025\/04\/PAOLAZZI-LUPO-PROVINCIA.mp3<\/a><\/audio>\n<p>&nbsp;<\/p>\n<hr \/>\n<p>&nbsp;<\/p>\n<blockquote>\n<h3>DE CARLO: &#8220;SERVE SUBITO UNA GESTIONE CONCRETA DEL LUPO PER TUTELARE CITTADINI E AGRICOLTURA&#8221;<\/h3>\n<\/blockquote>\n<p><strong><a class=\"dt-pswp-item\" href=\"https:\/\/www.radiopiu.net\/wordpress\/wp-content\/uploads\/2020\/05\/Luca-De-Carlo.jpg\" data-dt-img-description=\"\" data-large_image_width=\"165\" data-large_image_height=\"228\"><img loading=\"lazy\" decoding=\"async\" class=\" wp-image-138787 alignleft\" src=\"https:\/\/www.radiopiu.net\/wordpress\/wp-content\/uploads\/2020\/05\/Luca-De-Carlo.jpg\" alt=\"\" width=\"104\" height=\"144\" \/><\/a>ROMA<\/strong> Il senatore Luca De Carlo (Fratelli d\u2019Italia), presidente della IX Commissione del Senato, chiede interventi immediati per la gestione del lupo, in attesa della modifica della Direttiva Habitat dell\u2019UE. Sottolinea l\u2019urgenza di proteggere cittadini e agricoltura, vista la crescente presenza di lupi vicino ai centri abitati e le continue predazioni. De Carlo definisce la situazione della montagna veneta \u201cgrave\u201d e attribuisce il problema a anni di mancata gestione. Il declassamento del livello di protezione del lupo, oggetto della risoluzione di cui sar\u00e0 relatore, permetter\u00e0 maggiore flessibilit\u00e0 alle regioni. Ricorda inoltre che, grazie a un suo emendamento al DL Montagna, le regioni hanno gi\u00e0 pi\u00f9 strumenti per agire in casi specifici.<\/p>\n<p>&nbsp;<\/p>\n<p>&nbsp;<\/p>\n<hr \/>\n<p>&nbsp;<\/p>\n<blockquote>\n<h3>IMAP SOSTIENE LA CAMPAGNA 5X1000 DI SOCIET\u00c0 NUOVA CON SACCHETTI DEL PANE SOLIDALI<\/h3>\n<\/blockquote>\n<p><strong><a class=\"dt-pswp-item\" href=\"https:\/\/www.radiopiu.net\/wordpress\/wp-content\/uploads\/2025\/04\/Imap-Societa-Nuova_2025.jpeg\" data-dt-img-description=\"\" data-large_image_width=\"1600\" data-large_image_height=\"1200\"><img loading=\"lazy\" decoding=\"async\" class=\" wp-image-446171 alignleft\" src=\"https:\/\/www.radiopiu.net\/wordpress\/wp-content\/uploads\/2025\/04\/Imap-Societa-Nuova_2025-300x225.jpeg\" alt=\"\" width=\"149\" height=\"112\" srcset=\"https:\/\/www.radiopiu.net\/wordpress\/wp-content\/uploads\/2025\/04\/Imap-Societa-Nuova_2025-300x225.jpeg 300w, https:\/\/www.radiopiu.net\/wordpress\/wp-content\/uploads\/2025\/04\/Imap-Societa-Nuova_2025-1024x768.jpeg 1024w, https:\/\/www.radiopiu.net\/wordpress\/wp-content\/uploads\/2025\/04\/Imap-Societa-Nuova_2025-768x576.jpeg 768w, https:\/\/www.radiopiu.net\/wordpress\/wp-content\/uploads\/2025\/04\/Imap-Societa-Nuova_2025-1536x1152.jpeg 1536w, https:\/\/www.radiopiu.net\/wordpress\/wp-content\/uploads\/2025\/04\/Imap-Societa-Nuova_2025.jpeg 1600w\" sizes=\"auto, (max-width: 149px) 100vw, 149px\" \/><\/a>BELLUNO<\/strong> Per il secondo anno, l\u2019azienda Imap di Sedico sostiene la Cooperativa Societ\u00e0 Nuova nella campagna per il 5&#215;1000. L\u2019iniziativa prevede la distribuzione di sacchetti del pane con il codice fiscale della cooperativa, da usare nella dichiarazione dei redditi per devolvere parte dell\u2019Irpef a sostegno delle sue attivit\u00e0, in particolare il trasporto di persone con disabilit\u00e0 verso i laboratori di lavoro e socializzazione. I sacchetti vengono distribuiti in diversi panifici del Bellunese, dell\u2019Agordino e dell\u2019Alpago. Il presidente di Imap, Flavio Mares, sottolinea l\u2019impegno costante dell\u2019azienda nel sociale, dopo le bustine di zucchero realizzate l\u2019anno precedente. Federico Bristot, presidente di Societ\u00e0 Nuova, ringrazia per il sostegno e invita i cittadini a contribuire con il proprio 5&#215;1000.<\/p>\n<p>&nbsp;<\/p>\n<p>&nbsp;<\/p>\n<hr \/>\n<p>&nbsp;<\/p>\n<blockquote>\n<h3>BUONI GLI AFFLUSSI NEI SITI CULTURALI DI FELTRE<\/h3>\n<\/blockquote>\n<p><strong><a class=\"dt-pswp-item\" href=\"https:\/\/www.radiopiu.net\/wordpress\/wp-content\/uploads\/2024\/02\/Feltre-Piazza-Maggiore.jpg\" data-dt-img-description=\"\" data-large_image_width=\"1595\" data-large_image_height=\"1054\"><img loading=\"lazy\" decoding=\"async\" class=\" wp-image-375447 alignleft\" src=\"https:\/\/www.radiopiu.net\/wordpress\/wp-content\/uploads\/2024\/02\/Feltre-Piazza-Maggiore-300x198.jpg\" alt=\"\" width=\"195\" height=\"129\" srcset=\"https:\/\/www.radiopiu.net\/wordpress\/wp-content\/uploads\/2024\/02\/Feltre-Piazza-Maggiore-300x198.jpg 300w, https:\/\/www.radiopiu.net\/wordpress\/wp-content\/uploads\/2024\/02\/Feltre-Piazza-Maggiore-1024x677.jpg 1024w, https:\/\/www.radiopiu.net\/wordpress\/wp-content\/uploads\/2024\/02\/Feltre-Piazza-Maggiore-768x508.jpg 768w, https:\/\/www.radiopiu.net\/wordpress\/wp-content\/uploads\/2024\/02\/Feltre-Piazza-Maggiore-1536x1015.jpg 1536w, https:\/\/www.radiopiu.net\/wordpress\/wp-content\/uploads\/2024\/02\/Feltre-Piazza-Maggiore.jpg 1595w\" sizes=\"auto, (max-width: 195px) 100vw, 195px\" \/><\/a>FELTRE<\/strong> I dati di afflusso nei siti culturali di Feltre per aprile 2025 sono molto positivi, promettendo una buona stagione estiva. La Galleria d&#8217;arte \u201cCarlo Rizzarda\u201d ha registrato 270 visitatori, mentre il Museo civico archeologico ha avuto 151 presenze. Il Teatro de la Sena ha visto 246 ingressi durante le festivit\u00e0 pasquali, con visite guidate contingentate. Le Torri del Castello hanno attirato 292 visitatori, grazie anche alla mostra \u201cFeltre citt\u00e0 ideale\u201d dell&#8217;Istituto Canossiano. La Torre del Campanon ospiter\u00e0 la mostra \u201cSiamo Terra\u201d dal 24 aprile al 4 maggio. L&#8217;Amministrazione \u00e8 soddisfatta dei risultati, frutto della collaborazione tra Enti, scuole e musei, e annuncia nuove iniziative.<\/p>\n<p>&nbsp;<\/p>\n<p>&nbsp;<\/p>\n<hr \/>\n<p>&nbsp;<\/p>\n<h2><span style=\"color: #ff0000;\">CONSIGLI COMUNALI IN AGORDINO<\/span><\/h2>\n<p><strong>AGORDO<\/strong> Il sindaco Roberto Chissal\u00e8 ha convocato una seduta ordinaria e pubblica del Consiglio Comunale per oggi alle 18, presso il Palazzo Municipale. All\u2019ordine del giorno nove punti, tra cui spiccano l\u2019approvazione del rendiconto 2024, variazioni al bilancio 2025-2027 e modifiche al programma triennale delle opere pubbliche. In agenda anche convenzioni con l\u2019Unione Montana Agordina per la gestione di strutture sportive, beni silvo-pastorali e protezione civile. Si discuter\u00e0 inoltre dell\u2019intitolazione di una nuova via a D\u00e9odat de Dolomieu, geologo scopritore della dolomia. Diretta sui canali social di Radio Pi\u00f9<\/p>\n<p><strong>DI GIANNI SANTOMASO<\/strong><\/p>\n<audio class=\"wp-audio-shortcode\" id=\"audio-446112-9\" preload=\"none\" style=\"width: 100%;\" controls=\"controls\"><source type=\"audio\/mpeg\" src=\"https:\/\/www.radiopiu.net\/wordpress\/wp-content\/uploads\/2025\/04\/GIANNI-CONSIGLIO-COMUNALE-DI-AGORDO.mp3?_=9\" \/><a href=\"https:\/\/www.radiopiu.net\/wordpress\/wp-content\/uploads\/2025\/04\/GIANNI-CONSIGLIO-COMUNALE-DI-AGORDO.mp3\">https:\/\/www.radiopiu.net\/wordpress\/wp-content\/uploads\/2025\/04\/GIANNI-CONSIGLIO-COMUNALE-DI-AGORDO.mp3<\/a><\/audio>\n<p>&nbsp;<\/p>\n<hr \/>\n<p>&nbsp;<\/p>\n<blockquote>\n<h3>L&#8217;OTTANTESIMO ANNIVERSARIO DALLA LIBERAZIONE DAL NAZIFASCISMO: GLI EVENTI NELLA CONCA AGORDINA<\/h3>\n<\/blockquote>\n<p><strong><a class=\"dt-pswp-item\" href=\"https:\/\/www.radiopiu.net\/wordpress\/wp-content\/uploads\/2025\/04\/Ottanatesimo-anniversario-della-Liberazione.jpg\" data-dt-img-description=\"\" data-large_image_width=\"1414\" data-large_image_height=\"2000\"><img loading=\"lazy\" decoding=\"async\" class=\" wp-image-446240 alignleft\" src=\"https:\/\/www.radiopiu.net\/wordpress\/wp-content\/uploads\/2025\/04\/Ottanatesimo-anniversario-della-Liberazione-212x300.jpg\" alt=\"\" width=\"129\" height=\"183\" srcset=\"https:\/\/www.radiopiu.net\/wordpress\/wp-content\/uploads\/2025\/04\/Ottanatesimo-anniversario-della-Liberazione-212x300.jpg 212w, https:\/\/www.radiopiu.net\/wordpress\/wp-content\/uploads\/2025\/04\/Ottanatesimo-anniversario-della-Liberazione-724x1024.jpg 724w, https:\/\/www.radiopiu.net\/wordpress\/wp-content\/uploads\/2025\/04\/Ottanatesimo-anniversario-della-Liberazione-768x1086.jpg 768w, https:\/\/www.radiopiu.net\/wordpress\/wp-content\/uploads\/2025\/04\/Ottanatesimo-anniversario-della-Liberazione-1086x1536.jpg 1086w, https:\/\/www.radiopiu.net\/wordpress\/wp-content\/uploads\/2025\/04\/Ottanatesimo-anniversario-della-Liberazione.jpg 1414w\" sizes=\"auto, (max-width: 129px) 100vw, 129px\" \/><\/a>AGORDO<\/strong><\/p>\n<p>DI GIANNI SANTOMASO<\/p>\n<audio class=\"wp-audio-shortcode\" id=\"audio-446112-10\" preload=\"none\" style=\"width: 100%;\" controls=\"controls\"><source type=\"audio\/mpeg\" src=\"https:\/\/www.radiopiu.net\/wordpress\/wp-content\/uploads\/2025\/04\/GIANNI-LOTTANTESIMO-ANNIVERSARIO-DALLA-LIBERAZIONE-DEL-NAZIFASCISMO-NELLA-CONCA-AGORDINA.mp3?_=10\" \/><a href=\"https:\/\/www.radiopiu.net\/wordpress\/wp-content\/uploads\/2025\/04\/GIANNI-LOTTANTESIMO-ANNIVERSARIO-DALLA-LIBERAZIONE-DEL-NAZIFASCISMO-NELLA-CONCA-AGORDINA.mp3\">https:\/\/www.radiopiu.net\/wordpress\/wp-content\/uploads\/2025\/04\/GIANNI-LOTTANTESIMO-ANNIVERSARIO-DALLA-LIBERAZIONE-DEL-NAZIFASCISMO-NELLA-CONCA-AGORDINA.mp3<\/a><\/audio>\n<p>&nbsp;<\/p>\n\n\t\t\t<style type='text\/css'>\n\t\t\t\t#gallery-1 {\n\t\t\t\t\tmargin: auto;\n\t\t\t\t}\n\t\t\t\t#gallery-1 .gallery-item {\n\t\t\t\t\tfloat: left;\n\t\t\t\t\tmargin-top: 10px;\n\t\t\t\t\ttext-align: center;\n\t\t\t\t\twidth: 50%;\n\t\t\t\t}\n\t\t\t\t#gallery-1 img {\n\t\t\t\t\tborder: 2px solid #cfcfcf;\n\t\t\t\t}\n\t\t\t\t#gallery-1 .gallery-caption {\n\t\t\t\t\tmargin-left: 0;\n\t\t\t\t}\n\t\t\t\t\/* see gallery_shortcode() in wp-includes\/media.php *\/\n\t\t\t<\/style>\n\t\t<div id='gallery-1' class='dt-gallery-container gallery galleryid-446112 gallery-columns-2 gallery-size-medium'><dl class='gallery-item'>\n\t\t\t\t<dt class='gallery-icon portrait'>\n\t\t\t\t\t<a class=\"rollover rollover-zoom dt-pswp-item\" title=\"donbuttol\" data-dt-img-description=\"\" data-large_image_width=\"952\" data-large_image_height=\"1357\"href='https:\/\/www.radiopiu.net\/wordpress\/wp-content\/uploads\/2025\/04\/donbuttol.jpg'><img loading=\"lazy\" decoding=\"async\" width=\"210\" height=\"300\" src=\"https:\/\/www.radiopiu.net\/wordpress\/wp-content\/uploads\/2025\/04\/donbuttol-210x300.jpg\" class=\"attachment-medium size-medium\" alt=\"\" srcset=\"https:\/\/www.radiopiu.net\/wordpress\/wp-content\/uploads\/2025\/04\/donbuttol-210x300.jpg 210w, https:\/\/www.radiopiu.net\/wordpress\/wp-content\/uploads\/2025\/04\/donbuttol-718x1024.jpg 718w, https:\/\/www.radiopiu.net\/wordpress\/wp-content\/uploads\/2025\/04\/donbuttol-768x1095.jpg 768w, https:\/\/www.radiopiu.net\/wordpress\/wp-content\/uploads\/2025\/04\/donbuttol.jpg 952w\" sizes=\"auto, (max-width: 210px) 100vw, 210px\" \/><\/a>\n\t\t\t\t<\/dt><\/dl><dl class='gallery-item'>\n\t\t\t\t<dt class='gallery-icon landscape'>\n\t\t\t\t\t<a class=\"rollover rollover-zoom dt-pswp-item\" title=\"Screenshot\" data-dt-img-description=\"\" data-large_image_width=\"2560\" data-large_image_height=\"1825\"href='https:\/\/www.radiopiu.net\/wordpress\/wp-content\/uploads\/2025\/04\/SCR-20250422-rrez-scaled.jpeg'><img loading=\"lazy\" decoding=\"async\" width=\"300\" height=\"214\" src=\"https:\/\/www.radiopiu.net\/wordpress\/wp-content\/uploads\/2025\/04\/SCR-20250422-rrez-300x214.jpeg\" class=\"attachment-medium size-medium\" alt=\"\" srcset=\"https:\/\/www.radiopiu.net\/wordpress\/wp-content\/uploads\/2025\/04\/SCR-20250422-rrez-300x214.jpeg 300w, https:\/\/www.radiopiu.net\/wordpress\/wp-content\/uploads\/2025\/04\/SCR-20250422-rrez-1024x730.jpeg 1024w, https:\/\/www.radiopiu.net\/wordpress\/wp-content\/uploads\/2025\/04\/SCR-20250422-rrez-768x547.jpeg 768w, https:\/\/www.radiopiu.net\/wordpress\/wp-content\/uploads\/2025\/04\/SCR-20250422-rrez-1536x1095.jpeg 1536w, https:\/\/www.radiopiu.net\/wordpress\/wp-content\/uploads\/2025\/04\/SCR-20250422-rrez-2048x1460.jpeg 2048w\" sizes=\"auto, (max-width: 300px) 100vw, 300px\" \/><\/a>\n\t\t\t\t<\/dt><\/dl><br style=\"clear: both\" \/>\n\t\t\t<\/div>\n\n<p>&nbsp;<\/p>\n<hr \/>\n<p>&nbsp;<\/p>\n<blockquote>\n<h3>IL 25 APRILE A BELLUNO<\/h3>\n<\/blockquote>\n<p><strong><a class=\"dt-pswp-item\" href=\"https:\/\/www.radiopiu.net\/wordpress\/wp-content\/uploads\/2020\/04\/site_gallery_Immagini-sul-25-aprile-1945.jpg\" data-dt-img-description=\"\" data-large_image_width=\"640\" data-large_image_height=\"480\"><img loading=\"lazy\" decoding=\"async\" class=\" wp-image-133103 alignleft\" src=\"https:\/\/www.radiopiu.net\/wordpress\/wp-content\/uploads\/2020\/04\/site_gallery_Immagini-sul-25-aprile-1945-300x225.jpg\" alt=\"\" width=\"131\" height=\"98\" srcset=\"https:\/\/www.radiopiu.net\/wordpress\/wp-content\/uploads\/2020\/04\/site_gallery_Immagini-sul-25-aprile-1945-300x225.jpg 300w, https:\/\/www.radiopiu.net\/wordpress\/wp-content\/uploads\/2020\/04\/site_gallery_Immagini-sul-25-aprile-1945.jpg 640w\" sizes=\"auto, (max-width: 131px) 100vw, 131px\" \/><\/a>BELLUNO<\/strong> Nel 2025 si celebra l\u201980\u00b0 anniversario della Liberazione dal nazifascismo. Il 25 aprile 1945 segn\u00f2 l&#8217;inizio del cammino verso la Repubblica e la Costituzione. Il Comune di Belluno, con varie associazioni, ha organizzato una cerimonia commemorativa per onorare i caduti per la Libert\u00e0. L\u2019evento inizier\u00e0 venerd\u00ec 25 aprile alle 9.45 in piazza dei Martiri con l\u2019alzabandiera, seguito da un corteo fino al Monumento alla Resistenza. Interverranno il Sindaco Oscar De Pellegrin, Sara Burlon e Eric Mandolesi, nipote del partigiano \u201cCarlo\u201d. L\u2019orazione ufficiale sar\u00e0 tenuta da Felice Casson. Parteciper\u00e0 anche la Filarmonica di Belluno 1867.<\/p>\n<p>&nbsp;<\/p>\n<p>&nbsp;<\/p>\n<hr \/>\n<p>&nbsp;<\/p>\n<blockquote>\n<h3>IL 25 APRILE A SOSPIROLO<\/h3>\n<\/blockquote>\n<p><strong>SOSPIROLO<\/strong><\/p>\n<p>DI ROBERTO BONA<\/p>\n<audio class=\"wp-audio-shortcode\" id=\"audio-446112-11\" preload=\"none\" style=\"width: 100%;\" controls=\"controls\"><source type=\"audio\/mpeg\" src=\"https:\/\/www.radiopiu.net\/wordpress\/wp-content\/uploads\/2025\/04\/BONA-IL-25-APRILE-A-SOSPIROLO-SCADE-24-APR.mp3?_=11\" \/><a href=\"https:\/\/www.radiopiu.net\/wordpress\/wp-content\/uploads\/2025\/04\/BONA-IL-25-APRILE-A-SOSPIROLO-SCADE-24-APR.mp3\">https:\/\/www.radiopiu.net\/wordpress\/wp-content\/uploads\/2025\/04\/BONA-IL-25-APRILE-A-SOSPIROLO-SCADE-24-APR.mp3<\/a><\/audio>\n<p>&nbsp;<\/p>\n<hr \/>\n<p>&nbsp;<\/p>\n<blockquote>\n<h3><a class=\"dt-pswp-item\" href=\"https:\/\/www.radiopiu.net\/wordpress\/wp-content\/uploads\/2025\/04\/2025.04.24-Cesiomaggiore-Si-fa-presto-a-dire-spia.png\" data-dt-img-description=\"\" data-large_image_width=\"1414\" data-large_image_height=\"2000\"><img loading=\"lazy\" decoding=\"async\" class=\" wp-image-446169 alignleft\" src=\"https:\/\/www.radiopiu.net\/wordpress\/wp-content\/uploads\/2025\/04\/2025.04.24-Cesiomaggiore-Si-fa-presto-a-dire-spia-212x300.png\" alt=\"\" width=\"133\" height=\"189\" srcset=\"https:\/\/www.radiopiu.net\/wordpress\/wp-content\/uploads\/2025\/04\/2025.04.24-Cesiomaggiore-Si-fa-presto-a-dire-spia-212x300.png 212w, https:\/\/www.radiopiu.net\/wordpress\/wp-content\/uploads\/2025\/04\/2025.04.24-Cesiomaggiore-Si-fa-presto-a-dire-spia-724x1024.png 724w, https:\/\/www.radiopiu.net\/wordpress\/wp-content\/uploads\/2025\/04\/2025.04.24-Cesiomaggiore-Si-fa-presto-a-dire-spia-768x1086.png 768w, https:\/\/www.radiopiu.net\/wordpress\/wp-content\/uploads\/2025\/04\/2025.04.24-Cesiomaggiore-Si-fa-presto-a-dire-spia-1086x1536.png 1086w, https:\/\/www.radiopiu.net\/wordpress\/wp-content\/uploads\/2025\/04\/2025.04.24-Cesiomaggiore-Si-fa-presto-a-dire-spia.png 1414w\" sizes=\"auto, (max-width: 133px) 100vw, 133px\" \/><\/a>TONI SIRENA PRESENTA IL LIBRO \u201cSI FA PRESTO A DIRE SPIA\u201d SULLA RESISTENZA NELL\u2019ALPENVORLAND<\/h3>\n<\/blockquote>\n<p><strong>BELLUNO<\/strong> In occasione dell\u201980\u00b0 anniversario della Liberazione, il Comune di Cesiomaggiore, l\u2019Isbrec, l\u2019ANPI e l\u2019Associazione Culturale Tina Merlin organizzano la presentazione del libro <em data-start=\"177\" data-end=\"203\">Si fa presto a dire spia<\/em> di Toni Sirena. L\u2019evento si terr\u00e0 domani alle 18.00 presso la Sala Consiliare di Cesiomaggiore. Il libro, ambientato tra il 1943 e il 1945 nella zona dell\u2019Alpenvorland, ricostruisce una complessa vicenda della Resistenza, svelando misteri legati alla cattura di esponenti del CLN, alla figura dell\u2019agente americano Steve Hall e alla misteriosa Isabel de Obligado. Con l\u2019autore dialogher\u00e0 Gino Sperandio, presidente dell\u2019ANPI Belluno, in un confronto tra storia documentata e narrazione.<\/p>\n<p>&nbsp;<\/p>\n<p>&nbsp;<\/p>\n<hr \/>\n<p>&nbsp;<\/p>\n<blockquote>\n<h3>CONCORSO PER UFFICIALI DEL RUOLO TECNICO DELL\u2019ARMA DEI CARABINIERI<\/h3>\n<\/blockquote>\n<p><strong><a class=\"dt-pswp-item\" href=\"https:\/\/www.radiopiu.net\/wordpress\/wp-content\/uploads\/2025\/04\/Concorso-Ruolo-Tecnico-2.jpg\" data-dt-img-description=\"\" data-large_image_width=\"2560\" data-large_image_height=\"1792\"><img loading=\"lazy\" decoding=\"async\" class=\" wp-image-445904 alignleft\" src=\"https:\/\/www.radiopiu.net\/wordpress\/wp-content\/uploads\/2025\/04\/Concorso-Ruolo-Tecnico-2-300x210.jpg\" alt=\"\" width=\"199\" height=\"139\" srcset=\"https:\/\/www.radiopiu.net\/wordpress\/wp-content\/uploads\/2025\/04\/Concorso-Ruolo-Tecnico-2-300x210.jpg 300w, https:\/\/www.radiopiu.net\/wordpress\/wp-content\/uploads\/2025\/04\/Concorso-Ruolo-Tecnico-2-1024x717.jpg 1024w, https:\/\/www.radiopiu.net\/wordpress\/wp-content\/uploads\/2025\/04\/Concorso-Ruolo-Tecnico-2-768x538.jpg 768w, https:\/\/www.radiopiu.net\/wordpress\/wp-content\/uploads\/2025\/04\/Concorso-Ruolo-Tecnico-2-1536x1075.jpg 1536w, https:\/\/www.radiopiu.net\/wordpress\/wp-content\/uploads\/2025\/04\/Concorso-Ruolo-Tecnico-2-2048x1434.jpg 2048w\" sizes=\"auto, (max-width: 199px) 100vw, 199px\" \/><\/a>BELLUNO<\/strong> \u00c8 stato indetto un concorso per l\u2019arruolamento di 17 Ufficiali nel Ruolo Tecnico dell\u2019Arma dei Carabinieri. I posti sono suddivisi in diverse specialit\u00e0, tra cui medicina, veterinaria, psicologia, investigazioni scientifiche, telematica, genio e amministrazione. Tre posti sono riservati a Carabinieri gi\u00e0 in servizio. Possono partecipare cittadini italiani con laurea magistrale nell\u2019ambito richiesto e con et\u00e0 inferiore ai 32 anni alla scadenza del bando. I vincitori saranno nominati Tenenti e frequenteranno un corso di un anno presso la Scuola Ufficiali. La domanda deve essere presentata online su <a class=\"\" href=\"http:\/\/www.carabinieri.it\" target=\"_new\" rel=\"noopener\" data-start=\"604\" data-end=\"622\">www.carabinieri.it<\/a> entro il 19 maggio 2025. Il ruolo tecnico valorizza competenze professionali al servizio dell\u2019Istituzione e dei cittadini.<\/p>\n<p>&nbsp;<\/p>\n<p>&nbsp;<\/p>\n<hr \/>\n<p>&nbsp;<\/p>\n<p class=\"\" data-start=\"0\" data-end=\"84\"><strong data-start=\"0\" data-end=\"84\"><em><img loading=\"lazy\" decoding=\"async\" class=\"alignleft\" src=\"https:\/\/www.radiopiu.net\/wordpress\/wp-content\/uploads\/2025\/04\/Immagine-2025-04-16-140709.jpg\" width=\"277\" height=\"131\" \/><\/em>OPEN WEEK SALUTE DELLA DONNA: GLI APPUNTAMENTI ULSS DOLOMITI DAL 22 AL 30 APRILE<\/strong><\/p>\n<p>L\u2019Ulss Dolomiti partecipa all\u2019Open Week per la salute della donna con eventi gratuiti dal 22 al 30 aprile.<\/p>\n<p><strong>Il 27 aprile<\/strong>, alle 11.30, incontro online \u201cNutrire il futuro: l\u2019arte dell\u2019allattamento al seno\u201d con ostetriche e infermiere dell\u2019Ospedale di Belluno. Per partecipare: <a class=\"\" href=\"https:\/\/meet.google.com\/esd-yato-pzb\" target=\"_new\" rel=\"noopener\" data-start=\"374\" data-end=\"450\" data-is-last-node=\"\">https:\/\/meet.google.com\/esd-yato-pzb<\/a><\/p>\n<p><strong>Il 30 aprile<\/strong>, dalle 14.00 alle 18.00, consulenze online con il ginecologo su come prepararsi alla gravidanza. <strong data-start=\"345\" data-end=\"374\">Prenotazione obbligatoria<\/strong> scrivendo a: <a rel=\"noopener\" data-start=\"393\" data-end=\"428\" data-is-last-node=\"\">ginecologia.bl.rep@aulss1.veneto.it<\/a><\/p>\n<p>&nbsp;<\/p>\n<p>&nbsp;<\/p>\n<hr \/>\n<p>&nbsp;<\/p>\n<blockquote>\n<h3>LA SETTIMANA DELLA PREVENZIONE DEL TUMORE OVARICO<\/h3>\n<\/blockquote>\n<p><strong><a class=\"dt-pswp-item\" href=\"https:\/\/www.radiopiu.net\/wordpress\/wp-content\/uploads\/2025\/04\/SCR-20250419-mxkt.png\" data-dt-img-description=\"\" data-large_image_width=\"1024\" data-large_image_height=\"472\"><img loading=\"lazy\" decoding=\"async\" class=\" wp-image-445910 alignleft\" src=\"https:\/\/www.radiopiu.net\/wordpress\/wp-content\/uploads\/2025\/04\/SCR-20250419-mxkt-300x138.png\" alt=\"\" width=\"198\" height=\"91\" srcset=\"https:\/\/www.radiopiu.net\/wordpress\/wp-content\/uploads\/2025\/04\/SCR-20250419-mxkt-300x138.png 300w, https:\/\/www.radiopiu.net\/wordpress\/wp-content\/uploads\/2025\/04\/SCR-20250419-mxkt-768x354.png 768w, https:\/\/www.radiopiu.net\/wordpress\/wp-content\/uploads\/2025\/04\/SCR-20250419-mxkt.png 1024w\" sizes=\"auto, (max-width: 198px) 100vw, 198px\" \/><\/a>BELLUNO<\/strong> L\u2019Ulss Dolomiti, in collaborazione con ACTO \u2013 Alleanza Contro il Tumore Ovarico, promuove la Settimana per la prevenzione del tumore ovarico dal 5 al 10 maggio 2025, con iniziative dedicate alla sensibilizzazione femminile. Luned\u00ec 5 e marted\u00ec 6 si terranno incontri individuali con un ginecologo presso l\u2019Ospedale di Feltre, su prenotazione via email. Gioved\u00ec 8, dalle 17.00 alle 19.00, si svolger\u00e0 un incontro con una make-up artist per valorizzare l\u2019aspetto fisico durante il percorso oncologico. Venerd\u00ec 9 e sabato 10 maggio si terranno laboratori creativi a Feltre e Belluno, anch\u2019essi su prenotazione. Tutte le attivit\u00e0 mirano a promuovere la prevenzione e il benessere durante la malattia.<\/p>\n<p>&nbsp;<\/p>\n<p>&nbsp;<\/p>\n<hr \/>\n<p>&nbsp;<\/p>\n<blockquote>\n<h3>RI-PENSARE L&#8217;ADOLESCENZA: LABORATORIO ESPERIENZIALE AD AGORDO PER ADULTI CON RUOLI EDUCATIVI<\/h3>\n<\/blockquote>\n<p><img loading=\"lazy\" decoding=\"async\" class=\"alignleft\" src=\"https:\/\/www.radiopiu.net\/wordpress\/wp-content\/uploads\/2025\/04\/Immagine-2025-04-16-094924.jpg\" width=\"247\" height=\"105\" \/><strong>AGORDO<\/strong> La Biblioteca di Agordo in via 27 aprile,\u00a0 ospiter\u00e0 un ciclo di tre incontri dal titolo &#8220;Ri-pensare l&#8217;adolescenza&#8221;, un laboratorio esperienziale rivolto ad adulti che ricoprono ruoli educativi, quali genitori, insegnanti, allenatori e animatori. L&#8217;iniziativa si propone di offrire uno spazio di riflessione e confronto sugli spazi e i tempi nella relazione educativa con ragazze e ragazzi di et\u00e0 compresa tra gli 11 e i 14 anni.\u200b Dettagli degli incontri:\u00a0 mercoled\u00ec 7, 14 e 21 maggio 2025\u00a0 dalle 17:45 alle 19:30<b>.\u00a0 <\/b><span class=\"relative -mx-px my-[-0.2rem] rounded px-px py-[0.2rem] transition-colors duration-100 ease-in-out\">Il laboratorio sar\u00e0 condotto da professionisti dell&#8217;ULSS 1 Dolomiti, utilizzando una metodologia interattiva che favorisce la partecipazione attiva dei presenti.<\/span> <span class=\"relative -mx-px my-[-0.2rem] rounded px-px py-[0.2rem] transition-colors duration-100 ease-in-out\">L&#8217;obiettivo \u00e8 quello di stimolare una riflessione condivisa sulle dinamiche educative, offrendo strumenti e spunti per migliorare la relazione con gli adolescenti.<\/span>\u200b <span class=\"relative -mx-px my-[-0.2rem] rounded px-px py-[0.2rem] transition-colors duration-100 ease-in-out\">La partecipazione \u00e8 gratuita, ma \u00e8 necessario iscriversi contattando il Ser.D di Agordo al numero 0437 645338.<\/span> <span class=\"relative -mx-px my-[-0.2rem] rounded px-px py-[0.2rem] transition-colors duration-100 ease-in-out\">I posti disponibili sono limitati a 25 partecipanti, pertanto si consiglia di prenotare con anticipo.<\/span>\u200b <span class=\"relative -mx-px my-[-0.2rem] rounded px-px py-[0.2rem] transition-colors duration-100 ease-in-out\">Per ulteriori informazioni e aggiornamenti, \u00e8 possibile visitare la pagina Facebook dell&#8217;ULSS 1 Dolomiti.<\/span><\/p>\n<p>&nbsp;<\/p>\n<p>&nbsp;<\/p>\n<hr \/>\n<p>&nbsp;<\/p>\n<blockquote>\n<h3>PIG&amp;MENTI, AL VIA I NUOVI CORSI D\u2019ARTE CON GRANDI MAESTRI<\/h3>\n<\/blockquote>\n<p class=\"\" data-start=\"85\" data-end=\"364\"><strong><a class=\"dt-pswp-item\" href=\"https:\/\/www.radiopiu.net\/wordpress\/wp-content\/uploads\/2025\/04\/13a60188-42da-4728-9c68-f2a0bdc8ce27.png\" data-dt-img-description=\"\" data-large_image_width=\"1024\" data-large_image_height=\"1536\"><img loading=\"lazy\" decoding=\"async\" class=\"size-medium wp-image-445305 alignleft\" src=\"https:\/\/www.radiopiu.net\/wordpress\/wp-content\/uploads\/2025\/04\/13a60188-42da-4728-9c68-f2a0bdc8ce27-200x300.png\" alt=\"\" width=\"200\" height=\"300\" srcset=\"https:\/\/www.radiopiu.net\/wordpress\/wp-content\/uploads\/2025\/04\/13a60188-42da-4728-9c68-f2a0bdc8ce27-200x300.png 200w, https:\/\/www.radiopiu.net\/wordpress\/wp-content\/uploads\/2025\/04\/13a60188-42da-4728-9c68-f2a0bdc8ce27-683x1024.png 683w, https:\/\/www.radiopiu.net\/wordpress\/wp-content\/uploads\/2025\/04\/13a60188-42da-4728-9c68-f2a0bdc8ce27-768x1152.png 768w, https:\/\/www.radiopiu.net\/wordpress\/wp-content\/uploads\/2025\/04\/13a60188-42da-4728-9c68-f2a0bdc8ce27.png 1024w\" sizes=\"auto, (max-width: 200px) 100vw, 200px\" \/><\/a> <\/strong><\/p>\n<p class=\"\" data-start=\"85\" data-end=\"364\"><strong>\u00a0<\/strong><\/p>\n<p class=\"\" data-start=\"85\" data-end=\"364\"><strong>\u00a0<\/strong><\/p>\n<p class=\"\" data-start=\"85\" data-end=\"364\"><strong>BELLUNO<\/strong> L&#8217;Associazione Pig&amp;Menti ha aperto le iscrizioni ai nuovi corsi di pittura per grandi e piccoli, con insegnanti esperti, in due location uniche: la canonica della Chiesa di San Martino a Fortogna e Villa De Conz a San Gregorio. Tra le proposte, pittura impressionista, espressionista, e a fresco a Fortogna, e il corso di Ecoprint, una tecnica naturale, a San Gregorio. I corsi offrono un&#8217;opportunit\u00e0 unica per esplorare l&#8217;arte in un contesto affascinante. Per info e iscrizioni: <a rel=\"noopener\" data-start=\"480\" data-end=\"501\">pigmentiaps@gmail.com<\/a>, 333 1324592.<\/p>\n<p class=\"\" data-start=\"85\" data-end=\"364\"><strong>AUDIO ALLA RADIO.. PIU&#8217;<br \/>\n<\/strong><\/p>\n<audio class=\"wp-audio-shortcode\" id=\"audio-446112-12\" preload=\"none\" style=\"width: 100%;\" controls=\"controls\"><source type=\"audio\/mpeg\" src=\"https:\/\/www.radiopiu.net\/wordpress\/wp-content\/uploads\/2025\/04\/PigMenti.mp3?_=12\" \/><a href=\"https:\/\/www.radiopiu.net\/wordpress\/wp-content\/uploads\/2025\/04\/PigMenti.mp3\">https:\/\/www.radiopiu.net\/wordpress\/wp-content\/uploads\/2025\/04\/PigMenti.mp3<\/a><\/audio>\n<p>&nbsp;<\/p>\n<hr \/>\n<p>&nbsp;<\/p>\n<blockquote>\n<h3>IN SALA DON TAMIS SI PARLA DI AURORE BOREALI<\/h3>\n<\/blockquote>\n<p><strong><a class=\"dt-pswp-item\" href=\"https:\/\/www.radiopiu.net\/wordpress\/wp-content\/uploads\/2025\/04\/LOCANDINA-Asta-Aurore-25-APRILE-def-scaled.jpg\" data-dt-img-description=\"\" data-large_image_width=\"1440\" data-large_image_height=\"2560\"><img loading=\"lazy\" decoding=\"async\" class=\" wp-image-446187 alignleft\" src=\"https:\/\/www.radiopiu.net\/wordpress\/wp-content\/uploads\/2025\/04\/LOCANDINA-Asta-Aurore-25-APRILE-def-169x300.jpg\" alt=\"\" width=\"100\" height=\"178\" srcset=\"https:\/\/www.radiopiu.net\/wordpress\/wp-content\/uploads\/2025\/04\/LOCANDINA-Asta-Aurore-25-APRILE-def-169x300.jpg 169w, https:\/\/www.radiopiu.net\/wordpress\/wp-content\/uploads\/2025\/04\/LOCANDINA-Asta-Aurore-25-APRILE-def-576x1024.jpg 576w, https:\/\/www.radiopiu.net\/wordpress\/wp-content\/uploads\/2025\/04\/LOCANDINA-Asta-Aurore-25-APRILE-def-768x1365.jpg 768w, https:\/\/www.radiopiu.net\/wordpress\/wp-content\/uploads\/2025\/04\/LOCANDINA-Asta-Aurore-25-APRILE-def-864x1536.jpg 864w, https:\/\/www.radiopiu.net\/wordpress\/wp-content\/uploads\/2025\/04\/LOCANDINA-Asta-Aurore-25-APRILE-def-1152x2048.jpg 1152w, https:\/\/www.radiopiu.net\/wordpress\/wp-content\/uploads\/2025\/04\/LOCANDINA-Asta-Aurore-25-APRILE-def-scaled.jpg 1440w\" sizes=\"auto, (max-width: 100px) 100vw, 100px\" \/><\/a>AGORDO<\/strong><\/p>\n<p>DI GIANNI SANTOMASO<\/p>\n<audio class=\"wp-audio-shortcode\" id=\"audio-446112-13\" preload=\"none\" style=\"width: 100%;\" controls=\"controls\"><source type=\"audio\/mpeg\" src=\"https:\/\/www.radiopiu.net\/wordpress\/wp-content\/uploads\/2025\/04\/GIANNI-IN-SALA-DON-TAMIS-SI-PARLA-DI-AURORE-BOREALI.mp3?_=13\" \/><a href=\"https:\/\/www.radiopiu.net\/wordpress\/wp-content\/uploads\/2025\/04\/GIANNI-IN-SALA-DON-TAMIS-SI-PARLA-DI-AURORE-BOREALI.mp3\">https:\/\/www.radiopiu.net\/wordpress\/wp-content\/uploads\/2025\/04\/GIANNI-IN-SALA-DON-TAMIS-SI-PARLA-DI-AURORE-BOREALI.mp3<\/a><\/audio>\n<p>&nbsp;<\/p>\n<hr \/>\n<p>&nbsp;<\/p>\n<article class=\"w-full text-token-text-primary\" dir=\"auto\" data-testid=\"conversation-turn-4\" data-scroll-anchor=\"true\">\n<div class=\"text-base my-auto mx-auto py-5 px-6\">\n<div class=\"mx-auto flex flex-1 text-base gap-4 md:gap-5 lg:gap-6 md:max-w-3xl group\/turn-messages focus-visible:outline-none\" tabindex=\"-1\">\n<div class=\"group\/conversation-turn relative flex w-full min-w-0 flex-col agent-turn @xs\/thread:px-0 @sm\/thread:px-1.5 @md\/thread:px-4\">\n<div class=\"absolute\">\n<blockquote>\n<h3>TORNA LA FESTA DE L&#8217;OM SALVARECH A LA VALLE<\/h3>\n<\/blockquote>\n<p><strong>LA VALLE AGORDINA<\/strong> La Festa de l\u2019Om Salv\u00e0rech 2025 si terr\u00e0 il 25 e 26 aprile a La Valle Agordina. Venerd\u00ec 25 si apre con il mercatino artigianale e la corsa non competitiva &#8220;Su e do per i coi&#8221;. Segue l\u2019apertura dello stand gastronomico e la preparazione del pupazzo dell\u2019Om Salv\u00e0rech. Nel pomeriggio: mostra dei bambini, balli popolari, sfilata, aperitivo e cena tipica. La serata continua con la lettura del testamento, il fal\u00f2 e musica dal vivo. Sabato 26: aperitivo musicale alle 17:00, cena con piatti tradizionali dalle 19:00, serata danzante con la Spritz Band e chiusura a mezzanotte con Disco-Tek. Due giorni di folklore, tradizione e divertimento per tutte le et\u00e0.<\/p>\n\n\t\t\t<style type='text\/css'>\n\t\t\t\t#gallery-2 {\n\t\t\t\t\tmargin: auto;\n\t\t\t\t}\n\t\t\t\t#gallery-2 .gallery-item {\n\t\t\t\t\tfloat: left;\n\t\t\t\t\tmargin-top: 10px;\n\t\t\t\t\ttext-align: center;\n\t\t\t\t\twidth: 33%;\n\t\t\t\t}\n\t\t\t\t#gallery-2 img {\n\t\t\t\t\tborder: 2px solid #cfcfcf;\n\t\t\t\t}\n\t\t\t\t#gallery-2 .gallery-caption {\n\t\t\t\t\tmargin-left: 0;\n\t\t\t\t}\n\t\t\t\t\/* see gallery_shortcode() in wp-includes\/media.php *\/\n\t\t\t<\/style>\n\t\t<div id='gallery-2' class='dt-gallery-container gallery galleryid-446112 gallery-columns-3 gallery-size-medium'><dl class='gallery-item'>\n\t\t\t\t<dt class='gallery-icon portrait'>\n\t\t\t\t\t<a class=\"rollover rollover-zoom dt-pswp-item\" title=\"f3e65057-0581-465d-ba75-4eef70aca537\" data-dt-img-description=\"\" data-large_image_width=\"480\" data-large_image_height=\"600\"href='https:\/\/www.radiopiu.net\/wordpress\/wp-content\/uploads\/2025\/04\/f3e65057-0581-465d-ba75-4eef70aca537.jpg'><img loading=\"lazy\" decoding=\"async\" width=\"240\" height=\"300\" src=\"https:\/\/www.radiopiu.net\/wordpress\/wp-content\/uploads\/2025\/04\/f3e65057-0581-465d-ba75-4eef70aca537-240x300.jpg\" class=\"attachment-medium size-medium\" alt=\"\" srcset=\"https:\/\/www.radiopiu.net\/wordpress\/wp-content\/uploads\/2025\/04\/f3e65057-0581-465d-ba75-4eef70aca537-240x300.jpg 240w, https:\/\/www.radiopiu.net\/wordpress\/wp-content\/uploads\/2025\/04\/f3e65057-0581-465d-ba75-4eef70aca537.jpg 480w\" sizes=\"auto, (max-width: 240px) 100vw, 240px\" \/><\/a>\n\t\t\t\t<\/dt><\/dl><dl class='gallery-item'>\n\t\t\t\t<dt class='gallery-icon portrait'>\n\t\t\t\t\t<a class=\"rollover rollover-zoom dt-pswp-item\" title=\"14979f5d-ac72-4e65-9053-60a5906e7025\" data-dt-img-description=\"\" data-large_image_width=\"480\" data-large_image_height=\"600\"href='https:\/\/www.radiopiu.net\/wordpress\/wp-content\/uploads\/2025\/04\/14979f5d-ac72-4e65-9053-60a5906e7025.jpg'><img loading=\"lazy\" decoding=\"async\" width=\"240\" height=\"300\" src=\"https:\/\/www.radiopiu.net\/wordpress\/wp-content\/uploads\/2025\/04\/14979f5d-ac72-4e65-9053-60a5906e7025-240x300.jpg\" class=\"attachment-medium size-medium\" alt=\"\" srcset=\"https:\/\/www.radiopiu.net\/wordpress\/wp-content\/uploads\/2025\/04\/14979f5d-ac72-4e65-9053-60a5906e7025-240x300.jpg 240w, https:\/\/www.radiopiu.net\/wordpress\/wp-content\/uploads\/2025\/04\/14979f5d-ac72-4e65-9053-60a5906e7025.jpg 480w\" sizes=\"auto, (max-width: 240px) 100vw, 240px\" \/><\/a>\n\t\t\t\t<\/dt><\/dl><dl class='gallery-item'>\n\t\t\t\t<dt class='gallery-icon portrait'>\n\t\t\t\t\t<a class=\"rollover rollover-zoom dt-pswp-item\" title=\"e96a9d1e-5eb1-4bcd-bfdc-de52bcf09b95\" data-dt-img-description=\"\" data-large_image_width=\"480\" data-large_image_height=\"600\"href='https:\/\/www.radiopiu.net\/wordpress\/wp-content\/uploads\/2025\/04\/e96a9d1e-5eb1-4bcd-bfdc-de52bcf09b95.jpg'><img loading=\"lazy\" decoding=\"async\" width=\"240\" height=\"300\" src=\"https:\/\/www.radiopiu.net\/wordpress\/wp-content\/uploads\/2025\/04\/e96a9d1e-5eb1-4bcd-bfdc-de52bcf09b95-240x300.jpg\" class=\"attachment-medium size-medium\" alt=\"\" srcset=\"https:\/\/www.radiopiu.net\/wordpress\/wp-content\/uploads\/2025\/04\/e96a9d1e-5eb1-4bcd-bfdc-de52bcf09b95-240x300.jpg 240w, https:\/\/www.radiopiu.net\/wordpress\/wp-content\/uploads\/2025\/04\/e96a9d1e-5eb1-4bcd-bfdc-de52bcf09b95.jpg 480w\" sizes=\"auto, (max-width: 240px) 100vw, 240px\" \/><\/a>\n\t\t\t\t<\/dt><\/dl><br style=\"clear: both\" \/>\n\t\t\t<\/div>\n\n<\/div>\n<\/div>\n<\/div>\n<\/div>\n<\/article>\n<p>&nbsp;<\/p>\n<p>&nbsp;<\/p>\n<hr \/>\n<p>&nbsp;<\/p>\n<blockquote>\n<h3>UN CORSO DI CONOSCENZA DELLA PROVINCIA DI BELLUNO<\/h3>\n<\/blockquote>\n<p><strong><a class=\"dt-pswp-item\" href=\"https:\/\/www.radiopiu.net\/wordpress\/wp-content\/uploads\/2025\/04\/SCR-20250417-jfmo.png\" data-dt-img-description=\"\" data-large_image_width=\"1342\" data-large_image_height=\"888\"><img loading=\"lazy\" decoding=\"async\" class=\" wp-image-445442 alignleft\" src=\"https:\/\/www.radiopiu.net\/wordpress\/wp-content\/uploads\/2025\/04\/SCR-20250417-jfmo-300x199.png\" alt=\"\" width=\"178\" height=\"118\" srcset=\"https:\/\/www.radiopiu.net\/wordpress\/wp-content\/uploads\/2025\/04\/SCR-20250417-jfmo-300x199.png 300w, https:\/\/www.radiopiu.net\/wordpress\/wp-content\/uploads\/2025\/04\/SCR-20250417-jfmo-1024x678.png 1024w, https:\/\/www.radiopiu.net\/wordpress\/wp-content\/uploads\/2025\/04\/SCR-20250417-jfmo-768x508.png 768w, https:\/\/www.radiopiu.net\/wordpress\/wp-content\/uploads\/2025\/04\/SCR-20250417-jfmo.png 1342w\" sizes=\"auto, (max-width: 178px) 100vw, 178px\" \/><\/a>BELLUNO <\/strong>Partir\u00e0 a maggio la 1\u00b0 edizione del \u201cCorso di conoscenza di Belluno e Provincia\u201d organizzato dall\u2019Associazione Campedel di Belluno con il patrocinio del Comune capoluogo e della Provincia. Un\u2019iniziativa nata per far scoprire tutto il territorio bellunese iniziando dalla storia e dall\u2019arte, rendere i cittadini pi\u00f9 consapevoli ed orgogliosi della grande ricchezza che ci circonda e dare un supporto a chi si \u00e8 iscritto all\u2019esame nazionale di guida turistica. Tutti gli incontri si terranno in Sala Bianchi a Belluno (Viale Fantuzzi) durante quattro venerd\u00ec di maggio alle ore 17.45.<\/p>\n<p>&nbsp;<\/p>\n<p>&nbsp;<\/p>\n<hr \/>\n<p>&nbsp;<\/p>\n<blockquote>\n<h3>CORSO DI TECNOLOGIA A CANALE D&#8217;AGORDO<\/h3>\n<\/blockquote>\n<p><strong>CANALE D&#8217;AGORDO<\/strong> A Canale d\u2019Agordo parte un corso gratuito di alfabetizzazione digitale per adulti, promosso dalle Biblioteche della Valle del Biois. Il percorso prevede quattro incontri settimanali di due ore ciascuno, in orario tardo pomeridiano o serale. Il corso insegner\u00e0 l\u2019uso base del computer, la navigazione internet e strumenti di comunicazione. Condotto dal Dott. Arturo Panciera dell\u2019associazione Tecnologia Amica, si terr\u00e0 presso la sede Auser, dietro il Museo Papa Luciani. \u00c8 richiesto un piccolo contributo. Iscrizioni aperte fino al 10 maggio 2025 presso la Biblioteca Comunale o ai numeri indicati.<\/p>\n<p><strong>DI GIANNI SANTOMASO<\/strong><\/p>\n<audio class=\"wp-audio-shortcode\" id=\"audio-446112-14\" preload=\"none\" style=\"width: 100%;\" controls=\"controls\"><source type=\"audio\/mpeg\" src=\"https:\/\/www.radiopiu.net\/wordpress\/wp-content\/uploads\/2025\/04\/GIANNI-CORSO-DI-TECNOLOGIA-IN-VALLE-DEL-BIOIS.mp3?_=14\" \/><a href=\"https:\/\/www.radiopiu.net\/wordpress\/wp-content\/uploads\/2025\/04\/GIANNI-CORSO-DI-TECNOLOGIA-IN-VALLE-DEL-BIOIS.mp3\">https:\/\/www.radiopiu.net\/wordpress\/wp-content\/uploads\/2025\/04\/GIANNI-CORSO-DI-TECNOLOGIA-IN-VALLE-DEL-BIOIS.mp3<\/a><\/audio>\n<p>&nbsp;<\/p>\n<hr \/>\n<p>&nbsp;<\/p>\n<blockquote>\n<h3>PROSEGUONO LE ATTIVITA&#8217; DELLA PISCINA DI AGORDO ANCHE DURANTE LE FESTIVITA&#8217; PASQUALI<\/h3>\n<\/blockquote>\n<p><strong><a class=\"dt-pswp-item\" href=\"https:\/\/www.radiopiu.net\/wordpress\/wp-content\/uploads\/2021\/06\/piscina_agordo.jpg\" data-dt-img-description=\"\" data-large_image_width=\"2447\" data-large_image_height=\"1634\"><img loading=\"lazy\" decoding=\"async\" class=\" wp-image-213759 alignleft\" src=\"https:\/\/www.radiopiu.net\/wordpress\/wp-content\/uploads\/2021\/06\/piscina_agordo-300x200.jpg\" alt=\"\" width=\"204\" height=\"136\" srcset=\"https:\/\/www.radiopiu.net\/wordpress\/wp-content\/uploads\/2021\/06\/piscina_agordo-300x200.jpg 300w, https:\/\/www.radiopiu.net\/wordpress\/wp-content\/uploads\/2021\/06\/piscina_agordo-1024x684.jpg 1024w, https:\/\/www.radiopiu.net\/wordpress\/wp-content\/uploads\/2021\/06\/piscina_agordo-768x513.jpg 768w, https:\/\/www.radiopiu.net\/wordpress\/wp-content\/uploads\/2021\/06\/piscina_agordo-1536x1026.jpg 1536w, https:\/\/www.radiopiu.net\/wordpress\/wp-content\/uploads\/2021\/06\/piscina_agordo-2048x1368.jpg 2048w\" sizes=\"auto, (max-width: 204px) 100vw, 204px\" \/><\/a>AGORDO<\/strong><\/p>\n<p>DI MARINA DONA&#8217;<\/p>\n<audio class=\"wp-audio-shortcode\" id=\"audio-446112-15\" preload=\"none\" style=\"width: 100%;\" controls=\"controls\"><source type=\"audio\/mpeg\" src=\"https:\/\/www.radiopiu.net\/wordpress\/wp-content\/uploads\/2025\/04\/PISCINA-DI-MARINA-DONA.mp3?_=15\" \/><a href=\"https:\/\/www.radiopiu.net\/wordpress\/wp-content\/uploads\/2025\/04\/PISCINA-DI-MARINA-DONA.mp3\">https:\/\/www.radiopiu.net\/wordpress\/wp-content\/uploads\/2025\/04\/PISCINA-DI-MARINA-DONA.mp3<\/a><\/audio>\n<p>&nbsp;<\/p>\n<hr \/>\n<p>&nbsp;<\/p>\n<blockquote>\n<h3>TORNA CARET A CASTION<\/h3>\n<\/blockquote>\n<p><strong><a class=\"dt-pswp-item\" href=\"https:\/\/www.radiopiu.net\/wordpress\/wp-content\/uploads\/2025\/04\/Caret-2025-bis.jpg\" data-dt-img-description=\"\" data-large_image_width=\"1620\" data-large_image_height=\"1080\"><img loading=\"lazy\" decoding=\"async\" class=\" wp-image-446256 alignleft\" src=\"https:\/\/www.radiopiu.net\/wordpress\/wp-content\/uploads\/2025\/04\/Caret-2025-bis-300x200.jpg\" alt=\"\" width=\"194\" height=\"129\" srcset=\"https:\/\/www.radiopiu.net\/wordpress\/wp-content\/uploads\/2025\/04\/Caret-2025-bis-300x200.jpg 300w, https:\/\/www.radiopiu.net\/wordpress\/wp-content\/uploads\/2025\/04\/Caret-2025-bis-1024x683.jpg 1024w, https:\/\/www.radiopiu.net\/wordpress\/wp-content\/uploads\/2025\/04\/Caret-2025-bis-768x512.jpg 768w, https:\/\/www.radiopiu.net\/wordpress\/wp-content\/uploads\/2025\/04\/Caret-2025-bis-1536x1024.jpg 1536w, https:\/\/www.radiopiu.net\/wordpress\/wp-content\/uploads\/2025\/04\/Caret-2025-bis.jpg 1620w\" sizes=\"auto, (max-width: 194px) 100vw, 194px\" \/><\/a>BELLUNO<\/strong> Torna il 25 aprile l\u2019atteso evento \u201cCaret a Castion \u2013 Olympic Edition\u201d a Pian delle Feste, Castion di Belluno. La tradizionale gara in discesa con carretti a spinta, simbolo di creativit\u00e0 e divertimento, vedr\u00e0 la partecipazione di una ventina di mezzi. L\u2019edizione 2025 sar\u00e0 aperta solennemente con l\u2019Inno di Mameli, cantato dal tenore Domenico Menini, per celebrare l\u201980\u00b0 anniversario della Liberazione. La giornata inizier\u00e0 alle 12.30 con l\u2019apertura del chiosco e proseguir\u00e0 con registrazioni, controlli tecnici e la gara, prevista alle 15. A conclusione, grande festa con musica. L\u2019evento \u00e8 organizzato dalla Pro Loco Pieve Castionese.<\/p>\n<p>&nbsp;<\/p>\n<p>&nbsp;<\/p>\n<hr \/>\n<p>&nbsp;<\/p>\n<h1><span style=\"color: #ff6600;\">ALLA RADIO<\/span><\/h1>\n<h2><span style=\"color: #ff00ff;\">OGGI COME IERI, TERZO ANNO. CON SILVIA BALDO<\/span><\/h2>\n<p><strong><a class=\"dt-pswp-item\" href=\"https:\/\/www.radiopiu.net\/wordpress\/wp-content\/uploads\/2025\/04\/Earth-Day-2025-sito.jpg\" data-dt-img-description=\"\" data-large_image_width=\"1440\" data-large_image_height=\"810\"><img loading=\"lazy\" decoding=\"async\" class=\" wp-image-446191 alignleft\" src=\"https:\/\/www.radiopiu.net\/wordpress\/wp-content\/uploads\/2025\/04\/Earth-Day-2025-sito-300x169.jpg\" alt=\"\" width=\"163\" height=\"92\" srcset=\"https:\/\/www.radiopiu.net\/wordpress\/wp-content\/uploads\/2025\/04\/Earth-Day-2025-sito-300x169.jpg 300w, https:\/\/www.radiopiu.net\/wordpress\/wp-content\/uploads\/2025\/04\/Earth-Day-2025-sito-1024x576.jpg 1024w, https:\/\/www.radiopiu.net\/wordpress\/wp-content\/uploads\/2025\/04\/Earth-Day-2025-sito-768x432.jpg 768w, https:\/\/www.radiopiu.net\/wordpress\/wp-content\/uploads\/2025\/04\/Earth-Day-2025-sito.jpg 1440w\" sizes=\"auto, (max-width: 163px) 100vw, 163px\" \/><\/a>22 APRILE 2025 LA GIORNATA MONDIALE DELLA TERRA<\/strong><\/p>\n<audio class=\"wp-audio-shortcode\" id=\"audio-446112-16\" preload=\"none\" style=\"width: 100%;\" controls=\"controls\"><source type=\"audio\/mpeg\" src=\"https:\/\/www.radiopiu.net\/wordpress\/wp-content\/uploads\/2025\/04\/SIBI2-3.mp3?_=16\" \/><a href=\"https:\/\/www.radiopiu.net\/wordpress\/wp-content\/uploads\/2025\/04\/SIBI2-3.mp3\">https:\/\/www.radiopiu.net\/wordpress\/wp-content\/uploads\/2025\/04\/SIBI2-3.mp3<\/a><\/audio>\n<p>&nbsp;<\/p>\n<p><strong>LA RACCOLTA COMPLETA <a href=\"https:\/\/www.radiopiu.net\/wordpress\/oggi-come-ieri-terzo-anno-con-silvia-baldo\/\"><span style=\"color: #3366ff;\">CLICCA QUI<\/span><\/a><\/strong><\/p>\n<p>&nbsp;<\/p>\n<hr \/>\n<p>&nbsp;<\/p>\n<h2><span style=\"color: #008000;\">&#8220;DINTORN E FORA VIA&#8221;\u00a0 IL PROGRAMMA\u00a0 A CURA DEL MUSLA<\/span><\/h2>\n<p><strong><a class=\"dt-pswp-item\" href=\"https:\/\/www.radiopiu.net\/wordpress\/wp-content\/uploads\/2024\/09\/GIORNALI.jpg\" data-dt-img-description=\"\" data-large_image_width=\"1280\" data-large_image_height=\"853\"><img loading=\"lazy\" decoding=\"async\" class=\" wp-image-410862 alignleft\" src=\"https:\/\/www.radiopiu.net\/wordpress\/wp-content\/uploads\/2024\/09\/GIORNALI-300x200.jpg\" alt=\"\" width=\"183\" height=\"122\" srcset=\"https:\/\/www.radiopiu.net\/wordpress\/wp-content\/uploads\/2024\/09\/GIORNALI-300x200.jpg 300w, https:\/\/www.radiopiu.net\/wordpress\/wp-content\/uploads\/2024\/09\/GIORNALI-1024x682.jpg 1024w, https:\/\/www.radiopiu.net\/wordpress\/wp-content\/uploads\/2024\/09\/GIORNALI-768x512.jpg 768w, https:\/\/www.radiopiu.net\/wordpress\/wp-content\/uploads\/2024\/09\/GIORNALI.jpg 1280w\" sizes=\"auto, (max-width: 183px) 100vw, 183px\" \/><\/a>PUNTATA DEL 22 APRILE 2025 MARTINO DAL MAS<\/strong><\/p>\n<audio class=\"wp-audio-shortcode\" id=\"audio-446112-17\" preload=\"none\" style=\"width: 100%;\" controls=\"controls\"><source type=\"audio\/mpeg\" src=\"https:\/\/www.radiopiu.net\/wordpress\/wp-content\/uploads\/2025\/04\/MUSLA-5.mp3?_=17\" \/><a href=\"https:\/\/www.radiopiu.net\/wordpress\/wp-content\/uploads\/2025\/04\/MUSLA-5.mp3\">https:\/\/www.radiopiu.net\/wordpress\/wp-content\/uploads\/2025\/04\/MUSLA-5.mp3<\/a><\/audio>\n<p>&nbsp;<\/p>\n<p><strong>LA RACCOLTA COMPLETA <a href=\"https:\/\/www.radiopiu.net\/wordpress\/musla\/\"><span style=\"color: #3366ff;\">CLICCA QUI<\/span><\/a><\/strong><\/p>\n<p>&nbsp;<\/p>\n<hr \/>\n<p>&nbsp;<\/p>\n<h2><span style=\"color: #800000;\">L&#8217;OM SALVARECH A LA VALLE AGORDINA<\/span><\/h2>\n<p><strong><a class=\"dt-pswp-item\" href=\"https:\/\/www.radiopiu.net\/wordpress\/wp-content\/uploads\/2025\/04\/489814130_1079548764202414_2650119829924764977_n.jpg\" data-dt-img-description=\"\" data-large_image_width=\"2048\" data-large_image_height=\"1072\"><img loading=\"lazy\" decoding=\"async\" class=\" wp-image-446200 alignleft\" src=\"https:\/\/www.radiopiu.net\/wordpress\/wp-content\/uploads\/2025\/04\/489814130_1079548764202414_2650119829924764977_n-300x157.jpg\" alt=\"\" width=\"197\" height=\"103\" srcset=\"https:\/\/www.radiopiu.net\/wordpress\/wp-content\/uploads\/2025\/04\/489814130_1079548764202414_2650119829924764977_n-300x157.jpg 300w, https:\/\/www.radiopiu.net\/wordpress\/wp-content\/uploads\/2025\/04\/489814130_1079548764202414_2650119829924764977_n-1024x536.jpg 1024w, https:\/\/www.radiopiu.net\/wordpress\/wp-content\/uploads\/2025\/04\/489814130_1079548764202414_2650119829924764977_n-768x402.jpg 768w, https:\/\/www.radiopiu.net\/wordpress\/wp-content\/uploads\/2025\/04\/489814130_1079548764202414_2650119829924764977_n-1536x804.jpg 1536w, https:\/\/www.radiopiu.net\/wordpress\/wp-content\/uploads\/2025\/04\/489814130_1079548764202414_2650119829924764977_n.jpg 2048w\" sizes=\"auto, (max-width: 197px) 100vw, 197px\" \/><\/a>DI MARCO GAZ<\/strong><\/p>\n<p>OSPITI: Federico Friz e Giacomo Lapo<\/p>\n<audio class=\"wp-audio-shortcode\" id=\"audio-446112-18\" preload=\"none\" style=\"width: 100%;\" controls=\"controls\"><source type=\"audio\/mpeg\" src=\"https:\/\/www.radiopiu.net\/wordpress\/wp-content\/uploads\/2025\/04\/OM-SALVARECH-2025-FEDERICO-E-GIACOMO.mp3?_=18\" \/><a href=\"https:\/\/www.radiopiu.net\/wordpress\/wp-content\/uploads\/2025\/04\/OM-SALVARECH-2025-FEDERICO-E-GIACOMO.mp3\">https:\/\/www.radiopiu.net\/wordpress\/wp-content\/uploads\/2025\/04\/OM-SALVARECH-2025-FEDERICO-E-GIACOMO.mp3<\/a><\/audio>\n<p>&nbsp;<\/p>\n<hr \/>\n<p>&nbsp;<\/p>\n<blockquote class=\"wp-embedded-content\" data-secret=\"sQN5NN5CvY\"><p><a href=\"https:\/\/www.radiopiu.net\/wordpress\/446227-2a\/\">TELERIVA 14: LA TELEVISIONE DI COMUNIT\u00c0 NATA A RIVAMONTE AGORDINO<\/a><\/p><\/blockquote>\n<p><iframe loading=\"lazy\" class=\"wp-embedded-content\" sandbox=\"allow-scripts\" security=\"restricted\" style=\"position: absolute; visibility: hidden;\" title=\"&#8220;TELERIVA 14: LA TELEVISIONE DI COMUNIT\u00c0 NATA A RIVAMONTE AGORDINO&#8221; &#8212; Radio Pi\u00f9\" src=\"https:\/\/www.radiopiu.net\/wordpress\/446227-2a\/embed\/#?secret=vSn5mg3a2C#?secret=sQN5NN5CvY\" data-secret=\"sQN5NN5CvY\" width=\"600\" height=\"338\" frameborder=\"0\" marginwidth=\"0\" marginheight=\"0\" scrolling=\"no\"><\/iframe><\/p>\n<blockquote class=\"wp-embedded-content\" data-secret=\"XRxOjlJjgH\"><p><a href=\"https:\/\/www.radiopiu.net\/wordpress\/elbalfior_seconda\/\">&#8220;EL BAL DEL FIOR&#8221;, DI GIULIANA DA RONCH SECONDA STAGIONE<\/a><\/p><\/blockquote>\n<p><iframe loading=\"lazy\" class=\"wp-embedded-content\" sandbox=\"allow-scripts\" security=\"restricted\" style=\"position: absolute; visibility: hidden;\" title=\"&#8220;&#8220;EL BAL DEL FIOR&#8221;, DI GIULIANA DA RONCH SECONDA STAGIONE&#8221; &#8212; Radio Pi\u00f9\" src=\"https:\/\/www.radiopiu.net\/wordpress\/elbalfior_seconda\/embed\/#?secret=kR4aYCZZjq#?secret=XRxOjlJjgH\" data-secret=\"XRxOjlJjgH\" width=\"600\" height=\"338\" frameborder=\"0\" marginwidth=\"0\" marginheight=\"0\" scrolling=\"no\"><\/iframe><\/p>\n<blockquote class=\"wp-embedded-content\" data-secret=\"MxxdWNXiOI\"><p><a href=\"https:\/\/www.radiopiu.net\/wordpress\/raccolta-anno-2024-pirole-de-lenga-dalla-puntata-1-alla-250\/\">PIROLE DE LENGA&#8230;RACCOLTA ANNO 2024-25 completa<\/a><\/p><\/blockquote>\n<p><iframe loading=\"lazy\" class=\"wp-embedded-content\" sandbox=\"allow-scripts\" security=\"restricted\" style=\"position: absolute; visibility: hidden;\" title=\"&#8220;PIROLE DE LENGA&#8230;RACCOLTA ANNO 2024-25 completa&#8221; &#8212; Radio Pi\u00f9\" src=\"https:\/\/www.radiopiu.net\/wordpress\/raccolta-anno-2024-pirole-de-lenga-dalla-puntata-1-alla-250\/embed\/#?secret=DZn6WrtOtH#?secret=MxxdWNXiOI\" data-secret=\"MxxdWNXiOI\" width=\"600\" height=\"338\" frameborder=\"0\" marginwidth=\"0\" marginheight=\"0\" scrolling=\"no\"><\/iframe><\/p>\n<hr \/>\n<p>&nbsp;<\/p>\n<h2><span style=\"color: #ff0000;\"><a class=\"dt-pswp-item\" href=\"https:\/\/www.radiopiu.net\/wordpress\/wp-content\/uploads\/2018\/09\/appuntamenti.jpeg\" data-dt-img-description=\"\" data-large_image_width=\"800\" data-large_image_height=\"100\"><img loading=\"lazy\" decoding=\"async\" class=\"wp-image-61958 size-full aligncenter\" src=\"https:\/\/www.radiopiu.net\/wordpress\/wp-content\/uploads\/2018\/09\/appuntamenti.jpeg\" alt=\"\" width=\"800\" height=\"100\" srcset=\"https:\/\/www.radiopiu.net\/wordpress\/wp-content\/uploads\/2018\/09\/appuntamenti.jpeg 800w, https:\/\/www.radiopiu.net\/wordpress\/wp-content\/uploads\/2018\/09\/appuntamenti-300x38.jpeg 300w, https:\/\/www.radiopiu.net\/wordpress\/wp-content\/uploads\/2018\/09\/appuntamenti-768x96.jpeg 768w\" sizes=\"auto, (max-width: 800px) 100vw, 800px\" \/><\/a><\/span><\/h2>\n<p>&nbsp;<\/p>\n<div>\n<div class=\"\" dir=\"auto\">\n<div id=\":r9h:\" class=\"x1iorvi4 x1pi30zi x1l90r2v x1swvt13\" data-ad-comet-preview=\"message\" data-ad-preview=\"message\">\n<div class=\"\" dir=\"auto\">\n<div id=\":r9h:\" class=\"x1iorvi4 x1pi30zi x1l90r2v x1swvt13\" data-ad-comet-preview=\"message\" data-ad-preview=\"message\">\n<div class=\"\" dir=\"auto\">\n<div id=\":r9h:\" class=\"x1iorvi4 x1pi30zi x1l90r2v x1swvt13\" data-ad-comet-preview=\"message\" data-ad-preview=\"message\">\n<div class=\"\" dir=\"auto\">\n<div id=\":r9h:\" class=\"x1iorvi4 x1pi30zi x1l90r2v x1swvt13\" data-ad-comet-preview=\"message\" data-ad-preview=\"message\">\n<div>\n<div class=\"\" dir=\"auto\">\n<div id=\":r9h:\" class=\"x1iorvi4 x1pi30zi x1l90r2v x1swvt13\" data-ad-comet-preview=\"message\" data-ad-preview=\"message\">\n<div>\n<div class=\"\" dir=\"auto\">\n<div id=\":r9h:\" class=\"x1iorvi4 x1pi30zi x1l90r2v x1swvt13\" data-ad-comet-preview=\"message\" data-ad-preview=\"message\">\n<div class=\"xdj266r x11i5rnm xat24cr x1mh8g0r x1vvkbs x126k92a\">\n<div dir=\"auto\"><\/div>\n<\/div>\n<div>\n<div class=\"\" dir=\"auto\">\n<div id=\":r9h:\" class=\"x1iorvi4 x1pi30zi x1l90r2v x1swvt13\" data-ad-comet-preview=\"message\" data-ad-preview=\"message\">\n<div>\n<div class=\"\" dir=\"auto\">\n<div id=\":r9h:\" class=\"x1iorvi4 x1pi30zi x1l90r2v x1swvt13\" data-ad-comet-preview=\"message\" data-ad-preview=\"message\">\n\n\t\t\t<style type='text\/css'>\n\t\t\t\t#gallery-3 {\n\t\t\t\t\tmargin: auto;\n\t\t\t\t}\n\t\t\t\t#gallery-3 .gallery-item {\n\t\t\t\t\tfloat: left;\n\t\t\t\t\tmargin-top: 10px;\n\t\t\t\t\ttext-align: center;\n\t\t\t\t\twidth: 25%;\n\t\t\t\t}\n\t\t\t\t#gallery-3 img {\n\t\t\t\t\tborder: 2px solid #cfcfcf;\n\t\t\t\t}\n\t\t\t\t#gallery-3 .gallery-caption {\n\t\t\t\t\tmargin-left: 0;\n\t\t\t\t}\n\t\t\t\t\/* see gallery_shortcode() in wp-includes\/media.php *\/\n\t\t\t<\/style>\n\t\t<div id='gallery-3' class='dt-gallery-container gallery galleryid-446112 gallery-columns-4 gallery-size-thumbnail'><dl class='gallery-item'>\n\t\t\t\t<dt class='gallery-icon portrait'>\n\t\t\t\t\t<a class=\"rollover rollover-zoom dt-pswp-item\" title=\"Senza nome\" data-dt-img-description=\"\" data-large_image_width=\"569\" data-large_image_height=\"801\"href='https:\/\/www.radiopiu.net\/wordpress\/wp-content\/uploads\/2025\/02\/Senza-nome-23.png'><img loading=\"lazy\" decoding=\"async\" width=\"150\" height=\"150\" src=\"https:\/\/www.radiopiu.net\/wordpress\/wp-content\/uploads\/2025\/02\/Senza-nome-23-150x150.png\" class=\"attachment-thumbnail size-thumbnail\" alt=\"\" \/><\/a>\n\t\t\t\t<\/dt><\/dl><dl class='gallery-item'>\n\t\t\t\t<dt class='gallery-icon portrait'>\n\t\t\t\t\t<a class=\"rollover rollover-zoom dt-pswp-item\" title=\"Aprile\" data-dt-img-description=\"\" data-large_image_width=\"841\" data-large_image_height=\"1190\"href='https:\/\/www.radiopiu.net\/wordpress\/wp-content\/uploads\/2025\/03\/Aprile.jpg'><img loading=\"lazy\" decoding=\"async\" width=\"150\" height=\"150\" src=\"https:\/\/www.radiopiu.net\/wordpress\/wp-content\/uploads\/2025\/03\/Aprile-150x150.jpg\" class=\"attachment-thumbnail size-thumbnail\" alt=\"\" \/><\/a>\n\t\t\t\t<\/dt><\/dl><dl class='gallery-item'>\n\t\t\t\t<dt class='gallery-icon portrait'>\n\t\t\t\t\t<a class=\"rollover rollover-zoom dt-pswp-item\" title=\"Locandina posturale primavera 2025\" data-dt-img-description=\"\" data-large_image_width=\"1132\" data-large_image_height=\"1600\"href='https:\/\/www.radiopiu.net\/wordpress\/wp-content\/uploads\/2025\/03\/Locandina-posturale-primavera-2025.jpeg'><img loading=\"lazy\" decoding=\"async\" width=\"150\" height=\"150\" src=\"https:\/\/www.radiopiu.net\/wordpress\/wp-content\/uploads\/2025\/03\/Locandina-posturale-primavera-2025-150x150.jpeg\" class=\"attachment-thumbnail size-thumbnail\" alt=\"\" \/><\/a>\n\t\t\t\t<\/dt><\/dl><dl class='gallery-item'>\n\t\t\t\t<dt class='gallery-icon portrait'>\n\t\t\t\t\t<a class=\"rollover rollover-zoom dt-pswp-item\" title=\"Locandina Gardaland 19.05.2025\" data-dt-img-description=\"\" data-large_image_width=\"1131\" data-large_image_height=\"1600\"href='https:\/\/www.radiopiu.net\/wordpress\/wp-content\/uploads\/2025\/03\/Locandina-Gardaland-19.05.2025.jpeg'><img loading=\"lazy\" decoding=\"async\" width=\"150\" height=\"150\" src=\"https:\/\/www.radiopiu.net\/wordpress\/wp-content\/uploads\/2025\/03\/Locandina-Gardaland-19.05.2025-150x150.jpeg\" class=\"attachment-thumbnail size-thumbnail\" alt=\"\" \/><\/a>\n\t\t\t\t<\/dt><\/dl><br style=\"clear: both\" \/><dl class='gallery-item'>\n\t\t\t\t<dt class='gallery-icon portrait'>\n\t\t\t\t\t<a class=\"rollover rollover-zoom dt-pswp-item\" title=\"488508424_18408367480096744_440585597055027067_n\" data-dt-img-description=\"\" data-large_image_width=\"1440\" data-large_image_height=\"1799\"href='https:\/\/www.radiopiu.net\/wordpress\/wp-content\/uploads\/2025\/04\/488508424_18408367480096744_440585597055027067_n.jpg'><img loading=\"lazy\" decoding=\"async\" width=\"150\" height=\"150\" src=\"https:\/\/www.radiopiu.net\/wordpress\/wp-content\/uploads\/2025\/04\/488508424_18408367480096744_440585597055027067_n-150x150.jpg\" class=\"attachment-thumbnail size-thumbnail\" alt=\"\" \/><\/a>\n\t\t\t\t<\/dt><\/dl><dl class='gallery-item'>\n\t\t\t\t<dt class='gallery-icon portrait'>\n\t\t\t\t\t<a class=\"rollover rollover-zoom dt-pswp-item\" title=\"17edc79b-2729-450a-991a-37c9461b86b0\" data-dt-img-description=\"\" data-large_image_width=\"1536\" data-large_image_height=\"2048\"href='https:\/\/www.radiopiu.net\/wordpress\/wp-content\/uploads\/2025\/04\/17edc79b-2729-450a-991a-37c9461b86b0.jpg'><img loading=\"lazy\" decoding=\"async\" width=\"150\" height=\"150\" src=\"https:\/\/www.radiopiu.net\/wordpress\/wp-content\/uploads\/2025\/04\/17edc79b-2729-450a-991a-37c9461b86b0-150x150.jpg\" class=\"attachment-thumbnail size-thumbnail\" alt=\"\" \/><\/a>\n\t\t\t\t<\/dt><\/dl><dl class='gallery-item'>\n\t\t\t\t<dt class='gallery-icon portrait'>\n\t\t\t\t\t<a class=\"rollover rollover-zoom dt-pswp-item\" title=\"Locandina Open day 26 e 27 aprile 2025\" data-dt-img-description=\"\" data-large_image_width=\"1240\" data-large_image_height=\"1754\"href='https:\/\/www.radiopiu.net\/wordpress\/wp-content\/uploads\/2025\/04\/Locandina-Open-day-26-e-27-aprile-2025.jpg'><img loading=\"lazy\" decoding=\"async\" width=\"150\" height=\"150\" src=\"https:\/\/www.radiopiu.net\/wordpress\/wp-content\/uploads\/2025\/04\/Locandina-Open-day-26-e-27-aprile-2025-150x150.jpg\" class=\"attachment-thumbnail size-thumbnail\" alt=\"\" \/><\/a>\n\t\t\t\t<\/dt><\/dl><dl class='gallery-item'>\n\t\t\t\t<dt class='gallery-icon portrait'>\n\t\t\t\t\t<a class=\"rollover rollover-zoom dt-pswp-item\" title=\"Locandina Altro che liberazione ! Sardos Albertini\" data-dt-img-description=\"\" data-large_image_width=\"1414\" data-large_image_height=\"2000\"href='https:\/\/www.radiopiu.net\/wordpress\/wp-content\/uploads\/2025\/04\/Locandina-Altro-che-liberazione-Sardos-Albertini.png'><img loading=\"lazy\" decoding=\"async\" width=\"150\" height=\"150\" src=\"https:\/\/www.radiopiu.net\/wordpress\/wp-content\/uploads\/2025\/04\/Locandina-Altro-che-liberazione-Sardos-Albertini-150x150.png\" class=\"attachment-thumbnail size-thumbnail\" alt=\"\" \/><\/a>\n\t\t\t\t<\/dt><\/dl><br style=\"clear: both\" \/><dl class='gallery-item'>\n\t\t\t\t<dt class='gallery-icon portrait'>\n\t\t\t\t\t<a class=\"rollover rollover-zoom dt-pswp-item\" title=\"7d0346e6-c022-423f-b0a7-68e8a340dce6\" data-dt-img-description=\"\" data-large_image_width=\"1080\" data-large_image_height=\"1527\"href='https:\/\/www.radiopiu.net\/wordpress\/wp-content\/uploads\/2025\/04\/7d0346e6-c022-423f-b0a7-68e8a340dce6.jpg'><img loading=\"lazy\" decoding=\"async\" width=\"150\" height=\"150\" src=\"https:\/\/www.radiopiu.net\/wordpress\/wp-content\/uploads\/2025\/04\/7d0346e6-c022-423f-b0a7-68e8a340dce6-150x150.jpg\" class=\"attachment-thumbnail size-thumbnail\" alt=\"\" \/><\/a>\n\t\t\t\t<\/dt><\/dl><dl class='gallery-item'>\n\t\t\t\t<dt class='gallery-icon portrait'>\n\t\t\t\t\t<a class=\"rollover rollover-zoom dt-pswp-item\" title=\"c8742177-a01d-4e3e-976b-7a15d5a05731\" data-dt-img-description=\"\" data-large_image_width=\"1131\" data-large_image_height=\"1600\"href='https:\/\/www.radiopiu.net\/wordpress\/wp-content\/uploads\/2025\/04\/c8742177-a01d-4e3e-976b-7a15d5a05731.jpg'><img loading=\"lazy\" decoding=\"async\" width=\"150\" height=\"150\" src=\"https:\/\/www.radiopiu.net\/wordpress\/wp-content\/uploads\/2025\/04\/c8742177-a01d-4e3e-976b-7a15d5a05731-150x150.jpg\" class=\"attachment-thumbnail size-thumbnail\" alt=\"\" \/><\/a>\n\t\t\t\t<\/dt><\/dl><dl class='gallery-item'>\n\t\t\t\t<dt class='gallery-icon portrait'>\n\t\t\t\t\t<a class=\"rollover rollover-zoom dt-pswp-item\" title=\"LOCANDINA Asta Aurore 25 APRILE def\" data-dt-img-description=\"\" data-large_image_width=\"1440\" data-large_image_height=\"2560\"href='https:\/\/www.radiopiu.net\/wordpress\/wp-content\/uploads\/2025\/04\/LOCANDINA-Asta-Aurore-25-APRILE-def-scaled.jpg'><img loading=\"lazy\" decoding=\"async\" width=\"150\" height=\"150\" src=\"https:\/\/www.radiopiu.net\/wordpress\/wp-content\/uploads\/2025\/04\/LOCANDINA-Asta-Aurore-25-APRILE-def-150x150.jpg\" class=\"attachment-thumbnail size-thumbnail\" alt=\"\" \/><\/a>\n\t\t\t\t<\/dt><\/dl>\n\t\t\t\t<br style='clear: both' \/>\n\t\t\t<\/div>\n\n<p>&nbsp;<\/p>\n<\/div>\n<\/div>\n<\/div>\n<\/div>\n<\/div>\n<\/div>\n<\/div>\n<\/div>\n<\/div>\n<\/div>\n<\/div>\n<\/div>\n<\/div>\n<\/div>\n<\/div>\n<\/div>\n<\/div>\n<\/div>\n<\/div>\n<\/div>\n<\/div>\n<div>\n<div class=\"\" dir=\"auto\">\n<div id=\":r9h:\" class=\"x1iorvi4 x1pi30zi x1l90r2v x1swvt13\" data-ad-comet-preview=\"message\" data-ad-preview=\"message\">\n<div class=\"\" dir=\"auto\">\n<div id=\":r9h:\" class=\"x1iorvi4 x1pi30zi x1l90r2v x1swvt13\" data-ad-comet-preview=\"message\" data-ad-preview=\"message\">\n<div class=\"\" dir=\"auto\">\n<div id=\":r9h:\" class=\"x1iorvi4 x1pi30zi x1l90r2v x1swvt13\" data-ad-comet-preview=\"message\" data-ad-preview=\"message\">\n<div class=\"\" dir=\"auto\">\n<div id=\":r9h:\" class=\"x1iorvi4 x1pi30zi x1l90r2v x1swvt13\" data-ad-comet-preview=\"message\" data-ad-preview=\"message\">\n<div>\n<div class=\"\" dir=\"auto\">\n<div id=\":r9h:\" class=\"x1iorvi4 x1pi30zi x1l90r2v x1swvt13\" data-ad-comet-preview=\"message\" data-ad-preview=\"message\">\n<div>\n<div class=\"\" dir=\"auto\">\n<div id=\":r9h:\" class=\"x1iorvi4 x1pi30zi x1l90r2v x1swvt13\" data-ad-comet-preview=\"message\" data-ad-preview=\"message\">\n<div class=\"xdj266r x11i5rnm xat24cr x1mh8g0r x1vvkbs x126k92a\">\n<div dir=\"auto\"><\/div>\n<\/div>\n<div>\n<div class=\"\" dir=\"auto\">\n<div id=\":r9h:\" class=\"x1iorvi4 x1pi30zi x1l90r2v x1swvt13\" data-ad-comet-preview=\"message\" data-ad-preview=\"message\">\n<div>\n<div class=\"\" dir=\"auto\">\n<div id=\":r9h:\" class=\"x1iorvi4 x1pi30zi x1l90r2v x1swvt13\" data-ad-comet-preview=\"message\" data-ad-preview=\"message\">\n<p>&nbsp;<\/p>\n<hr \/>\n<p>&nbsp;<\/p>\n<\/div>\n<\/div>\n<\/div>\n<\/div>\n<\/div>\n<\/div>\n<\/div>\n<\/div>\n<\/div>\n<\/div>\n<\/div>\n<\/div>\n<\/div>\n<\/div>\n<\/div>\n<\/div>\n<\/div>\n<\/div>\n<\/div>\n<\/div>\n<\/div>\n<p class=\"mceTemp\"><a class=\"dt-pswp-item\" href=\"https:\/\/www.radiopiu.net\/wordpress\/wp-content\/uploads\/2018\/09\/WhatsApp-Image-2018-09-20-at-16.04.06.jpeg\" data-dt-img-description=\"\" data-large_image_width=\"800\" data-large_image_height=\"100\"><img loading=\"lazy\" decoding=\"async\" class=\"wp-image-61378 size-full aligncenter\" src=\"https:\/\/www.radiopiu.net\/wordpress\/wp-content\/uploads\/2018\/09\/WhatsApp-Image-2018-09-20-at-16.04.06.jpeg\" alt=\"\" width=\"800\" height=\"100\" srcset=\"https:\/\/www.radiopiu.net\/wordpress\/wp-content\/uploads\/2018\/09\/WhatsApp-Image-2018-09-20-at-16.04.06.jpeg 800w, https:\/\/www.radiopiu.net\/wordpress\/wp-content\/uploads\/2018\/09\/WhatsApp-Image-2018-09-20-at-16.04.06-300x38.jpeg 300w, https:\/\/www.radiopiu.net\/wordpress\/wp-content\/uploads\/2018\/09\/WhatsApp-Image-2018-09-20-at-16.04.06-768x96.jpeg 768w\" sizes=\"auto, (max-width: 800px) 100vw, 800px\" \/><\/a><\/p>\n<p><center><\/center><center><\/center>&nbsp;<\/p>\n<p><strong>OGGI<\/strong>\u00a0Irregolarmente nuvoloso, con schiarite mattutine anche ampie e addensamenti cumuliformi pi\u00f9 intensi al pomeriggio.<br \/>\n<strong>Precipitazioni.<\/strong> Tra notte e mattino possibile qualche isolato rovescio o temporale, specie su Prealpi. Dalle ore centrali e al pomeriggio\/sera probabili rovesci sparsi e qualche temporale, pi\u00f9 presenti dei giorni precedenti.<br \/>\n<strong>Temperature.<\/strong> Nelle valli minime in lieve aumento e massime in lieve calo; in quota stazionarie.<\/p>\n<hr \/>\n<p><strong>DOMANI<\/strong>\u00a0Perlopi\u00f9 nuvoloso, con qualche breve ed irregolare schiarita.<br \/>\n<strong>Precipitazioni.<\/strong> Durante la giornata probabili a tratti rovesci o isolati temporali, gi\u00e0 al mattino su Prealpi, diffusi al pomeriggio\/sera.<br \/>\n<strong>Temperature.<\/strong>\u00a0Temperature stazionarie.<\/p>\n<hr \/>\n<p><strong>VENERDI<\/strong> Nuvoloso o molto nuvoloso con irregolari schiarite a partire da ovest nel pomeriggio. Probabili precipitazioni a tratti diffuse su bellunese fino al mattino, in esaurimento al pomeriggio. Temperature in calo in quota.<\/p>\n<hr \/>\n<p><strong>SABATO <\/strong> Al mattino poco o parzialmente nuvoloso. Dal mezzogiorno nubi in aumento in modo irregolare con qualche rovescio qua e l\u00e0 nel pomeriggio. Temperature in aumento.<\/p>\n<p>&nbsp;<\/p>\n<hr \/>\n<p>&nbsp;<\/p>\n<p class=\"mceTemp\"><a class=\"dt-pswp-item\" href=\"https:\/\/www.radiopiu.net\/wordpress\/wp-content\/uploads\/2018\/09\/sport.jpg\" data-dt-img-description=\"\" data-large_image_width=\"800\" data-large_image_height=\"100\"><img loading=\"lazy\" decoding=\"async\" class=\"aligncenter wp-image-60761 size-full\" src=\"https:\/\/www.radiopiu.net\/wordpress\/wp-content\/uploads\/2018\/09\/sport.jpg\" alt=\"\" width=\"800\" height=\"100\" srcset=\"https:\/\/www.radiopiu.net\/wordpress\/wp-content\/uploads\/2018\/09\/sport.jpg 800w, https:\/\/www.radiopiu.net\/wordpress\/wp-content\/uploads\/2018\/09\/sport-300x38.jpg 300w, https:\/\/www.radiopiu.net\/wordpress\/wp-content\/uploads\/2018\/09\/sport-768x96.jpg 768w\" sizes=\"auto, (max-width: 800px) 100vw, 800px\" \/> <\/a><\/p>\n<p class=\"mceTemp\"><span style=\"color: #0000ff;\"><strong>\u00a0 \u00a0 \u00a0 \u00a0 \u00a0 \u00a0<\/strong><\/span><\/p>\n<p><span style=\"color: #0000ff;\"><strong>CALCIO<\/strong><\/span><\/p>\n<blockquote>\n<h3>STASERA IL RITORNO DELLA SEMIFINALE DI COPPA DOLOMITI ALL&#8217;IVANO DORIGO DI AGORDO<\/h3>\n<\/blockquote>\n<p><strong><a class=\"dt-pswp-item\" href=\"https:\/\/www.radiopiu.net\/wordpress\/wp-content\/uploads\/2022\/10\/CALCIO-2022-e1665937841126.jpg\" data-dt-img-description=\"\" data-large_image_width=\"400\" data-large_image_height=\"250\"><img loading=\"lazy\" decoding=\"async\" class=\" wp-image-301842 alignleft\" src=\"https:\/\/www.radiopiu.net\/wordpress\/wp-content\/uploads\/2022\/10\/CALCIO-2022-e1665937841126-300x188.jpg\" alt=\"\" width=\"150\" height=\"94\" srcset=\"https:\/\/www.radiopiu.net\/wordpress\/wp-content\/uploads\/2022\/10\/CALCIO-2022-e1665937841126-300x188.jpg 300w, https:\/\/www.radiopiu.net\/wordpress\/wp-content\/uploads\/2022\/10\/CALCIO-2022-e1665937841126.jpg 400w\" sizes=\"auto, (max-width: 150px) 100vw, 150px\" \/><\/a><\/strong><strong>REDAZIONE <\/strong>Serata di grande calcio all\u2019Ivano Dorigo di Agordo: stasera alle 20:30, si gioca il ritorno della semifinale di Coppa Dolomiti di Terza Categoria tra Agordina e Lamonese. Dopo il combattuto 3-2 in favore dell\u2019Agordina nella gara d\u2019andata, disputata in trasferta, tutto \u00e8 ancora in bilico. La squadra di casa parte con un piccolo vantaggio, ma la Lamonese \u00e8 pronta a dare battaglia. Una sfida da non perdere, con emozioni e tensione fino all\u2019ultimo minuto, tra due formazioni determinate a giocarsi tutto. Il pubblico \u00e8 invitato a sostenere l\u2019Agordina in questa importantissima serata che vale una stagione.<\/p>\n<p>&nbsp;<\/p>\n<p><span style=\"color: #0000ff;\"><strong>CORSA CAMPESTRE<\/strong><\/span><\/p>\n<blockquote>\n<h3>ATTESI OLTRE 500 CONCORRENTI ALLA SANTISSIMA<\/h3>\n<\/blockquote>\n<p><a class=\"dt-pswp-item\" href=\"https:\/\/www.radiopiu.net\/wordpress\/wp-content\/uploads\/2025\/04\/\u00a9EchidiAlessandroSogne_presentazione_Santissima_2025.jpg\" data-dt-img-description=\"\" data-large_image_width=\"2000\" data-large_image_height=\"1333\"><img loading=\"lazy\" decoding=\"async\" class=\" wp-image-446205 alignleft\" src=\"https:\/\/www.radiopiu.net\/wordpress\/wp-content\/uploads\/2025\/04\/\u00a9EchidiAlessandroSogne_presentazione_Santissima_2025-300x200.jpg\" alt=\"\" width=\"195\" height=\"130\" srcset=\"https:\/\/www.radiopiu.net\/wordpress\/wp-content\/uploads\/2025\/04\/\u00a9EchidiAlessandroSogne_presentazione_Santissima_2025-300x200.jpg 300w, https:\/\/www.radiopiu.net\/wordpress\/wp-content\/uploads\/2025\/04\/\u00a9EchidiAlessandroSogne_presentazione_Santissima_2025-1024x682.jpg 1024w, https:\/\/www.radiopiu.net\/wordpress\/wp-content\/uploads\/2025\/04\/\u00a9EchidiAlessandroSogne_presentazione_Santissima_2025-768x512.jpg 768w, https:\/\/www.radiopiu.net\/wordpress\/wp-content\/uploads\/2025\/04\/\u00a9EchidiAlessandroSogne_presentazione_Santissima_2025-1536x1024.jpg 1536w, https:\/\/www.radiopiu.net\/wordpress\/wp-content\/uploads\/2025\/04\/\u00a9EchidiAlessandroSogne_presentazione_Santissima_2025.jpg 2000w\" sizes=\"auto, (max-width: 195px) 100vw, 195px\" \/><\/a>\u00c8 stata presentata a Limana la quarta edizione della \u201cSantissima\u201d, gara podistica in programma sabato 26 e domenica 27 aprile 2025. L\u2019evento assegner\u00e0 i titoli italiani Master di corsa in montagna, il campionato regionale (giovanile, assoluto e Master) e il campionato provinciale giovanile. Le gare per Ragazzi, Cadetti e Allievi saranno valide anche come terza tappa del Grand Prix Giovani, circuito triveneto di corsa. Organizzata da BellunoAtletica M.G.B., la competizione si svolger\u00e0 su un tracciato collaudato con partenza dal centro di Limana e arrivo a Valpiana, nei luoghi cari a Dino Buzzati, autore del racconto \u201cI miracoli di Valmorel\u201d da cui l\u2019evento prende il nome. Attesi oltre 500 concorrenti da tutto il Nord Italia, ma anche da Abruzzo e Puglia. La gara principale si disputer\u00e0 domenica mattina su un percorso di 8,5 km e 485 metri di dislivello. Alla presentazione hanno partecipato autorit\u00e0 locali e rappresentanti Fidal, tra cui l\u2019olimpionica Gabriella Dorio. \u00c8 stata anche annunciata \u201cCammina con cuore\u201d, passeggiata dedicata alla donazione di organi promossa da BellunoAtletica e Aido Belluno, che celebra 50 anni.<\/p>\n<p>&nbsp;<\/p>\n<p>&nbsp;<\/p>\n<p>&nbsp;<\/p>\n<p>&nbsp;<\/p>\n<p>&nbsp;<\/p>\n<p>&nbsp;<\/p>\n<p>&nbsp;<\/p>\n","protected":false},"excerpt":{"rendered":"<p>****** &nbsp; &nbsp; LA\u00a0 APP PER IOS-IPHONE di Nicola Vettorello https:\/\/apps.apple.com\/it\/app\/radio-pi%C3%B9-emittente-agordina\/id1515939845 LA\u00a0 APP RADIO\u00a0 PER ANDROID di Nicola Vettorello https:\/\/play.google.com\/store\/apps\/details?id=net.radiopiu.iniko\u00a0\u00a0\u00a0\u00a0 &nbsp; &nbsp; \u00a0 &nbsp; OGGI SU RADIOPI\u00d9: MUSICA, informazione\u00a0 e dirette\u00a0 8.00 la rassegna stampa locale, dal 1983 di mirko mezzacasa 8.20 PIU&#8217; SIAMO con Marina e la sua squadra 900 LIBER IL LIBRO DI&hellip;<\/p>\n","protected":false},"author":4,"featured_media":446286,"comment_status":"closed","ping_status":"closed","sticky":false,"template":"","format":"standard","meta":{"_monsterinsights_skip_tracking":false,"_monsterinsights_sitenote_active":false,"_monsterinsights_sitenote_note":"","_monsterinsights_sitenote_category":0,"footnotes":""},"categories":[51,86,49],"tags":[],"class_list":["post-446112","post","type-post","status-publish","format-standard","has-post-thumbnail","hentry","category-evidenza-top","category-gr","category-news-18","category-51","category-86","category-49","description-off"],"img_url":"https:\/\/www.radiopiu.net\/wordpress\/wp-content\/uploads\/2025\/04\/Immagine-2025-04-23-054631.jpg","_links":{"self":[{"href":"https:\/\/www.radiopiu.net\/wordpress\/wp-json\/wp\/v2\/posts\/446112","targetHints":{"allow":["GET"]}}],"collection":[{"href":"https:\/\/www.radiopiu.net\/wordpress\/wp-json\/wp\/v2\/posts"}],"about":[{"href":"https:\/\/www.radiopiu.net\/wordpress\/wp-json\/wp\/v2\/types\/post"}],"author":[{"embeddable":true,"href":"https:\/\/www.radiopiu.net\/wordpress\/wp-json\/wp\/v2\/users\/4"}],"replies":[{"embeddable":true,"href":"https:\/\/www.radiopiu.net\/wordpress\/wp-json\/wp\/v2\/comments?post=446112"}],"version-history":[{"count":36,"href":"https:\/\/www.radiopiu.net\/wordpress\/wp-json\/wp\/v2\/posts\/446112\/revisions"}],"predecessor-version":[{"id":446291,"href":"https:\/\/www.radiopiu.net\/wordpress\/wp-json\/wp\/v2\/posts\/446112\/revisions\/446291"}],"wp:featuredmedia":[{"embeddable":true,"href":"https:\/\/www.radiopiu.net\/wordpress\/wp-json\/wp\/v2\/media\/446286"}],"wp:attachment":[{"href":"https:\/\/www.radiopiu.net\/wordpress\/wp-json\/wp\/v2\/media?parent=446112"}],"wp:term":[{"taxonomy":"category","embeddable":true,"href":"https:\/\/www.radiopiu.net\/wordpress\/wp-json\/wp\/v2\/categories?post=446112"},{"taxonomy":"post_tag","embeddable":true,"href":"https:\/\/www.radiopiu.net\/wordpress\/wp-json\/wp\/v2\/tags?post=446112"}],"curies":[{"name":"wp","href":"https:\/\/api.w.org\/{rel}","templated":true}]}}