{"id":446125,"date":"2025-04-22T05:39:54","date_gmt":"2025-04-22T03:39:54","guid":{"rendered":"https:\/\/www.radiopiu.net\/wordpress\/?p=446125"},"modified":"2025-04-22T05:48:12","modified_gmt":"2025-04-22T03:48:12","slug":"lupi-nel-feltrino-uccisa-lasina-ombretta-residenti-preoccupati","status":"publish","type":"post","link":"https:\/\/www.radiopiu.net\/wordpress\/lupi-nel-feltrino-uccisa-lasina-ombretta-residenti-preoccupati\/","title":{"rendered":"LUPI NEL FELTRINO, UCCISA L\u2019ASINA OMBRETTA: RESIDENTI PREOCCUPATI"},"content":{"rendered":"<p>++<\/p>\n<blockquote>\n<p class=\"\" data-start=\"0\" data-end=\"69\">\n<\/blockquote>\n<p class=\"\" data-start=\"71\" data-end=\"505\"><a class=\"dt-pswp-item\" href=\"https:\/\/www.radiopiu.net\/wordpress\/wp-content\/uploads\/2019\/08\/1297-2019-foto-lupo-Grappa2.jpg\" data-dt-img-description=\"\" data-large_image_width=\"5184\" data-large_image_height=\"3888\"><img loading=\"lazy\" decoding=\"async\" class=\"wp-image-94503 alignleft\" src=\"https:\/\/www.radiopiu.net\/wordpress\/wp-content\/uploads\/2019\/08\/1297-2019-foto-lupo-Grappa2-300x225.jpg\" alt=\"\" width=\"187\" height=\"140\" srcset=\"https:\/\/www.radiopiu.net\/wordpress\/wp-content\/uploads\/2019\/08\/1297-2019-foto-lupo-Grappa2-300x225.jpg 300w, https:\/\/www.radiopiu.net\/wordpress\/wp-content\/uploads\/2019\/08\/1297-2019-foto-lupo-Grappa2-768x576.jpg 768w, https:\/\/www.radiopiu.net\/wordpress\/wp-content\/uploads\/2019\/08\/1297-2019-foto-lupo-Grappa2-1024x768.jpg 1024w\" sizes=\"auto, (max-width: 187px) 100vw, 187px\" \/><\/a>Paura nel Feltrino dopo l\u2019ennesimo attacco dei lupi: l\u2019ultima vittima \u00e8 Ombretta, un\u2019asina sbranata nel recinto vicino alle case e al polo scolastico del Boscariz. L\u2019altra asina, Berta, \u00e8 riuscita a fuggire ed \u00e8 stata recuperata nei pressi del campo sportivo di Foen. I residenti, sempre pi\u00f9 allarmati, denunciano una situazione fuori controllo: animali d&#8217;affezione uccisi e gente che evita di uscire presto o passeggiare nei prati.<\/p>\n<p class=\"\" data-start=\"507\" data-end=\"658\">Il branco \u2013 forse lo stesso che ha colpito a Seren del Grappa e Rasai \u2013 continua a colpire indisturbato. E cresce la richiesta di interventi urgenti.<\/p>\n","protected":false},"excerpt":{"rendered":"<p>++ Paura nel Feltrino dopo l\u2019ennesimo attacco dei lupi: l\u2019ultima vittima \u00e8 Ombretta, un\u2019asina sbranata nel recinto vicino alle case e al polo scolastico del Boscariz. L\u2019altra asina, Berta, \u00e8 riuscita a fuggire ed \u00e8 stata recuperata nei pressi del campo sportivo di Foen. I residenti, sempre pi\u00f9 allarmati, denunciano una situazione fuori controllo: animali&hellip;<\/p>\n","protected":false},"author":4,"featured_media":137939,"comment_status":"closed","ping_status":"closed","sticky":false,"template":"","format":"standard","meta":{"_monsterinsights_skip_tracking":false,"_monsterinsights_sitenote_active":false,"_monsterinsights_sitenote_note":"","_monsterinsights_sitenote_category":0,"footnotes":""},"categories":[51,49],"tags":[],"class_list":["post-446125","post","type-post","status-publish","format-standard","has-post-thumbnail","hentry","category-evidenza-top","category-news-18","category-51","category-49","description-off"],"img_url":"https:\/\/www.radiopiu.net\/wordpress\/wp-content\/uploads\/2020\/05\/LUPO.jpg","_links":{"self":[{"href":"https:\/\/www.radiopiu.net\/wordpress\/wp-json\/wp\/v2\/posts\/446125","targetHints":{"allow":["GET"]}}],"collection":[{"href":"https:\/\/www.radiopiu.net\/wordpress\/wp-json\/wp\/v2\/posts"}],"about":[{"href":"https:\/\/www.radiopiu.net\/wordpress\/wp-json\/wp\/v2\/types\/post"}],"author":[{"embeddable":true,"href":"https:\/\/www.radiopiu.net\/wordpress\/wp-json\/wp\/v2\/users\/4"}],"replies":[{"embeddable":true,"href":"https:\/\/www.radiopiu.net\/wordpress\/wp-json\/wp\/v2\/comments?post=446125"}],"version-history":[{"count":1,"href":"https:\/\/www.radiopiu.net\/wordpress\/wp-json\/wp\/v2\/posts\/446125\/revisions"}],"predecessor-version":[{"id":446126,"href":"https:\/\/www.radiopiu.net\/wordpress\/wp-json\/wp\/v2\/posts\/446125\/revisions\/446126"}],"wp:featuredmedia":[{"embeddable":true,"href":"https:\/\/www.radiopiu.net\/wordpress\/wp-json\/wp\/v2\/media\/137939"}],"wp:attachment":[{"href":"https:\/\/www.radiopiu.net\/wordpress\/wp-json\/wp\/v2\/media?parent=446125"}],"wp:term":[{"taxonomy":"category","embeddable":true,"href":"https:\/\/www.radiopiu.net\/wordpress\/wp-json\/wp\/v2\/categories?post=446125"},{"taxonomy":"post_tag","embeddable":true,"href":"https:\/\/www.radiopiu.net\/wordpress\/wp-json\/wp\/v2\/tags?post=446125"}],"curies":[{"name":"wp","href":"https:\/\/api.w.org\/{rel}","templated":true}]}}