{"id":446204,"date":"2025-04-22T17:01:31","date_gmt":"2025-04-22T15:01:31","guid":{"rendered":"https:\/\/www.radiopiu.net\/wordpress\/?p=446204"},"modified":"2025-04-23T05:54:07","modified_gmt":"2025-04-23T03:54:07","slug":"canale-dagordo-piange-papa-francesco-e-ricorda-il-suo-legame-con-papa-luciani-e-il-maestro-yan-zhang","status":"publish","type":"post","link":"https:\/\/www.radiopiu.net\/wordpress\/canale-dagordo-piange-papa-francesco-e-ricorda-il-suo-legame-con-papa-luciani-e-il-maestro-yan-zhang\/","title":{"rendered":"CANALE D\u2019AGORDO PIANGE PAPA FRANCESCO E RICORDA IL SUO LEGAME CON PAPA LUCIANI E IL MAESTRO YAN ZHANG"},"content":{"rendered":"<p>********<\/p>\n<p>&nbsp;<\/p>\n<p><strong>CANALE D&#8217;AGORDO <\/strong>La Fondazione Papa Luciani di Canale d\u2019Agordo Onlus, attraverso il Presidente e Sindaco di Canale d\u2019Agordo Massimo Murer e l\u2019amministratore Loris Serafini, esprime il suo profondo dolore, cordoglio e compartecipazione alla dipartita di Sua Santit\u00e0 Papa Francesco, avvenuta il Luned\u00ec dell\u2019Angelo alle ore 7:35. Nell\u2019unirsi al dolore dei familiari, della Chiesa universale, della Cristianit\u00e0 e di tutto il mondo religioso e laico che ha amato e sostenuto papa Francesco nella sua grande opera di pace e di umanizzazione, vorrebbe tracciarne un ricordo caro e personale. Fin dalla sua elezione, i sindaci che si sono succeduti a Canale d\u2019Agordo (Rinaldo De Rocco e Flavio Colcergnan) hanno periodicamente invitato papa Francesco a visitare i luoghi natali del suo predecessore, il Beato Giovanni Paolo I, (nel 2013, nel 2015, nel 2019). Il motivo \u2013 oltre alla prossima beatificazione \u2013 erano anche le comuni caratteristiche che univano i due pontefici. Innanzitutto il linguaggio. Come Ges\u00f9 per evangelizzare parlava in parabole, cos\u00ec Papa Francesco aveva ripreso lo stile di Giovanni Paolo I nel parlare con parole immediatamente comprensibili, con uno stile giornalistico, diretto, proprio come faceva Ges\u00f9. Questo gli ha permesso di avvicinarsi subito, come papa Luciani, al cuore delle persone pi\u00f9 umili, esattamente come Ges\u00f9: migranti, perseguitati, carcerati, prostitute, anziani soli e abbandonati, ragazze madri, bambini orfani, vittime delle guerre e persone comuni. Tutti lo sentivano padre per il suo modo diretto di approcciarsi a loro, proprio come faceva Giovanni Paolo I. La preoccupazione per i lavoratori, per i salari delle gente comune, per i diritti di coloro che non hanno voce, per le continue vittime delle guerre \u00e8 stata la costante dell\u2019impegno pastorale di entrambi. La Comunit\u00e0 di Canale d\u2019Agordo inoltre ha un motivo in pi\u00f9 per essere grata a papa Francesco. Grazie a lui infatti, la Causa di Canonizzazione ha potuto approdare alla beatificazione, prima con la dichiarazione di venerabilit\u00e0 di Albino Luciani (2017), poi con l\u2019annuncio della beatificazione (2021), avvenuta proprio per le sue mani in Piazza San Pietro domenica 4 settembre 2022. Ci rimarranno nel cuore le parole conclusive della sua omelia in quella occasione: \u00abCon il sorriso Papa Luciani \u00e8 riuscito a trasmettere la bont\u00e0 del Signore. \u00c8 bella una Chiesa con il volto lieto, il volto sereno, il volto sorridente, una Chiesa che non chiude mai le porte, che non inasprisce i cuori, che non si lamenta e non cova risentimento, non \u00e8 arrabbiata, non \u00e8 insofferente, non si presenta in modo arcigno, non soffre di nostalgie del passato cadendo nell\u2019indietrismo\u00bb. E cos\u00ec pure nell\u2019Angelus dello stesso giorno: \u00abCi rivolgiamo in preghiera alla Vergine Maria, perch\u00e9 ottenga il dono della pace in tutto il mondo, specialmente nella martoriata Ucraina. Lei, la prima e perfetta discepola del Signore, ci aiuti a seguire l\u2019esempio e la santit\u00e0 di vita di Giovanni Paolo I\u00bb. Mercoled\u00ec 19 aprile 2023 Papa Francesco ha salutato brevemente dopo l\u2019udienza generale del mercoled\u00ec il sindaco di Canale d\u2019Agordo Flavio Colcergnan \u2013 che gli ha donato un quadro di Franco Murer \u2013 il vice sindaco Massimo Murer, l\u2019assessore Marilisa Luchetta e il direttore Loris Serafini, scambiando qualche simpatica battuta dopo l\u2019invito del Sindaco a visitare Canale d\u2019Agordo, soprattutto confessando ai rappresentanti del paese di Luciani di essere gi\u00e0 stato nelle Dolomiti, ma senza specificare dove. Insieme a Papa Francesco, tornato alla Casa del Padre nel secondo giorno di Pasqua, si vuole qui ricordare qui anche il maestro Yan Zhang al quale papa Francesco aveva commissionato l\u2019arazzo della beatifcazione di Papa Luciani. Yan Zhang, non cristiano, ma stimatore del Cristianesimo \u00e8 venuto a mancare a Roma venerd\u00ec santo 18 aprile 2025, tre giorni prima di papa Francesco e durante i momenti pi\u00f9 intensi delle celebrazioni pasquali. Il maestro Zhang era venuto a Canale d\u2019Agordo il 10 settembre 2022 ed era stato accompagnato nel Museo di Papa Luciani dopo aver partecipato a una serata sulla beatificazione nella quale aveva presentato la sua opera.<\/p>\n\n\t\t\t<style type='text\/css'>\n\t\t\t\t#gallery-1 {\n\t\t\t\t\tmargin: auto;\n\t\t\t\t}\n\t\t\t\t#gallery-1 .gallery-item {\n\t\t\t\t\tfloat: left;\n\t\t\t\t\tmargin-top: 10px;\n\t\t\t\t\ttext-align: center;\n\t\t\t\t\twidth: 20%;\n\t\t\t\t}\n\t\t\t\t#gallery-1 img {\n\t\t\t\t\tborder: 2px solid #cfcfcf;\n\t\t\t\t}\n\t\t\t\t#gallery-1 .gallery-caption {\n\t\t\t\t\tmargin-left: 0;\n\t\t\t\t}\n\t\t\t\t\/* see gallery_shortcode() in wp-includes\/media.php *\/\n\t\t\t<\/style>\n\t\t<div id='gallery-1' class='dt-gallery-container gallery galleryid-446204 gallery-columns-5 gallery-size-thumbnail'><dl class='gallery-item'>\n\t\t\t\t<dt class='gallery-icon landscape'>\n\t\t\t\t\t<a class=\"rollover rollover-zoom dt-pswp-item\" title=\"Il bacio della reliquia del Beato Luciani, portata dalla nipote Lina Petri - 4.9.2022\" data-dt-img-description=\"\" data-large_image_width=\"2560\" data-large_image_height=\"1707\"href='https:\/\/www.radiopiu.net\/wordpress\/wp-content\/uploads\/2025\/04\/Il-bacio-della-reliquia-del-Beato-Luciani-portata-dalla-nipote-Lina-Petri-4.9.2022-scaled.jpg'><img loading=\"lazy\" decoding=\"async\" width=\"150\" height=\"150\" src=\"https:\/\/www.radiopiu.net\/wordpress\/wp-content\/uploads\/2025\/04\/Il-bacio-della-reliquia-del-Beato-Luciani-portata-dalla-nipote-Lina-Petri-4.9.2022-150x150.jpg\" class=\"attachment-thumbnail size-thumbnail\" alt=\"\" \/><\/a>\n\t\t\t\t<\/dt><\/dl><dl class='gallery-item'>\n\t\t\t\t<dt class='gallery-icon landscape'>\n\t\t\t\t\t<a class=\"rollover rollover-zoom dt-pswp-item\" title=\"Il direttore Serafini, l&#039;assessore Luchetta, il vice sindaco Murer e il Sindaco Colcergnan all&#039;udienza con Papa Francesco 19.4.2023\" data-dt-img-description=\"\" data-large_image_width=\"1408\" data-large_image_height=\"1056\"href='https:\/\/www.radiopiu.net\/wordpress\/wp-content\/uploads\/2025\/04\/Il-direttore-Serafini-lassessore-Luchetta-il-vice-sindaco-Murer-e-il-Sindaco-Colcergnan-alludienza-con-Papa-Francesco-19.4.2023.jpeg'><img loading=\"lazy\" decoding=\"async\" width=\"150\" height=\"150\" src=\"https:\/\/www.radiopiu.net\/wordpress\/wp-content\/uploads\/2025\/04\/Il-direttore-Serafini-lassessore-Luchetta-il-vice-sindaco-Murer-e-il-Sindaco-Colcergnan-alludienza-con-Papa-Francesco-19.4.2023-150x150.jpeg\" class=\"attachment-thumbnail size-thumbnail\" alt=\"\" \/><\/a>\n\t\t\t\t<\/dt><\/dl><dl class='gallery-item'>\n\t\t\t\t<dt class='gallery-icon landscape'>\n\t\t\t\t\t<a class=\"rollover rollover-zoom dt-pswp-item\" title=\"Il maestro Yan Zhang a Canale il 10.09.2022-morto a Roma + 18.04.2025\" data-dt-img-description=\"\" data-large_image_width=\"2560\" data-large_image_height=\"1709\"href='https:\/\/www.radiopiu.net\/wordpress\/wp-content\/uploads\/2025\/04\/Il-maestro-Yan-Zhang-a-Canale-il-10.09.2022-morto-a-Roma-18.04.2025-scaled.jpg'><img loading=\"lazy\" decoding=\"async\" width=\"150\" height=\"150\" src=\"https:\/\/www.radiopiu.net\/wordpress\/wp-content\/uploads\/2025\/04\/Il-maestro-Yan-Zhang-a-Canale-il-10.09.2022-morto-a-Roma-18.04.2025-150x150.jpg\" class=\"attachment-thumbnail size-thumbnail\" alt=\"\" \/><\/a>\n\t\t\t\t<\/dt><\/dl><dl class='gallery-item'>\n\t\t\t\t<dt class='gallery-icon landscape'>\n\t\t\t\t\t<a class=\"rollover rollover-zoom dt-pswp-item\" title=\"PRO\" data-dt-img-description=\"\" data-large_image_width=\"2560\" data-large_image_height=\"1707\"href='https:\/\/www.radiopiu.net\/wordpress\/wp-content\/uploads\/2025\/04\/Il-Papa-al-termine-della-beatficazione-di-Luciani-4.9.2022-scaled.jpg'><img loading=\"lazy\" decoding=\"async\" width=\"150\" height=\"150\" src=\"https:\/\/www.radiopiu.net\/wordpress\/wp-content\/uploads\/2025\/04\/Il-Papa-al-termine-della-beatficazione-di-Luciani-4.9.2022-150x150.jpg\" class=\"attachment-thumbnail size-thumbnail\" alt=\"\" \/><\/a>\n\t\t\t\t<\/dt><\/dl><dl class='gallery-item'>\n\t\t\t\t<dt class='gallery-icon landscape'>\n\t\t\t\t\t<a class=\"rollover rollover-zoom dt-pswp-item\" title=\"Papa Francesco e Loris Serafini - 19.4.2023 - Piazza San Pietro\" data-dt-img-description=\"\" data-large_image_width=\"1599\" data-large_image_height=\"1157\"href='https:\/\/www.radiopiu.net\/wordpress\/wp-content\/uploads\/2025\/04\/Papa-Francesco-e-Loris-Serafini-19.4.2023-Piazza-San-Pietro.jpeg'><img loading=\"lazy\" decoding=\"async\" width=\"150\" height=\"150\" src=\"https:\/\/www.radiopiu.net\/wordpress\/wp-content\/uploads\/2025\/04\/Papa-Francesco-e-Loris-Serafini-19.4.2023-Piazza-San-Pietro-150x150.jpeg\" class=\"attachment-thumbnail size-thumbnail\" alt=\"\" \/><\/a>\n\t\t\t\t<\/dt><\/dl><br style=\"clear: both\" \/>\n\t\t\t<\/div>\n\n<p>&nbsp;<\/p>\n<p>&nbsp;<\/p>\n<p>&nbsp;<\/p>\n<p>************<\/p>\n","protected":false},"excerpt":{"rendered":"<p>******** &nbsp; CANALE D&#8217;AGORDO La Fondazione Papa Luciani di Canale d\u2019Agordo Onlus, attraverso il Presidente e Sindaco di Canale d\u2019Agordo Massimo Murer e l\u2019amministratore Loris Serafini, esprime il suo profondo dolore, cordoglio e compartecipazione alla dipartita di Sua Santit\u00e0 Papa Francesco, avvenuta il Luned\u00ec dell\u2019Angelo alle ore 7:35. Nell\u2019unirsi al dolore dei familiari, della Chiesa&hellip;<\/p>\n","protected":false},"author":4,"featured_media":446208,"comment_status":"closed","ping_status":"closed","sticky":false,"template":"","format":"standard","meta":{"_monsterinsights_skip_tracking":false,"_monsterinsights_sitenote_active":false,"_monsterinsights_sitenote_note":"","_monsterinsights_sitenote_category":0,"footnotes":""},"categories":[51,49],"tags":[],"class_list":["post-446204","post","type-post","status-publish","format-standard","has-post-thumbnail","hentry","category-evidenza-top","category-news-18","category-51","category-49","description-off"],"img_url":"https:\/\/www.radiopiu.net\/wordpress\/wp-content\/uploads\/2025\/04\/Il-bacio-della-reliquia-del-Beato-Luciani-portata-dalla-nipote-Lina-Petri-4.9.2022-scaled.jpg","_links":{"self":[{"href":"https:\/\/www.radiopiu.net\/wordpress\/wp-json\/wp\/v2\/posts\/446204","targetHints":{"allow":["GET"]}}],"collection":[{"href":"https:\/\/www.radiopiu.net\/wordpress\/wp-json\/wp\/v2\/posts"}],"about":[{"href":"https:\/\/www.radiopiu.net\/wordpress\/wp-json\/wp\/v2\/types\/post"}],"author":[{"embeddable":true,"href":"https:\/\/www.radiopiu.net\/wordpress\/wp-json\/wp\/v2\/users\/4"}],"replies":[{"embeddable":true,"href":"https:\/\/www.radiopiu.net\/wordpress\/wp-json\/wp\/v2\/comments?post=446204"}],"version-history":[{"count":1,"href":"https:\/\/www.radiopiu.net\/wordpress\/wp-json\/wp\/v2\/posts\/446204\/revisions"}],"predecessor-version":[{"id":446213,"href":"https:\/\/www.radiopiu.net\/wordpress\/wp-json\/wp\/v2\/posts\/446204\/revisions\/446213"}],"wp:featuredmedia":[{"embeddable":true,"href":"https:\/\/www.radiopiu.net\/wordpress\/wp-json\/wp\/v2\/media\/446208"}],"wp:attachment":[{"href":"https:\/\/www.radiopiu.net\/wordpress\/wp-json\/wp\/v2\/media?parent=446204"}],"wp:term":[{"taxonomy":"category","embeddable":true,"href":"https:\/\/www.radiopiu.net\/wordpress\/wp-json\/wp\/v2\/categories?post=446204"},{"taxonomy":"post_tag","embeddable":true,"href":"https:\/\/www.radiopiu.net\/wordpress\/wp-json\/wp\/v2\/tags?post=446204"}],"curies":[{"name":"wp","href":"https:\/\/api.w.org\/{rel}","templated":true}]}}