{"id":446272,"date":"2025-04-23T05:44:37","date_gmt":"2025-04-23T03:44:37","guid":{"rendered":"https:\/\/www.radiopiu.net\/wordpress\/?p=446272"},"modified":"2025-04-23T05:50:23","modified_gmt":"2025-04-23T03:50:23","slug":"addio-a-gianfranco-pandolf","status":"publish","type":"post","link":"https:\/\/www.radiopiu.net\/wordpress\/addio-a-gianfranco-pandolf\/","title":{"rendered":"ADDIO A GIANFRANCO PANDOLFO, PIONIERE DELL\u2019INDUSTRIA ITALIANA"},"content":{"rendered":"<p class=\"\" data-start=\"0\" data-end=\"65\"><strong data-start=\"0\" data-end=\"65\">\u00a0<\/strong><\/p>\n<p data-start=\"0\" data-end=\"65\">**<\/p>\n<p data-start=\"0\" data-end=\"65\">FELTRE<\/p>\n<p data-start=\"0\" data-end=\"65\"><strong data-start=\"0\" data-end=\"65\"><a class=\"dt-pswp-item\" href=\"https:\/\/www.radiopiu.net\/wordpress\/wp-content\/uploads\/2025\/04\/Immagine-2025-04-23-050945.jpg\" data-dt-img-description=\"\" data-large_image_width=\"248\" data-large_image_height=\"245\"><img loading=\"lazy\" decoding=\"async\" class=\"wp-image-446271 alignleft\" src=\"https:\/\/www.radiopiu.net\/wordpress\/wp-content\/uploads\/2025\/04\/Immagine-2025-04-23-050945.jpg\" alt=\"\" width=\"137\" height=\"135\" \/><\/a><\/strong>Si \u00e8 spento all\u2019et\u00e0 di 88 anni Gianfranco Pandolfo, fondatore della Pandolfo Alluminio Spa, azienda leader nell\u2019estrusione dell\u2019alluminio con stabilimenti a Padova, Feltre e Lentiai. Imprenditore visionario, nel 1969 intu\u00ec il potenziale dell\u2019alluminio e costru\u00ec un\u2019impresa basata su innovazione, qualit\u00e0 e relazioni umane. Nel 2009 lanci\u00f2 anche la moderna fonderia di Maniago, realt\u00e0 all\u2019avanguardia nell\u2019economia circolare. Stimato per rigore e umanit\u00e0, lascia la moglie Carla, il figlio Vincenzo e due nipoti. I funerali si terranno domani alle 15.30 nel Duomo di Padova.<\/p>\n<hr \/>\n<p data-start=\"67\" data-end=\"640\">\n","protected":false},"excerpt":{"rendered":"<p>\u00a0 ** FELTRE Si \u00e8 spento all\u2019et\u00e0 di 88 anni Gianfranco Pandolfo, fondatore della Pandolfo Alluminio Spa, azienda leader nell\u2019estrusione dell\u2019alluminio con stabilimenti a Padova, Feltre e Lentiai. Imprenditore visionario, nel 1969 intu\u00ec il potenziale dell\u2019alluminio e costru\u00ec un\u2019impresa basata su innovazione, qualit\u00e0 e relazioni umane. Nel 2009 lanci\u00f2 anche la moderna fonderia di Maniago,&hellip;<\/p>\n","protected":false},"author":4,"featured_media":446271,"comment_status":"closed","ping_status":"closed","sticky":false,"template":"","format":"standard","meta":{"_monsterinsights_skip_tracking":false,"_monsterinsights_sitenote_active":false,"_monsterinsights_sitenote_note":"","_monsterinsights_sitenote_category":0,"footnotes":""},"categories":[104,49],"tags":[],"class_list":["post-446272","post","type-post","status-publish","format-standard","has-post-thumbnail","hentry","category-evidenza_3","category-news-18","category-104","category-49","description-off"],"img_url":"https:\/\/www.radiopiu.net\/wordpress\/wp-content\/uploads\/2025\/04\/Immagine-2025-04-23-050945.jpg","_links":{"self":[{"href":"https:\/\/www.radiopiu.net\/wordpress\/wp-json\/wp\/v2\/posts\/446272","targetHints":{"allow":["GET"]}}],"collection":[{"href":"https:\/\/www.radiopiu.net\/wordpress\/wp-json\/wp\/v2\/posts"}],"about":[{"href":"https:\/\/www.radiopiu.net\/wordpress\/wp-json\/wp\/v2\/types\/post"}],"author":[{"embeddable":true,"href":"https:\/\/www.radiopiu.net\/wordpress\/wp-json\/wp\/v2\/users\/4"}],"replies":[{"embeddable":true,"href":"https:\/\/www.radiopiu.net\/wordpress\/wp-json\/wp\/v2\/comments?post=446272"}],"version-history":[{"count":4,"href":"https:\/\/www.radiopiu.net\/wordpress\/wp-json\/wp\/v2\/posts\/446272\/revisions"}],"predecessor-version":[{"id":446276,"href":"https:\/\/www.radiopiu.net\/wordpress\/wp-json\/wp\/v2\/posts\/446272\/revisions\/446276"}],"wp:featuredmedia":[{"embeddable":true,"href":"https:\/\/www.radiopiu.net\/wordpress\/wp-json\/wp\/v2\/media\/446271"}],"wp:attachment":[{"href":"https:\/\/www.radiopiu.net\/wordpress\/wp-json\/wp\/v2\/media?parent=446272"}],"wp:term":[{"taxonomy":"category","embeddable":true,"href":"https:\/\/www.radiopiu.net\/wordpress\/wp-json\/wp\/v2\/categories?post=446272"},{"taxonomy":"post_tag","embeddable":true,"href":"https:\/\/www.radiopiu.net\/wordpress\/wp-json\/wp\/v2\/tags?post=446272"}],"curies":[{"name":"wp","href":"https:\/\/api.w.org\/{rel}","templated":true}]}}