{"id":446278,"date":"2025-04-23T05:43:33","date_gmt":"2025-04-23T03:43:33","guid":{"rendered":"https:\/\/www.radiopiu.net\/wordpress\/?p=446278"},"modified":"2025-04-23T05:51:23","modified_gmt":"2025-04-23T03:51:23","slug":"sassate-al-circolo-amici-di-mas-e-peron-vandali-in-azione-nel-weekend-di-pasqua","status":"publish","type":"post","link":"https:\/\/www.radiopiu.net\/wordpress\/sassate-al-circolo-amici-di-mas-e-peron-vandali-in-azione-nel-weekend-di-pasqua\/","title":{"rendered":"SASSATE AL CIRCOLO AMICI DI MAS E PERON: VANDALI IN AZIONE NEL WEEKEND DI PASQUA"},"content":{"rendered":"<p class=\"\" data-start=\"0\" data-end=\"84\"><b>**<\/b><\/p>\n<p data-start=\"0\" data-end=\"84\">\n<p class=\"\" style=\"text-align: left;\" data-start=\"86\" data-end=\"677\"><strong><img decoding=\"async\" class=\"alignleft\" src=\"https:\/\/www.radiopiu.net\/wordpress\/wp-content\/uploads\/2025\/04\/Immagine-2025-04-23-051715.jpg\" \/>SEDICO<\/strong><\/p>\n<article class=\"text-token-text-primary w-full\" dir=\"auto\" data-testid=\"conversation-turn-66\" data-scroll-anchor=\"true\">\n<div class=\"text-base my-auto mx-auto py-5 px-6\">\n<div class=\"mx-auto flex flex-1 text-base gap-4 md:gap-5 lg:gap-6 md:max-w-3xl lg:max-w-[40rem] xl:max-w-[48rem] group\/turn-messages focus-visible:outline-hidden\" tabindex=\"-1\">\n<div class=\"group\/conversation-turn relative flex w-full min-w-0 flex-col agent-turn @xs\/thread:px-0 @sm\/thread:px-1.5 @md\/thread:px-4\">\n<div class=\"relative flex-col gap-1 md:gap-3\">\n<div class=\"flex max-w-full flex-col grow\">\n<div class=\"min-h-8 text-message relative flex w-full flex-col items-end gap-2 text-start break-words whitespace-normal [.text-message+&amp;]:mt-5\" dir=\"auto\" data-message-author-role=\"assistant\" data-message-id=\"cad21d4f-fa89-412f-8567-f0527c3772f5\" data-message-model-slug=\"gpt-4o\">\n<div class=\"flex w-full flex-col gap-1 empty:hidden first:pt-[3px]\">\n<div class=\"markdown prose dark:prose-invert w-full break-words dark\">\n<p class=\"\" data-start=\"86\" data-end=\"677\">Scoperto nella sera di Pasquetta un atto vandalico al Circolo Amici di Mas e Peron: ignoti hanno sfondato una finestra con un sasso. Il danno, emerso in occasione di una gara di burraco, \u00e8 stato denunciato dal sindaco di Sedico Christian Roldo, che ha commentato amaramente sui social. Il sasso \u00e8 stato ritrovato sotto lo stipite e la finestra, a vetro camera, dovr\u00e0 essere sostituita. Il Comune valuter\u00e0 se l\u2019edificio \u00e8 coperto da assicurazione. Nei prossimi giorni sar\u00e0 formalizzata la denuncia ai carabinieri. Non \u00e8 escluso un collegamento con precedenti episodi di vandalismo nella zona.<\/p>\n<\/div>\n<\/div>\n<\/div>\n<\/div>\n<\/div>\n<\/div>\n<\/div>\n<\/div>\n<\/article>\n<p data-start=\"86\" data-end=\"677\">\n<p data-start=\"86\" data-end=\"677\">\n<p data-start=\"86\" data-end=\"677\">\n<hr \/>\n<p data-start=\"86\" data-end=\"677\">\n<p data-start=\"86\" data-end=\"677\">\n<article class=\"text-token-text-primary w-full\" dir=\"auto\" data-testid=\"conversation-turn-66\" data-scroll-anchor=\"true\">\n<div class=\"text-base my-auto mx-auto py-5 px-6\">\n<div class=\"mx-auto flex flex-1 text-base gap-4 md:gap-5 lg:gap-6 md:max-w-3xl lg:max-w-[40rem] xl:max-w-[48rem] group\/turn-messages focus-visible:outline-hidden\" tabindex=\"-1\">\n<div class=\"group\/conversation-turn relative flex w-full min-w-0 flex-col agent-turn @xs\/thread:px-0 @sm\/thread:px-1.5 @md\/thread:px-4\">\n<div class=\"relative flex-col gap-1 md:gap-3\">\n<div class=\"mt-3 w-full empty:hidden\">\n<div class=\"text-center\"><\/div>\n<\/div>\n<\/div>\n<div class=\"absolute\">\n<div class=\"flex items-center justify-center\"><\/div>\n<\/div>\n<\/div>\n<\/div>\n<\/div>\n<\/article>\n<div class=\"pointer-events-none h-px w-px\" aria-hidden=\"true\" data-edge=\"true\"><\/div>\n","protected":false},"excerpt":{"rendered":"<p>** SEDICO Scoperto nella sera di Pasquetta un atto vandalico al Circolo Amici di Mas e Peron: ignoti hanno sfondato una finestra con un sasso. Il danno, emerso in occasione di una gara di burraco, \u00e8 stato denunciato dal sindaco di Sedico Christian Roldo, che ha commentato amaramente sui social. Il sasso \u00e8 stato ritrovato&hellip;<\/p>\n","protected":false},"author":4,"featured_media":446280,"comment_status":"closed","ping_status":"closed","sticky":false,"template":"","format":"standard","meta":{"_monsterinsights_skip_tracking":false,"_monsterinsights_sitenote_active":false,"_monsterinsights_sitenote_note":"","_monsterinsights_sitenote_category":0,"footnotes":""},"categories":[51,49],"tags":[],"class_list":["post-446278","post","type-post","status-publish","format-standard","has-post-thumbnail","hentry","category-evidenza-top","category-news-18","category-51","category-49","description-off"],"img_url":"https:\/\/www.radiopiu.net\/wordpress\/wp-content\/uploads\/2025\/04\/Immagine-2025-04-23-051715.jpg","_links":{"self":[{"href":"https:\/\/www.radiopiu.net\/wordpress\/wp-json\/wp\/v2\/posts\/446278","targetHints":{"allow":["GET"]}}],"collection":[{"href":"https:\/\/www.radiopiu.net\/wordpress\/wp-json\/wp\/v2\/posts"}],"about":[{"href":"https:\/\/www.radiopiu.net\/wordpress\/wp-json\/wp\/v2\/types\/post"}],"author":[{"embeddable":true,"href":"https:\/\/www.radiopiu.net\/wordpress\/wp-json\/wp\/v2\/users\/4"}],"replies":[{"embeddable":true,"href":"https:\/\/www.radiopiu.net\/wordpress\/wp-json\/wp\/v2\/comments?post=446278"}],"version-history":[{"count":1,"href":"https:\/\/www.radiopiu.net\/wordpress\/wp-json\/wp\/v2\/posts\/446278\/revisions"}],"predecessor-version":[{"id":446281,"href":"https:\/\/www.radiopiu.net\/wordpress\/wp-json\/wp\/v2\/posts\/446278\/revisions\/446281"}],"wp:featuredmedia":[{"embeddable":true,"href":"https:\/\/www.radiopiu.net\/wordpress\/wp-json\/wp\/v2\/media\/446280"}],"wp:attachment":[{"href":"https:\/\/www.radiopiu.net\/wordpress\/wp-json\/wp\/v2\/media?parent=446278"}],"wp:term":[{"taxonomy":"category","embeddable":true,"href":"https:\/\/www.radiopiu.net\/wordpress\/wp-json\/wp\/v2\/categories?post=446278"},{"taxonomy":"post_tag","embeddable":true,"href":"https:\/\/www.radiopiu.net\/wordpress\/wp-json\/wp\/v2\/tags?post=446278"}],"curies":[{"name":"wp","href":"https:\/\/api.w.org\/{rel}","templated":true}]}}