{"id":446395,"date":"2025-04-24T11:47:12","date_gmt":"2025-04-24T09:47:12","guid":{"rendered":"https:\/\/www.radiopiu.net\/wordpress\/?p=446395"},"modified":"2025-04-24T11:47:57","modified_gmt":"2025-04-24T09:47:57","slug":"essilorluxottica-crescita-solida-nel-primo-trimestre-2025-tra-innovazione-espansione-globale-e-coinvolgimento-dei-collaboratori","status":"publish","type":"post","link":"https:\/\/www.radiopiu.net\/wordpress\/essilorluxottica-crescita-solida-nel-primo-trimestre-2025-tra-innovazione-espansione-globale-e-coinvolgimento-dei-collaboratori\/","title":{"rendered":"ESSILORLUXOTTICA: CRESCITA SOLIDA NEL PRIMO TRIMESTRE 2025 TRA INNOVAZIONE, ESPANSIONE GLOBALE E COINVOLGIMENTO DEI COLLABORATORI"},"content":{"rendered":"<p>*******<\/p>\n<p>&nbsp;<\/p>\n<p><strong><a class=\"dt-pswp-item\" href=\"https:\/\/www.radiopiu.net\/wordpress\/wp-content\/uploads\/2024\/04\/essilorluxottica.png\" data-dt-img-description=\"\" data-large_image_width=\"400\" data-large_image_height=\"400\"><img loading=\"lazy\" decoding=\"async\" class=\" wp-image-386124 alignleft\" src=\"https:\/\/www.radiopiu.net\/wordpress\/wp-content\/uploads\/2024\/04\/essilorluxottica-300x300.png\" alt=\"\" width=\"185\" height=\"185\" srcset=\"https:\/\/www.radiopiu.net\/wordpress\/wp-content\/uploads\/2024\/04\/essilorluxottica-300x300.png 300w, https:\/\/www.radiopiu.net\/wordpress\/wp-content\/uploads\/2024\/04\/essilorluxottica-150x150.png 150w, https:\/\/www.radiopiu.net\/wordpress\/wp-content\/uploads\/2024\/04\/essilorluxottica.png 400w\" sizes=\"auto, (max-width: 185px) 100vw, 185px\" \/><\/a>PARIGI (FRANCIA)\u00a0 <\/strong>Nel primo trimestre del 2025, EssilorLuxottica ha registrato ricavi consolidati pari a 6.848 milioni di euro, segnando una crescita del 7,3% a cambi costanti e dell\u20198,1% a cambi correnti rispetto allo stesso periodo del 2024. La crescita \u00e8 stata trainata da entrambi i segmenti aziendali: Professional Solutions e Direct to Consumer, con un aumento delle vendite comparabili dell\u20198%. Dal punto di vista geografico, la crescita \u00e8 stata solida e ben distribuita. In EMEA, l\u2019incremento \u00e8 stato del 10% a cambi costanti, supportato da entrambi i segmenti. In Nord America, i ricavi sono aumentati del 4%, sostenuti da una domanda resiliente nei canali Direct to Consumer e Professional. La regione Asia-Pacifico ha registrato una crescita a doppia cifra, grazie alla forte domanda per le soluzioni di gestione della miopia, in particolare in Cina. Tra i prodotti, Ray-Ban Meta continua a crescere rapidamente, anche grazie alla diffusione delle lenti Transitions. Prosegue anche l&#8217;espansione di Nuance Audio, l\u2019innovativo dispositivo uditivo smart: gi\u00e0 disponibile negli Stati Uniti, in Italia e in Francia, il prodotto verr\u00e0 presto lanciato nel Regno Unito e in Germania. L\u2019azienda sta inoltre valutando contromisure per attenuare gli effetti dei dazi statunitensi sulle importazioni. Francesco Milleri, Presidente e Amministratore Delegato, e Paul du Saillant, Vice Amministratore Delegato di EssilorLuxottica, hanno commentato: \u201cNel primo trimestre abbiamo mantenuto una solida traiettoria di crescita grazie al contributo di tutte le aree geografiche e di tutti i segmenti di business (a cambi costanti), che hanno svolto un ruolo determinante nel sostenere il nostro percorso tra wearable e med-tech. Dalla lente Stellest, con i nuovi dati clinici a sei anni che ne confermano l\u2019efficacia a lungo termine nel rallentare la progressione della miopia, al lancio di Nuance Audio \u2013 gi\u00e0 disponibile negli Stati Uniti, in Italia e in Francia \u2013 che introduce una nuova categoria di prodotto, il nostro impegno nel realizzare gli obiettivi strategici \u00e8 pi\u00f9 concreto che mai. I nostri marchi dimostrano oggi una straordinaria vitalit\u00e0: dal successo di Ray-Ban Meta alla celebrazione dei 50 anni di Oakley come brand sportivo di riferimento a livello globale, fino all\u2019estensione della partnership tra Oliver Peoples e Roger Federer. Gli oltre 200.000 collaboratori, con la loro passione e dedizione, sono il vero motore della nostra crescita. L\u2019aumento del numero dei dipendenti-azionisti testimonia la fiducia che le nostre persone ripongono nel Gruppo e nei valori che lo rappresentano. In un contesto globale complesso e incerto, continuiamo a lavorare con determinazione, ambizione e fiducia nel futuro che stiamo costruendo insieme.\u201d<\/p>\n<p>&nbsp;<\/p>\n<p>&nbsp;<\/p>\n<p>&nbsp;<\/p>\n<p>*********<\/p>\n","protected":false},"excerpt":{"rendered":"<p>******* &nbsp; PARIGI (FRANCIA)\u00a0 Nel primo trimestre del 2025, EssilorLuxottica ha registrato ricavi consolidati pari a 6.848 milioni di euro, segnando una crescita del 7,3% a cambi costanti e dell\u20198,1% a cambi correnti rispetto allo stesso periodo del 2024. La crescita \u00e8 stata trainata da entrambi i segmenti aziendali: Professional Solutions e Direct to Consumer,&hellip;<\/p>\n","protected":false},"author":4,"featured_media":386124,"comment_status":"closed","ping_status":"closed","sticky":false,"template":"","format":"standard","meta":{"_monsterinsights_skip_tracking":false,"_monsterinsights_sitenote_active":false,"_monsterinsights_sitenote_note":"","_monsterinsights_sitenote_category":0,"footnotes":""},"categories":[51,49],"tags":[],"class_list":["post-446395","post","type-post","status-publish","format-standard","has-post-thumbnail","hentry","category-evidenza-top","category-news-18","category-51","category-49","description-off"],"img_url":"https:\/\/www.radiopiu.net\/wordpress\/wp-content\/uploads\/2024\/04\/essilorluxottica.png","_links":{"self":[{"href":"https:\/\/www.radiopiu.net\/wordpress\/wp-json\/wp\/v2\/posts\/446395","targetHints":{"allow":["GET"]}}],"collection":[{"href":"https:\/\/www.radiopiu.net\/wordpress\/wp-json\/wp\/v2\/posts"}],"about":[{"href":"https:\/\/www.radiopiu.net\/wordpress\/wp-json\/wp\/v2\/types\/post"}],"author":[{"embeddable":true,"href":"https:\/\/www.radiopiu.net\/wordpress\/wp-json\/wp\/v2\/users\/4"}],"replies":[{"embeddable":true,"href":"https:\/\/www.radiopiu.net\/wordpress\/wp-json\/wp\/v2\/comments?post=446395"}],"version-history":[{"count":3,"href":"https:\/\/www.radiopiu.net\/wordpress\/wp-json\/wp\/v2\/posts\/446395\/revisions"}],"predecessor-version":[{"id":446405,"href":"https:\/\/www.radiopiu.net\/wordpress\/wp-json\/wp\/v2\/posts\/446395\/revisions\/446405"}],"wp:featuredmedia":[{"embeddable":true,"href":"https:\/\/www.radiopiu.net\/wordpress\/wp-json\/wp\/v2\/media\/386124"}],"wp:attachment":[{"href":"https:\/\/www.radiopiu.net\/wordpress\/wp-json\/wp\/v2\/media?parent=446395"}],"wp:term":[{"taxonomy":"category","embeddable":true,"href":"https:\/\/www.radiopiu.net\/wordpress\/wp-json\/wp\/v2\/categories?post=446395"},{"taxonomy":"post_tag","embeddable":true,"href":"https:\/\/www.radiopiu.net\/wordpress\/wp-json\/wp\/v2\/tags?post=446395"}],"curies":[{"name":"wp","href":"https:\/\/api.w.org\/{rel}","templated":true}]}}