{"id":446412,"date":"2025-04-24T05:19:28","date_gmt":"2025-04-24T03:19:28","guid":{"rendered":"https:\/\/www.radiopiu.net\/wordpress\/?p=446412"},"modified":"2025-04-24T05:27:53","modified_gmt":"2025-04-24T03:27:53","slug":"i-volontari-della-marmolada-a-roma-per-le-esequie-di-papa-francesco","status":"publish","type":"post","link":"https:\/\/www.radiopiu.net\/wordpress\/i-volontari-della-marmolada-a-roma-per-le-esequie-di-papa-francesco\/","title":{"rendered":"I VOLONTARI DELLA MARMOLADA A ROMA PER LE ESEQUIE DI PAPA FRANCESCO"},"content":{"rendered":"<p>*******<\/p>\n<p>&nbsp;<\/p>\n<p><strong><a class=\"dt-pswp-item\" href=\"https:\/\/www.radiopiu.net\/wordpress\/wp-content\/uploads\/2025\/04\/Il-Papa-al-termine-della-beatficazione-di-Luciani-4.9.2022-scaled.jpg\" data-dt-img-description=\"\" data-large_image_width=\"2560\" data-large_image_height=\"1707\"><img loading=\"lazy\" decoding=\"async\" class=\" wp-image-446211 alignleft\" src=\"https:\/\/www.radiopiu.net\/wordpress\/wp-content\/uploads\/2025\/04\/Il-Papa-al-termine-della-beatficazione-di-Luciani-4.9.2022-300x200.jpg\" alt=\"\" width=\"180\" height=\"120\" srcset=\"https:\/\/www.radiopiu.net\/wordpress\/wp-content\/uploads\/2025\/04\/Il-Papa-al-termine-della-beatficazione-di-Luciani-4.9.2022-300x200.jpg 300w, https:\/\/www.radiopiu.net\/wordpress\/wp-content\/uploads\/2025\/04\/Il-Papa-al-termine-della-beatficazione-di-Luciani-4.9.2022-1024x683.jpg 1024w, https:\/\/www.radiopiu.net\/wordpress\/wp-content\/uploads\/2025\/04\/Il-Papa-al-termine-della-beatficazione-di-Luciani-4.9.2022-768x512.jpg 768w, https:\/\/www.radiopiu.net\/wordpress\/wp-content\/uploads\/2025\/04\/Il-Papa-al-termine-della-beatficazione-di-Luciani-4.9.2022-1536x1024.jpg 1536w, https:\/\/www.radiopiu.net\/wordpress\/wp-content\/uploads\/2025\/04\/Il-Papa-al-termine-della-beatficazione-di-Luciani-4.9.2022-2048x1365.jpg 2048w\" sizes=\"auto, (max-width: 180px) 100vw, 180px\" \/><\/a>ROCCA PIETORE <\/strong>Anche la Marmolada sar\u00e0 simbolicamente presente alle esequie di Papa Francesco, grazie all\u2019impegno dei volontari della Protezione Civile ANA. Questa mattina, tre volontari sono partiti da Rocca Pietore alla volta di Roma per contribuire all\u2019organizzazione di un evento tanto solenne quanto toccante, che coinvolge l\u2019intera comunit\u00e0 cristiana mondiale. La loro presenza rappresenta un gesto di profonda vicinanza e servizio, in linea con lo spirito di dedizione che da sempre contraddistingue la Protezione Civile. Il loro contributo, silenzioso ma fondamentale, permetter\u00e0 di garantire ordine, sicurezza e supporto logistico in un momento di grande commozione collettiva. Un ringraziamento sincero va a questi uomini e donne che, anche in questa occasione, confermano la propria instancabile disponibilit\u00e0 e il forte legame con i valori di solidariet\u00e0 e umanit\u00e0.<\/p>\n<p>&nbsp;<\/p>\n<p>&nbsp;<\/p>\n<p>&nbsp;<\/p>\n<p>*******<\/p>\n","protected":false},"excerpt":{"rendered":"<p>******* &nbsp; ROCCA PIETORE Anche la Marmolada sar\u00e0 simbolicamente presente alle esequie di Papa Francesco, grazie all\u2019impegno dei volontari della Protezione Civile ANA. Questa mattina, tre volontari sono partiti da Rocca Pietore alla volta di Roma per contribuire all\u2019organizzazione di un evento tanto solenne quanto toccante, che coinvolge l\u2019intera comunit\u00e0 cristiana mondiale. La loro presenza&hellip;<\/p>\n","protected":false},"author":4,"featured_media":446211,"comment_status":"closed","ping_status":"closed","sticky":false,"template":"","format":"standard","meta":{"_monsterinsights_skip_tracking":false,"_monsterinsights_sitenote_active":false,"_monsterinsights_sitenote_note":"","_monsterinsights_sitenote_category":0,"footnotes":""},"categories":[51,49],"tags":[],"class_list":["post-446412","post","type-post","status-publish","format-standard","has-post-thumbnail","hentry","category-evidenza-top","category-news-18","category-51","category-49","description-off"],"img_url":"https:\/\/www.radiopiu.net\/wordpress\/wp-content\/uploads\/2025\/04\/Il-Papa-al-termine-della-beatficazione-di-Luciani-4.9.2022-scaled.jpg","_links":{"self":[{"href":"https:\/\/www.radiopiu.net\/wordpress\/wp-json\/wp\/v2\/posts\/446412","targetHints":{"allow":["GET"]}}],"collection":[{"href":"https:\/\/www.radiopiu.net\/wordpress\/wp-json\/wp\/v2\/posts"}],"about":[{"href":"https:\/\/www.radiopiu.net\/wordpress\/wp-json\/wp\/v2\/types\/post"}],"author":[{"embeddable":true,"href":"https:\/\/www.radiopiu.net\/wordpress\/wp-json\/wp\/v2\/users\/4"}],"replies":[{"embeddable":true,"href":"https:\/\/www.radiopiu.net\/wordpress\/wp-json\/wp\/v2\/comments?post=446412"}],"version-history":[{"count":1,"href":"https:\/\/www.radiopiu.net\/wordpress\/wp-json\/wp\/v2\/posts\/446412\/revisions"}],"predecessor-version":[{"id":446413,"href":"https:\/\/www.radiopiu.net\/wordpress\/wp-json\/wp\/v2\/posts\/446412\/revisions\/446413"}],"wp:featuredmedia":[{"embeddable":true,"href":"https:\/\/www.radiopiu.net\/wordpress\/wp-json\/wp\/v2\/media\/446211"}],"wp:attachment":[{"href":"https:\/\/www.radiopiu.net\/wordpress\/wp-json\/wp\/v2\/media?parent=446412"}],"wp:term":[{"taxonomy":"category","embeddable":true,"href":"https:\/\/www.radiopiu.net\/wordpress\/wp-json\/wp\/v2\/categories?post=446412"},{"taxonomy":"post_tag","embeddable":true,"href":"https:\/\/www.radiopiu.net\/wordpress\/wp-json\/wp\/v2\/tags?post=446412"}],"curies":[{"name":"wp","href":"https:\/\/api.w.org\/{rel}","templated":true}]}}