{"id":446486,"date":"2025-04-30T23:59:44","date_gmt":"2025-04-30T21:59:44","guid":{"rendered":"https:\/\/www.radiopiu.net\/wordpress\/?p=446486"},"modified":"2025-05-01T04:47:19","modified_gmt":"2025-05-01T02:47:19","slug":"tre-giorni-per-celebrare-i-ventanni-di-gemellaggio-agordo-dolomieu","status":"publish","type":"post","link":"https:\/\/www.radiopiu.net\/wordpress\/tre-giorni-per-celebrare-i-ventanni-di-gemellaggio-agordo-dolomieu\/","title":{"rendered":"TRE GIORNI PER CELEBRARE I VENT&#8217;ANNI DI GEMELLAGGIO AGORDO-DOLOMIEU"},"content":{"rendered":"<p>**<\/p>\n<p data-start=\"0\" data-end=\"61\"><strong>AGORDO<\/strong><\/p>\n<p data-start=\"0\" data-end=\"61\"><strong>DI GIANNI SANTOMASO<br \/>\n<\/strong><\/p>\n<audio class=\"wp-audio-shortcode\" id=\"audio-446486-1\" preload=\"none\" style=\"width: 100%;\" controls=\"controls\"><source type=\"audio\/mpeg\" src=\"https:\/\/www.radiopiu.net\/wordpress\/wp-content\/uploads\/2025\/04\/gianni-dolomieu.mp3?_=1\" \/><a href=\"https:\/\/www.radiopiu.net\/wordpress\/wp-content\/uploads\/2025\/04\/gianni-dolomieu.mp3\">https:\/\/www.radiopiu.net\/wordpress\/wp-content\/uploads\/2025\/04\/gianni-dolomieu.mp3<\/a><\/audio>\n<p>&nbsp;<\/p>\n\n\t\t\t<style type='text\/css'>\n\t\t\t\t#gallery-1 {\n\t\t\t\t\tmargin: auto;\n\t\t\t\t}\n\t\t\t\t#gallery-1 .gallery-item {\n\t\t\t\t\tfloat: left;\n\t\t\t\t\tmargin-top: 10px;\n\t\t\t\t\ttext-align: center;\n\t\t\t\t\twidth: 50%;\n\t\t\t\t}\n\t\t\t\t#gallery-1 img {\n\t\t\t\t\tborder: 2px solid #cfcfcf;\n\t\t\t\t}\n\t\t\t\t#gallery-1 .gallery-caption {\n\t\t\t\t\tmargin-left: 0;\n\t\t\t\t}\n\t\t\t\t\/* see gallery_shortcode() in wp-includes\/media.php *\/\n\t\t\t<\/style>\n\t\t<div id='gallery-1' class='dt-gallery-container gallery galleryid-446486 gallery-columns-2 gallery-size-medium'><dl class='gallery-item'>\n\t\t\t\t<dt class='gallery-icon landscape'>\n\t\t\t\t\t<a class=\"rollover rollover-zoom dt-pswp-item\" title=\"Gruppo-visitaCastelloIMG-20230501-WA0102-300x177\" data-dt-img-description=\"\" data-large_image_width=\"300\" data-large_image_height=\"177\"href='https:\/\/www.radiopiu.net\/wordpress\/wp-content\/uploads\/2025\/04\/Gruppo-visitaCastelloIMG-20230501-WA0102-300x177-1.jpg'><img loading=\"lazy\" decoding=\"async\" width=\"300\" height=\"177\" src=\"https:\/\/www.radiopiu.net\/wordpress\/wp-content\/uploads\/2025\/04\/Gruppo-visitaCastelloIMG-20230501-WA0102-300x177-1.jpg\" class=\"attachment-medium size-medium\" alt=\"\" \/><\/a>\n\t\t\t\t<\/dt><\/dl><dl class='gallery-item'>\n\t\t\t\t<dt class='gallery-icon landscape'>\n\t\t\t\t\t<a class=\"rollover rollover-zoom dt-pswp-item\" title=\"th\" data-dt-img-description=\"\" data-large_image_width=\"320\" data-large_image_height=\"180\"href='https:\/\/www.radiopiu.net\/wordpress\/wp-content\/uploads\/2025\/04\/th-2.jpg'><img loading=\"lazy\" decoding=\"async\" width=\"300\" height=\"169\" src=\"https:\/\/www.radiopiu.net\/wordpress\/wp-content\/uploads\/2025\/04\/th-2-300x169.jpg\" class=\"attachment-medium size-medium\" alt=\"\" srcset=\"https:\/\/www.radiopiu.net\/wordpress\/wp-content\/uploads\/2025\/04\/th-2-300x169.jpg 300w, https:\/\/www.radiopiu.net\/wordpress\/wp-content\/uploads\/2025\/04\/th-2.jpg 320w\" sizes=\"auto, (max-width: 300px) 100vw, 300px\" \/><\/a>\n\t\t\t\t<\/dt><\/dl><br style=\"clear: both\" \/>\n\t\t\t<\/div>\n\n<p data-start=\"0\" data-end=\"61\"><strong>\u00a0<\/strong><\/p>\n<p data-start=\"0\" data-end=\"61\"><strong>archivio radiopiu<\/strong><\/p>\n<p data-start=\"0\" data-end=\"61\">UNA STRADA DI AGORDO SAR\u00c0 INTITOLATA A DEODAT DE DOLOMIEU<\/p>\n<p class=\"\" data-start=\"0\" data-end=\"61\"><strong>AGORDO<\/strong><\/p>\n<p class=\"\" data-start=\"63\" data-end=\"314\">Il Comitato di gemellaggio Agordo-Zugliano-Dolomieu, in occasione del ventennale dalla sua costituzione, ha proposto al Comune di intitolare una strada a Deodat de Dolomieu, lo scopritore delle Dolomiti. L\u2019Amministrazione ha accolto con favore l\u2019idea.<\/p>\n\n\t\t\t<style type='text\/css'>\n\t\t\t\t#gallery-2 {\n\t\t\t\t\tmargin: auto;\n\t\t\t\t}\n\t\t\t\t#gallery-2 .gallery-item {\n\t\t\t\t\tfloat: left;\n\t\t\t\t\tmargin-top: 10px;\n\t\t\t\t\ttext-align: center;\n\t\t\t\t\twidth: 50%;\n\t\t\t\t}\n\t\t\t\t#gallery-2 img {\n\t\t\t\t\tborder: 2px solid #cfcfcf;\n\t\t\t\t}\n\t\t\t\t#gallery-2 .gallery-caption {\n\t\t\t\t\tmargin-left: 0;\n\t\t\t\t}\n\t\t\t\t\/* see gallery_shortcode() in wp-includes\/media.php *\/\n\t\t\t<\/style>\n\t\t<div id='gallery-2' class='dt-gallery-container gallery galleryid-446486 gallery-columns-2 gallery-size-medium'><dl class='gallery-item'>\n\t\t\t\t<dt class='gallery-icon landscape'>\n\t\t\t\t\t<a class=\"rollover rollover-zoom dt-pswp-item\" title=\"0a05fbee-291d-465e-846b-21c3eb9f417c\" data-dt-img-description=\"\" data-large_image_width=\"2048\" data-large_image_height=\"1152\"href='https:\/\/www.radiopiu.net\/wordpress\/wp-content\/uploads\/2025\/04\/0a05fbee-291d-465e-846b-21c3eb9f417c.jpg'><img loading=\"lazy\" decoding=\"async\" width=\"300\" height=\"169\" src=\"https:\/\/www.radiopiu.net\/wordpress\/wp-content\/uploads\/2025\/04\/0a05fbee-291d-465e-846b-21c3eb9f417c-300x169.jpg\" class=\"attachment-medium size-medium\" alt=\"\" srcset=\"https:\/\/www.radiopiu.net\/wordpress\/wp-content\/uploads\/2025\/04\/0a05fbee-291d-465e-846b-21c3eb9f417c-300x169.jpg 300w, https:\/\/www.radiopiu.net\/wordpress\/wp-content\/uploads\/2025\/04\/0a05fbee-291d-465e-846b-21c3eb9f417c-1024x576.jpg 1024w, https:\/\/www.radiopiu.net\/wordpress\/wp-content\/uploads\/2025\/04\/0a05fbee-291d-465e-846b-21c3eb9f417c-768x432.jpg 768w, https:\/\/www.radiopiu.net\/wordpress\/wp-content\/uploads\/2025\/04\/0a05fbee-291d-465e-846b-21c3eb9f417c-1536x864.jpg 1536w, https:\/\/www.radiopiu.net\/wordpress\/wp-content\/uploads\/2025\/04\/0a05fbee-291d-465e-846b-21c3eb9f417c.jpg 2048w\" sizes=\"auto, (max-width: 300px) 100vw, 300px\" \/><\/a>\n\t\t\t\t<\/dt><\/dl><dl class='gallery-item'>\n\t\t\t\t<dt class='gallery-icon landscape'>\n\t\t\t\t\t<a class=\"rollover rollover-zoom dt-pswp-item\" title=\"39044feb-4cd0-43ce-88b4-9256af97c4fe\" data-dt-img-description=\"\" data-large_image_width=\"2048\" data-large_image_height=\"1152\"href='https:\/\/www.radiopiu.net\/wordpress\/wp-content\/uploads\/2025\/04\/39044feb-4cd0-43ce-88b4-9256af97c4fe.jpg'><img loading=\"lazy\" decoding=\"async\" width=\"300\" height=\"169\" src=\"https:\/\/www.radiopiu.net\/wordpress\/wp-content\/uploads\/2025\/04\/39044feb-4cd0-43ce-88b4-9256af97c4fe-300x169.jpg\" class=\"attachment-medium size-medium\" alt=\"\" srcset=\"https:\/\/www.radiopiu.net\/wordpress\/wp-content\/uploads\/2025\/04\/39044feb-4cd0-43ce-88b4-9256af97c4fe-300x169.jpg 300w, https:\/\/www.radiopiu.net\/wordpress\/wp-content\/uploads\/2025\/04\/39044feb-4cd0-43ce-88b4-9256af97c4fe-1024x576.jpg 1024w, https:\/\/www.radiopiu.net\/wordpress\/wp-content\/uploads\/2025\/04\/39044feb-4cd0-43ce-88b4-9256af97c4fe-768x432.jpg 768w, https:\/\/www.radiopiu.net\/wordpress\/wp-content\/uploads\/2025\/04\/39044feb-4cd0-43ce-88b4-9256af97c4fe-1536x864.jpg 1536w, https:\/\/www.radiopiu.net\/wordpress\/wp-content\/uploads\/2025\/04\/39044feb-4cd0-43ce-88b4-9256af97c4fe.jpg 2048w\" sizes=\"auto, (max-width: 300px) 100vw, 300px\" \/><\/a>\n\t\t\t\t<\/dt><\/dl><br style=\"clear: both\" \/>\n\t\t\t<\/div>\n\n<p class=\"\" data-start=\"316\" data-end=\"629\">La via scelta \u00e8 la bretella che dalla rotonda di via Insurrezione conduce al parcheggio Peppino Impastato, in localit\u00e0 Tamonich. Un luogo simbolico, poich\u00e9 si trova proprio accanto all\u2019Istituto Minerario Follador-De Rossi.<\/p>\n<p data-start=\"316\" data-end=\"629\"><strong>IL SINDACO ROBERTO CHISSALE<\/strong><\/p>\n<audio class=\"wp-audio-shortcode\" id=\"audio-446486-2\" preload=\"none\" style=\"width: 100%;\" controls=\"controls\"><source type=\"audio\/mpeg\" src=\"https:\/\/www.radiopiu.net\/wordpress\/wp-content\/uploads\/2025\/04\/CHISSALE-DOLOMIEU.mp3?_=2\" \/><a href=\"https:\/\/www.radiopiu.net\/wordpress\/wp-content\/uploads\/2025\/04\/CHISSALE-DOLOMIEU.mp3\">https:\/\/www.radiopiu.net\/wordpress\/wp-content\/uploads\/2025\/04\/CHISSALE-DOLOMIEU.mp3<\/a><\/audio>\n<p>&nbsp;<\/p>\n<hr \/>\n<p class=\"\" data-start=\"573\" data-end=\"827\">CONSIGLIO COMUNALE, DURATA 1 ORA 30 MINUTI, DIRETTA INTEGRALE<\/p>\n<p><iframe loading=\"lazy\" title=\"CONSIGLIO COMUNALE DI AGORDO - 23 APRILE 2025\" width=\"1200\" height=\"675\" src=\"https:\/\/www.youtube.com\/embed\/ZnNCp_yZtFU?feature=oembed\" frameborder=\"0\" allow=\"accelerometer; autoplay; clipboard-write; encrypted-media; gyroscope; picture-in-picture; web-share\" referrerpolicy=\"strict-origin-when-cross-origin\" allowfullscreen><\/iframe><\/p>\n<p>___<\/p>\n","protected":false},"excerpt":{"rendered":"<p>** AGORDO DI GIANNI SANTOMASO &nbsp; \u00a0 archivio radiopiu UNA STRADA DI AGORDO SAR\u00c0 INTITOLATA A DEODAT DE DOLOMIEU AGORDO Il Comitato di gemellaggio Agordo-Zugliano-Dolomieu, in occasione del ventennale dalla sua costituzione, ha proposto al Comune di intitolare una strada a Deodat de Dolomieu, lo scopritore delle Dolomiti. L\u2019Amministrazione ha accolto con favore l\u2019idea. La&hellip;<\/p>\n","protected":false},"author":4,"featured_media":447448,"comment_status":"closed","ping_status":"closed","sticky":false,"template":"","format":"standard","meta":{"_monsterinsights_skip_tracking":false,"_monsterinsights_sitenote_active":false,"_monsterinsights_sitenote_note":"","_monsterinsights_sitenote_category":0,"footnotes":""},"categories":[86,49],"tags":[],"class_list":["post-446486","post","type-post","status-publish","format-standard","has-post-thumbnail","hentry","category-gr","category-news-18","category-86","category-49","description-off"],"img_url":"https:\/\/www.radiopiu.net\/wordpress\/wp-content\/uploads\/2025\/04\/Gruppo-visitaCastelloIMG-20230501-WA0102-300x177-1.jpg","_links":{"self":[{"href":"https:\/\/www.radiopiu.net\/wordpress\/wp-json\/wp\/v2\/posts\/446486","targetHints":{"allow":["GET"]}}],"collection":[{"href":"https:\/\/www.radiopiu.net\/wordpress\/wp-json\/wp\/v2\/posts"}],"about":[{"href":"https:\/\/www.radiopiu.net\/wordpress\/wp-json\/wp\/v2\/types\/post"}],"author":[{"embeddable":true,"href":"https:\/\/www.radiopiu.net\/wordpress\/wp-json\/wp\/v2\/users\/4"}],"replies":[{"embeddable":true,"href":"https:\/\/www.radiopiu.net\/wordpress\/wp-json\/wp\/v2\/comments?post=446486"}],"version-history":[{"count":7,"href":"https:\/\/www.radiopiu.net\/wordpress\/wp-json\/wp\/v2\/posts\/446486\/revisions"}],"predecessor-version":[{"id":447453,"href":"https:\/\/www.radiopiu.net\/wordpress\/wp-json\/wp\/v2\/posts\/446486\/revisions\/447453"}],"wp:featuredmedia":[{"embeddable":true,"href":"https:\/\/www.radiopiu.net\/wordpress\/wp-json\/wp\/v2\/media\/447448"}],"wp:attachment":[{"href":"https:\/\/www.radiopiu.net\/wordpress\/wp-json\/wp\/v2\/media?parent=446486"}],"wp:term":[{"taxonomy":"category","embeddable":true,"href":"https:\/\/www.radiopiu.net\/wordpress\/wp-json\/wp\/v2\/categories?post=446486"},{"taxonomy":"post_tag","embeddable":true,"href":"https:\/\/www.radiopiu.net\/wordpress\/wp-json\/wp\/v2\/tags?post=446486"}],"curies":[{"name":"wp","href":"https:\/\/api.w.org\/{rel}","templated":true}]}}