{"id":446564,"date":"2025-04-24T16:06:57","date_gmt":"2025-04-24T14:06:57","guid":{"rendered":"https:\/\/www.radiopiu.net\/wordpress\/?p=446564"},"modified":"2025-04-24T16:06:57","modified_gmt":"2025-04-24T14:06:57","slug":"inter-club-agordino-in-festa-libro-pranzo-e-orgoglio-scudetto","status":"publish","type":"post","link":"https:\/\/www.radiopiu.net\/wordpress\/inter-club-agordino-in-festa-libro-pranzo-e-orgoglio-scudetto\/","title":{"rendered":"INTER CLUB AGORDINO IN FESTA: LIBRO, PRANZO E ORGOGLIO SCUDETTO"},"content":{"rendered":"<p>*******<\/p>\n<p>&nbsp;<\/p>\n<p><strong><a class=\"dt-pswp-item\" href=\"https:\/\/www.radiopiu.net\/wordpress\/wp-content\/uploads\/2025\/04\/7e1d91b2-5c0f-41af-9a0e-117e7d3e0631.jpg\" data-dt-img-description=\"\" data-large_image_width=\"1132\" data-large_image_height=\"1600\"><img loading=\"lazy\" decoding=\"async\" class=\" wp-image-446576 alignleft\" src=\"https:\/\/www.radiopiu.net\/wordpress\/wp-content\/uploads\/2025\/04\/7e1d91b2-5c0f-41af-9a0e-117e7d3e0631-212x300.jpg\" alt=\"\" width=\"106\" height=\"150\" srcset=\"https:\/\/www.radiopiu.net\/wordpress\/wp-content\/uploads\/2025\/04\/7e1d91b2-5c0f-41af-9a0e-117e7d3e0631-212x300.jpg 212w, https:\/\/www.radiopiu.net\/wordpress\/wp-content\/uploads\/2025\/04\/7e1d91b2-5c0f-41af-9a0e-117e7d3e0631-724x1024.jpg 724w, https:\/\/www.radiopiu.net\/wordpress\/wp-content\/uploads\/2025\/04\/7e1d91b2-5c0f-41af-9a0e-117e7d3e0631-768x1086.jpg 768w, https:\/\/www.radiopiu.net\/wordpress\/wp-content\/uploads\/2025\/04\/7e1d91b2-5c0f-41af-9a0e-117e7d3e0631-1087x1536.jpg 1087w, https:\/\/www.radiopiu.net\/wordpress\/wp-content\/uploads\/2025\/04\/7e1d91b2-5c0f-41af-9a0e-117e7d3e0631.jpg 1132w\" sizes=\"auto, (max-width: 106px) 100vw, 106px\" \/><\/a>AGORDO <\/strong>Una giornata all\u2019insegna del nerazzurro si terr\u00e0 domenica 11 maggio a Falcade, con il Pranzo Sociale dell\u2019Inter Club Agordino \u201cGiacinto Facchetti\u201d, evento aperto a soci, amici, familiari e simpatizzanti del club. Il pranzo inizier\u00e0 alle 13 allo Sport Hotel Cristal di Falcade e vedr\u00e0 la partecipazione speciale di Gianfelice Facchetti, figlio del leggendario capitano dell\u2019Inter Giacinto Facchetti. Sar\u00e0 un momento di condivisione, celebrazione e orgoglio per tutti i tifosi interisti della zona. Ma la giornata inizier\u00e0 gi\u00e0 in mattinata: alle 11 in\u00a0Sala Don Tamis di Agordo, Gianfelice Facchetti presenter\u00e0 il suo libro \u201cCAPITANI \u2013 Miti, Esempi, Bandiere\u201d, un\u2019opera che racconta storie emblematiche di leadership e appartenenza nel calcio. Questo incontro \u00e8 organizzato in collaborazione con l\u2019Inter Club Fener \u201cMassimo Moratti\u201d. L\u2019evento rappresenta anche un\u2019occasione per celebrare lo scudetto 2023\/2024 vinto dall\u2019Inter, un trionfo che ha riacceso l\u2019orgoglio nerazzurro tra i tifosi.<\/p>\n<p>&nbsp;<\/p>\n<p>&nbsp;<\/p>\n<p>&nbsp;<\/p>\n<p>*********<\/p>\n","protected":false},"excerpt":{"rendered":"<p>******* &nbsp; AGORDO Una giornata all\u2019insegna del nerazzurro si terr\u00e0 domenica 11 maggio a Falcade, con il Pranzo Sociale dell\u2019Inter Club Agordino \u201cGiacinto Facchetti\u201d, evento aperto a soci, amici, familiari e simpatizzanti del club. Il pranzo inizier\u00e0 alle 13 allo Sport Hotel Cristal di Falcade e vedr\u00e0 la partecipazione speciale di Gianfelice Facchetti, figlio del&hellip;<\/p>\n","protected":false},"author":4,"featured_media":446577,"comment_status":"closed","ping_status":"closed","sticky":false,"template":"","format":"standard","meta":{"_monsterinsights_skip_tracking":false,"_monsterinsights_sitenote_active":false,"_monsterinsights_sitenote_note":"","_monsterinsights_sitenote_category":0,"footnotes":""},"categories":[49],"tags":[],"class_list":["post-446564","post","type-post","status-publish","format-standard","has-post-thumbnail","hentry","category-news-18","category-49","description-off"],"img_url":"https:\/\/www.radiopiu.net\/wordpress\/wp-content\/uploads\/2025\/04\/kldgia.jpg","_links":{"self":[{"href":"https:\/\/www.radiopiu.net\/wordpress\/wp-json\/wp\/v2\/posts\/446564","targetHints":{"allow":["GET"]}}],"collection":[{"href":"https:\/\/www.radiopiu.net\/wordpress\/wp-json\/wp\/v2\/posts"}],"about":[{"href":"https:\/\/www.radiopiu.net\/wordpress\/wp-json\/wp\/v2\/types\/post"}],"author":[{"embeddable":true,"href":"https:\/\/www.radiopiu.net\/wordpress\/wp-json\/wp\/v2\/users\/4"}],"replies":[{"embeddable":true,"href":"https:\/\/www.radiopiu.net\/wordpress\/wp-json\/wp\/v2\/comments?post=446564"}],"version-history":[{"count":1,"href":"https:\/\/www.radiopiu.net\/wordpress\/wp-json\/wp\/v2\/posts\/446564\/revisions"}],"predecessor-version":[{"id":446578,"href":"https:\/\/www.radiopiu.net\/wordpress\/wp-json\/wp\/v2\/posts\/446564\/revisions\/446578"}],"wp:featuredmedia":[{"embeddable":true,"href":"https:\/\/www.radiopiu.net\/wordpress\/wp-json\/wp\/v2\/media\/446577"}],"wp:attachment":[{"href":"https:\/\/www.radiopiu.net\/wordpress\/wp-json\/wp\/v2\/media?parent=446564"}],"wp:term":[{"taxonomy":"category","embeddable":true,"href":"https:\/\/www.radiopiu.net\/wordpress\/wp-json\/wp\/v2\/categories?post=446564"},{"taxonomy":"post_tag","embeddable":true,"href":"https:\/\/www.radiopiu.net\/wordpress\/wp-json\/wp\/v2\/tags?post=446564"}],"curies":[{"name":"wp","href":"https:\/\/api.w.org\/{rel}","templated":true}]}}